{"id":19968,"date":"2014-10-20T09:27:48","date_gmt":"2014-10-20T12:27:48","guid":{"rendered":"https:\/\/www.blogsoestado.com\/danielmatos\/?p=19968"},"modified":"2014-10-20T09:27:48","modified_gmt":"2014-10-20T12:27:48","slug":"direito-de-resposta-cezar-bombeiro-restabelece-a-verdade","status":"publish","type":"post","link":"https:\/\/www.blogsoestado.com\/danielmatos\/direito-de-resposta-cezar-bombeiro-restabelece-a-verdade\/","title":{"rendered":"Direito de resposta: Cezar Bombeiro restabelece a verdade"},"content":{"rendered":"<p>Ao senhor Daniel Matos<\/p>\n<p>Blogueiro do Sistema Mirante de Comunica\u00e7\u00e3o<\/p>\n<p>Lament\u00e1vel ver a que se prestam alguns blogueiros, que se intitulam prestadores de servi\u00e7os \u00e0 sociedade, criando e divulgando informa\u00e7\u00f5es caluniosas e tendenciosas para agredir a dignidade e honra de um cidad\u00e3o e pai de fam\u00edlia. A quest\u00e3o \u00e9: a servi\u00e7o de quem deve estar este cidad\u00e3o quando publica artigo agressivo e ofensivo sem fundamentos a uma pessoa em que n\u00e3o teve o m\u00ednimo de respeito em ouvi-la ? As acusa\u00e7\u00f5es caluniosas a mim dirigidas dever\u00e3o ser justificadas com provas, para isto j\u00e1 est\u00e3o sendo tomadas as devidas provid\u00eancias via judicial, a mesma Justi\u00e7a na qual denunciei por diversas vezes os desmandos praticados no Sistema Penitenci\u00e1rio.<\/p>\n<p>Na vis\u00e3o do blogueiro, denunciar desmandos, cobrar condi\u00e7\u00f5es dignas de trabalho como representante de uma categoria, configura-se como \u201cprincipal mentor da barb\u00e1rie\u201d no sistema prisional maranhense. Os fatos falam por si e se assim n\u00e3o bastarem, existe uma s\u00e9rie de documentos que PROVAM o contr\u00e1rio daquilo que descreve em seu blog. Se por acaso houver disposi\u00e7\u00e3o da sua parte em denunciar a corrup\u00e7\u00e3o no Sistema Penitenci\u00e1rio, posso disponibilizar documentos, desde que sejam para efetivamente serem publicados.<\/p>\n<p>Atribuir a minha pessoa a culpa pelos fatos que levaram o sistema prisional ao grave cen\u00e1rio em que se encontra, fazendo liga\u00e7\u00e3o com per\u00edodo eleitoral \u00e9 no m\u00ednimo confirmar que n\u00e3o est\u00e1 a par do que vem acontecendo acerca de um ano e meio em nosso Estado, caracterizando assim uma atitude no m\u00ednimo irrespons\u00e1vel.<\/p>\n<p>A t\u00edtulo de esclarecimento, informo que sou um cidad\u00e3o que tem a honra de residir no bairro da Liberdade e que desde a adolesc\u00eancia dignifico a minha vida pelo trabalho. Tamb\u00e9m orientado pelos meus pais, pessoas pobres da cidade de Viana, tenho conseguido estudar e ser um lutador em defesa dos direitos de uma categoria, em que se tenta destruir, mas n\u00e3o conseguem por ela n\u00e3o se submeter \u00e0 corrup\u00e7\u00e3o e ao peleguismo.<\/p>\n<p>Sou formado em Biblioteconomia (UFMA) p\u00f3s Graduado em Direitos Humanos e Medi\u00e7\u00e3o de Conflito e Curso de Gest\u00e3o Prisional e Acad\u00eamico de Direito e Ci\u00eancias Imobili\u00e1ria ( UFMA ). Como \u201cservidor de baixo escal\u00e3o, egresso\u00a0das lides sindicais\u201d, qualifica\u00e7\u00e3o dolosa feita por voc\u00ea \u00e0 minha pessoa, j\u00e1 fui presidente por 5 vezes da AAGIPEM &#8211; Associa\u00e7\u00e3o dos Agentes e Inspetores Penitenci\u00e1rios do Estado do Maranh\u00e3o e por duas vezes Presidente do Sindspem e atualmente sou Vice Presidente do SINDSPEM &#8211; Sindicato dos Servidores do Sistema Penitenci\u00e1rio do Estado do Maranh\u00e3o e Diretor de Igualdade Racial do Sindicato dos Servidores P\u00fablico do Estado do Maranh\u00e3o ( SINTSEP\/MA ), Diretorde Justi\u00e7a e Seguran\u00e7a P\u00fablica da Federa\u00e7\u00e3o Sindical Nacional de Servidores Penitenci\u00e1rio do Brasil ( FENASEPE ), Diretor da Federa\u00e7\u00e3o Nacional dos Servidores Penitenci\u00e1rio do Brasil ( FENASPEN ) e Delegado Sindical pela CUT\/MA pelo SINTSEP\/MA e com muito orgulho sou Agente Penitenci\u00e1rio h\u00e1 26 anos, gostaria de sugerir ao \u201ccompetente\u201d blogueiro que antes de publicar qualquer artigo, seguisse a \u00e9tica do jornalismo, e procurasse informar-se melhor acerca dos fatos, com fontes seguras e confi\u00e1veis, para n\u00e3o ter que responder perante a sociedade e a justi\u00e7a, por cal\u00fanias, inj\u00farias e difama\u00e7\u00f5es. Espero que o meu direito de resposta seja publicado na \u00edntegra.<\/p>\n<p>S\u00e3o Lu\u00eds, 20 de Outubro de 2014<br \/>\nCezar Castro Lopes<br \/>\n(Cezar Bombeiro)<\/p>\n<p><em><strong>NOTA DO BLOG:<\/strong> al\u00e9m de blogueiro, com muito orgulho, sou\u00a0jornalista registrado no Minist\u00e9rio do Trabalho sob o n\u00famero 1129-MA. Estou em atividade profissional de forma ininterrupta desde 1998, quando ingressei no curso de Comunica\u00e7\u00e3o Social da Universidade Federal do Maranh\u00e3o (UFMA). Ademais, o direito de resposta foi publicado na \u00edntegra, como pretendia o ofendido.<\/em><\/p>\n","protected":false},"excerpt":{"rendered":"<p>Ao senhor Daniel Matos Blogueiro do Sistema Mirante de Comunica\u00e7\u00e3o Lament\u00e1vel ver a que se prestam alguns blogueiros, que se [&hellip;]<\/p>\n","protected":false},"author":0,"featured_media":0,"comment_status":"open","ping_status":"open","sticky":false,"template":"","format":"standard","meta":{"site-sidebar-layout":"default","site-content-layout":"","ast-site-content-layout":"default","site-content-style":"default","site-sidebar-style":"default","ast-global-header-display":"","ast-banner-title-visibility":"","ast-main-header-display":"","ast-hfb-above-header-display":"","ast-hfb-below-header-display":"","ast-hfb-mobile-header-display":"","site-post-title":"","ast-breadcrumbs-content":"","ast-featured-img":"","footer-sml-layout":"","ast-disable-related-posts":"","theme-transparent-header-meta":"","adv-header-id-meta":"","stick-header-meta":"","header-above-stick-meta":"","header-main-stick-meta":"","header-below-stick-meta":"","astra-migrate-meta-layouts":"default","ast-page-background-enabled":"default","ast-page-background-meta":{"desktop":{"background-color":"var(--ast-global-color-5)","background-image":"","background-repeat":"repeat","background-position":"center center","background-size":"auto","background-attachment":"scroll","background-type":"","background-media":"","overlay-type":"","overlay-color":"","overlay-opacity":"","overlay-gradient":""},"tablet":{"background-color":"","background-image":"","background-repeat":"repeat","background-position":"center center","background-size":"auto","background-attachment":"scroll","background-type":"","background-media":"","overlay-type":"","overlay-color":"","overlay-opacity":"","overlay-gradient":""},"mobile":{"background-color":"","background-image":"","background-repeat":"repeat","background-position":"center center","background-size":"auto","background-attachment":"scroll","background-type":"","background-media":"","overlay-type":"","overlay-color":"","overlay-opacity":"","overlay-gradient":""}},"ast-content-background-meta":{"desktop":{"background-color":"var(--ast-global-color-4)","background-image":"","background-repeat":"repeat","background-position":"center center","background-size":"auto","background-attachment":"scroll","background-type":"","background-media":"","overlay-type":"","overlay-color":"","overlay-opacity":"","overlay-gradient":""},"tablet":{"background-color":"var(--ast-global-color-4)","background-image":"","background-repeat":"repeat","background-position":"center center","background-size":"auto","background-attachment":"scroll","background-type":"","background-media":"","overlay-type":"","overlay-color":"","overlay-opacity":"","overlay-gradient":""},"mobile":{"background-color":"var(--ast-global-color-4)","background-image":"","background-repeat":"repeat","background-position":"center center","background-size":"auto","background-attachment":"scroll","background-type":"","background-media":"","overlay-type":"","overlay-color":"","overlay-opacity":"","overlay-gradient":""}},"footnotes":""},"categories":[1],"tags":[],"class_list":["post-19968","post","type-post","status-publish","format-standard","hentry","category-sem-categoria"],"yoast_head":"<!-- This site is optimized with the Yoast SEO plugin v26.6 - https:\/\/yoast.com\/wordpress\/plugins\/seo\/ -->\n<title>Direito de resposta: Cezar Bombeiro restabelece a verdade - Daniel Matos<\/title>\n<meta name=\"robots\" content=\"index, follow, max-snippet:-1, max-image-preview:large, max-video-preview:-1\" \/>\n<link rel=\"canonical\" href=\"https:\/\/www.blogsoestado.com\/danielmatos\/direito-de-resposta-cezar-bombeiro-restabelece-a-verdade\/\" \/>\n<meta property=\"og:locale\" content=\"pt_BR\" \/>\n<meta property=\"og:type\" content=\"article\" \/>\n<meta property=\"og:title\" content=\"Direito de resposta: Cezar Bombeiro restabelece a verdade - Daniel Matos\" \/>\n<meta property=\"og:description\" content=\"Ao senhor Daniel Matos Blogueiro do Sistema Mirante de Comunica\u00e7\u00e3o Lament\u00e1vel ver a que se prestam alguns blogueiros, que se [&hellip;]\" \/>\n<meta property=\"og:url\" content=\"https:\/\/www.blogsoestado.com\/danielmatos\/direito-de-resposta-cezar-bombeiro-restabelece-a-verdade\/\" \/>\n<meta property=\"og:site_name\" content=\"Daniel Matos\" \/>\n<meta property=\"article:published_time\" content=\"2014-10-20T12:27:48+00:00\" \/>\n<meta name=\"twitter:card\" content=\"summary_large_image\" \/>\n<meta name=\"twitter:label1\" content=\"Est. tempo de leitura\" \/>\n\t<meta name=\"twitter:data1\" content=\"3 minutos\" \/>\n<script type=\"application\/ld+json\" class=\"yoast-schema-graph\">{\"@context\":\"https:\/\/schema.org\",\"@graph\":[{\"@type\":\"WebPage\",\"@id\":\"https:\/\/www.blogsoestado.com\/danielmatos\/direito-de-resposta-cezar-bombeiro-restabelece-a-verdade\/\",\"url\":\"https:\/\/www.blogsoestado.com\/danielmatos\/direito-de-resposta-cezar-bombeiro-restabelece-a-verdade\/\",\"name\":\"Direito de resposta: Cezar Bombeiro restabelece a verdade - Daniel Matos\",\"isPartOf\":{\"@id\":\"https:\/\/www.blogsoestado.com\/danielmatos\/#website\"},\"datePublished\":\"2014-10-20T12:27:48+00:00\",\"author\":{\"@id\":\"\"},\"breadcrumb\":{\"@id\":\"https:\/\/www.blogsoestado.com\/danielmatos\/direito-de-resposta-cezar-bombeiro-restabelece-a-verdade\/#breadcrumb\"},\"inLanguage\":\"pt-BR\",\"potentialAction\":[{\"@type\":\"ReadAction\",\"target\":[\"https:\/\/www.blogsoestado.com\/danielmatos\/direito-de-resposta-cezar-bombeiro-restabelece-a-verdade\/\"]}]},{\"@type\":\"BreadcrumbList\",\"@id\":\"https:\/\/www.blogsoestado.com\/danielmatos\/direito-de-resposta-cezar-bombeiro-restabelece-a-verdade\/#breadcrumb\",\"itemListElement\":[{\"@type\":\"ListItem\",\"position\":1,\"name\":\"In\u00edcio\",\"item\":\"https:\/\/www.blogsoestado.com\/danielmatos\/\"},{\"@type\":\"ListItem\",\"position\":2,\"name\":\"Direito de resposta: Cezar Bombeiro restabelece a verdade\"}]},{\"@type\":\"WebSite\",\"@id\":\"https:\/\/www.blogsoestado.com\/danielmatos\/#website\",\"url\":\"https:\/\/www.blogsoestado.com\/danielmatos\/\",\"name\":\"Daniel Matos\",\"description\":\"\",\"potentialAction\":[{\"@type\":\"SearchAction\",\"target\":{\"@type\":\"EntryPoint\",\"urlTemplate\":\"https:\/\/www.blogsoestado.com\/danielmatos\/?s={search_term_string}\"},\"query-input\":{\"@type\":\"PropertyValueSpecification\",\"valueRequired\":true,\"valueName\":\"search_term_string\"}}],\"inLanguage\":\"pt-BR\"}]}<\/script>\n<!-- \/ Yoast SEO plugin. -->","yoast_head_json":{"title":"Direito de resposta: Cezar Bombeiro restabelece a verdade - Daniel Matos","robots":{"index":"index","follow":"follow","max-snippet":"max-snippet:-1","max-image-preview":"max-image-preview:large","max-video-preview":"max-video-preview:-1"},"canonical":"https:\/\/www.blogsoestado.com\/danielmatos\/direito-de-resposta-cezar-bombeiro-restabelece-a-verdade\/","og_locale":"pt_BR","og_type":"article","og_title":"Direito de resposta: Cezar Bombeiro restabelece a verdade - Daniel Matos","og_description":"Ao senhor Daniel Matos Blogueiro do Sistema Mirante de Comunica\u00e7\u00e3o Lament\u00e1vel ver a que se prestam alguns blogueiros, que se [&hellip;]","og_url":"https:\/\/www.blogsoestado.com\/danielmatos\/direito-de-resposta-cezar-bombeiro-restabelece-a-verdade\/","og_site_name":"Daniel Matos","article_published_time":"2014-10-20T12:27:48+00:00","twitter_card":"summary_large_image","twitter_misc":{"Est. tempo de leitura":"3 minutos"},"schema":{"@context":"https:\/\/schema.org","@graph":[{"@type":"WebPage","@id":"https:\/\/www.blogsoestado.com\/danielmatos\/direito-de-resposta-cezar-bombeiro-restabelece-a-verdade\/","url":"https:\/\/www.blogsoestado.com\/danielmatos\/direito-de-resposta-cezar-bombeiro-restabelece-a-verdade\/","name":"Direito de resposta: Cezar Bombeiro restabelece a verdade - Daniel Matos","isPartOf":{"@id":"https:\/\/www.blogsoestado.com\/danielmatos\/#website"},"datePublished":"2014-10-20T12:27:48+00:00","author":{"@id":""},"breadcrumb":{"@id":"https:\/\/www.blogsoestado.com\/danielmatos\/direito-de-resposta-cezar-bombeiro-restabelece-a-verdade\/#breadcrumb"},"inLanguage":"pt-BR","potentialAction":[{"@type":"ReadAction","target":["https:\/\/www.blogsoestado.com\/danielmatos\/direito-de-resposta-cezar-bombeiro-restabelece-a-verdade\/"]}]},{"@type":"BreadcrumbList","@id":"https:\/\/www.blogsoestado.com\/danielmatos\/direito-de-resposta-cezar-bombeiro-restabelece-a-verdade\/#breadcrumb","itemListElement":[{"@type":"ListItem","position":1,"name":"In\u00edcio","item":"https:\/\/www.blogsoestado.com\/danielmatos\/"},{"@type":"ListItem","position":2,"name":"Direito de resposta: Cezar Bombeiro restabelece a verdade"}]},{"@type":"WebSite","@id":"https:\/\/www.blogsoestado.com\/danielmatos\/#website","url":"https:\/\/www.blogsoestado.com\/danielmatos\/","name":"Daniel Matos","description":"","potentialAction":[{"@type":"SearchAction","target":{"@type":"EntryPoint","urlTemplate":"https:\/\/www.blogsoestado.com\/danielmatos\/?s={search_term_string}"},"query-input":{"@type":"PropertyValueSpecification","valueRequired":true,"valueName":"search_term_string"}}],"inLanguage":"pt-BR"}]}},"jetpack_featured_media_url":"","_links":{"self":[{"href":"https:\/\/www.blogsoestado.com\/danielmatos\/wp-json\/wp\/v2\/posts\/19968","targetHints":{"allow":["GET"]}}],"collection":[{"href":"https:\/\/www.blogsoestado.com\/danielmatos\/wp-json\/wp\/v2\/posts"}],"about":[{"href":"https:\/\/www.blogsoestado.com\/danielmatos\/wp-json\/wp\/v2\/types\/post"}],"replies":[{"embeddable":true,"href":"https:\/\/www.blogsoestado.com\/danielmatos\/wp-json\/wp\/v2\/comments?post=19968"}],"version-history":[{"count":0,"href":"https:\/\/www.blogsoestado.com\/danielmatos\/wp-json\/wp\/v2\/posts\/19968\/revisions"}],"wp:attachment":[{"href":"https:\/\/www.blogsoestado.com\/danielmatos\/wp-json\/wp\/v2\/media?parent=19968"}],"wp:term":[{"taxonomy":"category","embeddable":true,"href":"https:\/\/www.blogsoestado.com\/danielmatos\/wp-json\/wp\/v2\/categories?post=19968"},{"taxonomy":"post_tag","embeddable":true,"href":"https:\/\/www.blogsoestado.com\/danielmatos\/wp-json\/wp\/v2\/tags?post=19968"}],"curies":[{"name":"wp","href":"https:\/\/api.w.org\/{rel}","templated":true}]}}