{"id":19986,"date":"2014-10-20T15:04:39","date_gmt":"2014-10-20T18:04:39","guid":{"rendered":"https:\/\/www.blogsoestado.com\/danielmatos\/?p=19986"},"modified":"2014-10-20T15:04:39","modified_gmt":"2014-10-20T18:04:39","slug":"sao-joao-batista-mp-pede-afastamento-de-prefeito","status":"publish","type":"post","link":"https:\/\/www.blogsoestado.com\/danielmatos\/sao-joao-batista-mp-pede-afastamento-de-prefeito\/","title":{"rendered":"S\u00e3o Jo\u00e3o Batista: MP pede afastamento de prefeito"},"content":{"rendered":"<figure id=\"attachment_19987\" aria-describedby=\"caption-attachment-19987\" style=\"width: 261px\" class=\"wp-caption alignright\"><a href=\"https:\/\/www.blogsoestado.com\/danielmatos\/files\/2014\/10\/amarildo-pinheiro2.jpg\"><img fetchpriority=\"high\" decoding=\"async\" class=\"size-full wp-image-19987\" src=\"https:\/\/www.blogsoestado.com\/danielmatos\/files\/2014\/10\/amarildo-pinheiro2.jpg\" alt=\"MP pediu afastamento e condena\u00e7\u00e3o de Amarildo Pinheiro por atos de improbidade administrativa\" width=\"261\" height=\"347\" \/><\/a><figcaption id=\"caption-attachment-19987\" class=\"wp-caption-text\">MP pediu afastamento e condena\u00e7\u00e3o de Amarildo Pinheiro por atos de improbidade administrativa<\/figcaption><\/figure>\n<p>O Minist\u00e9rio P\u00fablico do Maranh\u00e3o (MPMA), por meio da Promotoria de Justi\u00e7a de S\u00e3o Jo\u00e3o Batista, ajuizou, no dia 16 de outubro, A\u00e7\u00e3o Civil P\u00fablica (ACP) requerendo o afastamento do prefeito da cidade, Amarildo Pinheiro Costa, al\u00e9m de sua condena\u00e7\u00e3o por atos de improbidade administrativa.<\/p>\n<p>A a\u00e7\u00e3o, movida pela promotora de justi\u00e7a Maria do Nascimento Carvalho Serra, se baseia em pe\u00e7a de informa\u00e7\u00e3o, instaurada pelo MPMA em 3 de julho de 2014, para apurar den\u00fancias de contrata\u00e7\u00f5es irregulares de servidores sem a aprova\u00e7\u00e3o em concurso p\u00fablico. De acordo com testemunhas ouvidas pela promotora, o gestor depositava o valor de um sal\u00e1rio-m\u00ednimo (R$ 724,00) na conta banc\u00e1ria de um contratado com o nome na folha de pagamentos e dividia o valor com outros tr\u00eas contratados verbalmente. Assim, o prefeito pagava \u00e0 quatro servidores o sal\u00e1rio que caberia a apenas um. Dessa forma, com os descontos de INSS e outros, cada um recebia o valor de apenas R$ 150,00.<\/p>\n<p>A promotora de justi\u00e7a ressalta que o r\u00e9u n\u00e3o atendeu \u00e0s diversas requisi\u00e7\u00f5es do MPMA. Em 25 de setembro de 2013, a Promotoria emitiu Recomenda\u00e7\u00e3o ao prefeito no sentido de que promovesse a adequa\u00e7\u00e3o do quadro de pessoal aos mandamentos constitucionais.<\/p>\n<p>Em 5 de novembro de 2013, o r\u00e9u assinou Termo de Ajustamento de Conduta (TAC) no qual admitiu a exist\u00eancia de n\u00famero excessivo de servidores contratados sem concurso p\u00fablico e comprometeu-se a enviar projeto de lei \u00e0 C\u00e2mara Municipal para a cria\u00e7\u00e3o de cargos e realiza\u00e7\u00e3o de concurso p\u00fablico. Contudo, o gestor jamais cumpriu os termos do TAC assinado. \u201cO r\u00e9u age com completo descaso para com o cumprimento da lei, acreditando na impunidade, fazendo uso dos cargos p\u00fablicos como moeda de troca, como forma de se beneficiar do cargo, para futura reelei\u00e7\u00e3o\u201d, afirmou a promotora.<\/p>\n<p><strong>Atraso salarial<\/strong><\/p>\n<p>Outro problema envolvendo o funcionalismo p\u00fablico municipal diz respeito ao atraso de sal\u00e1rios dos servidores. De acordo com a promotora, \u00e9 de conhecimento p\u00fablico o n\u00e3o recebimento de sal\u00e1rios h\u00e1 mais de quatro meses pelos contratados. \u201cA situa\u00e7\u00e3o de atraso est\u00e1 gerando o empobrecimento da cidade, pois como \u00e9 sabido, em cidades do porte de S\u00e3o Jo\u00e3o Batista, as atividades giram em torno do servi\u00e7o p\u00fablico, que \u00e9 a maior fonte de renda da popula\u00e7\u00e3o\u201d, ressalta.<\/p>\n<p>Na ACP, al\u00e9m do pedido liminar de afastamento do prefeito, o MPMA requer a indisponibilidade dos bens do gestor; a suspens\u00e3o dos direitos pol\u00edticos por at\u00e9 oito anos; a proibi\u00e7\u00e3o de contratar ou receber benef\u00edcios e incentivos com o poder p\u00fablico; e pagamento de multa civil de at\u00e9 100 vezes a remunera\u00e7\u00e3o recebida pelo requerido nas fun\u00e7\u00f5es de prefeito.<\/p>\n<p><strong>Fonte:<\/strong> Minist\u00e9rio P\u00fablico do Maranh\u00e3o<\/p>\n","protected":false},"excerpt":{"rendered":"<p>O Minist\u00e9rio P\u00fablico do Maranh\u00e3o (MPMA), por meio da Promotoria de Justi\u00e7a de S\u00e3o Jo\u00e3o Batista, ajuizou, no dia 16 [&hellip;]<\/p>\n","protected":false},"author":0,"featured_media":0,"comment_status":"open","ping_status":"open","sticky":false,"template":"","format":"standard","meta":{"site-sidebar-layout":"default","site-content-layout":"","ast-site-content-layout":"default","site-content-style":"default","site-sidebar-style":"default","ast-global-header-display":"","ast-banner-title-visibility":"","ast-main-header-display":"","ast-hfb-above-header-display":"","ast-hfb-below-header-display":"","ast-hfb-mobile-header-display":"","site-post-title":"","ast-breadcrumbs-content":"","ast-featured-img":"","footer-sml-layout":"","ast-disable-related-posts":"","theme-transparent-header-meta":"","adv-header-id-meta":"","stick-header-meta":"","header-above-stick-meta":"","header-main-stick-meta":"","header-below-stick-meta":"","astra-migrate-meta-layouts":"default","ast-page-background-enabled":"default","ast-page-background-meta":{"desktop":{"background-color":"var(--ast-global-color-5)","background-image":"","background-repeat":"repeat","background-position":"center center","background-size":"auto","background-attachment":"scroll","background-type":"","background-media":"","overlay-type":"","overlay-color":"","overlay-opacity":"","overlay-gradient":""},"tablet":{"background-color":"","background-image":"","background-repeat":"repeat","background-position":"center center","background-size":"auto","background-attachment":"scroll","background-type":"","background-media":"","overlay-type":"","overlay-color":"","overlay-opacity":"","overlay-gradient":""},"mobile":{"background-color":"","background-image":"","background-repeat":"repeat","background-position":"center center","background-size":"auto","background-attachment":"scroll","background-type":"","background-media":"","overlay-type":"","overlay-color":"","overlay-opacity":"","overlay-gradient":""}},"ast-content-background-meta":{"desktop":{"background-color":"var(--ast-global-color-4)","background-image":"","background-repeat":"repeat","background-position":"center center","background-size":"auto","background-attachment":"scroll","background-type":"","background-media":"","overlay-type":"","overlay-color":"","overlay-opacity":"","overlay-gradient":""},"tablet":{"background-color":"var(--ast-global-color-4)","background-image":"","background-repeat":"repeat","background-position":"center center","background-size":"auto","background-attachment":"scroll","background-type":"","background-media":"","overlay-type":"","overlay-color":"","overlay-opacity":"","overlay-gradient":""},"mobile":{"background-color":"var(--ast-global-color-4)","background-image":"","background-repeat":"repeat","background-position":"center center","background-size":"auto","background-attachment":"scroll","background-type":"","background-media":"","overlay-type":"","overlay-color":"","overlay-opacity":"","overlay-gradient":""}},"footnotes":""},"categories":[1],"tags":[],"class_list":["post-19986","post","type-post","status-publish","format-standard","hentry","category-sem-categoria"],"yoast_head":"<!-- This site is optimized with the Yoast SEO plugin v26.6 - https:\/\/yoast.com\/wordpress\/plugins\/seo\/ -->\n<title>S\u00e3o Jo\u00e3o Batista: MP pede afastamento de prefeito - Daniel Matos<\/title>\n<meta name=\"robots\" content=\"index, follow, max-snippet:-1, max-image-preview:large, max-video-preview:-1\" \/>\n<link rel=\"canonical\" href=\"https:\/\/www.blogsoestado.com\/danielmatos\/sao-joao-batista-mp-pede-afastamento-de-prefeito\/\" \/>\n<meta property=\"og:locale\" content=\"pt_BR\" \/>\n<meta property=\"og:type\" content=\"article\" \/>\n<meta property=\"og:title\" content=\"S\u00e3o Jo\u00e3o Batista: MP pede afastamento de prefeito - Daniel Matos\" \/>\n<meta property=\"og:description\" content=\"O Minist\u00e9rio P\u00fablico do Maranh\u00e3o (MPMA), por meio da Promotoria de Justi\u00e7a de S\u00e3o Jo\u00e3o Batista, ajuizou, no dia 16 [&hellip;]\" \/>\n<meta property=\"og:url\" content=\"https:\/\/www.blogsoestado.com\/danielmatos\/sao-joao-batista-mp-pede-afastamento-de-prefeito\/\" \/>\n<meta property=\"og:site_name\" content=\"Daniel Matos\" \/>\n<meta property=\"article:published_time\" content=\"2014-10-20T18:04:39+00:00\" \/>\n<meta property=\"og:image\" content=\"https:\/\/www.blogsoestado.com\/danielmatos\/files\/2014\/10\/amarildo-pinheiro2.jpg\" \/>\n<meta name=\"twitter:card\" content=\"summary_large_image\" \/>\n<meta name=\"twitter:label1\" content=\"Est. tempo de leitura\" \/>\n\t<meta name=\"twitter:data1\" content=\"3 minutos\" \/>\n<script type=\"application\/ld+json\" class=\"yoast-schema-graph\">{\"@context\":\"https:\/\/schema.org\",\"@graph\":[{\"@type\":\"WebPage\",\"@id\":\"https:\/\/www.blogsoestado.com\/danielmatos\/sao-joao-batista-mp-pede-afastamento-de-prefeito\/\",\"url\":\"https:\/\/www.blogsoestado.com\/danielmatos\/sao-joao-batista-mp-pede-afastamento-de-prefeito\/\",\"name\":\"S\u00e3o Jo\u00e3o Batista: MP pede afastamento de prefeito - Daniel Matos\",\"isPartOf\":{\"@id\":\"https:\/\/www.blogsoestado.com\/danielmatos\/#website\"},\"primaryImageOfPage\":{\"@id\":\"https:\/\/www.blogsoestado.com\/danielmatos\/sao-joao-batista-mp-pede-afastamento-de-prefeito\/#primaryimage\"},\"image\":{\"@id\":\"https:\/\/www.blogsoestado.com\/danielmatos\/sao-joao-batista-mp-pede-afastamento-de-prefeito\/#primaryimage\"},\"thumbnailUrl\":\"https:\/\/www.blogsoestado.com\/danielmatos\/files\/2014\/10\/amarildo-pinheiro2.jpg\",\"datePublished\":\"2014-10-20T18:04:39+00:00\",\"author\":{\"@id\":\"\"},\"breadcrumb\":{\"@id\":\"https:\/\/www.blogsoestado.com\/danielmatos\/sao-joao-batista-mp-pede-afastamento-de-prefeito\/#breadcrumb\"},\"inLanguage\":\"pt-BR\",\"potentialAction\":[{\"@type\":\"ReadAction\",\"target\":[\"https:\/\/www.blogsoestado.com\/danielmatos\/sao-joao-batista-mp-pede-afastamento-de-prefeito\/\"]}]},{\"@type\":\"ImageObject\",\"inLanguage\":\"pt-BR\",\"@id\":\"https:\/\/www.blogsoestado.com\/danielmatos\/sao-joao-batista-mp-pede-afastamento-de-prefeito\/#primaryimage\",\"url\":\"https:\/\/www.blogsoestado.com\/danielmatos\/files\/2014\/10\/amarildo-pinheiro2.jpg\",\"contentUrl\":\"https:\/\/www.blogsoestado.com\/danielmatos\/files\/2014\/10\/amarildo-pinheiro2.jpg\"},{\"@type\":\"BreadcrumbList\",\"@id\":\"https:\/\/www.blogsoestado.com\/danielmatos\/sao-joao-batista-mp-pede-afastamento-de-prefeito\/#breadcrumb\",\"itemListElement\":[{\"@type\":\"ListItem\",\"position\":1,\"name\":\"In\u00edcio\",\"item\":\"https:\/\/www.blogsoestado.com\/danielmatos\/\"},{\"@type\":\"ListItem\",\"position\":2,\"name\":\"S\u00e3o Jo\u00e3o Batista: MP pede afastamento de prefeito\"}]},{\"@type\":\"WebSite\",\"@id\":\"https:\/\/www.blogsoestado.com\/danielmatos\/#website\",\"url\":\"https:\/\/www.blogsoestado.com\/danielmatos\/\",\"name\":\"Daniel Matos\",\"description\":\"\",\"potentialAction\":[{\"@type\":\"SearchAction\",\"target\":{\"@type\":\"EntryPoint\",\"urlTemplate\":\"https:\/\/www.blogsoestado.com\/danielmatos\/?s={search_term_string}\"},\"query-input\":{\"@type\":\"PropertyValueSpecification\",\"valueRequired\":true,\"valueName\":\"search_term_string\"}}],\"inLanguage\":\"pt-BR\"}]}<\/script>\n<!-- \/ Yoast SEO plugin. -->","yoast_head_json":{"title":"S\u00e3o Jo\u00e3o Batista: MP pede afastamento de prefeito - Daniel Matos","robots":{"index":"index","follow":"follow","max-snippet":"max-snippet:-1","max-image-preview":"max-image-preview:large","max-video-preview":"max-video-preview:-1"},"canonical":"https:\/\/www.blogsoestado.com\/danielmatos\/sao-joao-batista-mp-pede-afastamento-de-prefeito\/","og_locale":"pt_BR","og_type":"article","og_title":"S\u00e3o Jo\u00e3o Batista: MP pede afastamento de prefeito - Daniel Matos","og_description":"O Minist\u00e9rio P\u00fablico do Maranh\u00e3o (MPMA), por meio da Promotoria de Justi\u00e7a de S\u00e3o Jo\u00e3o Batista, ajuizou, no dia 16 [&hellip;]","og_url":"https:\/\/www.blogsoestado.com\/danielmatos\/sao-joao-batista-mp-pede-afastamento-de-prefeito\/","og_site_name":"Daniel Matos","article_published_time":"2014-10-20T18:04:39+00:00","og_image":[{"url":"https:\/\/www.blogsoestado.com\/danielmatos\/files\/2014\/10\/amarildo-pinheiro2.jpg","type":"","width":"","height":""}],"twitter_card":"summary_large_image","twitter_misc":{"Est. tempo de leitura":"3 minutos"},"schema":{"@context":"https:\/\/schema.org","@graph":[{"@type":"WebPage","@id":"https:\/\/www.blogsoestado.com\/danielmatos\/sao-joao-batista-mp-pede-afastamento-de-prefeito\/","url":"https:\/\/www.blogsoestado.com\/danielmatos\/sao-joao-batista-mp-pede-afastamento-de-prefeito\/","name":"S\u00e3o Jo\u00e3o Batista: MP pede afastamento de prefeito - Daniel Matos","isPartOf":{"@id":"https:\/\/www.blogsoestado.com\/danielmatos\/#website"},"primaryImageOfPage":{"@id":"https:\/\/www.blogsoestado.com\/danielmatos\/sao-joao-batista-mp-pede-afastamento-de-prefeito\/#primaryimage"},"image":{"@id":"https:\/\/www.blogsoestado.com\/danielmatos\/sao-joao-batista-mp-pede-afastamento-de-prefeito\/#primaryimage"},"thumbnailUrl":"https:\/\/www.blogsoestado.com\/danielmatos\/files\/2014\/10\/amarildo-pinheiro2.jpg","datePublished":"2014-10-20T18:04:39+00:00","author":{"@id":""},"breadcrumb":{"@id":"https:\/\/www.blogsoestado.com\/danielmatos\/sao-joao-batista-mp-pede-afastamento-de-prefeito\/#breadcrumb"},"inLanguage":"pt-BR","potentialAction":[{"@type":"ReadAction","target":["https:\/\/www.blogsoestado.com\/danielmatos\/sao-joao-batista-mp-pede-afastamento-de-prefeito\/"]}]},{"@type":"ImageObject","inLanguage":"pt-BR","@id":"https:\/\/www.blogsoestado.com\/danielmatos\/sao-joao-batista-mp-pede-afastamento-de-prefeito\/#primaryimage","url":"https:\/\/www.blogsoestado.com\/danielmatos\/files\/2014\/10\/amarildo-pinheiro2.jpg","contentUrl":"https:\/\/www.blogsoestado.com\/danielmatos\/files\/2014\/10\/amarildo-pinheiro2.jpg"},{"@type":"BreadcrumbList","@id":"https:\/\/www.blogsoestado.com\/danielmatos\/sao-joao-batista-mp-pede-afastamento-de-prefeito\/#breadcrumb","itemListElement":[{"@type":"ListItem","position":1,"name":"In\u00edcio","item":"https:\/\/www.blogsoestado.com\/danielmatos\/"},{"@type":"ListItem","position":2,"name":"S\u00e3o Jo\u00e3o Batista: MP pede afastamento de prefeito"}]},{"@type":"WebSite","@id":"https:\/\/www.blogsoestado.com\/danielmatos\/#website","url":"https:\/\/www.blogsoestado.com\/danielmatos\/","name":"Daniel Matos","description":"","potentialAction":[{"@type":"SearchAction","target":{"@type":"EntryPoint","urlTemplate":"https:\/\/www.blogsoestado.com\/danielmatos\/?s={search_term_string}"},"query-input":{"@type":"PropertyValueSpecification","valueRequired":true,"valueName":"search_term_string"}}],"inLanguage":"pt-BR"}]}},"jetpack_featured_media_url":"","_links":{"self":[{"href":"https:\/\/www.blogsoestado.com\/danielmatos\/wp-json\/wp\/v2\/posts\/19986","targetHints":{"allow":["GET"]}}],"collection":[{"href":"https:\/\/www.blogsoestado.com\/danielmatos\/wp-json\/wp\/v2\/posts"}],"about":[{"href":"https:\/\/www.blogsoestado.com\/danielmatos\/wp-json\/wp\/v2\/types\/post"}],"replies":[{"embeddable":true,"href":"https:\/\/www.blogsoestado.com\/danielmatos\/wp-json\/wp\/v2\/comments?post=19986"}],"version-history":[{"count":0,"href":"https:\/\/www.blogsoestado.com\/danielmatos\/wp-json\/wp\/v2\/posts\/19986\/revisions"}],"wp:attachment":[{"href":"https:\/\/www.blogsoestado.com\/danielmatos\/wp-json\/wp\/v2\/media?parent=19986"}],"wp:term":[{"taxonomy":"category","embeddable":true,"href":"https:\/\/www.blogsoestado.com\/danielmatos\/wp-json\/wp\/v2\/categories?post=19986"},{"taxonomy":"post_tag","embeddable":true,"href":"https:\/\/www.blogsoestado.com\/danielmatos\/wp-json\/wp\/v2\/tags?post=19986"}],"curies":[{"name":"wp","href":"https:\/\/api.w.org\/{rel}","templated":true}]}}