{"id":19994,"date":"2014-10-20T16:23:04","date_gmt":"2014-10-20T19:23:04","guid":{"rendered":"https:\/\/www.blogsoestado.com\/danielmatos\/?p=19994"},"modified":"2014-10-20T16:23:04","modified_gmt":"2014-10-20T19:23:04","slug":"lisca-e-demitido-e-vinicius-saldanha-assume-o-sampaio","status":"publish","type":"post","link":"https:\/\/www.blogsoestado.com\/danielmatos\/lisca-e-demitido-e-vinicius-saldanha-assume-o-sampaio\/","title":{"rendered":"Lisca \u00e9 demitido e Vin\u00edcius Saldanha assume o Sampaio"},"content":{"rendered":"<figure id=\"attachment_19995\" aria-describedby=\"caption-attachment-19995\" style=\"width: 336px\" class=\"wp-caption alignright\"><a href=\"https:\/\/www.blogsoestado.com\/danielmatos\/files\/2014\/10\/lisca-sai.jpg\"><img fetchpriority=\"high\" decoding=\"async\" class=\"size-full wp-image-19995\" src=\"https:\/\/www.blogsoestado.com\/danielmatos\/files\/2014\/10\/lisca-sai.jpg\" alt=\"Lisca deixou o comando do Sampaio depois de mais um empate em casa\" width=\"336\" height=\"296\" \/><\/a><figcaption id=\"caption-attachment-19995\" class=\"wp-caption-text\">Lisca deixou comando t\u00e9cnico do Sampaio ap\u00f3s\u00a010\u00ba empate, o 7\u00ba\u00a0em casa\u00a0(<strong>Fotos:<\/strong> site do Sampaio Corr\u00eas)<\/figcaption><\/figure>\n<p>Lisca n\u00e3o resistiu a mais um empate em casa e n\u00e3o \u00e9 mais t\u00e9cnico do\u00a0Sampaio Corr\u00eaa. O placar de 1 x 1 contra o N\u00e1utico, no \u00faltimo s\u00e1bado, no Castel\u00e3o, foi a gota d&#8217;\u00e1gua para o presidente S\u00e9rgio Frota. O ex-diretor de Futebol\u00a0Vinicius Saldanha, que vinha coordenando as categorias de base,\u00a0\u00e9 o novo treinador do\u00a0Tricolor e ficar\u00e1 no cargo at\u00e9 o fim da temporada.<\/p>\n<p>O retrospecto de Lisca no Sampaio n\u00e3o foi dos melhores. Sob o seu comando, o time jogou 18 partidas e obteve cinco vit\u00f3rias, 10 empates &#8211;\u00a0sete deles em pleno Castel\u00e3o\u00a0&#8211;\u00a0e tr\u00eas derrotas. Foram s\u00f3\u00a025 pontos conquistados de um total de 54 disputados, um aproveitamento de apenas 46%.<\/p>\n<p>Al\u00e9m do mau retrospecto, as sucessivas suspens\u00f5es por desaven\u00e7as com a arbitragem na beira do campo, prejudicando a equipe, podem ter pesado\u00a0para a demiss\u00e3o de Lisca.<\/p>\n<p>O novo t\u00e9cnico do Sampaio comandar\u00e1 o time do banco de reservas j\u00e1 no jogo desta ter\u00e7a-feira, contra o Bragantino, em casa.<\/p>\n<figure id=\"attachment_19996\" aria-describedby=\"caption-attachment-19996\" style=\"width: 640px\" class=\"wp-caption aligncenter\"><a href=\"https:\/\/www.blogsoestado.com\/danielmatos\/files\/2014\/10\/vinicius-assume.jpg\"><img decoding=\"async\" class=\"size-full wp-image-19996\" src=\"https:\/\/www.blogsoestado.com\/danielmatos\/files\/2014\/10\/vinicius-assume.jpg\" alt=\"Vin\u00edcius Saldanha no CR Jos\u00e9 Carlos Macieira entre o diretor Batista Oliveira e o presidente S\u00e9rgio Frota \" width=\"640\" height=\"359\" \/><\/a><figcaption id=\"caption-attachment-19996\" class=\"wp-caption-text\">Vin\u00edcius Saldanha no CT Jos\u00e9 Carlos Macieira entre o diretor Batista Oliveira e o presidente do Sampaio, S\u00e9rgio Frota<\/figcaption><\/figure>\n","protected":false},"excerpt":{"rendered":"<p>Lisca n\u00e3o resistiu a mais um empate em casa e n\u00e3o \u00e9 mais t\u00e9cnico do\u00a0Sampaio Corr\u00eaa. O placar de 1 [&hellip;]<\/p>\n","protected":false},"author":0,"featured_media":0,"comment_status":"open","ping_status":"open","sticky":false,"template":"","format":"standard","meta":{"site-sidebar-layout":"default","site-content-layout":"","ast-site-content-layout":"default","site-content-style":"default","site-sidebar-style":"default","ast-global-header-display":"","ast-banner-title-visibility":"","ast-main-header-display":"","ast-hfb-above-header-display":"","ast-hfb-below-header-display":"","ast-hfb-mobile-header-display":"","site-post-title":"","ast-breadcrumbs-content":"","ast-featured-img":"","footer-sml-layout":"","ast-disable-related-posts":"","theme-transparent-header-meta":"","adv-header-id-meta":"","stick-header-meta":"","header-above-stick-meta":"","header-main-stick-meta":"","header-below-stick-meta":"","astra-migrate-meta-layouts":"default","ast-page-background-enabled":"default","ast-page-background-meta":{"desktop":{"background-color":"var(--ast-global-color-5)","background-image":"","background-repeat":"repeat","background-position":"center center","background-size":"auto","background-attachment":"scroll","background-type":"","background-media":"","overlay-type":"","overlay-color":"","overlay-opacity":"","overlay-gradient":""},"tablet":{"background-color":"","background-image":"","background-repeat":"repeat","background-position":"center center","background-size":"auto","background-attachment":"scroll","background-type":"","background-media":"","overlay-type":"","overlay-color":"","overlay-opacity":"","overlay-gradient":""},"mobile":{"background-color":"","background-image":"","background-repeat":"repeat","background-position":"center center","background-size":"auto","background-attachment":"scroll","background-type":"","background-media":"","overlay-type":"","overlay-color":"","overlay-opacity":"","overlay-gradient":""}},"ast-content-background-meta":{"desktop":{"background-color":"var(--ast-global-color-4)","background-image":"","background-repeat":"repeat","background-position":"center center","background-size":"auto","background-attachment":"scroll","background-type":"","background-media":"","overlay-type":"","overlay-color":"","overlay-opacity":"","overlay-gradient":""},"tablet":{"background-color":"var(--ast-global-color-4)","background-image":"","background-repeat":"repeat","background-position":"center center","background-size":"auto","background-attachment":"scroll","background-type":"","background-media":"","overlay-type":"","overlay-color":"","overlay-opacity":"","overlay-gradient":""},"mobile":{"background-color":"var(--ast-global-color-4)","background-image":"","background-repeat":"repeat","background-position":"center center","background-size":"auto","background-attachment":"scroll","background-type":"","background-media":"","overlay-type":"","overlay-color":"","overlay-opacity":"","overlay-gradient":""}},"footnotes":""},"categories":[1],"tags":[],"class_list":["post-19994","post","type-post","status-publish","format-standard","hentry","category-sem-categoria"],"yoast_head":"<!-- This site is optimized with the Yoast SEO plugin v26.6 - https:\/\/yoast.com\/wordpress\/plugins\/seo\/ -->\n<title>Lisca \u00e9 demitido e Vin\u00edcius Saldanha assume o Sampaio - Daniel Matos<\/title>\n<meta name=\"robots\" content=\"index, follow, max-snippet:-1, max-image-preview:large, max-video-preview:-1\" \/>\n<link rel=\"canonical\" href=\"https:\/\/www.blogsoestado.com\/danielmatos\/lisca-e-demitido-e-vinicius-saldanha-assume-o-sampaio\/\" \/>\n<meta property=\"og:locale\" content=\"pt_BR\" \/>\n<meta property=\"og:type\" content=\"article\" \/>\n<meta property=\"og:title\" content=\"Lisca \u00e9 demitido e Vin\u00edcius Saldanha assume o Sampaio - Daniel Matos\" \/>\n<meta property=\"og:description\" content=\"Lisca n\u00e3o resistiu a mais um empate em casa e n\u00e3o \u00e9 mais t\u00e9cnico do\u00a0Sampaio Corr\u00eaa. O placar de 1 [&hellip;]\" \/>\n<meta property=\"og:url\" content=\"https:\/\/www.blogsoestado.com\/danielmatos\/lisca-e-demitido-e-vinicius-saldanha-assume-o-sampaio\/\" \/>\n<meta property=\"og:site_name\" content=\"Daniel Matos\" \/>\n<meta property=\"article:published_time\" content=\"2014-10-20T19:23:04+00:00\" \/>\n<meta property=\"og:image\" content=\"https:\/\/www.blogsoestado.com\/danielmatos\/files\/2014\/10\/lisca-sai.jpg\" \/>\n<meta name=\"twitter:card\" content=\"summary_large_image\" \/>\n<meta name=\"twitter:label1\" content=\"Est. tempo de leitura\" \/>\n\t<meta name=\"twitter:data1\" content=\"1 minuto\" \/>\n<script type=\"application\/ld+json\" class=\"yoast-schema-graph\">{\"@context\":\"https:\/\/schema.org\",\"@graph\":[{\"@type\":\"WebPage\",\"@id\":\"https:\/\/www.blogsoestado.com\/danielmatos\/lisca-e-demitido-e-vinicius-saldanha-assume-o-sampaio\/\",\"url\":\"https:\/\/www.blogsoestado.com\/danielmatos\/lisca-e-demitido-e-vinicius-saldanha-assume-o-sampaio\/\",\"name\":\"Lisca \u00e9 demitido e Vin\u00edcius Saldanha assume o Sampaio - Daniel Matos\",\"isPartOf\":{\"@id\":\"https:\/\/www.blogsoestado.com\/danielmatos\/#website\"},\"primaryImageOfPage\":{\"@id\":\"https:\/\/www.blogsoestado.com\/danielmatos\/lisca-e-demitido-e-vinicius-saldanha-assume-o-sampaio\/#primaryimage\"},\"image\":{\"@id\":\"https:\/\/www.blogsoestado.com\/danielmatos\/lisca-e-demitido-e-vinicius-saldanha-assume-o-sampaio\/#primaryimage\"},\"thumbnailUrl\":\"https:\/\/www.blogsoestado.com\/danielmatos\/files\/2014\/10\/lisca-sai.jpg\",\"datePublished\":\"2014-10-20T19:23:04+00:00\",\"author\":{\"@id\":\"\"},\"breadcrumb\":{\"@id\":\"https:\/\/www.blogsoestado.com\/danielmatos\/lisca-e-demitido-e-vinicius-saldanha-assume-o-sampaio\/#breadcrumb\"},\"inLanguage\":\"pt-BR\",\"potentialAction\":[{\"@type\":\"ReadAction\",\"target\":[\"https:\/\/www.blogsoestado.com\/danielmatos\/lisca-e-demitido-e-vinicius-saldanha-assume-o-sampaio\/\"]}]},{\"@type\":\"ImageObject\",\"inLanguage\":\"pt-BR\",\"@id\":\"https:\/\/www.blogsoestado.com\/danielmatos\/lisca-e-demitido-e-vinicius-saldanha-assume-o-sampaio\/#primaryimage\",\"url\":\"https:\/\/www.blogsoestado.com\/danielmatos\/files\/2014\/10\/lisca-sai.jpg\",\"contentUrl\":\"https:\/\/www.blogsoestado.com\/danielmatos\/files\/2014\/10\/lisca-sai.jpg\"},{\"@type\":\"BreadcrumbList\",\"@id\":\"https:\/\/www.blogsoestado.com\/danielmatos\/lisca-e-demitido-e-vinicius-saldanha-assume-o-sampaio\/#breadcrumb\",\"itemListElement\":[{\"@type\":\"ListItem\",\"position\":1,\"name\":\"In\u00edcio\",\"item\":\"https:\/\/www.blogsoestado.com\/danielmatos\/\"},{\"@type\":\"ListItem\",\"position\":2,\"name\":\"Lisca \u00e9 demitido e Vin\u00edcius Saldanha assume o Sampaio\"}]},{\"@type\":\"WebSite\",\"@id\":\"https:\/\/www.blogsoestado.com\/danielmatos\/#website\",\"url\":\"https:\/\/www.blogsoestado.com\/danielmatos\/\",\"name\":\"Daniel Matos\",\"description\":\"\",\"potentialAction\":[{\"@type\":\"SearchAction\",\"target\":{\"@type\":\"EntryPoint\",\"urlTemplate\":\"https:\/\/www.blogsoestado.com\/danielmatos\/?s={search_term_string}\"},\"query-input\":{\"@type\":\"PropertyValueSpecification\",\"valueRequired\":true,\"valueName\":\"search_term_string\"}}],\"inLanguage\":\"pt-BR\"}]}<\/script>\n<!-- \/ Yoast SEO plugin. -->","yoast_head_json":{"title":"Lisca \u00e9 demitido e Vin\u00edcius Saldanha assume o Sampaio - Daniel Matos","robots":{"index":"index","follow":"follow","max-snippet":"max-snippet:-1","max-image-preview":"max-image-preview:large","max-video-preview":"max-video-preview:-1"},"canonical":"https:\/\/www.blogsoestado.com\/danielmatos\/lisca-e-demitido-e-vinicius-saldanha-assume-o-sampaio\/","og_locale":"pt_BR","og_type":"article","og_title":"Lisca \u00e9 demitido e Vin\u00edcius Saldanha assume o Sampaio - Daniel Matos","og_description":"Lisca n\u00e3o resistiu a mais um empate em casa e n\u00e3o \u00e9 mais t\u00e9cnico do\u00a0Sampaio Corr\u00eaa. O placar de 1 [&hellip;]","og_url":"https:\/\/www.blogsoestado.com\/danielmatos\/lisca-e-demitido-e-vinicius-saldanha-assume-o-sampaio\/","og_site_name":"Daniel Matos","article_published_time":"2014-10-20T19:23:04+00:00","og_image":[{"url":"https:\/\/www.blogsoestado.com\/danielmatos\/files\/2014\/10\/lisca-sai.jpg","type":"","width":"","height":""}],"twitter_card":"summary_large_image","twitter_misc":{"Est. tempo de leitura":"1 minuto"},"schema":{"@context":"https:\/\/schema.org","@graph":[{"@type":"WebPage","@id":"https:\/\/www.blogsoestado.com\/danielmatos\/lisca-e-demitido-e-vinicius-saldanha-assume-o-sampaio\/","url":"https:\/\/www.blogsoestado.com\/danielmatos\/lisca-e-demitido-e-vinicius-saldanha-assume-o-sampaio\/","name":"Lisca \u00e9 demitido e Vin\u00edcius Saldanha assume o Sampaio - Daniel Matos","isPartOf":{"@id":"https:\/\/www.blogsoestado.com\/danielmatos\/#website"},"primaryImageOfPage":{"@id":"https:\/\/www.blogsoestado.com\/danielmatos\/lisca-e-demitido-e-vinicius-saldanha-assume-o-sampaio\/#primaryimage"},"image":{"@id":"https:\/\/www.blogsoestado.com\/danielmatos\/lisca-e-demitido-e-vinicius-saldanha-assume-o-sampaio\/#primaryimage"},"thumbnailUrl":"https:\/\/www.blogsoestado.com\/danielmatos\/files\/2014\/10\/lisca-sai.jpg","datePublished":"2014-10-20T19:23:04+00:00","author":{"@id":""},"breadcrumb":{"@id":"https:\/\/www.blogsoestado.com\/danielmatos\/lisca-e-demitido-e-vinicius-saldanha-assume-o-sampaio\/#breadcrumb"},"inLanguage":"pt-BR","potentialAction":[{"@type":"ReadAction","target":["https:\/\/www.blogsoestado.com\/danielmatos\/lisca-e-demitido-e-vinicius-saldanha-assume-o-sampaio\/"]}]},{"@type":"ImageObject","inLanguage":"pt-BR","@id":"https:\/\/www.blogsoestado.com\/danielmatos\/lisca-e-demitido-e-vinicius-saldanha-assume-o-sampaio\/#primaryimage","url":"https:\/\/www.blogsoestado.com\/danielmatos\/files\/2014\/10\/lisca-sai.jpg","contentUrl":"https:\/\/www.blogsoestado.com\/danielmatos\/files\/2014\/10\/lisca-sai.jpg"},{"@type":"BreadcrumbList","@id":"https:\/\/www.blogsoestado.com\/danielmatos\/lisca-e-demitido-e-vinicius-saldanha-assume-o-sampaio\/#breadcrumb","itemListElement":[{"@type":"ListItem","position":1,"name":"In\u00edcio","item":"https:\/\/www.blogsoestado.com\/danielmatos\/"},{"@type":"ListItem","position":2,"name":"Lisca \u00e9 demitido e Vin\u00edcius Saldanha assume o Sampaio"}]},{"@type":"WebSite","@id":"https:\/\/www.blogsoestado.com\/danielmatos\/#website","url":"https:\/\/www.blogsoestado.com\/danielmatos\/","name":"Daniel Matos","description":"","potentialAction":[{"@type":"SearchAction","target":{"@type":"EntryPoint","urlTemplate":"https:\/\/www.blogsoestado.com\/danielmatos\/?s={search_term_string}"},"query-input":{"@type":"PropertyValueSpecification","valueRequired":true,"valueName":"search_term_string"}}],"inLanguage":"pt-BR"}]}},"jetpack_featured_media_url":"","_links":{"self":[{"href":"https:\/\/www.blogsoestado.com\/danielmatos\/wp-json\/wp\/v2\/posts\/19994","targetHints":{"allow":["GET"]}}],"collection":[{"href":"https:\/\/www.blogsoestado.com\/danielmatos\/wp-json\/wp\/v2\/posts"}],"about":[{"href":"https:\/\/www.blogsoestado.com\/danielmatos\/wp-json\/wp\/v2\/types\/post"}],"replies":[{"embeddable":true,"href":"https:\/\/www.blogsoestado.com\/danielmatos\/wp-json\/wp\/v2\/comments?post=19994"}],"version-history":[{"count":0,"href":"https:\/\/www.blogsoestado.com\/danielmatos\/wp-json\/wp\/v2\/posts\/19994\/revisions"}],"wp:attachment":[{"href":"https:\/\/www.blogsoestado.com\/danielmatos\/wp-json\/wp\/v2\/media?parent=19994"}],"wp:term":[{"taxonomy":"category","embeddable":true,"href":"https:\/\/www.blogsoestado.com\/danielmatos\/wp-json\/wp\/v2\/categories?post=19994"},{"taxonomy":"post_tag","embeddable":true,"href":"https:\/\/www.blogsoestado.com\/danielmatos\/wp-json\/wp\/v2\/tags?post=19994"}],"curies":[{"name":"wp","href":"https:\/\/api.w.org\/{rel}","templated":true}]}}