{"id":200,"date":"2007-11-09T13:32:11","date_gmt":"2007-11-09T13:32:11","guid":{"rendered":"https:\/\/www.blogsoestado.com\/danielmatos\/2007\/11\/09\/jovem-vive-em-estado-vegetativo-apos-parto\/"},"modified":"2007-11-09T13:32:11","modified_gmt":"2007-11-09T13:32:11","slug":"jovem-vive-em-estado-vegetativo-apos-parto","status":"publish","type":"post","link":"https:\/\/www.blogsoestado.com\/danielmatos\/jovem-vive-em-estado-vegetativo-apos-parto\/","title":{"rendered":"Jovem vive em estado vegetativo ap\u00f3s parto"},"content":{"rendered":"<p><b><font size=\"4\"><br \/>mal-sucedido em maternidade p\u00fablica<\/font><\/b><\/p>\n<p><font size=\"3\">Alcione Oliveira, 23 anos, moradora do Parque Vit\u00f3ria, vive em estado vegetativo h\u00e1 quase um ano depois de um parto mal-sucedido na Maternidade Marly Sarney. A jovem deu entrada aparentemente sadia naquela unidade de sa\u00fade, em dezembro do ano passado, para dar \u00e0 luz. Semanas depois, deixou o hospital em coma. O filho que ela esperava simplesmente desapareceu.  <\/p>\n<p>Desde que deixou o hospital, Alcione n\u00e3o fala, n\u00e3o anda, enfim, passa o tempo inteiro im\u00f3vel, dependendo da m\u00e3e para se locomover, se alimentar e at\u00e9 para fazer as necessidades fisiol\u00f3gicas. Para piorar a situa\u00e7\u00e3o, ela precisa ser submetida a uma cirurgia urgentemente para retirar uma sonda colocada na maternidade, mas sua fam\u00edlia n\u00e3o tem recurso para custear o procedimento. O material deveria ter sido retirado um m\u00eas ap\u00f3s sua coloca\u00e7\u00e3o, mas, passado quase um ano, continua no corpo da paciente e j\u00e1 provocou infec\u00e7\u00e3o.  <\/p>\n<p>O \u00fanico hospital de S\u00e3o Lu\u00eds que realiza esse tipo de cirurgia \u00e9 o Carlos Macieira, mantido pelo Estado, mas a dire\u00e7\u00e3o avisou que n\u00e3o pode fornecer \u00e0 paciente uma nova sonda, feita de silicone, cujo pre\u00e7o de mercado varia de R$ 500,00 a R$ 600,00. A justificativa \u00e9 que o estoque est\u00e1 no limite a para que a opera\u00e7\u00e3o seja feita, a fam\u00edlia deve comprar o instrumento.<\/p>\n<p>Sensibilizados com a situa\u00e7\u00e3o de Alcione, amigos passaram a ajudar com alimentos, rem\u00e9dios, fraudas descart\u00e1veis, al\u00e9m de oferecer apoio psicol\u00f3gico \u00e0 fam\u00edlia. Eles denunciam que a maternidade silenciou sobre o caso, inclusive em rela\u00e7\u00e3o \u00e0 crian\u00e7a que a jovem deu \u00e0 luz.<\/p>\n<p>Pessoas dispostas a ajudar a fam\u00edlia de Alcione Oliveira podem entrar em contato pelos telefones 3238-1287\/9119-0917 (Sandriene).<\/font><\/p>\n","protected":false},"excerpt":{"rendered":"<p>mal-sucedido em maternidade p\u00fablica Alcione Oliveira, 23 anos, moradora do Parque Vit\u00f3ria, vive em estado vegetativo h\u00e1 quase um ano [&hellip;]<\/p>\n","protected":false},"author":0,"featured_media":0,"comment_status":"open","ping_status":"open","sticky":false,"template":"","format":"standard","meta":{"site-sidebar-layout":"default","site-content-layout":"","ast-site-content-layout":"default","site-content-style":"default","site-sidebar-style":"default","ast-global-header-display":"","ast-banner-title-visibility":"","ast-main-header-display":"","ast-hfb-above-header-display":"","ast-hfb-below-header-display":"","ast-hfb-mobile-header-display":"","site-post-title":"","ast-breadcrumbs-content":"","ast-featured-img":"","footer-sml-layout":"","ast-disable-related-posts":"","theme-transparent-header-meta":"","adv-header-id-meta":"","stick-header-meta":"","header-above-stick-meta":"","header-main-stick-meta":"","header-below-stick-meta":"","astra-migrate-meta-layouts":"default","ast-page-background-enabled":"default","ast-page-background-meta":{"desktop":{"background-color":"var(--ast-global-color-5)","background-image":"","background-repeat":"repeat","background-position":"center center","background-size":"auto","background-attachment":"scroll","background-type":"","background-media":"","overlay-type":"","overlay-color":"","overlay-opacity":"","overlay-gradient":""},"tablet":{"background-color":"","background-image":"","background-repeat":"repeat","background-position":"center center","background-size":"auto","background-attachment":"scroll","background-type":"","background-media":"","overlay-type":"","overlay-color":"","overlay-opacity":"","overlay-gradient":""},"mobile":{"background-color":"","background-image":"","background-repeat":"repeat","background-position":"center center","background-size":"auto","background-attachment":"scroll","background-type":"","background-media":"","overlay-type":"","overlay-color":"","overlay-opacity":"","overlay-gradient":""}},"ast-content-background-meta":{"desktop":{"background-color":"var(--ast-global-color-4)","background-image":"","background-repeat":"repeat","background-position":"center center","background-size":"auto","background-attachment":"scroll","background-type":"","background-media":"","overlay-type":"","overlay-color":"","overlay-opacity":"","overlay-gradient":""},"tablet":{"background-color":"var(--ast-global-color-4)","background-image":"","background-repeat":"repeat","background-position":"center center","background-size":"auto","background-attachment":"scroll","background-type":"","background-media":"","overlay-type":"","overlay-color":"","overlay-opacity":"","overlay-gradient":""},"mobile":{"background-color":"var(--ast-global-color-4)","background-image":"","background-repeat":"repeat","background-position":"center center","background-size":"auto","background-attachment":"scroll","background-type":"","background-media":"","overlay-type":"","overlay-color":"","overlay-opacity":"","overlay-gradient":""}},"footnotes":""},"categories":[1],"tags":[],"class_list":["post-200","post","type-post","status-publish","format-standard","hentry","category-sem-categoria"],"yoast_head":"<!-- This site is optimized with the Yoast SEO plugin v26.6 - https:\/\/yoast.com\/wordpress\/plugins\/seo\/ -->\n<title>Jovem vive em estado vegetativo ap\u00f3s parto - Daniel Matos<\/title>\n<meta name=\"robots\" content=\"index, follow, max-snippet:-1, max-image-preview:large, max-video-preview:-1\" \/>\n<link rel=\"canonical\" href=\"https:\/\/www.blogsoestado.com\/danielmatos\/jovem-vive-em-estado-vegetativo-apos-parto\/\" \/>\n<meta property=\"og:locale\" content=\"pt_BR\" \/>\n<meta property=\"og:type\" content=\"article\" \/>\n<meta property=\"og:title\" content=\"Jovem vive em estado vegetativo ap\u00f3s parto - Daniel Matos\" \/>\n<meta property=\"og:description\" content=\"mal-sucedido em maternidade p\u00fablica Alcione Oliveira, 23 anos, moradora do Parque Vit\u00f3ria, vive em estado vegetativo h\u00e1 quase um ano [&hellip;]\" \/>\n<meta property=\"og:url\" content=\"https:\/\/www.blogsoestado.com\/danielmatos\/jovem-vive-em-estado-vegetativo-apos-parto\/\" \/>\n<meta property=\"og:site_name\" content=\"Daniel Matos\" \/>\n<meta property=\"article:published_time\" content=\"2007-11-09T13:32:11+00:00\" \/>\n<meta name=\"twitter:card\" content=\"summary_large_image\" \/>\n<meta name=\"twitter:label1\" content=\"Est. tempo de leitura\" \/>\n\t<meta name=\"twitter:data1\" content=\"1 minuto\" \/>\n<script type=\"application\/ld+json\" class=\"yoast-schema-graph\">{\"@context\":\"https:\/\/schema.org\",\"@graph\":[{\"@type\":\"WebPage\",\"@id\":\"https:\/\/www.blogsoestado.com\/danielmatos\/jovem-vive-em-estado-vegetativo-apos-parto\/\",\"url\":\"https:\/\/www.blogsoestado.com\/danielmatos\/jovem-vive-em-estado-vegetativo-apos-parto\/\",\"name\":\"Jovem vive em estado vegetativo ap\u00f3s parto - Daniel Matos\",\"isPartOf\":{\"@id\":\"https:\/\/www.blogsoestado.com\/danielmatos\/#website\"},\"datePublished\":\"2007-11-09T13:32:11+00:00\",\"author\":{\"@id\":\"\"},\"breadcrumb\":{\"@id\":\"https:\/\/www.blogsoestado.com\/danielmatos\/jovem-vive-em-estado-vegetativo-apos-parto\/#breadcrumb\"},\"inLanguage\":\"pt-BR\",\"potentialAction\":[{\"@type\":\"ReadAction\",\"target\":[\"https:\/\/www.blogsoestado.com\/danielmatos\/jovem-vive-em-estado-vegetativo-apos-parto\/\"]}]},{\"@type\":\"BreadcrumbList\",\"@id\":\"https:\/\/www.blogsoestado.com\/danielmatos\/jovem-vive-em-estado-vegetativo-apos-parto\/#breadcrumb\",\"itemListElement\":[{\"@type\":\"ListItem\",\"position\":1,\"name\":\"In\u00edcio\",\"item\":\"https:\/\/www.blogsoestado.com\/danielmatos\/\"},{\"@type\":\"ListItem\",\"position\":2,\"name\":\"Jovem vive em estado vegetativo ap\u00f3s parto\"}]},{\"@type\":\"WebSite\",\"@id\":\"https:\/\/www.blogsoestado.com\/danielmatos\/#website\",\"url\":\"https:\/\/www.blogsoestado.com\/danielmatos\/\",\"name\":\"Daniel Matos\",\"description\":\"\",\"potentialAction\":[{\"@type\":\"SearchAction\",\"target\":{\"@type\":\"EntryPoint\",\"urlTemplate\":\"https:\/\/www.blogsoestado.com\/danielmatos\/?s={search_term_string}\"},\"query-input\":{\"@type\":\"PropertyValueSpecification\",\"valueRequired\":true,\"valueName\":\"search_term_string\"}}],\"inLanguage\":\"pt-BR\"}]}<\/script>\n<!-- \/ Yoast SEO plugin. -->","yoast_head_json":{"title":"Jovem vive em estado vegetativo ap\u00f3s parto - Daniel Matos","robots":{"index":"index","follow":"follow","max-snippet":"max-snippet:-1","max-image-preview":"max-image-preview:large","max-video-preview":"max-video-preview:-1"},"canonical":"https:\/\/www.blogsoestado.com\/danielmatos\/jovem-vive-em-estado-vegetativo-apos-parto\/","og_locale":"pt_BR","og_type":"article","og_title":"Jovem vive em estado vegetativo ap\u00f3s parto - Daniel Matos","og_description":"mal-sucedido em maternidade p\u00fablica Alcione Oliveira, 23 anos, moradora do Parque Vit\u00f3ria, vive em estado vegetativo h\u00e1 quase um ano [&hellip;]","og_url":"https:\/\/www.blogsoestado.com\/danielmatos\/jovem-vive-em-estado-vegetativo-apos-parto\/","og_site_name":"Daniel Matos","article_published_time":"2007-11-09T13:32:11+00:00","twitter_card":"summary_large_image","twitter_misc":{"Est. tempo de leitura":"1 minuto"},"schema":{"@context":"https:\/\/schema.org","@graph":[{"@type":"WebPage","@id":"https:\/\/www.blogsoestado.com\/danielmatos\/jovem-vive-em-estado-vegetativo-apos-parto\/","url":"https:\/\/www.blogsoestado.com\/danielmatos\/jovem-vive-em-estado-vegetativo-apos-parto\/","name":"Jovem vive em estado vegetativo ap\u00f3s parto - Daniel Matos","isPartOf":{"@id":"https:\/\/www.blogsoestado.com\/danielmatos\/#website"},"datePublished":"2007-11-09T13:32:11+00:00","author":{"@id":""},"breadcrumb":{"@id":"https:\/\/www.blogsoestado.com\/danielmatos\/jovem-vive-em-estado-vegetativo-apos-parto\/#breadcrumb"},"inLanguage":"pt-BR","potentialAction":[{"@type":"ReadAction","target":["https:\/\/www.blogsoestado.com\/danielmatos\/jovem-vive-em-estado-vegetativo-apos-parto\/"]}]},{"@type":"BreadcrumbList","@id":"https:\/\/www.blogsoestado.com\/danielmatos\/jovem-vive-em-estado-vegetativo-apos-parto\/#breadcrumb","itemListElement":[{"@type":"ListItem","position":1,"name":"In\u00edcio","item":"https:\/\/www.blogsoestado.com\/danielmatos\/"},{"@type":"ListItem","position":2,"name":"Jovem vive em estado vegetativo ap\u00f3s parto"}]},{"@type":"WebSite","@id":"https:\/\/www.blogsoestado.com\/danielmatos\/#website","url":"https:\/\/www.blogsoestado.com\/danielmatos\/","name":"Daniel Matos","description":"","potentialAction":[{"@type":"SearchAction","target":{"@type":"EntryPoint","urlTemplate":"https:\/\/www.blogsoestado.com\/danielmatos\/?s={search_term_string}"},"query-input":{"@type":"PropertyValueSpecification","valueRequired":true,"valueName":"search_term_string"}}],"inLanguage":"pt-BR"}]}},"jetpack_featured_media_url":"","_links":{"self":[{"href":"https:\/\/www.blogsoestado.com\/danielmatos\/wp-json\/wp\/v2\/posts\/200","targetHints":{"allow":["GET"]}}],"collection":[{"href":"https:\/\/www.blogsoestado.com\/danielmatos\/wp-json\/wp\/v2\/posts"}],"about":[{"href":"https:\/\/www.blogsoestado.com\/danielmatos\/wp-json\/wp\/v2\/types\/post"}],"replies":[{"embeddable":true,"href":"https:\/\/www.blogsoestado.com\/danielmatos\/wp-json\/wp\/v2\/comments?post=200"}],"version-history":[{"count":0,"href":"https:\/\/www.blogsoestado.com\/danielmatos\/wp-json\/wp\/v2\/posts\/200\/revisions"}],"wp:attachment":[{"href":"https:\/\/www.blogsoestado.com\/danielmatos\/wp-json\/wp\/v2\/media?parent=200"}],"wp:term":[{"taxonomy":"category","embeddable":true,"href":"https:\/\/www.blogsoestado.com\/danielmatos\/wp-json\/wp\/v2\/categories?post=200"},{"taxonomy":"post_tag","embeddable":true,"href":"https:\/\/www.blogsoestado.com\/danielmatos\/wp-json\/wp\/v2\/tags?post=200"}],"curies":[{"name":"wp","href":"https:\/\/api.w.org\/{rel}","templated":true}]}}