{"id":20000,"date":"2014-10-20T17:30:50","date_gmt":"2014-10-20T20:30:50","guid":{"rendered":"https:\/\/www.blogsoestado.com\/danielmatos\/?p=20000"},"modified":"2014-10-20T17:30:50","modified_gmt":"2014-10-20T20:30:50","slug":"nova-turma-do-pronatec-beneficia-mais-de-120-luminenses","status":"publish","type":"post","link":"https:\/\/www.blogsoestado.com\/danielmatos\/nova-turma-do-pronatec-beneficia-mais-de-120-luminenses\/","title":{"rendered":"Nova turma do Pronatec beneficia mais de 120 luminenses"},"content":{"rendered":"<figure id=\"attachment_20001\" aria-describedby=\"caption-attachment-20001\" style=\"width: 640px\" class=\"wp-caption aligncenter\"><a href=\"https:\/\/www.blogsoestado.com\/danielmatos\/files\/2014\/10\/pa\u00e7o-pronatec.jpg\"><img fetchpriority=\"high\" decoding=\"async\" class=\"size-full wp-image-20001\" src=\"https:\/\/www.blogsoestado.com\/danielmatos\/files\/2014\/10\/pa\u00e7o-pronatec.jpg\" alt=\"Aula inaugural do Pronatec reuniu 120 jovens e adultos de Pa\u00e7o do Lumiar\" width=\"640\" height=\"427\" \/><\/a><figcaption id=\"caption-attachment-20001\" class=\"wp-caption-text\">Aula inaugural do Pronatec reuniu 120 jovens e adultos de Pa\u00e7o do Lumiar, com a presen\u00e7a de representantes do Senai\u00a0e\u00a0Senac<\/figcaption><\/figure>\n<p>Mais de 120 jovens e adultos do munic\u00edpio de Pa\u00e7o do Lumiar participaram, na manh\u00e3 desta sexta-feira (17), da aula inaugural dos novos cursos do Programa Nacional de Acesso ao Ensino T\u00e9cnico e Emprego \u2013 Pronatec, em parceria com a Prefeitura Municipal, por meio da Secretaria de Desenvolvimento Social (Semdes).<\/p>\n<p>Estiveram presentes na solenidade, os representantes das institui\u00e7\u00f5es ofertantes, Leila Silva, pelo SENAI, Luiz Guterres, do SENAC, e ainda, a Secret\u00e1ria de Desenvolvimento Social, Ivone Oliveira, e os coordenadores da Casa do Trabalhador, Ronilson Botelho e Deuzilene Viegas.<\/p>\n<p>Nesta etapa foram abertas 6 turmas para os cursos de auxiliar administrativo, recepcionista, costureiro, ser\u00edgrafo e frentista. As aulas t\u00eam in\u00edcio no dia 21 de outubro, nos conjuntos Maria Firmina, Roseana Sarney, Maiob\u00e3o e Vila Cafeteira.<\/p>\n<p>A secret\u00e1ria de Desenvolvimento Social, Ivone Oliveira, ressaltou o resultado do PRONATEC no munic\u00edpio, com mais de 700 alunos capacitados apenas no ano de 2013. \u201cPa\u00e7o do Lumiar \u00e9 um dos munic\u00edpios maranhenses que, em apenas 1 ano, qualificou mais pessoas por meio do programa. S\u00e3o pessoas de baixa renda, em situa\u00e7\u00e3o de vulnerabilidade e a comunidade em geral, que est\u00e3o tendo oportunidade em suas vidas \u201d, observou.<\/p>\n<p><strong>Empregos<\/strong><\/p>\n<figure id=\"attachment_20002\" aria-describedby=\"caption-attachment-20002\" style=\"width: 640px\" class=\"wp-caption aligncenter\"><a href=\"https:\/\/www.blogsoestado.com\/danielmatos\/files\/2014\/10\/pa\u00e7o-pronatec2.jpg\"><img decoding=\"async\" class=\"size-full wp-image-20002\" src=\"https:\/\/www.blogsoestado.com\/danielmatos\/files\/2014\/10\/pa\u00e7o-pronatec2.jpg\" alt=\"Mais duas turmas pelo Senai e pelo Senac est\u00e3o previstas para este m\u00eas\" width=\"640\" height=\"427\" \/><\/a><figcaption id=\"caption-attachment-20002\" class=\"wp-caption-text\">Mais duas turmas pelo Senai e pelo Senac ser\u00e3o abertas\u00a0este m\u00eas, aumentando a oferta de vagas em cursos profissionalizantes<\/figcaption><\/figure>\n<p>A secret\u00e1ria acrescentou ainda, que esse dado positivo tem influenciado bastante na abertura de novas vagas no mercado de trabalho local, que tem absorvido essa m\u00e3o de obra, contribuindo para a gera\u00e7\u00e3o de emprego e renda para o munic\u00edpio.<\/p>\n<p>Para Raelson da Luz Ferreira, 19 anos, aluno do curso de auxiliar administrativo, este \u00e9 s\u00f3 o come\u00e7o da sua realiza\u00e7\u00e3o profissional. \u201cQuero ser administrador de empresa, e no Pronatec estou aprendendo as no\u00e7\u00f5es b\u00e1sicas da \u00e1rea. Pretendo ap\u00f3s o curso, estagiar, ser contratado por uma empresa, e continuar estudando para cursar Administra\u00e7\u00e3o em n\u00edvel superior\u201d, contou o jovem.<\/p>\n<p>Novas turmas &#8211; Est\u00e1 previsto para ainda este m\u00eas, o in\u00edcio de mais 2 turmas de cursos pelo SENAI, e mais 5, pelo SENAC. A expectativa \u00e9 de que at\u00e9 o final de 2014 sejam ofertadas mais de 300 novas oportunidades de profissionaliza\u00e7\u00e3o para os luminenses.<\/p>\n<p>Mais informa\u00e7\u00f5es sobre os cursos do Pronatec podem ser obtidas na Casa do Trabalhador, localizada da Avenida 03, do conjunto Maiob\u00e3o, das 8h \u00e0s 14h, de segunda a sexta-feira.<\/p>\n","protected":false},"excerpt":{"rendered":"<p>Mais de 120 jovens e adultos do munic\u00edpio de Pa\u00e7o do Lumiar participaram, na manh\u00e3 desta sexta-feira (17), da aula [&hellip;]<\/p>\n","protected":false},"author":0,"featured_media":0,"comment_status":"open","ping_status":"open","sticky":false,"template":"","format":"standard","meta":{"site-sidebar-layout":"default","site-content-layout":"","ast-site-content-layout":"default","site-content-style":"default","site-sidebar-style":"default","ast-global-header-display":"","ast-banner-title-visibility":"","ast-main-header-display":"","ast-hfb-above-header-display":"","ast-hfb-below-header-display":"","ast-hfb-mobile-header-display":"","site-post-title":"","ast-breadcrumbs-content":"","ast-featured-img":"","footer-sml-layout":"","ast-disable-related-posts":"","theme-transparent-header-meta":"","adv-header-id-meta":"","stick-header-meta":"","header-above-stick-meta":"","header-main-stick-meta":"","header-below-stick-meta":"","astra-migrate-meta-layouts":"default","ast-page-background-enabled":"default","ast-page-background-meta":{"desktop":{"background-color":"var(--ast-global-color-5)","background-image":"","background-repeat":"repeat","background-position":"center center","background-size":"auto","background-attachment":"scroll","background-type":"","background-media":"","overlay-type":"","overlay-color":"","overlay-opacity":"","overlay-gradient":""},"tablet":{"background-color":"","background-image":"","background-repeat":"repeat","background-position":"center center","background-size":"auto","background-attachment":"scroll","background-type":"","background-media":"","overlay-type":"","overlay-color":"","overlay-opacity":"","overlay-gradient":""},"mobile":{"background-color":"","background-image":"","background-repeat":"repeat","background-position":"center center","background-size":"auto","background-attachment":"scroll","background-type":"","background-media":"","overlay-type":"","overlay-color":"","overlay-opacity":"","overlay-gradient":""}},"ast-content-background-meta":{"desktop":{"background-color":"var(--ast-global-color-4)","background-image":"","background-repeat":"repeat","background-position":"center center","background-size":"auto","background-attachment":"scroll","background-type":"","background-media":"","overlay-type":"","overlay-color":"","overlay-opacity":"","overlay-gradient":""},"tablet":{"background-color":"var(--ast-global-color-4)","background-image":"","background-repeat":"repeat","background-position":"center center","background-size":"auto","background-attachment":"scroll","background-type":"","background-media":"","overlay-type":"","overlay-color":"","overlay-opacity":"","overlay-gradient":""},"mobile":{"background-color":"var(--ast-global-color-4)","background-image":"","background-repeat":"repeat","background-position":"center center","background-size":"auto","background-attachment":"scroll","background-type":"","background-media":"","overlay-type":"","overlay-color":"","overlay-opacity":"","overlay-gradient":""}},"footnotes":""},"categories":[1],"tags":[],"class_list":["post-20000","post","type-post","status-publish","format-standard","hentry","category-sem-categoria"],"yoast_head":"<!-- This site is optimized with the Yoast SEO plugin v26.6 - https:\/\/yoast.com\/wordpress\/plugins\/seo\/ -->\n<title>Nova turma do Pronatec beneficia mais de 120 luminenses - Daniel Matos<\/title>\n<meta name=\"robots\" content=\"index, follow, max-snippet:-1, max-image-preview:large, max-video-preview:-1\" \/>\n<link rel=\"canonical\" href=\"https:\/\/www.blogsoestado.com\/danielmatos\/nova-turma-do-pronatec-beneficia-mais-de-120-luminenses\/\" \/>\n<meta property=\"og:locale\" content=\"pt_BR\" \/>\n<meta property=\"og:type\" content=\"article\" \/>\n<meta property=\"og:title\" content=\"Nova turma do Pronatec beneficia mais de 120 luminenses - Daniel Matos\" \/>\n<meta property=\"og:description\" content=\"Mais de 120 jovens e adultos do munic\u00edpio de Pa\u00e7o do Lumiar participaram, na manh\u00e3 desta sexta-feira (17), da aula [&hellip;]\" \/>\n<meta property=\"og:url\" content=\"https:\/\/www.blogsoestado.com\/danielmatos\/nova-turma-do-pronatec-beneficia-mais-de-120-luminenses\/\" \/>\n<meta property=\"og:site_name\" content=\"Daniel Matos\" \/>\n<meta property=\"article:published_time\" content=\"2014-10-20T20:30:50+00:00\" \/>\n<meta name=\"twitter:card\" content=\"summary_large_image\" \/>\n<meta name=\"twitter:label1\" content=\"Est. tempo de leitura\" \/>\n\t<meta name=\"twitter:data1\" content=\"2 minutos\" \/>\n<script type=\"application\/ld+json\" class=\"yoast-schema-graph\">{\"@context\":\"https:\/\/schema.org\",\"@graph\":[{\"@type\":\"WebPage\",\"@id\":\"https:\/\/www.blogsoestado.com\/danielmatos\/nova-turma-do-pronatec-beneficia-mais-de-120-luminenses\/\",\"url\":\"https:\/\/www.blogsoestado.com\/danielmatos\/nova-turma-do-pronatec-beneficia-mais-de-120-luminenses\/\",\"name\":\"Nova turma do Pronatec beneficia mais de 120 luminenses - Daniel Matos\",\"isPartOf\":{\"@id\":\"https:\/\/www.blogsoestado.com\/danielmatos\/#website\"},\"datePublished\":\"2014-10-20T20:30:50+00:00\",\"author\":{\"@id\":\"\"},\"breadcrumb\":{\"@id\":\"https:\/\/www.blogsoestado.com\/danielmatos\/nova-turma-do-pronatec-beneficia-mais-de-120-luminenses\/#breadcrumb\"},\"inLanguage\":\"pt-BR\",\"potentialAction\":[{\"@type\":\"ReadAction\",\"target\":[\"https:\/\/www.blogsoestado.com\/danielmatos\/nova-turma-do-pronatec-beneficia-mais-de-120-luminenses\/\"]}]},{\"@type\":\"BreadcrumbList\",\"@id\":\"https:\/\/www.blogsoestado.com\/danielmatos\/nova-turma-do-pronatec-beneficia-mais-de-120-luminenses\/#breadcrumb\",\"itemListElement\":[{\"@type\":\"ListItem\",\"position\":1,\"name\":\"In\u00edcio\",\"item\":\"https:\/\/www.blogsoestado.com\/danielmatos\/\"},{\"@type\":\"ListItem\",\"position\":2,\"name\":\"Nova turma do Pronatec beneficia mais de 120 luminenses\"}]},{\"@type\":\"WebSite\",\"@id\":\"https:\/\/www.blogsoestado.com\/danielmatos\/#website\",\"url\":\"https:\/\/www.blogsoestado.com\/danielmatos\/\",\"name\":\"Daniel Matos\",\"description\":\"\",\"potentialAction\":[{\"@type\":\"SearchAction\",\"target\":{\"@type\":\"EntryPoint\",\"urlTemplate\":\"https:\/\/www.blogsoestado.com\/danielmatos\/?s={search_term_string}\"},\"query-input\":{\"@type\":\"PropertyValueSpecification\",\"valueRequired\":true,\"valueName\":\"search_term_string\"}}],\"inLanguage\":\"pt-BR\"}]}<\/script>\n<!-- \/ Yoast SEO plugin. -->","yoast_head_json":{"title":"Nova turma do Pronatec beneficia mais de 120 luminenses - Daniel Matos","robots":{"index":"index","follow":"follow","max-snippet":"max-snippet:-1","max-image-preview":"max-image-preview:large","max-video-preview":"max-video-preview:-1"},"canonical":"https:\/\/www.blogsoestado.com\/danielmatos\/nova-turma-do-pronatec-beneficia-mais-de-120-luminenses\/","og_locale":"pt_BR","og_type":"article","og_title":"Nova turma do Pronatec beneficia mais de 120 luminenses - Daniel Matos","og_description":"Mais de 120 jovens e adultos do munic\u00edpio de Pa\u00e7o do Lumiar participaram, na manh\u00e3 desta sexta-feira (17), da aula [&hellip;]","og_url":"https:\/\/www.blogsoestado.com\/danielmatos\/nova-turma-do-pronatec-beneficia-mais-de-120-luminenses\/","og_site_name":"Daniel Matos","article_published_time":"2014-10-20T20:30:50+00:00","twitter_card":"summary_large_image","twitter_misc":{"Est. tempo de leitura":"2 minutos"},"schema":{"@context":"https:\/\/schema.org","@graph":[{"@type":"WebPage","@id":"https:\/\/www.blogsoestado.com\/danielmatos\/nova-turma-do-pronatec-beneficia-mais-de-120-luminenses\/","url":"https:\/\/www.blogsoestado.com\/danielmatos\/nova-turma-do-pronatec-beneficia-mais-de-120-luminenses\/","name":"Nova turma do Pronatec beneficia mais de 120 luminenses - Daniel Matos","isPartOf":{"@id":"https:\/\/www.blogsoestado.com\/danielmatos\/#website"},"datePublished":"2014-10-20T20:30:50+00:00","author":{"@id":""},"breadcrumb":{"@id":"https:\/\/www.blogsoestado.com\/danielmatos\/nova-turma-do-pronatec-beneficia-mais-de-120-luminenses\/#breadcrumb"},"inLanguage":"pt-BR","potentialAction":[{"@type":"ReadAction","target":["https:\/\/www.blogsoestado.com\/danielmatos\/nova-turma-do-pronatec-beneficia-mais-de-120-luminenses\/"]}]},{"@type":"BreadcrumbList","@id":"https:\/\/www.blogsoestado.com\/danielmatos\/nova-turma-do-pronatec-beneficia-mais-de-120-luminenses\/#breadcrumb","itemListElement":[{"@type":"ListItem","position":1,"name":"In\u00edcio","item":"https:\/\/www.blogsoestado.com\/danielmatos\/"},{"@type":"ListItem","position":2,"name":"Nova turma do Pronatec beneficia mais de 120 luminenses"}]},{"@type":"WebSite","@id":"https:\/\/www.blogsoestado.com\/danielmatos\/#website","url":"https:\/\/www.blogsoestado.com\/danielmatos\/","name":"Daniel Matos","description":"","potentialAction":[{"@type":"SearchAction","target":{"@type":"EntryPoint","urlTemplate":"https:\/\/www.blogsoestado.com\/danielmatos\/?s={search_term_string}"},"query-input":{"@type":"PropertyValueSpecification","valueRequired":true,"valueName":"search_term_string"}}],"inLanguage":"pt-BR"}]}},"jetpack_featured_media_url":"","_links":{"self":[{"href":"https:\/\/www.blogsoestado.com\/danielmatos\/wp-json\/wp\/v2\/posts\/20000","targetHints":{"allow":["GET"]}}],"collection":[{"href":"https:\/\/www.blogsoestado.com\/danielmatos\/wp-json\/wp\/v2\/posts"}],"about":[{"href":"https:\/\/www.blogsoestado.com\/danielmatos\/wp-json\/wp\/v2\/types\/post"}],"replies":[{"embeddable":true,"href":"https:\/\/www.blogsoestado.com\/danielmatos\/wp-json\/wp\/v2\/comments?post=20000"}],"version-history":[{"count":0,"href":"https:\/\/www.blogsoestado.com\/danielmatos\/wp-json\/wp\/v2\/posts\/20000\/revisions"}],"wp:attachment":[{"href":"https:\/\/www.blogsoestado.com\/danielmatos\/wp-json\/wp\/v2\/media?parent=20000"}],"wp:term":[{"taxonomy":"category","embeddable":true,"href":"https:\/\/www.blogsoestado.com\/danielmatos\/wp-json\/wp\/v2\/categories?post=20000"},{"taxonomy":"post_tag","embeddable":true,"href":"https:\/\/www.blogsoestado.com\/danielmatos\/wp-json\/wp\/v2\/tags?post=20000"}],"curies":[{"name":"wp","href":"https:\/\/api.w.org\/{rel}","templated":true}]}}