{"id":20012,"date":"2014-10-21T08:28:15","date_gmt":"2014-10-21T11:28:15","guid":{"rendered":"https:\/\/www.blogsoestado.com\/danielmatos\/?p=20012"},"modified":"2014-10-21T08:28:15","modified_gmt":"2014-10-21T11:28:15","slug":"segundo-turno-votacao-obedecera-horario-local","status":"publish","type":"post","link":"https:\/\/www.blogsoestado.com\/danielmatos\/segundo-turno-votacao-obedecera-horario-local\/","title":{"rendered":"Segundo turno: vota\u00e7\u00e3o obedecer\u00e1 hor\u00e1rio local"},"content":{"rendered":"<p>No Maranh\u00e3o, a vota\u00e7\u00e3o obedecer\u00e1 ao hor\u00e1rio local: das 8h \u00e0s 17h. O alerta est\u00e1 sendo feito pelo Tribunal Regional Eleitoral que esta segunda-feira, 20 de outubro, reuniu autoridades em seguran\u00e7a p\u00fablica para tratar sobre as a\u00e7\u00f5es previstas para o segundo turno das elei\u00e7\u00f5es que ocorrem no domingo, 26.<\/p>\n<p>Para o 2\u00ba turno est\u00e3o valendo as mesmas estrat\u00e9gias tra\u00e7adas para o 1\u00ba que visam garantir a tranquilidade do processo eleitoral no pr\u00f3ximo dia 26 de outubro em S\u00e3o Lu\u00eds e mais 216 munic\u00edpios do estado.<\/p>\n<p>A reuni\u00e3o foi presidida pelo desembargador eleitoral Jos\u00e9 Eul\u00e1lio Figueiredo de Almeida (ouvidor) e pelos ju\u00edzes auxiliares Raimundo Nonato Neris Ferreira (presid\u00eancia) e Sebasti\u00e3o Bonfim (Corregedoria). Relatos foram analisados e sugest\u00f5es de melhorias acatadas.<\/p>\n<p><strong>Fuso hor\u00e1rio<\/strong><\/p>\n<p>Apesar de v\u00e1rios estados brasileiros terem adotado o hor\u00e1rio de ver\u00e3o, n\u00e3o \u00e9 o caso do Maranh\u00e3o, onde a medida governamental n\u00e3o est\u00e1 em vigor.<\/p>\n<p><strong>Tropas Federais<\/strong><\/p>\n<p>Homens do Ex\u00e9rcito garantir\u00e3o a seguran\u00e7a dos eleitores de S\u00e3o Lu\u00eds, S\u00e3o Jos\u00e9 de Ribamar, Raposa e Pa\u00e7o do Lumiar. As demais cidades maranhenses contar\u00e3o com o refor\u00e7o das pol\u00edcias Federal, Militar, Civil, Rodovi\u00e1ria Federal e Corpo de Bombeiros.<\/p>\n<p>J\u00e1 a Secretaria Estadual de Seguran\u00e7a P\u00fablica antecipa que a Lei Seca no 2\u00ba turno valer\u00e1 das 18h do s\u00e1bado (25) \u00e0s 18h do domingo (26).<\/p>\n<p>O TRE lembra ainda que \u00e9 proibido o registro do voto via celular, a popular selfie. Quem transgredir a regra pode ser preso, conforme prev\u00ea a legisla\u00e7\u00e3o eleitoral porque a a\u00e7\u00e3o significa a quebra do sigilo do voto pelo eleitor.<\/p>\n<p><strong>Fonte:<\/strong> Tribunal Regional Eleitoral (TRE)<\/p>\n","protected":false},"excerpt":{"rendered":"<p>No Maranh\u00e3o, a vota\u00e7\u00e3o obedecer\u00e1 ao hor\u00e1rio local: das 8h \u00e0s 17h. O alerta est\u00e1 sendo feito pelo Tribunal Regional [&hellip;]<\/p>\n","protected":false},"author":0,"featured_media":0,"comment_status":"open","ping_status":"open","sticky":false,"template":"","format":"standard","meta":{"site-sidebar-layout":"default","site-content-layout":"","ast-site-content-layout":"default","site-content-style":"default","site-sidebar-style":"default","ast-global-header-display":"","ast-banner-title-visibility":"","ast-main-header-display":"","ast-hfb-above-header-display":"","ast-hfb-below-header-display":"","ast-hfb-mobile-header-display":"","site-post-title":"","ast-breadcrumbs-content":"","ast-featured-img":"","footer-sml-layout":"","ast-disable-related-posts":"","theme-transparent-header-meta":"","adv-header-id-meta":"","stick-header-meta":"","header-above-stick-meta":"","header-main-stick-meta":"","header-below-stick-meta":"","astra-migrate-meta-layouts":"default","ast-page-background-enabled":"default","ast-page-background-meta":{"desktop":{"background-color":"var(--ast-global-color-5)","background-image":"","background-repeat":"repeat","background-position":"center center","background-size":"auto","background-attachment":"scroll","background-type":"","background-media":"","overlay-type":"","overlay-color":"","overlay-opacity":"","overlay-gradient":""},"tablet":{"background-color":"","background-image":"","background-repeat":"repeat","background-position":"center center","background-size":"auto","background-attachment":"scroll","background-type":"","background-media":"","overlay-type":"","overlay-color":"","overlay-opacity":"","overlay-gradient":""},"mobile":{"background-color":"","background-image":"","background-repeat":"repeat","background-position":"center center","background-size":"auto","background-attachment":"scroll","background-type":"","background-media":"","overlay-type":"","overlay-color":"","overlay-opacity":"","overlay-gradient":""}},"ast-content-background-meta":{"desktop":{"background-color":"var(--ast-global-color-4)","background-image":"","background-repeat":"repeat","background-position":"center center","background-size":"auto","background-attachment":"scroll","background-type":"","background-media":"","overlay-type":"","overlay-color":"","overlay-opacity":"","overlay-gradient":""},"tablet":{"background-color":"var(--ast-global-color-4)","background-image":"","background-repeat":"repeat","background-position":"center center","background-size":"auto","background-attachment":"scroll","background-type":"","background-media":"","overlay-type":"","overlay-color":"","overlay-opacity":"","overlay-gradient":""},"mobile":{"background-color":"var(--ast-global-color-4)","background-image":"","background-repeat":"repeat","background-position":"center center","background-size":"auto","background-attachment":"scroll","background-type":"","background-media":"","overlay-type":"","overlay-color":"","overlay-opacity":"","overlay-gradient":""}},"footnotes":""},"categories":[1],"tags":[],"class_list":["post-20012","post","type-post","status-publish","format-standard","hentry","category-sem-categoria"],"yoast_head":"<!-- This site is optimized with the Yoast SEO plugin v26.6 - https:\/\/yoast.com\/wordpress\/plugins\/seo\/ -->\n<title>Segundo turno: vota\u00e7\u00e3o obedecer\u00e1 hor\u00e1rio local - Daniel Matos<\/title>\n<meta name=\"robots\" content=\"index, follow, max-snippet:-1, max-image-preview:large, max-video-preview:-1\" \/>\n<link rel=\"canonical\" href=\"https:\/\/www.blogsoestado.com\/danielmatos\/segundo-turno-votacao-obedecera-horario-local\/\" \/>\n<meta property=\"og:locale\" content=\"pt_BR\" \/>\n<meta property=\"og:type\" content=\"article\" \/>\n<meta property=\"og:title\" content=\"Segundo turno: vota\u00e7\u00e3o obedecer\u00e1 hor\u00e1rio local - Daniel Matos\" \/>\n<meta property=\"og:description\" content=\"No Maranh\u00e3o, a vota\u00e7\u00e3o obedecer\u00e1 ao hor\u00e1rio local: das 8h \u00e0s 17h. O alerta est\u00e1 sendo feito pelo Tribunal Regional [&hellip;]\" \/>\n<meta property=\"og:url\" content=\"https:\/\/www.blogsoestado.com\/danielmatos\/segundo-turno-votacao-obedecera-horario-local\/\" \/>\n<meta property=\"og:site_name\" content=\"Daniel Matos\" \/>\n<meta property=\"article:published_time\" content=\"2014-10-21T11:28:15+00:00\" \/>\n<meta name=\"twitter:card\" content=\"summary_large_image\" \/>\n<meta name=\"twitter:label1\" content=\"Est. tempo de leitura\" \/>\n\t<meta name=\"twitter:data1\" content=\"1 minuto\" \/>\n<script type=\"application\/ld+json\" class=\"yoast-schema-graph\">{\"@context\":\"https:\/\/schema.org\",\"@graph\":[{\"@type\":\"WebPage\",\"@id\":\"https:\/\/www.blogsoestado.com\/danielmatos\/segundo-turno-votacao-obedecera-horario-local\/\",\"url\":\"https:\/\/www.blogsoestado.com\/danielmatos\/segundo-turno-votacao-obedecera-horario-local\/\",\"name\":\"Segundo turno: vota\u00e7\u00e3o obedecer\u00e1 hor\u00e1rio local - Daniel Matos\",\"isPartOf\":{\"@id\":\"https:\/\/www.blogsoestado.com\/danielmatos\/#website\"},\"datePublished\":\"2014-10-21T11:28:15+00:00\",\"author\":{\"@id\":\"\"},\"breadcrumb\":{\"@id\":\"https:\/\/www.blogsoestado.com\/danielmatos\/segundo-turno-votacao-obedecera-horario-local\/#breadcrumb\"},\"inLanguage\":\"pt-BR\",\"potentialAction\":[{\"@type\":\"ReadAction\",\"target\":[\"https:\/\/www.blogsoestado.com\/danielmatos\/segundo-turno-votacao-obedecera-horario-local\/\"]}]},{\"@type\":\"BreadcrumbList\",\"@id\":\"https:\/\/www.blogsoestado.com\/danielmatos\/segundo-turno-votacao-obedecera-horario-local\/#breadcrumb\",\"itemListElement\":[{\"@type\":\"ListItem\",\"position\":1,\"name\":\"In\u00edcio\",\"item\":\"https:\/\/www.blogsoestado.com\/danielmatos\/\"},{\"@type\":\"ListItem\",\"position\":2,\"name\":\"Segundo turno: vota\u00e7\u00e3o obedecer\u00e1 hor\u00e1rio local\"}]},{\"@type\":\"WebSite\",\"@id\":\"https:\/\/www.blogsoestado.com\/danielmatos\/#website\",\"url\":\"https:\/\/www.blogsoestado.com\/danielmatos\/\",\"name\":\"Daniel Matos\",\"description\":\"\",\"potentialAction\":[{\"@type\":\"SearchAction\",\"target\":{\"@type\":\"EntryPoint\",\"urlTemplate\":\"https:\/\/www.blogsoestado.com\/danielmatos\/?s={search_term_string}\"},\"query-input\":{\"@type\":\"PropertyValueSpecification\",\"valueRequired\":true,\"valueName\":\"search_term_string\"}}],\"inLanguage\":\"pt-BR\"}]}<\/script>\n<!-- \/ Yoast SEO plugin. -->","yoast_head_json":{"title":"Segundo turno: vota\u00e7\u00e3o obedecer\u00e1 hor\u00e1rio local - Daniel Matos","robots":{"index":"index","follow":"follow","max-snippet":"max-snippet:-1","max-image-preview":"max-image-preview:large","max-video-preview":"max-video-preview:-1"},"canonical":"https:\/\/www.blogsoestado.com\/danielmatos\/segundo-turno-votacao-obedecera-horario-local\/","og_locale":"pt_BR","og_type":"article","og_title":"Segundo turno: vota\u00e7\u00e3o obedecer\u00e1 hor\u00e1rio local - Daniel Matos","og_description":"No Maranh\u00e3o, a vota\u00e7\u00e3o obedecer\u00e1 ao hor\u00e1rio local: das 8h \u00e0s 17h. O alerta est\u00e1 sendo feito pelo Tribunal Regional [&hellip;]","og_url":"https:\/\/www.blogsoestado.com\/danielmatos\/segundo-turno-votacao-obedecera-horario-local\/","og_site_name":"Daniel Matos","article_published_time":"2014-10-21T11:28:15+00:00","twitter_card":"summary_large_image","twitter_misc":{"Est. tempo de leitura":"1 minuto"},"schema":{"@context":"https:\/\/schema.org","@graph":[{"@type":"WebPage","@id":"https:\/\/www.blogsoestado.com\/danielmatos\/segundo-turno-votacao-obedecera-horario-local\/","url":"https:\/\/www.blogsoestado.com\/danielmatos\/segundo-turno-votacao-obedecera-horario-local\/","name":"Segundo turno: vota\u00e7\u00e3o obedecer\u00e1 hor\u00e1rio local - Daniel Matos","isPartOf":{"@id":"https:\/\/www.blogsoestado.com\/danielmatos\/#website"},"datePublished":"2014-10-21T11:28:15+00:00","author":{"@id":""},"breadcrumb":{"@id":"https:\/\/www.blogsoestado.com\/danielmatos\/segundo-turno-votacao-obedecera-horario-local\/#breadcrumb"},"inLanguage":"pt-BR","potentialAction":[{"@type":"ReadAction","target":["https:\/\/www.blogsoestado.com\/danielmatos\/segundo-turno-votacao-obedecera-horario-local\/"]}]},{"@type":"BreadcrumbList","@id":"https:\/\/www.blogsoestado.com\/danielmatos\/segundo-turno-votacao-obedecera-horario-local\/#breadcrumb","itemListElement":[{"@type":"ListItem","position":1,"name":"In\u00edcio","item":"https:\/\/www.blogsoestado.com\/danielmatos\/"},{"@type":"ListItem","position":2,"name":"Segundo turno: vota\u00e7\u00e3o obedecer\u00e1 hor\u00e1rio local"}]},{"@type":"WebSite","@id":"https:\/\/www.blogsoestado.com\/danielmatos\/#website","url":"https:\/\/www.blogsoestado.com\/danielmatos\/","name":"Daniel Matos","description":"","potentialAction":[{"@type":"SearchAction","target":{"@type":"EntryPoint","urlTemplate":"https:\/\/www.blogsoestado.com\/danielmatos\/?s={search_term_string}"},"query-input":{"@type":"PropertyValueSpecification","valueRequired":true,"valueName":"search_term_string"}}],"inLanguage":"pt-BR"}]}},"jetpack_featured_media_url":"","_links":{"self":[{"href":"https:\/\/www.blogsoestado.com\/danielmatos\/wp-json\/wp\/v2\/posts\/20012","targetHints":{"allow":["GET"]}}],"collection":[{"href":"https:\/\/www.blogsoestado.com\/danielmatos\/wp-json\/wp\/v2\/posts"}],"about":[{"href":"https:\/\/www.blogsoestado.com\/danielmatos\/wp-json\/wp\/v2\/types\/post"}],"replies":[{"embeddable":true,"href":"https:\/\/www.blogsoestado.com\/danielmatos\/wp-json\/wp\/v2\/comments?post=20012"}],"version-history":[{"count":0,"href":"https:\/\/www.blogsoestado.com\/danielmatos\/wp-json\/wp\/v2\/posts\/20012\/revisions"}],"wp:attachment":[{"href":"https:\/\/www.blogsoestado.com\/danielmatos\/wp-json\/wp\/v2\/media?parent=20012"}],"wp:term":[{"taxonomy":"category","embeddable":true,"href":"https:\/\/www.blogsoestado.com\/danielmatos\/wp-json\/wp\/v2\/categories?post=20012"},{"taxonomy":"post_tag","embeddable":true,"href":"https:\/\/www.blogsoestado.com\/danielmatos\/wp-json\/wp\/v2\/tags?post=20012"}],"curies":[{"name":"wp","href":"https:\/\/api.w.org\/{rel}","templated":true}]}}