{"id":20014,"date":"2014-10-21T10:36:06","date_gmt":"2014-10-21T13:36:06","guid":{"rendered":"https:\/\/www.blogsoestado.com\/danielmatos\/?p=20014"},"modified":"2014-10-21T10:36:06","modified_gmt":"2014-10-21T13:36:06","slug":"mal-sinalizada-obra-da-prefeitura-de-sao-luis-causa-morte-de-motoqueiro","status":"publish","type":"post","link":"https:\/\/www.blogsoestado.com\/danielmatos\/mal-sinalizada-obra-da-prefeitura-de-sao-luis-causa-morte-de-motoqueiro\/","title":{"rendered":"Mal sinalizada, obra da Prefeitura de S\u00e3o Lu\u00eds causa morte de motoqueiro"},"content":{"rendered":"<figure id=\"attachment_20015\" aria-describedby=\"caption-attachment-20015\" style=\"width: 480px\" class=\"wp-caption aligncenter\"><a href=\"https:\/\/www.blogsoestado.com\/danielmatos\/files\/2014\/10\/moto-morte.jpg\"><img fetchpriority=\"high\" decoding=\"async\" class=\"size-full wp-image-20015\" src=\"https:\/\/www.blogsoestado.com\/danielmatos\/files\/2014\/10\/moto-morte.jpg\" alt=\"Corpo do motociclista Dialisson e sua companheira sendo socorrida ap\u00f3s o grave acidente\" width=\"480\" height=\"640\" \/><\/a><figcaption id=\"caption-attachment-20015\" class=\"wp-caption-text\">Corpo do motociclista e sua companheira sendo socorrida ap\u00f3s o tr\u00e1gico\u00a0acidente<\/figcaption><\/figure>\n<p>O motociclista \u00a0Dialisson Pereira Farias morreu na madrugada de hoje ao se chocar com uma retroescavadeira utilizada em uma obra de drenagem executada pela Prefeitura de S\u00e3o Lu\u00eds na MA-203, tamb\u00e9m conhecida como Estrada do Ara\u00e7agi. O acidente aconteceu por volta das 3h, em frente \u00e0 entrada da Vila Luiz\u00e3o, e foi causado pela falta de sinaliza\u00e7\u00e3o da obra, situa\u00e7\u00e3o que exp\u00f5e os condutores ao perigo constante.<\/p>\n<figure id=\"attachment_20016\" aria-describedby=\"caption-attachment-20016\" style=\"width: 480px\" class=\"wp-caption aligncenter\"><a href=\"https:\/\/www.blogsoestado.com\/danielmatos\/files\/2014\/10\/moto-morte2.jpg\"><img decoding=\"async\" class=\"size-full wp-image-20016\" src=\"https:\/\/www.blogsoestado.com\/danielmatos\/files\/2014\/10\/moto-morte2.jpg\" alt=\"Moto da v\u00edtima, que perdeu a vida por pura neglig\u00eancia dos respons\u00e1veis pela obra\" width=\"480\" height=\"640\" \/><\/a><figcaption id=\"caption-attachment-20016\" class=\"wp-caption-text\">Moto da v\u00edtima, que perdeu a vida por pura neglig\u00eancia dos respons\u00e1veis pela obra<\/figcaption><\/figure>\n<p>O choque foi t\u00e3o violento que Dialisson morreu no local. A companheira dele, identificada como Graciete Barros dos Santos, 28 anos, viajava na garupa da moto e ficou gravemente ferida. Ela foi socorrida por uma equipe do Servi\u00e7o de Atendimento M\u00f3vel de Urg\u00eancia (Samu).<\/p>\n<figure id=\"attachment_20017\" aria-describedby=\"caption-attachment-20017\" style=\"width: 480px\" class=\"wp-caption aligncenter\"><a href=\"https:\/\/www.blogsoestado.com\/danielmatos\/files\/2014\/10\/moto3.jpg\"><img decoding=\"async\" class=\"size-full wp-image-20017\" src=\"https:\/\/www.blogsoestado.com\/danielmatos\/files\/2014\/10\/moto3.jpg\" alt=\"Retroescavadeira permanece no trecho sem qualquer sinaliza\u00e7\u00e3o \" width=\"480\" height=\"640\" \/><\/a><figcaption id=\"caption-attachment-20017\" class=\"wp-caption-text\">Retroescavadeira permanece no trecho sem qualquer sinaliza\u00e7\u00e3o que evite acidentes<\/figcaption><\/figure>\n<p>H\u00e1 alguns dias, o motorista de um carro havia batido em outra m\u00e1quina\u00a0no trecho mal sinalizado, mas, por sorte, houve apenas danos materiais. Apesar do aviso, a Secretaria Municipal de Obras e Servi\u00e7os P\u00fablicos (Semosp) n\u00e3o tomou qualquer provid\u00eancia para alertar\u00a0os condutores sobre o risco.<\/p>\n<p>Por\u00a0pura neglig\u00eancia, uma vida foi perdida\u00a0em uma trag\u00e9dia que poderia ter sido evitada.<\/p>\n<p><strong>Fotos:<\/strong> <a href=\"http:\/\/www.blogdomarcial.com\/2014\/10\/morte-em-obra-na-entrada-da-vila-luizao.html\" target=\"_blank\">Blog do Marcial Lima<\/a><\/p>\n","protected":false},"excerpt":{"rendered":"<p>O motociclista \u00a0Dialisson Pereira Farias morreu na madrugada de hoje ao se chocar com uma retroescavadeira utilizada em uma obra [&hellip;]<\/p>\n","protected":false},"author":0,"featured_media":0,"comment_status":"open","ping_status":"open","sticky":false,"template":"","format":"standard","meta":{"site-sidebar-layout":"default","site-content-layout":"","ast-site-content-layout":"default","site-content-style":"default","site-sidebar-style":"default","ast-global-header-display":"","ast-banner-title-visibility":"","ast-main-header-display":"","ast-hfb-above-header-display":"","ast-hfb-below-header-display":"","ast-hfb-mobile-header-display":"","site-post-title":"","ast-breadcrumbs-content":"","ast-featured-img":"","footer-sml-layout":"","ast-disable-related-posts":"","theme-transparent-header-meta":"","adv-header-id-meta":"","stick-header-meta":"","header-above-stick-meta":"","header-main-stick-meta":"","header-below-stick-meta":"","astra-migrate-meta-layouts":"default","ast-page-background-enabled":"default","ast-page-background-meta":{"desktop":{"background-color":"var(--ast-global-color-5)","background-image":"","background-repeat":"repeat","background-position":"center center","background-size":"auto","background-attachment":"scroll","background-type":"","background-media":"","overlay-type":"","overlay-color":"","overlay-opacity":"","overlay-gradient":""},"tablet":{"background-color":"","background-image":"","background-repeat":"repeat","background-position":"center center","background-size":"auto","background-attachment":"scroll","background-type":"","background-media":"","overlay-type":"","overlay-color":"","overlay-opacity":"","overlay-gradient":""},"mobile":{"background-color":"","background-image":"","background-repeat":"repeat","background-position":"center center","background-size":"auto","background-attachment":"scroll","background-type":"","background-media":"","overlay-type":"","overlay-color":"","overlay-opacity":"","overlay-gradient":""}},"ast-content-background-meta":{"desktop":{"background-color":"var(--ast-global-color-4)","background-image":"","background-repeat":"repeat","background-position":"center center","background-size":"auto","background-attachment":"scroll","background-type":"","background-media":"","overlay-type":"","overlay-color":"","overlay-opacity":"","overlay-gradient":""},"tablet":{"background-color":"var(--ast-global-color-4)","background-image":"","background-repeat":"repeat","background-position":"center center","background-size":"auto","background-attachment":"scroll","background-type":"","background-media":"","overlay-type":"","overlay-color":"","overlay-opacity":"","overlay-gradient":""},"mobile":{"background-color":"var(--ast-global-color-4)","background-image":"","background-repeat":"repeat","background-position":"center center","background-size":"auto","background-attachment":"scroll","background-type":"","background-media":"","overlay-type":"","overlay-color":"","overlay-opacity":"","overlay-gradient":""}},"footnotes":""},"categories":[1],"tags":[],"class_list":["post-20014","post","type-post","status-publish","format-standard","hentry","category-sem-categoria"],"yoast_head":"<!-- This site is optimized with the Yoast SEO plugin v26.6 - https:\/\/yoast.com\/wordpress\/plugins\/seo\/ -->\n<title>Mal sinalizada, obra da Prefeitura de S\u00e3o Lu\u00eds causa morte de motoqueiro - Daniel Matos<\/title>\n<meta name=\"robots\" content=\"index, follow, max-snippet:-1, max-image-preview:large, max-video-preview:-1\" \/>\n<link rel=\"canonical\" href=\"https:\/\/www.blogsoestado.com\/danielmatos\/mal-sinalizada-obra-da-prefeitura-de-sao-luis-causa-morte-de-motoqueiro\/\" \/>\n<meta property=\"og:locale\" content=\"pt_BR\" \/>\n<meta property=\"og:type\" content=\"article\" \/>\n<meta property=\"og:title\" content=\"Mal sinalizada, obra da Prefeitura de S\u00e3o Lu\u00eds causa morte de motoqueiro - Daniel Matos\" \/>\n<meta property=\"og:description\" content=\"O motociclista \u00a0Dialisson Pereira Farias morreu na madrugada de hoje ao se chocar com uma retroescavadeira utilizada em uma obra [&hellip;]\" \/>\n<meta property=\"og:url\" content=\"https:\/\/www.blogsoestado.com\/danielmatos\/mal-sinalizada-obra-da-prefeitura-de-sao-luis-causa-morte-de-motoqueiro\/\" \/>\n<meta property=\"og:site_name\" content=\"Daniel Matos\" \/>\n<meta property=\"article:published_time\" content=\"2014-10-21T13:36:06+00:00\" \/>\n<meta property=\"og:image\" content=\"https:\/\/www.blogsoestado.com\/danielmatos\/files\/2014\/10\/moto-morte.jpg\" \/>\n<meta name=\"twitter:card\" content=\"summary_large_image\" \/>\n<meta name=\"twitter:label1\" content=\"Est. tempo de leitura\" \/>\n\t<meta name=\"twitter:data1\" content=\"1 minuto\" \/>\n<script type=\"application\/ld+json\" class=\"yoast-schema-graph\">{\"@context\":\"https:\/\/schema.org\",\"@graph\":[{\"@type\":\"WebPage\",\"@id\":\"https:\/\/www.blogsoestado.com\/danielmatos\/mal-sinalizada-obra-da-prefeitura-de-sao-luis-causa-morte-de-motoqueiro\/\",\"url\":\"https:\/\/www.blogsoestado.com\/danielmatos\/mal-sinalizada-obra-da-prefeitura-de-sao-luis-causa-morte-de-motoqueiro\/\",\"name\":\"Mal sinalizada, obra da Prefeitura de S\u00e3o Lu\u00eds causa morte de motoqueiro - Daniel Matos\",\"isPartOf\":{\"@id\":\"https:\/\/www.blogsoestado.com\/danielmatos\/#website\"},\"primaryImageOfPage\":{\"@id\":\"https:\/\/www.blogsoestado.com\/danielmatos\/mal-sinalizada-obra-da-prefeitura-de-sao-luis-causa-morte-de-motoqueiro\/#primaryimage\"},\"image\":{\"@id\":\"https:\/\/www.blogsoestado.com\/danielmatos\/mal-sinalizada-obra-da-prefeitura-de-sao-luis-causa-morte-de-motoqueiro\/#primaryimage\"},\"thumbnailUrl\":\"https:\/\/www.blogsoestado.com\/danielmatos\/files\/2014\/10\/moto-morte.jpg\",\"datePublished\":\"2014-10-21T13:36:06+00:00\",\"author\":{\"@id\":\"\"},\"breadcrumb\":{\"@id\":\"https:\/\/www.blogsoestado.com\/danielmatos\/mal-sinalizada-obra-da-prefeitura-de-sao-luis-causa-morte-de-motoqueiro\/#breadcrumb\"},\"inLanguage\":\"pt-BR\",\"potentialAction\":[{\"@type\":\"ReadAction\",\"target\":[\"https:\/\/www.blogsoestado.com\/danielmatos\/mal-sinalizada-obra-da-prefeitura-de-sao-luis-causa-morte-de-motoqueiro\/\"]}]},{\"@type\":\"ImageObject\",\"inLanguage\":\"pt-BR\",\"@id\":\"https:\/\/www.blogsoestado.com\/danielmatos\/mal-sinalizada-obra-da-prefeitura-de-sao-luis-causa-morte-de-motoqueiro\/#primaryimage\",\"url\":\"https:\/\/www.blogsoestado.com\/danielmatos\/files\/2014\/10\/moto-morte.jpg\",\"contentUrl\":\"https:\/\/www.blogsoestado.com\/danielmatos\/files\/2014\/10\/moto-morte.jpg\"},{\"@type\":\"BreadcrumbList\",\"@id\":\"https:\/\/www.blogsoestado.com\/danielmatos\/mal-sinalizada-obra-da-prefeitura-de-sao-luis-causa-morte-de-motoqueiro\/#breadcrumb\",\"itemListElement\":[{\"@type\":\"ListItem\",\"position\":1,\"name\":\"In\u00edcio\",\"item\":\"https:\/\/www.blogsoestado.com\/danielmatos\/\"},{\"@type\":\"ListItem\",\"position\":2,\"name\":\"Mal sinalizada, obra da Prefeitura de S\u00e3o Lu\u00eds causa morte de motoqueiro\"}]},{\"@type\":\"WebSite\",\"@id\":\"https:\/\/www.blogsoestado.com\/danielmatos\/#website\",\"url\":\"https:\/\/www.blogsoestado.com\/danielmatos\/\",\"name\":\"Daniel Matos\",\"description\":\"\",\"potentialAction\":[{\"@type\":\"SearchAction\",\"target\":{\"@type\":\"EntryPoint\",\"urlTemplate\":\"https:\/\/www.blogsoestado.com\/danielmatos\/?s={search_term_string}\"},\"query-input\":{\"@type\":\"PropertyValueSpecification\",\"valueRequired\":true,\"valueName\":\"search_term_string\"}}],\"inLanguage\":\"pt-BR\"}]}<\/script>\n<!-- \/ Yoast SEO plugin. -->","yoast_head_json":{"title":"Mal sinalizada, obra da Prefeitura de S\u00e3o Lu\u00eds causa morte de motoqueiro - Daniel Matos","robots":{"index":"index","follow":"follow","max-snippet":"max-snippet:-1","max-image-preview":"max-image-preview:large","max-video-preview":"max-video-preview:-1"},"canonical":"https:\/\/www.blogsoestado.com\/danielmatos\/mal-sinalizada-obra-da-prefeitura-de-sao-luis-causa-morte-de-motoqueiro\/","og_locale":"pt_BR","og_type":"article","og_title":"Mal sinalizada, obra da Prefeitura de S\u00e3o Lu\u00eds causa morte de motoqueiro - Daniel Matos","og_description":"O motociclista \u00a0Dialisson Pereira Farias morreu na madrugada de hoje ao se chocar com uma retroescavadeira utilizada em uma obra [&hellip;]","og_url":"https:\/\/www.blogsoestado.com\/danielmatos\/mal-sinalizada-obra-da-prefeitura-de-sao-luis-causa-morte-de-motoqueiro\/","og_site_name":"Daniel Matos","article_published_time":"2014-10-21T13:36:06+00:00","og_image":[{"url":"https:\/\/www.blogsoestado.com\/danielmatos\/files\/2014\/10\/moto-morte.jpg","type":"","width":"","height":""}],"twitter_card":"summary_large_image","twitter_misc":{"Est. tempo de leitura":"1 minuto"},"schema":{"@context":"https:\/\/schema.org","@graph":[{"@type":"WebPage","@id":"https:\/\/www.blogsoestado.com\/danielmatos\/mal-sinalizada-obra-da-prefeitura-de-sao-luis-causa-morte-de-motoqueiro\/","url":"https:\/\/www.blogsoestado.com\/danielmatos\/mal-sinalizada-obra-da-prefeitura-de-sao-luis-causa-morte-de-motoqueiro\/","name":"Mal sinalizada, obra da Prefeitura de S\u00e3o Lu\u00eds causa morte de motoqueiro - Daniel Matos","isPartOf":{"@id":"https:\/\/www.blogsoestado.com\/danielmatos\/#website"},"primaryImageOfPage":{"@id":"https:\/\/www.blogsoestado.com\/danielmatos\/mal-sinalizada-obra-da-prefeitura-de-sao-luis-causa-morte-de-motoqueiro\/#primaryimage"},"image":{"@id":"https:\/\/www.blogsoestado.com\/danielmatos\/mal-sinalizada-obra-da-prefeitura-de-sao-luis-causa-morte-de-motoqueiro\/#primaryimage"},"thumbnailUrl":"https:\/\/www.blogsoestado.com\/danielmatos\/files\/2014\/10\/moto-morte.jpg","datePublished":"2014-10-21T13:36:06+00:00","author":{"@id":""},"breadcrumb":{"@id":"https:\/\/www.blogsoestado.com\/danielmatos\/mal-sinalizada-obra-da-prefeitura-de-sao-luis-causa-morte-de-motoqueiro\/#breadcrumb"},"inLanguage":"pt-BR","potentialAction":[{"@type":"ReadAction","target":["https:\/\/www.blogsoestado.com\/danielmatos\/mal-sinalizada-obra-da-prefeitura-de-sao-luis-causa-morte-de-motoqueiro\/"]}]},{"@type":"ImageObject","inLanguage":"pt-BR","@id":"https:\/\/www.blogsoestado.com\/danielmatos\/mal-sinalizada-obra-da-prefeitura-de-sao-luis-causa-morte-de-motoqueiro\/#primaryimage","url":"https:\/\/www.blogsoestado.com\/danielmatos\/files\/2014\/10\/moto-morte.jpg","contentUrl":"https:\/\/www.blogsoestado.com\/danielmatos\/files\/2014\/10\/moto-morte.jpg"},{"@type":"BreadcrumbList","@id":"https:\/\/www.blogsoestado.com\/danielmatos\/mal-sinalizada-obra-da-prefeitura-de-sao-luis-causa-morte-de-motoqueiro\/#breadcrumb","itemListElement":[{"@type":"ListItem","position":1,"name":"In\u00edcio","item":"https:\/\/www.blogsoestado.com\/danielmatos\/"},{"@type":"ListItem","position":2,"name":"Mal sinalizada, obra da Prefeitura de S\u00e3o Lu\u00eds causa morte de motoqueiro"}]},{"@type":"WebSite","@id":"https:\/\/www.blogsoestado.com\/danielmatos\/#website","url":"https:\/\/www.blogsoestado.com\/danielmatos\/","name":"Daniel Matos","description":"","potentialAction":[{"@type":"SearchAction","target":{"@type":"EntryPoint","urlTemplate":"https:\/\/www.blogsoestado.com\/danielmatos\/?s={search_term_string}"},"query-input":{"@type":"PropertyValueSpecification","valueRequired":true,"valueName":"search_term_string"}}],"inLanguage":"pt-BR"}]}},"jetpack_featured_media_url":"","_links":{"self":[{"href":"https:\/\/www.blogsoestado.com\/danielmatos\/wp-json\/wp\/v2\/posts\/20014","targetHints":{"allow":["GET"]}}],"collection":[{"href":"https:\/\/www.blogsoestado.com\/danielmatos\/wp-json\/wp\/v2\/posts"}],"about":[{"href":"https:\/\/www.blogsoestado.com\/danielmatos\/wp-json\/wp\/v2\/types\/post"}],"replies":[{"embeddable":true,"href":"https:\/\/www.blogsoestado.com\/danielmatos\/wp-json\/wp\/v2\/comments?post=20014"}],"version-history":[{"count":0,"href":"https:\/\/www.blogsoestado.com\/danielmatos\/wp-json\/wp\/v2\/posts\/20014\/revisions"}],"wp:attachment":[{"href":"https:\/\/www.blogsoestado.com\/danielmatos\/wp-json\/wp\/v2\/media?parent=20014"}],"wp:term":[{"taxonomy":"category","embeddable":true,"href":"https:\/\/www.blogsoestado.com\/danielmatos\/wp-json\/wp\/v2\/categories?post=20014"},{"taxonomy":"post_tag","embeddable":true,"href":"https:\/\/www.blogsoestado.com\/danielmatos\/wp-json\/wp\/v2\/tags?post=20014"}],"curies":[{"name":"wp","href":"https:\/\/api.w.org\/{rel}","templated":true}]}}