{"id":20021,"date":"2014-10-21T11:04:58","date_gmt":"2014-10-21T14:04:58","guid":{"rendered":"https:\/\/www.blogsoestado.com\/danielmatos\/?p=20021"},"modified":"2014-10-21T11:04:58","modified_gmt":"2014-10-21T14:04:58","slug":"caso-decio-sa-stf-nega-habeas-corpus-a-glaucio-e-miranda","status":"publish","type":"post","link":"https:\/\/www.blogsoestado.com\/danielmatos\/caso-decio-sa-stf-nega-habeas-corpus-a-glaucio-e-miranda\/","title":{"rendered":"Caso D\u00e9cio S\u00e1: STF nega habeas corpus a Gl\u00e1ucio e Miranda"},"content":{"rendered":"<figure id=\"attachment_20022\" aria-describedby=\"caption-attachment-20022\" style=\"width: 448px\" class=\"wp-caption alignright\"><a href=\"https:\/\/www.blogsoestado.com\/danielmatos\/files\/2014\/10\/glaucio-miranda1.jpg\"><img fetchpriority=\"high\" decoding=\"async\" class=\"size-full wp-image-20022\" src=\"https:\/\/www.blogsoestado.com\/danielmatos\/files\/2014\/10\/glaucio-miranda1.jpg\" alt=\"Miranda e seu filho Gl\u00e1ucio tiveram habeas corpus negado pelo STF\" width=\"448\" height=\"297\" \/><\/a><figcaption id=\"caption-attachment-20022\" class=\"wp-caption-text\">Miranda e seu filho Gl\u00e1ucio tiveram habeas corpus negado pelo STF<\/figcaption><\/figure>\n<p>O ministro Luiz Fux, do Supremo Tribunal Federal (STF), negou seguimento (julgou invi\u00e1vel) ao Habeas Corpus (HC) 124346, em que a defesa de Jos\u00e9 de Alencar Miranda Carvalho e Gl\u00e1ucio Alencar Pontes Carvalho \u2013 pai e filho, que ir\u00e3o a j\u00fari popular acusados de serem os mandantes do assassinato do jornalista D\u00e9cio S\u00e1 \u2013 pediam para que ambos aguardassem o julgamento em liberdade (Miranda deixou a pris\u00e3o e, agosto, beneficiado por uma uma liminar que levou em conta o seu debilitado estado de sa\u00fade).<\/p>\n<p>O jornalista respons\u00e1vel pelo \u201cBlog do D\u00e9cio\u201d foi assassinado a tiros em 23 de abril de 2012, quando estava num bar da Avenida Litor\u00e2nea, na orla mar\u00edtima de S\u00e3o Lu\u00eds. No HC, a defesa dos dois acusados alegava que a cust\u00f3dia de ambos seria ilegal por uma s\u00e9rie de motivos, entre eles a suposta in\u00e9rcia dos \u00f3rg\u00e3os acusat\u00f3rios, o cabimento de medida restritiva diversa e o longo tempo de cust\u00f3dia, \u201cinclusive em desfavor de um idoso\u201d.<\/p>\n<p>Ao rejeitar o HC, o ministro Fux afirmou que a decis\u00e3o do Superior Tribunal de Justi\u00e7a que determinou a baixa dos autos de recurso ordin\u00e1rio em habeas corpus ao Tribunal de Justi\u00e7a do Maranh\u00e3o (TJ-MA), para colher contrarraz\u00f5es do Minist\u00e9rio P\u00fablico estadual, n\u00e3o evid\u00eancia constrangimento ilegal. \u201cInexiste coa\u00e7\u00e3o ilegal por eventual demora do recurso no STJ, porquanto a pr\u00f3pria parte afirma ser o TJ-MA o respons\u00e1vel por tal retardamento\u201d, ressaltou.<\/p>\n<p>O ministro destacou ainda que \u201cn\u00e3o tendo o Superior Tribunal de Justi\u00e7a examinado as extensas raz\u00f5es da impetra\u00e7\u00e3o, a an\u00e1lise no STF constitui indevida supress\u00e3o de inst\u00e2ncia e, via de consequ\u00eancia, afronta \u00e0s r\u00edgidas normas constitucionais definidoras da compet\u00eancia dos tribunais superiores\u201d.<\/p>\n<p><strong>Fonte:<\/strong> Supremo Tribunal Federal (STF)<\/p>\n","protected":false},"excerpt":{"rendered":"<p>O ministro Luiz Fux, do Supremo Tribunal Federal (STF), negou seguimento (julgou invi\u00e1vel) ao Habeas Corpus (HC) 124346, em que [&hellip;]<\/p>\n","protected":false},"author":0,"featured_media":0,"comment_status":"open","ping_status":"open","sticky":false,"template":"","format":"standard","meta":{"site-sidebar-layout":"default","site-content-layout":"","ast-site-content-layout":"default","site-content-style":"default","site-sidebar-style":"default","ast-global-header-display":"","ast-banner-title-visibility":"","ast-main-header-display":"","ast-hfb-above-header-display":"","ast-hfb-below-header-display":"","ast-hfb-mobile-header-display":"","site-post-title":"","ast-breadcrumbs-content":"","ast-featured-img":"","footer-sml-layout":"","ast-disable-related-posts":"","theme-transparent-header-meta":"","adv-header-id-meta":"","stick-header-meta":"","header-above-stick-meta":"","header-main-stick-meta":"","header-below-stick-meta":"","astra-migrate-meta-layouts":"default","ast-page-background-enabled":"default","ast-page-background-meta":{"desktop":{"background-color":"var(--ast-global-color-5)","background-image":"","background-repeat":"repeat","background-position":"center center","background-size":"auto","background-attachment":"scroll","background-type":"","background-media":"","overlay-type":"","overlay-color":"","overlay-opacity":"","overlay-gradient":""},"tablet":{"background-color":"","background-image":"","background-repeat":"repeat","background-position":"center center","background-size":"auto","background-attachment":"scroll","background-type":"","background-media":"","overlay-type":"","overlay-color":"","overlay-opacity":"","overlay-gradient":""},"mobile":{"background-color":"","background-image":"","background-repeat":"repeat","background-position":"center center","background-size":"auto","background-attachment":"scroll","background-type":"","background-media":"","overlay-type":"","overlay-color":"","overlay-opacity":"","overlay-gradient":""}},"ast-content-background-meta":{"desktop":{"background-color":"var(--ast-global-color-4)","background-image":"","background-repeat":"repeat","background-position":"center center","background-size":"auto","background-attachment":"scroll","background-type":"","background-media":"","overlay-type":"","overlay-color":"","overlay-opacity":"","overlay-gradient":""},"tablet":{"background-color":"var(--ast-global-color-4)","background-image":"","background-repeat":"repeat","background-position":"center center","background-size":"auto","background-attachment":"scroll","background-type":"","background-media":"","overlay-type":"","overlay-color":"","overlay-opacity":"","overlay-gradient":""},"mobile":{"background-color":"var(--ast-global-color-4)","background-image":"","background-repeat":"repeat","background-position":"center center","background-size":"auto","background-attachment":"scroll","background-type":"","background-media":"","overlay-type":"","overlay-color":"","overlay-opacity":"","overlay-gradient":""}},"footnotes":""},"categories":[1],"tags":[],"class_list":["post-20021","post","type-post","status-publish","format-standard","hentry","category-sem-categoria"],"yoast_head":"<!-- This site is optimized with the Yoast SEO plugin v26.6 - https:\/\/yoast.com\/wordpress\/plugins\/seo\/ -->\n<title>Caso D\u00e9cio S\u00e1: STF nega habeas corpus a Gl\u00e1ucio e Miranda - Daniel Matos<\/title>\n<meta name=\"robots\" content=\"index, follow, max-snippet:-1, max-image-preview:large, max-video-preview:-1\" \/>\n<link rel=\"canonical\" href=\"https:\/\/www.blogsoestado.com\/danielmatos\/caso-decio-sa-stf-nega-habeas-corpus-a-glaucio-e-miranda\/\" \/>\n<meta property=\"og:locale\" content=\"pt_BR\" \/>\n<meta property=\"og:type\" content=\"article\" \/>\n<meta property=\"og:title\" content=\"Caso D\u00e9cio S\u00e1: STF nega habeas corpus a Gl\u00e1ucio e Miranda - Daniel Matos\" \/>\n<meta property=\"og:description\" content=\"O ministro Luiz Fux, do Supremo Tribunal Federal (STF), negou seguimento (julgou invi\u00e1vel) ao Habeas Corpus (HC) 124346, em que [&hellip;]\" \/>\n<meta property=\"og:url\" content=\"https:\/\/www.blogsoestado.com\/danielmatos\/caso-decio-sa-stf-nega-habeas-corpus-a-glaucio-e-miranda\/\" \/>\n<meta property=\"og:site_name\" content=\"Daniel Matos\" \/>\n<meta property=\"article:published_time\" content=\"2014-10-21T14:04:58+00:00\" \/>\n<meta property=\"og:image\" content=\"https:\/\/www.blogsoestado.com\/danielmatos\/files\/2014\/10\/glaucio-miranda1.jpg\" \/>\n<meta name=\"twitter:card\" content=\"summary_large_image\" \/>\n<meta name=\"twitter:label1\" content=\"Est. tempo de leitura\" \/>\n\t<meta name=\"twitter:data1\" content=\"2 minutos\" \/>\n<script type=\"application\/ld+json\" class=\"yoast-schema-graph\">{\"@context\":\"https:\/\/schema.org\",\"@graph\":[{\"@type\":\"WebPage\",\"@id\":\"https:\/\/www.blogsoestado.com\/danielmatos\/caso-decio-sa-stf-nega-habeas-corpus-a-glaucio-e-miranda\/\",\"url\":\"https:\/\/www.blogsoestado.com\/danielmatos\/caso-decio-sa-stf-nega-habeas-corpus-a-glaucio-e-miranda\/\",\"name\":\"Caso D\u00e9cio S\u00e1: STF nega habeas corpus a Gl\u00e1ucio e Miranda - Daniel Matos\",\"isPartOf\":{\"@id\":\"https:\/\/www.blogsoestado.com\/danielmatos\/#website\"},\"primaryImageOfPage\":{\"@id\":\"https:\/\/www.blogsoestado.com\/danielmatos\/caso-decio-sa-stf-nega-habeas-corpus-a-glaucio-e-miranda\/#primaryimage\"},\"image\":{\"@id\":\"https:\/\/www.blogsoestado.com\/danielmatos\/caso-decio-sa-stf-nega-habeas-corpus-a-glaucio-e-miranda\/#primaryimage\"},\"thumbnailUrl\":\"https:\/\/www.blogsoestado.com\/danielmatos\/files\/2014\/10\/glaucio-miranda1.jpg\",\"datePublished\":\"2014-10-21T14:04:58+00:00\",\"author\":{\"@id\":\"\"},\"breadcrumb\":{\"@id\":\"https:\/\/www.blogsoestado.com\/danielmatos\/caso-decio-sa-stf-nega-habeas-corpus-a-glaucio-e-miranda\/#breadcrumb\"},\"inLanguage\":\"pt-BR\",\"potentialAction\":[{\"@type\":\"ReadAction\",\"target\":[\"https:\/\/www.blogsoestado.com\/danielmatos\/caso-decio-sa-stf-nega-habeas-corpus-a-glaucio-e-miranda\/\"]}]},{\"@type\":\"ImageObject\",\"inLanguage\":\"pt-BR\",\"@id\":\"https:\/\/www.blogsoestado.com\/danielmatos\/caso-decio-sa-stf-nega-habeas-corpus-a-glaucio-e-miranda\/#primaryimage\",\"url\":\"https:\/\/www.blogsoestado.com\/danielmatos\/files\/2014\/10\/glaucio-miranda1.jpg\",\"contentUrl\":\"https:\/\/www.blogsoestado.com\/danielmatos\/files\/2014\/10\/glaucio-miranda1.jpg\"},{\"@type\":\"BreadcrumbList\",\"@id\":\"https:\/\/www.blogsoestado.com\/danielmatos\/caso-decio-sa-stf-nega-habeas-corpus-a-glaucio-e-miranda\/#breadcrumb\",\"itemListElement\":[{\"@type\":\"ListItem\",\"position\":1,\"name\":\"In\u00edcio\",\"item\":\"https:\/\/www.blogsoestado.com\/danielmatos\/\"},{\"@type\":\"ListItem\",\"position\":2,\"name\":\"Caso D\u00e9cio S\u00e1: STF nega habeas corpus a Gl\u00e1ucio e Miranda\"}]},{\"@type\":\"WebSite\",\"@id\":\"https:\/\/www.blogsoestado.com\/danielmatos\/#website\",\"url\":\"https:\/\/www.blogsoestado.com\/danielmatos\/\",\"name\":\"Daniel Matos\",\"description\":\"\",\"potentialAction\":[{\"@type\":\"SearchAction\",\"target\":{\"@type\":\"EntryPoint\",\"urlTemplate\":\"https:\/\/www.blogsoestado.com\/danielmatos\/?s={search_term_string}\"},\"query-input\":{\"@type\":\"PropertyValueSpecification\",\"valueRequired\":true,\"valueName\":\"search_term_string\"}}],\"inLanguage\":\"pt-BR\"}]}<\/script>\n<!-- \/ Yoast SEO plugin. -->","yoast_head_json":{"title":"Caso D\u00e9cio S\u00e1: STF nega habeas corpus a Gl\u00e1ucio e Miranda - Daniel Matos","robots":{"index":"index","follow":"follow","max-snippet":"max-snippet:-1","max-image-preview":"max-image-preview:large","max-video-preview":"max-video-preview:-1"},"canonical":"https:\/\/www.blogsoestado.com\/danielmatos\/caso-decio-sa-stf-nega-habeas-corpus-a-glaucio-e-miranda\/","og_locale":"pt_BR","og_type":"article","og_title":"Caso D\u00e9cio S\u00e1: STF nega habeas corpus a Gl\u00e1ucio e Miranda - Daniel Matos","og_description":"O ministro Luiz Fux, do Supremo Tribunal Federal (STF), negou seguimento (julgou invi\u00e1vel) ao Habeas Corpus (HC) 124346, em que [&hellip;]","og_url":"https:\/\/www.blogsoestado.com\/danielmatos\/caso-decio-sa-stf-nega-habeas-corpus-a-glaucio-e-miranda\/","og_site_name":"Daniel Matos","article_published_time":"2014-10-21T14:04:58+00:00","og_image":[{"url":"https:\/\/www.blogsoestado.com\/danielmatos\/files\/2014\/10\/glaucio-miranda1.jpg","type":"","width":"","height":""}],"twitter_card":"summary_large_image","twitter_misc":{"Est. tempo de leitura":"2 minutos"},"schema":{"@context":"https:\/\/schema.org","@graph":[{"@type":"WebPage","@id":"https:\/\/www.blogsoestado.com\/danielmatos\/caso-decio-sa-stf-nega-habeas-corpus-a-glaucio-e-miranda\/","url":"https:\/\/www.blogsoestado.com\/danielmatos\/caso-decio-sa-stf-nega-habeas-corpus-a-glaucio-e-miranda\/","name":"Caso D\u00e9cio S\u00e1: STF nega habeas corpus a Gl\u00e1ucio e Miranda - Daniel Matos","isPartOf":{"@id":"https:\/\/www.blogsoestado.com\/danielmatos\/#website"},"primaryImageOfPage":{"@id":"https:\/\/www.blogsoestado.com\/danielmatos\/caso-decio-sa-stf-nega-habeas-corpus-a-glaucio-e-miranda\/#primaryimage"},"image":{"@id":"https:\/\/www.blogsoestado.com\/danielmatos\/caso-decio-sa-stf-nega-habeas-corpus-a-glaucio-e-miranda\/#primaryimage"},"thumbnailUrl":"https:\/\/www.blogsoestado.com\/danielmatos\/files\/2014\/10\/glaucio-miranda1.jpg","datePublished":"2014-10-21T14:04:58+00:00","author":{"@id":""},"breadcrumb":{"@id":"https:\/\/www.blogsoestado.com\/danielmatos\/caso-decio-sa-stf-nega-habeas-corpus-a-glaucio-e-miranda\/#breadcrumb"},"inLanguage":"pt-BR","potentialAction":[{"@type":"ReadAction","target":["https:\/\/www.blogsoestado.com\/danielmatos\/caso-decio-sa-stf-nega-habeas-corpus-a-glaucio-e-miranda\/"]}]},{"@type":"ImageObject","inLanguage":"pt-BR","@id":"https:\/\/www.blogsoestado.com\/danielmatos\/caso-decio-sa-stf-nega-habeas-corpus-a-glaucio-e-miranda\/#primaryimage","url":"https:\/\/www.blogsoestado.com\/danielmatos\/files\/2014\/10\/glaucio-miranda1.jpg","contentUrl":"https:\/\/www.blogsoestado.com\/danielmatos\/files\/2014\/10\/glaucio-miranda1.jpg"},{"@type":"BreadcrumbList","@id":"https:\/\/www.blogsoestado.com\/danielmatos\/caso-decio-sa-stf-nega-habeas-corpus-a-glaucio-e-miranda\/#breadcrumb","itemListElement":[{"@type":"ListItem","position":1,"name":"In\u00edcio","item":"https:\/\/www.blogsoestado.com\/danielmatos\/"},{"@type":"ListItem","position":2,"name":"Caso D\u00e9cio S\u00e1: STF nega habeas corpus a Gl\u00e1ucio e Miranda"}]},{"@type":"WebSite","@id":"https:\/\/www.blogsoestado.com\/danielmatos\/#website","url":"https:\/\/www.blogsoestado.com\/danielmatos\/","name":"Daniel Matos","description":"","potentialAction":[{"@type":"SearchAction","target":{"@type":"EntryPoint","urlTemplate":"https:\/\/www.blogsoestado.com\/danielmatos\/?s={search_term_string}"},"query-input":{"@type":"PropertyValueSpecification","valueRequired":true,"valueName":"search_term_string"}}],"inLanguage":"pt-BR"}]}},"jetpack_featured_media_url":"","_links":{"self":[{"href":"https:\/\/www.blogsoestado.com\/danielmatos\/wp-json\/wp\/v2\/posts\/20021","targetHints":{"allow":["GET"]}}],"collection":[{"href":"https:\/\/www.blogsoestado.com\/danielmatos\/wp-json\/wp\/v2\/posts"}],"about":[{"href":"https:\/\/www.blogsoestado.com\/danielmatos\/wp-json\/wp\/v2\/types\/post"}],"replies":[{"embeddable":true,"href":"https:\/\/www.blogsoestado.com\/danielmatos\/wp-json\/wp\/v2\/comments?post=20021"}],"version-history":[{"count":0,"href":"https:\/\/www.blogsoestado.com\/danielmatos\/wp-json\/wp\/v2\/posts\/20021\/revisions"}],"wp:attachment":[{"href":"https:\/\/www.blogsoestado.com\/danielmatos\/wp-json\/wp\/v2\/media?parent=20021"}],"wp:term":[{"taxonomy":"category","embeddable":true,"href":"https:\/\/www.blogsoestado.com\/danielmatos\/wp-json\/wp\/v2\/categories?post=20021"},{"taxonomy":"post_tag","embeddable":true,"href":"https:\/\/www.blogsoestado.com\/danielmatos\/wp-json\/wp\/v2\/tags?post=20021"}],"curies":[{"name":"wp","href":"https:\/\/api.w.org\/{rel}","templated":true}]}}