{"id":20029,"date":"2014-10-21T16:28:10","date_gmt":"2014-10-21T19:28:10","guid":{"rendered":"https:\/\/www.blogsoestado.com\/danielmatos\/?p=20029"},"modified":"2014-10-21T16:28:10","modified_gmt":"2014-10-21T19:28:10","slug":"ze-inacio-participa-do-arrastao-da-dilma-em-imperatriz","status":"publish","type":"post","link":"https:\/\/www.blogsoestado.com\/danielmatos\/ze-inacio-participa-do-arrastao-da-dilma-em-imperatriz\/","title":{"rendered":"Z\u00e9 In\u00e1cio participa do &#8220;Arrast\u00e3o da Dilma&#8221; em Imperatriz"},"content":{"rendered":"<figure id=\"attachment_20030\" aria-describedby=\"caption-attachment-20030\" style=\"width: 640px\" class=\"wp-caption aligncenter\"><a href=\"https:\/\/www.blogsoestado.com\/danielmatos\/files\/2014\/10\/in\u00e1cio-arrast\u00e3o.jpg\"><img fetchpriority=\"high\" decoding=\"async\" class=\"size-full wp-image-20030\" src=\"https:\/\/www.blogsoestado.com\/danielmatos\/files\/2014\/10\/in\u00e1cio-arrast\u00e3o.jpg\" alt=\"O deputado estadual eleito Z\u00e9 In\u00e1cio acompanhado das principais lideran\u00e7as da regi\u00e3o Tocantina no &quot;Arrast\u00e3o da Dilma&quot;, em Imperariz\" width=\"640\" height=\"480\" \/><\/a><figcaption id=\"caption-attachment-20030\" class=\"wp-caption-text\">O deputado eleito Z\u00e9 In\u00e1cio com\u00a0as principais lideran\u00e7as da Regi\u00e3o Tocantina no &#8220;Arrast\u00e3o da Dilma&#8221;, em Imperatriz<\/figcaption><\/figure>\n<p>O\u00a0deputado estadual Z\u00e9 In\u00e1cio (PT) participou\u00a0ontem, em\u00a0Imperatriz, da &#8220;Caminhada-Arrast\u00e3o do 13&#8221;, que levou centenas de imperatrizenses \u00e0s ruas do bairro Grande Vila Nova. O petista obteve mais de 200 votos no munic\u00edpio na \u00faltima elei\u00e7\u00e3o.<\/p>\n<p>Acompanhado de v\u00e1rias lideran\u00e7as da regi\u00e3o Tocantina, entre vereadores e deputados, e da vice-prefeita de Jo\u00e3o Lisboa, Maria do Nilson, Z\u00e9 In\u00e1cio percorreu as principais ruas do segundo maior col\u00e9gio eleitoral do Maranh\u00e3o em apoio \u00e0 reelei\u00e7\u00e3o da presidenta Dilma.<\/p>\n<p>Na oportunidade, ele\u00a0agradeceu os votos obtidos no munic\u00edpio e conclamou os imperatrizenses para, no pr\u00f3ximo domingo (26), votarem na presidenta Dilma. \u201cO munic\u00edpio de Imperatriz tem um papel muito importante neste segundo turno, por ser o segundo maior col\u00e9gio eleitoral do estado.\u00a0Precisamos dar continuidade aos investimentos que a nossa presidenta Dilma fez nesta cidade\u201d, disse\u00a0Z\u00e9 In\u00e1cio.<\/p>\n<p><strong>Regi\u00e3o Tocantina <\/strong><\/p>\n<p>Ainda na regi\u00e3o Tocanina, o deputado eleito percorreu outros munic\u00edpios para\u00a0agradecer os votos recebidos no \u00faltimo dia 5\u00a0de outubro. No s\u00e1bado (18), foi recebido pelo prefeito de S\u00edtio Novo, Jo\u00e3o Pequi\u00e1,\u00a0e pelo povo da cidade, que lhe deu expressiva vota\u00e7\u00e3o.<\/p>\n<p>No domingo (19), Z\u00e9 In\u00e1cio esteve em Itinga do Maranh\u00e3o, que lhe deu a segunda maior vota\u00e7\u00e3o (3.520 votos). Na cidade,\u00a0visitou lideran\u00e7as e correligion\u00e1rios\u00a0e\u00a0foi recepcionado pela prefeita Vete Botelho e por centenas de eleitores, que fizeram quest\u00e3o de se confraternizar com o deputado e parabeniz\u00e1-lo pela vit\u00f3ria na elei\u00e7\u00e3o.<\/p>\n<p>Z\u00e9 In\u00e1cio foi votado em 196 dos 217 munic\u00edpios maranhenses e foi eleito com 38.753, sendo o deputado mais votado do PT no Maranh\u00e3o.<\/p>\n","protected":false},"excerpt":{"rendered":"<p>O\u00a0deputado estadual Z\u00e9 In\u00e1cio (PT) participou\u00a0ontem, em\u00a0Imperatriz, da &#8220;Caminhada-Arrast\u00e3o do 13&#8221;, que levou centenas de imperatrizenses \u00e0s ruas do bairro [&hellip;]<\/p>\n","protected":false},"author":0,"featured_media":0,"comment_status":"open","ping_status":"open","sticky":false,"template":"","format":"standard","meta":{"site-sidebar-layout":"default","site-content-layout":"","ast-site-content-layout":"default","site-content-style":"default","site-sidebar-style":"default","ast-global-header-display":"","ast-banner-title-visibility":"","ast-main-header-display":"","ast-hfb-above-header-display":"","ast-hfb-below-header-display":"","ast-hfb-mobile-header-display":"","site-post-title":"","ast-breadcrumbs-content":"","ast-featured-img":"","footer-sml-layout":"","ast-disable-related-posts":"","theme-transparent-header-meta":"","adv-header-id-meta":"","stick-header-meta":"","header-above-stick-meta":"","header-main-stick-meta":"","header-below-stick-meta":"","astra-migrate-meta-layouts":"default","ast-page-background-enabled":"default","ast-page-background-meta":{"desktop":{"background-color":"var(--ast-global-color-5)","background-image":"","background-repeat":"repeat","background-position":"center center","background-size":"auto","background-attachment":"scroll","background-type":"","background-media":"","overlay-type":"","overlay-color":"","overlay-opacity":"","overlay-gradient":""},"tablet":{"background-color":"","background-image":"","background-repeat":"repeat","background-position":"center center","background-size":"auto","background-attachment":"scroll","background-type":"","background-media":"","overlay-type":"","overlay-color":"","overlay-opacity":"","overlay-gradient":""},"mobile":{"background-color":"","background-image":"","background-repeat":"repeat","background-position":"center center","background-size":"auto","background-attachment":"scroll","background-type":"","background-media":"","overlay-type":"","overlay-color":"","overlay-opacity":"","overlay-gradient":""}},"ast-content-background-meta":{"desktop":{"background-color":"var(--ast-global-color-4)","background-image":"","background-repeat":"repeat","background-position":"center center","background-size":"auto","background-attachment":"scroll","background-type":"","background-media":"","overlay-type":"","overlay-color":"","overlay-opacity":"","overlay-gradient":""},"tablet":{"background-color":"var(--ast-global-color-4)","background-image":"","background-repeat":"repeat","background-position":"center center","background-size":"auto","background-attachment":"scroll","background-type":"","background-media":"","overlay-type":"","overlay-color":"","overlay-opacity":"","overlay-gradient":""},"mobile":{"background-color":"var(--ast-global-color-4)","background-image":"","background-repeat":"repeat","background-position":"center center","background-size":"auto","background-attachment":"scroll","background-type":"","background-media":"","overlay-type":"","overlay-color":"","overlay-opacity":"","overlay-gradient":""}},"footnotes":""},"categories":[1],"tags":[],"class_list":["post-20029","post","type-post","status-publish","format-standard","hentry","category-sem-categoria"],"yoast_head":"<!-- This site is optimized with the Yoast SEO plugin v26.6 - https:\/\/yoast.com\/wordpress\/plugins\/seo\/ -->\n<title>Z\u00e9 In\u00e1cio participa do &quot;Arrast\u00e3o da Dilma&quot; em Imperatriz - Daniel Matos<\/title>\n<meta name=\"robots\" content=\"index, follow, max-snippet:-1, max-image-preview:large, max-video-preview:-1\" \/>\n<link rel=\"canonical\" href=\"https:\/\/www.blogsoestado.com\/danielmatos\/ze-inacio-participa-do-arrastao-da-dilma-em-imperatriz\/\" \/>\n<meta property=\"og:locale\" content=\"pt_BR\" \/>\n<meta property=\"og:type\" content=\"article\" \/>\n<meta property=\"og:title\" content=\"Z\u00e9 In\u00e1cio participa do &quot;Arrast\u00e3o da Dilma&quot; em Imperatriz - Daniel Matos\" \/>\n<meta property=\"og:description\" content=\"O\u00a0deputado estadual Z\u00e9 In\u00e1cio (PT) participou\u00a0ontem, em\u00a0Imperatriz, da &#8220;Caminhada-Arrast\u00e3o do 13&#8221;, que levou centenas de imperatrizenses \u00e0s ruas do bairro [&hellip;]\" \/>\n<meta property=\"og:url\" content=\"https:\/\/www.blogsoestado.com\/danielmatos\/ze-inacio-participa-do-arrastao-da-dilma-em-imperatriz\/\" \/>\n<meta property=\"og:site_name\" content=\"Daniel Matos\" \/>\n<meta property=\"article:published_time\" content=\"2014-10-21T19:28:10+00:00\" \/>\n<meta name=\"twitter:card\" content=\"summary_large_image\" \/>\n<meta name=\"twitter:label1\" content=\"Est. tempo de leitura\" \/>\n\t<meta name=\"twitter:data1\" content=\"2 minutos\" \/>\n<script type=\"application\/ld+json\" class=\"yoast-schema-graph\">{\"@context\":\"https:\/\/schema.org\",\"@graph\":[{\"@type\":\"WebPage\",\"@id\":\"https:\/\/www.blogsoestado.com\/danielmatos\/ze-inacio-participa-do-arrastao-da-dilma-em-imperatriz\/\",\"url\":\"https:\/\/www.blogsoestado.com\/danielmatos\/ze-inacio-participa-do-arrastao-da-dilma-em-imperatriz\/\",\"name\":\"Z\u00e9 In\u00e1cio participa do \\\"Arrast\u00e3o da Dilma\\\" em Imperatriz - Daniel Matos\",\"isPartOf\":{\"@id\":\"https:\/\/www.blogsoestado.com\/danielmatos\/#website\"},\"datePublished\":\"2014-10-21T19:28:10+00:00\",\"author\":{\"@id\":\"\"},\"breadcrumb\":{\"@id\":\"https:\/\/www.blogsoestado.com\/danielmatos\/ze-inacio-participa-do-arrastao-da-dilma-em-imperatriz\/#breadcrumb\"},\"inLanguage\":\"pt-BR\",\"potentialAction\":[{\"@type\":\"ReadAction\",\"target\":[\"https:\/\/www.blogsoestado.com\/danielmatos\/ze-inacio-participa-do-arrastao-da-dilma-em-imperatriz\/\"]}]},{\"@type\":\"BreadcrumbList\",\"@id\":\"https:\/\/www.blogsoestado.com\/danielmatos\/ze-inacio-participa-do-arrastao-da-dilma-em-imperatriz\/#breadcrumb\",\"itemListElement\":[{\"@type\":\"ListItem\",\"position\":1,\"name\":\"In\u00edcio\",\"item\":\"https:\/\/www.blogsoestado.com\/danielmatos\/\"},{\"@type\":\"ListItem\",\"position\":2,\"name\":\"Z\u00e9 In\u00e1cio participa do &#8220;Arrast\u00e3o da Dilma&#8221; em Imperatriz\"}]},{\"@type\":\"WebSite\",\"@id\":\"https:\/\/www.blogsoestado.com\/danielmatos\/#website\",\"url\":\"https:\/\/www.blogsoestado.com\/danielmatos\/\",\"name\":\"Daniel Matos\",\"description\":\"\",\"potentialAction\":[{\"@type\":\"SearchAction\",\"target\":{\"@type\":\"EntryPoint\",\"urlTemplate\":\"https:\/\/www.blogsoestado.com\/danielmatos\/?s={search_term_string}\"},\"query-input\":{\"@type\":\"PropertyValueSpecification\",\"valueRequired\":true,\"valueName\":\"search_term_string\"}}],\"inLanguage\":\"pt-BR\"}]}<\/script>\n<!-- \/ Yoast SEO plugin. -->","yoast_head_json":{"title":"Z\u00e9 In\u00e1cio participa do \"Arrast\u00e3o da Dilma\" em Imperatriz - Daniel Matos","robots":{"index":"index","follow":"follow","max-snippet":"max-snippet:-1","max-image-preview":"max-image-preview:large","max-video-preview":"max-video-preview:-1"},"canonical":"https:\/\/www.blogsoestado.com\/danielmatos\/ze-inacio-participa-do-arrastao-da-dilma-em-imperatriz\/","og_locale":"pt_BR","og_type":"article","og_title":"Z\u00e9 In\u00e1cio participa do \"Arrast\u00e3o da Dilma\" em Imperatriz - Daniel Matos","og_description":"O\u00a0deputado estadual Z\u00e9 In\u00e1cio (PT) participou\u00a0ontem, em\u00a0Imperatriz, da &#8220;Caminhada-Arrast\u00e3o do 13&#8221;, que levou centenas de imperatrizenses \u00e0s ruas do bairro [&hellip;]","og_url":"https:\/\/www.blogsoestado.com\/danielmatos\/ze-inacio-participa-do-arrastao-da-dilma-em-imperatriz\/","og_site_name":"Daniel Matos","article_published_time":"2014-10-21T19:28:10+00:00","twitter_card":"summary_large_image","twitter_misc":{"Est. tempo de leitura":"2 minutos"},"schema":{"@context":"https:\/\/schema.org","@graph":[{"@type":"WebPage","@id":"https:\/\/www.blogsoestado.com\/danielmatos\/ze-inacio-participa-do-arrastao-da-dilma-em-imperatriz\/","url":"https:\/\/www.blogsoestado.com\/danielmatos\/ze-inacio-participa-do-arrastao-da-dilma-em-imperatriz\/","name":"Z\u00e9 In\u00e1cio participa do \"Arrast\u00e3o da Dilma\" em Imperatriz - Daniel Matos","isPartOf":{"@id":"https:\/\/www.blogsoestado.com\/danielmatos\/#website"},"datePublished":"2014-10-21T19:28:10+00:00","author":{"@id":""},"breadcrumb":{"@id":"https:\/\/www.blogsoestado.com\/danielmatos\/ze-inacio-participa-do-arrastao-da-dilma-em-imperatriz\/#breadcrumb"},"inLanguage":"pt-BR","potentialAction":[{"@type":"ReadAction","target":["https:\/\/www.blogsoestado.com\/danielmatos\/ze-inacio-participa-do-arrastao-da-dilma-em-imperatriz\/"]}]},{"@type":"BreadcrumbList","@id":"https:\/\/www.blogsoestado.com\/danielmatos\/ze-inacio-participa-do-arrastao-da-dilma-em-imperatriz\/#breadcrumb","itemListElement":[{"@type":"ListItem","position":1,"name":"In\u00edcio","item":"https:\/\/www.blogsoestado.com\/danielmatos\/"},{"@type":"ListItem","position":2,"name":"Z\u00e9 In\u00e1cio participa do &#8220;Arrast\u00e3o da Dilma&#8221; em Imperatriz"}]},{"@type":"WebSite","@id":"https:\/\/www.blogsoestado.com\/danielmatos\/#website","url":"https:\/\/www.blogsoestado.com\/danielmatos\/","name":"Daniel Matos","description":"","potentialAction":[{"@type":"SearchAction","target":{"@type":"EntryPoint","urlTemplate":"https:\/\/www.blogsoestado.com\/danielmatos\/?s={search_term_string}"},"query-input":{"@type":"PropertyValueSpecification","valueRequired":true,"valueName":"search_term_string"}}],"inLanguage":"pt-BR"}]}},"jetpack_featured_media_url":"","_links":{"self":[{"href":"https:\/\/www.blogsoestado.com\/danielmatos\/wp-json\/wp\/v2\/posts\/20029","targetHints":{"allow":["GET"]}}],"collection":[{"href":"https:\/\/www.blogsoestado.com\/danielmatos\/wp-json\/wp\/v2\/posts"}],"about":[{"href":"https:\/\/www.blogsoestado.com\/danielmatos\/wp-json\/wp\/v2\/types\/post"}],"replies":[{"embeddable":true,"href":"https:\/\/www.blogsoestado.com\/danielmatos\/wp-json\/wp\/v2\/comments?post=20029"}],"version-history":[{"count":0,"href":"https:\/\/www.blogsoestado.com\/danielmatos\/wp-json\/wp\/v2\/posts\/20029\/revisions"}],"wp:attachment":[{"href":"https:\/\/www.blogsoestado.com\/danielmatos\/wp-json\/wp\/v2\/media?parent=20029"}],"wp:term":[{"taxonomy":"category","embeddable":true,"href":"https:\/\/www.blogsoestado.com\/danielmatos\/wp-json\/wp\/v2\/categories?post=20029"},{"taxonomy":"post_tag","embeddable":true,"href":"https:\/\/www.blogsoestado.com\/danielmatos\/wp-json\/wp\/v2\/tags?post=20029"}],"curies":[{"name":"wp","href":"https:\/\/api.w.org\/{rel}","templated":true}]}}