{"id":20032,"date":"2014-10-21T17:37:00","date_gmt":"2014-10-21T20:37:00","guid":{"rendered":"https:\/\/www.blogsoestado.com\/danielmatos\/?p=20032"},"modified":"2014-10-21T17:37:00","modified_gmt":"2014-10-21T20:37:00","slug":"e-uma-palhacada-mas-ainda-vai-aparecer-gente-para-defender-diz-delegado-sobre-greve-de-fome-de-presos","status":"publish","type":"post","link":"https:\/\/www.blogsoestado.com\/danielmatos\/e-uma-palhacada-mas-ainda-vai-aparecer-gente-para-defender-diz-delegado-sobre-greve-de-fome-de-presos\/","title":{"rendered":"&#8220;\u00c9 uma palha\u00e7ada, mas ainda vai aparecer gente para defender&#8221;, diz delegado sobre greve de fome de presos"},"content":{"rendered":"<figure id=\"attachment_20033\" aria-describedby=\"caption-attachment-20033\" style=\"width: 386px\" class=\"wp-caption alignleft\"><a href=\"https:\/\/www.blogsoestado.com\/danielmatos\/files\/2014\/10\/delegado-jair.jpg\"><img fetchpriority=\"high\" decoding=\"async\" class=\"size-full wp-image-20033\" src=\"https:\/\/www.blogsoestado.com\/danielmatos\/files\/2014\/10\/delegado-jair.jpg\" alt=\"Superintendente Jair Lima de Paiva disse que greve de fome \u00e9 palha\u00e7ada\" width=\"386\" height=\"238\" \/><\/a><figcaption id=\"caption-attachment-20033\" class=\"wp-caption-text\">Superintendente Jair Paiva disse que greve de fome \u00e9 palha\u00e7ada<\/figcaption><\/figure>\n<p>O superintendente da Pol\u00edcia Civil do Interior, delegado Jair Lima de Paiva, externou toda a sua indigna\u00e7\u00e3o com uma greve de fome iniciada por detentos que cumprem pena no pres\u00eddio de\u00a0Pinheiro, na Baixada Maranhense. O protesto \u00e9 uma\u00a0forma de manifestar solidariedade\u00a0aos detentos do Centro de Deten\u00e7\u00e3o Provis\u00f3ria de Pedrinhas (CDP), que por\u00a0decis\u00e3o da Secretaria de Estado de Justi\u00e7a e Administra\u00e7\u00e3o Penitenci\u00e1ria (Sejap)\u00a0agora permanecem\u00a0trancafiados\u00a0nas celas\u00a0e\u00a0n\u00e3o podem mais ficar\u00a0soltos no p\u00e1tio da unidade penal.<\/p>\n<p>Em entrevista ao radialista Domingos Ribeiro, apresentador do programa R\u00e1dio Patrulha, da R\u00e1dio Mirante AM, Jair Paiva reagiu com revolta \u00e0 greve de fome. &#8220;Isso \u00e9 uma palha\u00e7ada, mas ainda vai aparecer gente para defend\u00ea-los&#8221;, declarou, em uma clara\u00a0refer\u00eancia aos representantes dos Direitos Humanos, que costumam\u00a0abra\u00e7ar a causa dos presos em situa\u00e7\u00f5es como essa.<\/p>\n<p>O delegado regional de Pinheiro, Cl\u00e1udio Balby, tamb\u00e9m participou do programa e\u00a0chegou a fazer pouco caso da situa\u00e7\u00e3o. &#8220;O\u00a0que sei \u00e9 que minha barriga est\u00e1 cheia e n\u00e3o vou me preocupar com quem quer ficar com fome&#8221;, ironizou.<\/p>\n<p>Sobre a decis\u00e3o da Sejap de \u00a0trancafiar os presos, a medida n\u00e3o poderia ter sido mais acertada, j\u00e1 que a livre circula\u00e7\u00e3o deles no p\u00e1tio do CDP de Pedrinhas favorece a viol\u00eancia no pres\u00eddio, a exemplo da fuga espetacular ocorrida na noite de 10 de setembro deste ano, quando 36 \u00a0detentos escaparam depois que uma ca\u00e7amba roubada por membros de uma fac\u00e7\u00e3o criminosa derrubou parte do muro da unidade prisional.<\/p>\n","protected":false},"excerpt":{"rendered":"<p>O superintendente da Pol\u00edcia Civil do Interior, delegado Jair Lima de Paiva, externou toda a sua indigna\u00e7\u00e3o com uma greve [&hellip;]<\/p>\n","protected":false},"author":0,"featured_media":0,"comment_status":"open","ping_status":"open","sticky":false,"template":"","format":"standard","meta":{"site-sidebar-layout":"default","site-content-layout":"","ast-site-content-layout":"default","site-content-style":"default","site-sidebar-style":"default","ast-global-header-display":"","ast-banner-title-visibility":"","ast-main-header-display":"","ast-hfb-above-header-display":"","ast-hfb-below-header-display":"","ast-hfb-mobile-header-display":"","site-post-title":"","ast-breadcrumbs-content":"","ast-featured-img":"","footer-sml-layout":"","ast-disable-related-posts":"","theme-transparent-header-meta":"","adv-header-id-meta":"","stick-header-meta":"","header-above-stick-meta":"","header-main-stick-meta":"","header-below-stick-meta":"","astra-migrate-meta-layouts":"default","ast-page-background-enabled":"default","ast-page-background-meta":{"desktop":{"background-color":"var(--ast-global-color-5)","background-image":"","background-repeat":"repeat","background-position":"center center","background-size":"auto","background-attachment":"scroll","background-type":"","background-media":"","overlay-type":"","overlay-color":"","overlay-opacity":"","overlay-gradient":""},"tablet":{"background-color":"","background-image":"","background-repeat":"repeat","background-position":"center center","background-size":"auto","background-attachment":"scroll","background-type":"","background-media":"","overlay-type":"","overlay-color":"","overlay-opacity":"","overlay-gradient":""},"mobile":{"background-color":"","background-image":"","background-repeat":"repeat","background-position":"center center","background-size":"auto","background-attachment":"scroll","background-type":"","background-media":"","overlay-type":"","overlay-color":"","overlay-opacity":"","overlay-gradient":""}},"ast-content-background-meta":{"desktop":{"background-color":"var(--ast-global-color-4)","background-image":"","background-repeat":"repeat","background-position":"center center","background-size":"auto","background-attachment":"scroll","background-type":"","background-media":"","overlay-type":"","overlay-color":"","overlay-opacity":"","overlay-gradient":""},"tablet":{"background-color":"var(--ast-global-color-4)","background-image":"","background-repeat":"repeat","background-position":"center center","background-size":"auto","background-attachment":"scroll","background-type":"","background-media":"","overlay-type":"","overlay-color":"","overlay-opacity":"","overlay-gradient":""},"mobile":{"background-color":"var(--ast-global-color-4)","background-image":"","background-repeat":"repeat","background-position":"center center","background-size":"auto","background-attachment":"scroll","background-type":"","background-media":"","overlay-type":"","overlay-color":"","overlay-opacity":"","overlay-gradient":""}},"footnotes":""},"categories":[1],"tags":[],"class_list":["post-20032","post","type-post","status-publish","format-standard","hentry","category-sem-categoria"],"yoast_head":"<!-- This site is optimized with the Yoast SEO plugin v26.6 - https:\/\/yoast.com\/wordpress\/plugins\/seo\/ -->\n<title>&quot;\u00c9 uma palha\u00e7ada, mas ainda vai aparecer gente para defender&quot;, diz delegado sobre greve de fome de presos - Daniel Matos<\/title>\n<meta name=\"robots\" content=\"index, follow, max-snippet:-1, max-image-preview:large, max-video-preview:-1\" \/>\n<link rel=\"canonical\" href=\"https:\/\/www.blogsoestado.com\/danielmatos\/e-uma-palhacada-mas-ainda-vai-aparecer-gente-para-defender-diz-delegado-sobre-greve-de-fome-de-presos\/\" \/>\n<meta property=\"og:locale\" content=\"pt_BR\" \/>\n<meta property=\"og:type\" content=\"article\" \/>\n<meta property=\"og:title\" content=\"&quot;\u00c9 uma palha\u00e7ada, mas ainda vai aparecer gente para defender&quot;, diz delegado sobre greve de fome de presos - Daniel Matos\" \/>\n<meta property=\"og:description\" content=\"O superintendente da Pol\u00edcia Civil do Interior, delegado Jair Lima de Paiva, externou toda a sua indigna\u00e7\u00e3o com uma greve [&hellip;]\" \/>\n<meta property=\"og:url\" content=\"https:\/\/www.blogsoestado.com\/danielmatos\/e-uma-palhacada-mas-ainda-vai-aparecer-gente-para-defender-diz-delegado-sobre-greve-de-fome-de-presos\/\" \/>\n<meta property=\"og:site_name\" content=\"Daniel Matos\" \/>\n<meta property=\"article:published_time\" content=\"2014-10-21T20:37:00+00:00\" \/>\n<meta property=\"og:image\" content=\"https:\/\/www.blogsoestado.com\/danielmatos\/files\/2014\/10\/delegado-jair.jpg\" \/>\n<meta name=\"twitter:card\" content=\"summary_large_image\" \/>\n<meta name=\"twitter:label1\" content=\"Est. tempo de leitura\" \/>\n\t<meta name=\"twitter:data1\" content=\"1 minuto\" \/>\n<script type=\"application\/ld+json\" class=\"yoast-schema-graph\">{\"@context\":\"https:\/\/schema.org\",\"@graph\":[{\"@type\":\"WebPage\",\"@id\":\"https:\/\/www.blogsoestado.com\/danielmatos\/e-uma-palhacada-mas-ainda-vai-aparecer-gente-para-defender-diz-delegado-sobre-greve-de-fome-de-presos\/\",\"url\":\"https:\/\/www.blogsoestado.com\/danielmatos\/e-uma-palhacada-mas-ainda-vai-aparecer-gente-para-defender-diz-delegado-sobre-greve-de-fome-de-presos\/\",\"name\":\"\\\"\u00c9 uma palha\u00e7ada, mas ainda vai aparecer gente para defender\\\", diz delegado sobre greve de fome de presos - Daniel Matos\",\"isPartOf\":{\"@id\":\"https:\/\/www.blogsoestado.com\/danielmatos\/#website\"},\"primaryImageOfPage\":{\"@id\":\"https:\/\/www.blogsoestado.com\/danielmatos\/e-uma-palhacada-mas-ainda-vai-aparecer-gente-para-defender-diz-delegado-sobre-greve-de-fome-de-presos\/#primaryimage\"},\"image\":{\"@id\":\"https:\/\/www.blogsoestado.com\/danielmatos\/e-uma-palhacada-mas-ainda-vai-aparecer-gente-para-defender-diz-delegado-sobre-greve-de-fome-de-presos\/#primaryimage\"},\"thumbnailUrl\":\"https:\/\/www.blogsoestado.com\/danielmatos\/files\/2014\/10\/delegado-jair.jpg\",\"datePublished\":\"2014-10-21T20:37:00+00:00\",\"author\":{\"@id\":\"\"},\"breadcrumb\":{\"@id\":\"https:\/\/www.blogsoestado.com\/danielmatos\/e-uma-palhacada-mas-ainda-vai-aparecer-gente-para-defender-diz-delegado-sobre-greve-de-fome-de-presos\/#breadcrumb\"},\"inLanguage\":\"pt-BR\",\"potentialAction\":[{\"@type\":\"ReadAction\",\"target\":[\"https:\/\/www.blogsoestado.com\/danielmatos\/e-uma-palhacada-mas-ainda-vai-aparecer-gente-para-defender-diz-delegado-sobre-greve-de-fome-de-presos\/\"]}]},{\"@type\":\"ImageObject\",\"inLanguage\":\"pt-BR\",\"@id\":\"https:\/\/www.blogsoestado.com\/danielmatos\/e-uma-palhacada-mas-ainda-vai-aparecer-gente-para-defender-diz-delegado-sobre-greve-de-fome-de-presos\/#primaryimage\",\"url\":\"https:\/\/www.blogsoestado.com\/danielmatos\/files\/2014\/10\/delegado-jair.jpg\",\"contentUrl\":\"https:\/\/www.blogsoestado.com\/danielmatos\/files\/2014\/10\/delegado-jair.jpg\"},{\"@type\":\"BreadcrumbList\",\"@id\":\"https:\/\/www.blogsoestado.com\/danielmatos\/e-uma-palhacada-mas-ainda-vai-aparecer-gente-para-defender-diz-delegado-sobre-greve-de-fome-de-presos\/#breadcrumb\",\"itemListElement\":[{\"@type\":\"ListItem\",\"position\":1,\"name\":\"In\u00edcio\",\"item\":\"https:\/\/www.blogsoestado.com\/danielmatos\/\"},{\"@type\":\"ListItem\",\"position\":2,\"name\":\"&#8220;\u00c9 uma palha\u00e7ada, mas ainda vai aparecer gente para defender&#8221;, diz delegado sobre greve de fome de presos\"}]},{\"@type\":\"WebSite\",\"@id\":\"https:\/\/www.blogsoestado.com\/danielmatos\/#website\",\"url\":\"https:\/\/www.blogsoestado.com\/danielmatos\/\",\"name\":\"Daniel Matos\",\"description\":\"\",\"potentialAction\":[{\"@type\":\"SearchAction\",\"target\":{\"@type\":\"EntryPoint\",\"urlTemplate\":\"https:\/\/www.blogsoestado.com\/danielmatos\/?s={search_term_string}\"},\"query-input\":{\"@type\":\"PropertyValueSpecification\",\"valueRequired\":true,\"valueName\":\"search_term_string\"}}],\"inLanguage\":\"pt-BR\"}]}<\/script>\n<!-- \/ Yoast SEO plugin. -->","yoast_head_json":{"title":"\"\u00c9 uma palha\u00e7ada, mas ainda vai aparecer gente para defender\", diz delegado sobre greve de fome de presos - Daniel Matos","robots":{"index":"index","follow":"follow","max-snippet":"max-snippet:-1","max-image-preview":"max-image-preview:large","max-video-preview":"max-video-preview:-1"},"canonical":"https:\/\/www.blogsoestado.com\/danielmatos\/e-uma-palhacada-mas-ainda-vai-aparecer-gente-para-defender-diz-delegado-sobre-greve-de-fome-de-presos\/","og_locale":"pt_BR","og_type":"article","og_title":"\"\u00c9 uma palha\u00e7ada, mas ainda vai aparecer gente para defender\", diz delegado sobre greve de fome de presos - Daniel Matos","og_description":"O superintendente da Pol\u00edcia Civil do Interior, delegado Jair Lima de Paiva, externou toda a sua indigna\u00e7\u00e3o com uma greve [&hellip;]","og_url":"https:\/\/www.blogsoestado.com\/danielmatos\/e-uma-palhacada-mas-ainda-vai-aparecer-gente-para-defender-diz-delegado-sobre-greve-de-fome-de-presos\/","og_site_name":"Daniel Matos","article_published_time":"2014-10-21T20:37:00+00:00","og_image":[{"url":"https:\/\/www.blogsoestado.com\/danielmatos\/files\/2014\/10\/delegado-jair.jpg","type":"","width":"","height":""}],"twitter_card":"summary_large_image","twitter_misc":{"Est. tempo de leitura":"1 minuto"},"schema":{"@context":"https:\/\/schema.org","@graph":[{"@type":"WebPage","@id":"https:\/\/www.blogsoestado.com\/danielmatos\/e-uma-palhacada-mas-ainda-vai-aparecer-gente-para-defender-diz-delegado-sobre-greve-de-fome-de-presos\/","url":"https:\/\/www.blogsoestado.com\/danielmatos\/e-uma-palhacada-mas-ainda-vai-aparecer-gente-para-defender-diz-delegado-sobre-greve-de-fome-de-presos\/","name":"\"\u00c9 uma palha\u00e7ada, mas ainda vai aparecer gente para defender\", diz delegado sobre greve de fome de presos - Daniel Matos","isPartOf":{"@id":"https:\/\/www.blogsoestado.com\/danielmatos\/#website"},"primaryImageOfPage":{"@id":"https:\/\/www.blogsoestado.com\/danielmatos\/e-uma-palhacada-mas-ainda-vai-aparecer-gente-para-defender-diz-delegado-sobre-greve-de-fome-de-presos\/#primaryimage"},"image":{"@id":"https:\/\/www.blogsoestado.com\/danielmatos\/e-uma-palhacada-mas-ainda-vai-aparecer-gente-para-defender-diz-delegado-sobre-greve-de-fome-de-presos\/#primaryimage"},"thumbnailUrl":"https:\/\/www.blogsoestado.com\/danielmatos\/files\/2014\/10\/delegado-jair.jpg","datePublished":"2014-10-21T20:37:00+00:00","author":{"@id":""},"breadcrumb":{"@id":"https:\/\/www.blogsoestado.com\/danielmatos\/e-uma-palhacada-mas-ainda-vai-aparecer-gente-para-defender-diz-delegado-sobre-greve-de-fome-de-presos\/#breadcrumb"},"inLanguage":"pt-BR","potentialAction":[{"@type":"ReadAction","target":["https:\/\/www.blogsoestado.com\/danielmatos\/e-uma-palhacada-mas-ainda-vai-aparecer-gente-para-defender-diz-delegado-sobre-greve-de-fome-de-presos\/"]}]},{"@type":"ImageObject","inLanguage":"pt-BR","@id":"https:\/\/www.blogsoestado.com\/danielmatos\/e-uma-palhacada-mas-ainda-vai-aparecer-gente-para-defender-diz-delegado-sobre-greve-de-fome-de-presos\/#primaryimage","url":"https:\/\/www.blogsoestado.com\/danielmatos\/files\/2014\/10\/delegado-jair.jpg","contentUrl":"https:\/\/www.blogsoestado.com\/danielmatos\/files\/2014\/10\/delegado-jair.jpg"},{"@type":"BreadcrumbList","@id":"https:\/\/www.blogsoestado.com\/danielmatos\/e-uma-palhacada-mas-ainda-vai-aparecer-gente-para-defender-diz-delegado-sobre-greve-de-fome-de-presos\/#breadcrumb","itemListElement":[{"@type":"ListItem","position":1,"name":"In\u00edcio","item":"https:\/\/www.blogsoestado.com\/danielmatos\/"},{"@type":"ListItem","position":2,"name":"&#8220;\u00c9 uma palha\u00e7ada, mas ainda vai aparecer gente para defender&#8221;, diz delegado sobre greve de fome de presos"}]},{"@type":"WebSite","@id":"https:\/\/www.blogsoestado.com\/danielmatos\/#website","url":"https:\/\/www.blogsoestado.com\/danielmatos\/","name":"Daniel Matos","description":"","potentialAction":[{"@type":"SearchAction","target":{"@type":"EntryPoint","urlTemplate":"https:\/\/www.blogsoestado.com\/danielmatos\/?s={search_term_string}"},"query-input":{"@type":"PropertyValueSpecification","valueRequired":true,"valueName":"search_term_string"}}],"inLanguage":"pt-BR"}]}},"jetpack_featured_media_url":"","_links":{"self":[{"href":"https:\/\/www.blogsoestado.com\/danielmatos\/wp-json\/wp\/v2\/posts\/20032","targetHints":{"allow":["GET"]}}],"collection":[{"href":"https:\/\/www.blogsoestado.com\/danielmatos\/wp-json\/wp\/v2\/posts"}],"about":[{"href":"https:\/\/www.blogsoestado.com\/danielmatos\/wp-json\/wp\/v2\/types\/post"}],"replies":[{"embeddable":true,"href":"https:\/\/www.blogsoestado.com\/danielmatos\/wp-json\/wp\/v2\/comments?post=20032"}],"version-history":[{"count":0,"href":"https:\/\/www.blogsoestado.com\/danielmatos\/wp-json\/wp\/v2\/posts\/20032\/revisions"}],"wp:attachment":[{"href":"https:\/\/www.blogsoestado.com\/danielmatos\/wp-json\/wp\/v2\/media?parent=20032"}],"wp:term":[{"taxonomy":"category","embeddable":true,"href":"https:\/\/www.blogsoestado.com\/danielmatos\/wp-json\/wp\/v2\/categories?post=20032"},{"taxonomy":"post_tag","embeddable":true,"href":"https:\/\/www.blogsoestado.com\/danielmatos\/wp-json\/wp\/v2\/tags?post=20032"}],"curies":[{"name":"wp","href":"https:\/\/api.w.org\/{rel}","templated":true}]}}