{"id":20038,"date":"2014-10-21T20:35:03","date_gmt":"2014-10-21T23:35:03","guid":{"rendered":"https:\/\/www.blogsoestado.com\/danielmatos\/?p=20038"},"modified":"2014-10-21T20:35:03","modified_gmt":"2014-10-21T23:35:03","slug":"edivaldo-faz-maior-investimento-em-educacao-dos-ultimos-12-anos-segundo-pesquisa-nacional","status":"publish","type":"post","link":"https:\/\/www.blogsoestado.com\/danielmatos\/edivaldo-faz-maior-investimento-em-educacao-dos-ultimos-12-anos-segundo-pesquisa-nacional\/","title":{"rendered":"Edivaldo faz maior investimento em Educa\u00e7\u00e3o dos \u00faltimos 12 anos, segundo pesquisa nacional"},"content":{"rendered":"<figure id=\"attachment_20039\" aria-describedby=\"caption-attachment-20039\" style=\"width: 624px\" class=\"wp-caption aligncenter\"><a href=\"https:\/\/www.blogsoestado.com\/danielmatos\/files\/2014\/10\/edivaldo-educa.jpg\"><img fetchpriority=\"high\" decoding=\"async\" class=\"size-full wp-image-20039\" src=\"https:\/\/www.blogsoestado.com\/danielmatos\/files\/2014\/10\/edivaldo-educa.jpg\" alt=\"Edivaldo \u00e9 cercado por alunos da escola Mariana  Pav\u00e3o em manifesta\u00e7\u00e3o de carinho\" width=\"624\" height=\"480\" \/><\/a><figcaption id=\"caption-attachment-20039\" class=\"wp-caption-text\">Edivaldo \u00e9 cercado por alunos da escola Mariana Pav\u00e3o em manifesta\u00e7\u00e3o de carinho<\/figcaption><\/figure>\n<p>A Prefeitura de S\u00e3o Lu\u00eds teve o maior investimento na \u00e1rea de Educa\u00e7\u00e3o dos \u00faltimos 12 anos em 2013. A informa\u00e7\u00e3o consta na pesquisa desenvolvida pelo portal Compara Brasil, em parceria com a Frente Nacional de Prefeitos (FNP) e a empresa Aequus Consultoria. O levantamento foi feito a partir dos dados enviados pelos munic\u00edpios \u00e0 Secretaria do Tesouro Nacional, corrigidos de acordo com a infla\u00e7\u00e3o.<\/p>\n<p>\u201cEduca\u00e7\u00e3o e sa\u00fade est\u00e3o no topo de nossas prioridades. Nossa gest\u00e3o busca firmemente o amadurecimento de a\u00e7\u00f5es concretas de educa\u00e7\u00e3o integral, que garantam acesso das crian\u00e7as ao conhecimento, ensino profissionalizante e contextualizado para jovens e adultos e a inclus\u00e3o educacional das pessoas com defici\u00eancia. Teremos uma cidade melhor \u00e0 medida que tivermos cidad\u00e3os cada vez melhor formados e capacitados\u201d, disse o prefeito Edivaldo.<\/p>\n<p>Como reflexo das a\u00e7\u00f5es sistem\u00e1ticas de investimento promovidas pela gest\u00e3o do prefeito Edivaldo, a capital maranhense est\u00e1 entre as que mais cresceram percentualmente na aplica\u00e7\u00e3o de recursos na \u00e1rea em 2013, ocupando o 2\u00ba lugar entre as capitais brasileiras. De acordo com o portal Compara Brasil, o crescimento de investimentos em S\u00e3o Lu\u00eds foi 31,55% superior em rela\u00e7\u00e3o a 2012. Somente Boa Vista (RR) apresentou um percentual de investimentos maior: 39,8%.<\/p>\n<p>Desde que o levantamento de dados come\u00e7ou a ser realizado, em 2002, a capital maranhense n\u00e3o tinha apresentado um aumento t\u00e3o grande. Os investimentos em Educa\u00e7\u00e3o tamb\u00e9m s\u00e3o destaques em valores absolutos: S\u00e3o Lu\u00eds est\u00e1 entre as tr\u00eas capitais mais bem colocadas. No ano passado, o incremento registrado em gastos educacionais foi de R$ 112,8 milh\u00f5es em rela\u00e7\u00e3o a 2012.<\/p>\n<figure id=\"attachment_20040\" aria-describedby=\"caption-attachment-20040\" style=\"width: 448px\" class=\"wp-caption alignright\"><a href=\"https:\/\/www.blogsoestado.com\/danielmatos\/files\/2014\/10\/edivaldo-educa2.jpg\"><img decoding=\"async\" class=\"size-full wp-image-20040\" src=\"https:\/\/www.blogsoestado.com\/danielmatos\/files\/2014\/10\/edivaldo-educa2.jpg\" alt=\"Classifica\u00e7\u00e3o \u00e9 reflexo das a\u00e7\u00f5es sistem\u00e1ticas de investimento promovidas pela gest\u00e3o do prefeito Edivaldo\" width=\"448\" height=\"298\" \/><\/a><figcaption id=\"caption-attachment-20040\" class=\"wp-caption-text\">Classifica\u00e7\u00e3o \u00e9 reflexo das a\u00e7\u00f5es sistem\u00e1ticas de investimento promovidas pela gest\u00e3o do prefeito Edivaldo<\/figcaption><\/figure>\n<p>O acr\u00e9scimo em valores absolutos deixa a capital maranhense atr\u00e1s apenas de Rio de Janeiro e Curitiba, onde os valores correspondem, respectivamente, a um aumento de R$ 205,7 milh\u00f5es e R$ 145 milh\u00f5es. Para o secret\u00e1rio municipal de Educa\u00e7\u00e3o, Geraldo Castro Sobrinho, os n\u00fameros refletem a aten\u00e7\u00e3o que o prefeito Edivaldo d\u00e1 ao setor.<\/p>\n<p>\u201cDesde o in\u00edcio de sua gest\u00e3o, o prefeito Edivaldo tem garantido a aten\u00e7\u00e3o a setores importantes de nossa cidade. \u00c9 uma gest\u00e3o que tem sanado problemas e atendido a anseios antigos da popula\u00e7\u00e3o, valorizando os profissionais e atentando para a qualidade do servi\u00e7o oferecido\u201d, explicou Geraldo Castro Sobrinho.<\/p>\n<p><strong>Valoriza\u00e7\u00e3o<\/strong><\/p>\n<p>No primeiro ano de governo, o prefeito Edivaldo promoveu a\u00e7\u00f5es de valoriza\u00e7\u00e3o em massa dos profissionais da Educa\u00e7\u00e3o, homologando progress\u00f5es horizontais e verticais cujos processos estavam parados e concedendo reajuste de 9,5% para toda a categoria de professores. A Prefeitura tamb\u00e9m firmou contrato para refor\u00e7o da seguran\u00e7a nas escolas, transporte escolar e outros servi\u00e7os essenciais ao bom andamento das atividades nas unidades de ensino.<\/p>\n<figure id=\"attachment_20041\" aria-describedby=\"caption-attachment-20041\" style=\"width: 448px\" class=\"wp-caption alignleft\"><a href=\"https:\/\/www.blogsoestado.com\/danielmatos\/files\/2014\/10\/edivaldo-educa3.jpg\"><img decoding=\"async\" class=\"size-full wp-image-20041\" src=\"https:\/\/www.blogsoestado.com\/danielmatos\/files\/2014\/10\/edivaldo-educa3.jpg\" alt=\"Qualidade do ensino municipal de S\u00e3o Lu\u00eds foi atestada em ranking\" width=\"448\" height=\"236\" \/><\/a><figcaption id=\"caption-attachment-20041\" class=\"wp-caption-text\">Qualidade do ensino municipal de S\u00e3o Lu\u00eds foi atestada em ranking<\/figcaption><\/figure>\n<p>Para come\u00e7ar a sanar o d\u00e9ficit de professores, a Prefeitura realizou ainda processo seletivo simplificado, para a contrata\u00e7\u00e3o de 650 novos docentes. Foram implantadas 31 novas salas de recursos para estudantes com defici\u00eancia e entregues 44 \u00f4nibus para o transporte escolar da zona rural, entre v\u00e1rias outras a\u00e7\u00f5es.<\/p>\n<p>O compromisso com o avan\u00e7o da Educa\u00e7\u00e3o \u00e9 uma prioridade estabelecida ainda no primeiro m\u00eas da atual administra\u00e7\u00e3o. O esfor\u00e7o para investir na melhoria da qualidade do ensino na rede municipal est\u00e1 sendo mantido ao longo deste ano, exemplo desse compromisso \u00e9 o processo de requalifica\u00e7\u00e3o estrutural de v\u00e1rias unidades de ensino. Est\u00e3o sendo beneficiadas as Unidades de Educa\u00e7\u00e3o B\u00e1sica (U.E.B.) Cidade Ol\u00edmpica (Cidade Ol\u00edmpica), Lu\u00eds Rego (Vila Itamar), Monsenhor Frederico Chaves (S\u00e3o Francisco), Leonel Brizola (Vila Luiz\u00e3o), entre outras.<\/p>\n<p><strong>Fonte:<\/strong> Secretaria Municipal de Comunica\u00e7\u00e3o (Secom)<\/p>\n","protected":false},"excerpt":{"rendered":"<p>A Prefeitura de S\u00e3o Lu\u00eds teve o maior investimento na \u00e1rea de Educa\u00e7\u00e3o dos \u00faltimos 12 anos em 2013. A [&hellip;]<\/p>\n","protected":false},"author":0,"featured_media":0,"comment_status":"open","ping_status":"open","sticky":false,"template":"","format":"standard","meta":{"site-sidebar-layout":"default","site-content-layout":"","ast-site-content-layout":"default","site-content-style":"default","site-sidebar-style":"default","ast-global-header-display":"","ast-banner-title-visibility":"","ast-main-header-display":"","ast-hfb-above-header-display":"","ast-hfb-below-header-display":"","ast-hfb-mobile-header-display":"","site-post-title":"","ast-breadcrumbs-content":"","ast-featured-img":"","footer-sml-layout":"","ast-disable-related-posts":"","theme-transparent-header-meta":"","adv-header-id-meta":"","stick-header-meta":"","header-above-stick-meta":"","header-main-stick-meta":"","header-below-stick-meta":"","astra-migrate-meta-layouts":"default","ast-page-background-enabled":"default","ast-page-background-meta":{"desktop":{"background-color":"var(--ast-global-color-5)","background-image":"","background-repeat":"repeat","background-position":"center center","background-size":"auto","background-attachment":"scroll","background-type":"","background-media":"","overlay-type":"","overlay-color":"","overlay-opacity":"","overlay-gradient":""},"tablet":{"background-color":"","background-image":"","background-repeat":"repeat","background-position":"center center","background-size":"auto","background-attachment":"scroll","background-type":"","background-media":"","overlay-type":"","overlay-color":"","overlay-opacity":"","overlay-gradient":""},"mobile":{"background-color":"","background-image":"","background-repeat":"repeat","background-position":"center center","background-size":"auto","background-attachment":"scroll","background-type":"","background-media":"","overlay-type":"","overlay-color":"","overlay-opacity":"","overlay-gradient":""}},"ast-content-background-meta":{"desktop":{"background-color":"var(--ast-global-color-4)","background-image":"","background-repeat":"repeat","background-position":"center center","background-size":"auto","background-attachment":"scroll","background-type":"","background-media":"","overlay-type":"","overlay-color":"","overlay-opacity":"","overlay-gradient":""},"tablet":{"background-color":"var(--ast-global-color-4)","background-image":"","background-repeat":"repeat","background-position":"center center","background-size":"auto","background-attachment":"scroll","background-type":"","background-media":"","overlay-type":"","overlay-color":"","overlay-opacity":"","overlay-gradient":""},"mobile":{"background-color":"var(--ast-global-color-4)","background-image":"","background-repeat":"repeat","background-position":"center center","background-size":"auto","background-attachment":"scroll","background-type":"","background-media":"","overlay-type":"","overlay-color":"","overlay-opacity":"","overlay-gradient":""}},"footnotes":""},"categories":[1],"tags":[],"class_list":["post-20038","post","type-post","status-publish","format-standard","hentry","category-sem-categoria"],"yoast_head":"<!-- This site is optimized with the Yoast SEO plugin v26.6 - https:\/\/yoast.com\/wordpress\/plugins\/seo\/ -->\n<title>Edivaldo faz maior investimento em Educa\u00e7\u00e3o dos \u00faltimos 12 anos, segundo pesquisa nacional - Daniel Matos<\/title>\n<meta name=\"robots\" content=\"index, follow, max-snippet:-1, max-image-preview:large, max-video-preview:-1\" \/>\n<link rel=\"canonical\" href=\"https:\/\/www.blogsoestado.com\/danielmatos\/edivaldo-faz-maior-investimento-em-educacao-dos-ultimos-12-anos-segundo-pesquisa-nacional\/\" \/>\n<meta property=\"og:locale\" content=\"pt_BR\" \/>\n<meta property=\"og:type\" content=\"article\" \/>\n<meta property=\"og:title\" content=\"Edivaldo faz maior investimento em Educa\u00e7\u00e3o dos \u00faltimos 12 anos, segundo pesquisa nacional - Daniel Matos\" \/>\n<meta property=\"og:description\" content=\"A Prefeitura de S\u00e3o Lu\u00eds teve o maior investimento na \u00e1rea de Educa\u00e7\u00e3o dos \u00faltimos 12 anos em 2013. A [&hellip;]\" \/>\n<meta property=\"og:url\" content=\"https:\/\/www.blogsoestado.com\/danielmatos\/edivaldo-faz-maior-investimento-em-educacao-dos-ultimos-12-anos-segundo-pesquisa-nacional\/\" \/>\n<meta property=\"og:site_name\" content=\"Daniel Matos\" \/>\n<meta property=\"article:published_time\" content=\"2014-10-21T23:35:03+00:00\" \/>\n<meta property=\"og:image\" content=\"https:\/\/www.blogsoestado.com\/danielmatos\/files\/2014\/10\/edivaldo-educa.jpg\" \/>\n<meta name=\"twitter:card\" content=\"summary_large_image\" \/>\n<meta name=\"twitter:label1\" content=\"Est. tempo de leitura\" \/>\n\t<meta name=\"twitter:data1\" content=\"3 minutos\" \/>\n<script type=\"application\/ld+json\" class=\"yoast-schema-graph\">{\"@context\":\"https:\/\/schema.org\",\"@graph\":[{\"@type\":\"WebPage\",\"@id\":\"https:\/\/www.blogsoestado.com\/danielmatos\/edivaldo-faz-maior-investimento-em-educacao-dos-ultimos-12-anos-segundo-pesquisa-nacional\/\",\"url\":\"https:\/\/www.blogsoestado.com\/danielmatos\/edivaldo-faz-maior-investimento-em-educacao-dos-ultimos-12-anos-segundo-pesquisa-nacional\/\",\"name\":\"Edivaldo faz maior investimento em Educa\u00e7\u00e3o dos \u00faltimos 12 anos, segundo pesquisa nacional - Daniel Matos\",\"isPartOf\":{\"@id\":\"https:\/\/www.blogsoestado.com\/danielmatos\/#website\"},\"primaryImageOfPage\":{\"@id\":\"https:\/\/www.blogsoestado.com\/danielmatos\/edivaldo-faz-maior-investimento-em-educacao-dos-ultimos-12-anos-segundo-pesquisa-nacional\/#primaryimage\"},\"image\":{\"@id\":\"https:\/\/www.blogsoestado.com\/danielmatos\/edivaldo-faz-maior-investimento-em-educacao-dos-ultimos-12-anos-segundo-pesquisa-nacional\/#primaryimage\"},\"thumbnailUrl\":\"https:\/\/www.blogsoestado.com\/danielmatos\/files\/2014\/10\/edivaldo-educa.jpg\",\"datePublished\":\"2014-10-21T23:35:03+00:00\",\"author\":{\"@id\":\"\"},\"breadcrumb\":{\"@id\":\"https:\/\/www.blogsoestado.com\/danielmatos\/edivaldo-faz-maior-investimento-em-educacao-dos-ultimos-12-anos-segundo-pesquisa-nacional\/#breadcrumb\"},\"inLanguage\":\"pt-BR\",\"potentialAction\":[{\"@type\":\"ReadAction\",\"target\":[\"https:\/\/www.blogsoestado.com\/danielmatos\/edivaldo-faz-maior-investimento-em-educacao-dos-ultimos-12-anos-segundo-pesquisa-nacional\/\"]}]},{\"@type\":\"ImageObject\",\"inLanguage\":\"pt-BR\",\"@id\":\"https:\/\/www.blogsoestado.com\/danielmatos\/edivaldo-faz-maior-investimento-em-educacao-dos-ultimos-12-anos-segundo-pesquisa-nacional\/#primaryimage\",\"url\":\"https:\/\/www.blogsoestado.com\/danielmatos\/files\/2014\/10\/edivaldo-educa.jpg\",\"contentUrl\":\"https:\/\/www.blogsoestado.com\/danielmatos\/files\/2014\/10\/edivaldo-educa.jpg\"},{\"@type\":\"BreadcrumbList\",\"@id\":\"https:\/\/www.blogsoestado.com\/danielmatos\/edivaldo-faz-maior-investimento-em-educacao-dos-ultimos-12-anos-segundo-pesquisa-nacional\/#breadcrumb\",\"itemListElement\":[{\"@type\":\"ListItem\",\"position\":1,\"name\":\"In\u00edcio\",\"item\":\"https:\/\/www.blogsoestado.com\/danielmatos\/\"},{\"@type\":\"ListItem\",\"position\":2,\"name\":\"Edivaldo faz maior investimento em Educa\u00e7\u00e3o dos \u00faltimos 12 anos, segundo pesquisa nacional\"}]},{\"@type\":\"WebSite\",\"@id\":\"https:\/\/www.blogsoestado.com\/danielmatos\/#website\",\"url\":\"https:\/\/www.blogsoestado.com\/danielmatos\/\",\"name\":\"Daniel Matos\",\"description\":\"\",\"potentialAction\":[{\"@type\":\"SearchAction\",\"target\":{\"@type\":\"EntryPoint\",\"urlTemplate\":\"https:\/\/www.blogsoestado.com\/danielmatos\/?s={search_term_string}\"},\"query-input\":{\"@type\":\"PropertyValueSpecification\",\"valueRequired\":true,\"valueName\":\"search_term_string\"}}],\"inLanguage\":\"pt-BR\"}]}<\/script>\n<!-- \/ Yoast SEO plugin. -->","yoast_head_json":{"title":"Edivaldo faz maior investimento em Educa\u00e7\u00e3o dos \u00faltimos 12 anos, segundo pesquisa nacional - Daniel Matos","robots":{"index":"index","follow":"follow","max-snippet":"max-snippet:-1","max-image-preview":"max-image-preview:large","max-video-preview":"max-video-preview:-1"},"canonical":"https:\/\/www.blogsoestado.com\/danielmatos\/edivaldo-faz-maior-investimento-em-educacao-dos-ultimos-12-anos-segundo-pesquisa-nacional\/","og_locale":"pt_BR","og_type":"article","og_title":"Edivaldo faz maior investimento em Educa\u00e7\u00e3o dos \u00faltimos 12 anos, segundo pesquisa nacional - Daniel Matos","og_description":"A Prefeitura de S\u00e3o Lu\u00eds teve o maior investimento na \u00e1rea de Educa\u00e7\u00e3o dos \u00faltimos 12 anos em 2013. A [&hellip;]","og_url":"https:\/\/www.blogsoestado.com\/danielmatos\/edivaldo-faz-maior-investimento-em-educacao-dos-ultimos-12-anos-segundo-pesquisa-nacional\/","og_site_name":"Daniel Matos","article_published_time":"2014-10-21T23:35:03+00:00","og_image":[{"url":"https:\/\/www.blogsoestado.com\/danielmatos\/files\/2014\/10\/edivaldo-educa.jpg","type":"","width":"","height":""}],"twitter_card":"summary_large_image","twitter_misc":{"Est. tempo de leitura":"3 minutos"},"schema":{"@context":"https:\/\/schema.org","@graph":[{"@type":"WebPage","@id":"https:\/\/www.blogsoestado.com\/danielmatos\/edivaldo-faz-maior-investimento-em-educacao-dos-ultimos-12-anos-segundo-pesquisa-nacional\/","url":"https:\/\/www.blogsoestado.com\/danielmatos\/edivaldo-faz-maior-investimento-em-educacao-dos-ultimos-12-anos-segundo-pesquisa-nacional\/","name":"Edivaldo faz maior investimento em Educa\u00e7\u00e3o dos \u00faltimos 12 anos, segundo pesquisa nacional - Daniel Matos","isPartOf":{"@id":"https:\/\/www.blogsoestado.com\/danielmatos\/#website"},"primaryImageOfPage":{"@id":"https:\/\/www.blogsoestado.com\/danielmatos\/edivaldo-faz-maior-investimento-em-educacao-dos-ultimos-12-anos-segundo-pesquisa-nacional\/#primaryimage"},"image":{"@id":"https:\/\/www.blogsoestado.com\/danielmatos\/edivaldo-faz-maior-investimento-em-educacao-dos-ultimos-12-anos-segundo-pesquisa-nacional\/#primaryimage"},"thumbnailUrl":"https:\/\/www.blogsoestado.com\/danielmatos\/files\/2014\/10\/edivaldo-educa.jpg","datePublished":"2014-10-21T23:35:03+00:00","author":{"@id":""},"breadcrumb":{"@id":"https:\/\/www.blogsoestado.com\/danielmatos\/edivaldo-faz-maior-investimento-em-educacao-dos-ultimos-12-anos-segundo-pesquisa-nacional\/#breadcrumb"},"inLanguage":"pt-BR","potentialAction":[{"@type":"ReadAction","target":["https:\/\/www.blogsoestado.com\/danielmatos\/edivaldo-faz-maior-investimento-em-educacao-dos-ultimos-12-anos-segundo-pesquisa-nacional\/"]}]},{"@type":"ImageObject","inLanguage":"pt-BR","@id":"https:\/\/www.blogsoestado.com\/danielmatos\/edivaldo-faz-maior-investimento-em-educacao-dos-ultimos-12-anos-segundo-pesquisa-nacional\/#primaryimage","url":"https:\/\/www.blogsoestado.com\/danielmatos\/files\/2014\/10\/edivaldo-educa.jpg","contentUrl":"https:\/\/www.blogsoestado.com\/danielmatos\/files\/2014\/10\/edivaldo-educa.jpg"},{"@type":"BreadcrumbList","@id":"https:\/\/www.blogsoestado.com\/danielmatos\/edivaldo-faz-maior-investimento-em-educacao-dos-ultimos-12-anos-segundo-pesquisa-nacional\/#breadcrumb","itemListElement":[{"@type":"ListItem","position":1,"name":"In\u00edcio","item":"https:\/\/www.blogsoestado.com\/danielmatos\/"},{"@type":"ListItem","position":2,"name":"Edivaldo faz maior investimento em Educa\u00e7\u00e3o dos \u00faltimos 12 anos, segundo pesquisa nacional"}]},{"@type":"WebSite","@id":"https:\/\/www.blogsoestado.com\/danielmatos\/#website","url":"https:\/\/www.blogsoestado.com\/danielmatos\/","name":"Daniel Matos","description":"","potentialAction":[{"@type":"SearchAction","target":{"@type":"EntryPoint","urlTemplate":"https:\/\/www.blogsoestado.com\/danielmatos\/?s={search_term_string}"},"query-input":{"@type":"PropertyValueSpecification","valueRequired":true,"valueName":"search_term_string"}}],"inLanguage":"pt-BR"}]}},"jetpack_featured_media_url":"","_links":{"self":[{"href":"https:\/\/www.blogsoestado.com\/danielmatos\/wp-json\/wp\/v2\/posts\/20038","targetHints":{"allow":["GET"]}}],"collection":[{"href":"https:\/\/www.blogsoestado.com\/danielmatos\/wp-json\/wp\/v2\/posts"}],"about":[{"href":"https:\/\/www.blogsoestado.com\/danielmatos\/wp-json\/wp\/v2\/types\/post"}],"replies":[{"embeddable":true,"href":"https:\/\/www.blogsoestado.com\/danielmatos\/wp-json\/wp\/v2\/comments?post=20038"}],"version-history":[{"count":0,"href":"https:\/\/www.blogsoestado.com\/danielmatos\/wp-json\/wp\/v2\/posts\/20038\/revisions"}],"wp:attachment":[{"href":"https:\/\/www.blogsoestado.com\/danielmatos\/wp-json\/wp\/v2\/media?parent=20038"}],"wp:term":[{"taxonomy":"category","embeddable":true,"href":"https:\/\/www.blogsoestado.com\/danielmatos\/wp-json\/wp\/v2\/categories?post=20038"},{"taxonomy":"post_tag","embeddable":true,"href":"https:\/\/www.blogsoestado.com\/danielmatos\/wp-json\/wp\/v2\/tags?post=20038"}],"curies":[{"name":"wp","href":"https:\/\/api.w.org\/{rel}","templated":true}]}}