{"id":20043,"date":"2014-10-22T08:21:02","date_gmt":"2014-10-22T11:21:02","guid":{"rendered":"https:\/\/www.blogsoestado.com\/danielmatos\/?p=20043"},"modified":"2014-10-22T08:21:02","modified_gmt":"2014-10-22T11:21:02","slug":"roseana-entregara-via-expressa-em-28-de-novembro-e-iv-centenario-no-dia-seguinte","status":"publish","type":"post","link":"https:\/\/www.blogsoestado.com\/danielmatos\/roseana-entregara-via-expressa-em-28-de-novembro-e-iv-centenario-no-dia-seguinte\/","title":{"rendered":"Roseana entregar\u00e1 Via Expressa em 28 de novembro e IV Centen\u00e1rio no dia seguinte"},"content":{"rendered":"<figure id=\"attachment_20044\" aria-describedby=\"caption-attachment-20044\" style=\"width: 640px\" class=\"wp-caption aligncenter\"><a href=\"https:\/\/www.blogsoestado.com\/danielmatos\/files\/2014\/10\/roseana-vistoria.jpg\"><img fetchpriority=\"high\" decoding=\"async\" class=\"size-full wp-image-20044\" src=\"https:\/\/www.blogsoestado.com\/danielmatos\/files\/2014\/10\/roseana-vistoria.jpg\" alt=\"Governadora Roseana e comitiva vistoriam obras da Via Expressa\" width=\"640\" height=\"427\" \/><\/a><figcaption id=\"caption-attachment-20044\" class=\"wp-caption-text\">Governadora Roseana e comitiva vistoriam obras da Via Expressa, que est\u00e1 sendo conclu\u00edda<\/figcaption><\/figure>\n<p>A governadora Roseana Sarney vistoriou, na tarde desta ter\u00e7a-feira (21), em S\u00e3o Lu\u00eds, o andamento das obras da Avenida IV Centen\u00e1rio e da Via Expressa. Acompanhada do secret\u00e1rio de Estado de Infraestrutura, Jos\u00e9 Raimundo Fraz\u00e3o; da secret\u00e1ria-chefe da Casa Civil, Anna Graziella Costa; do chefe do Gabinete Militar, coronel Jos\u00e9 Ribamar Vieira; do senador Jo\u00e3o Alberto, e dos deputados eleitos Hildo Rocha e Adriano Sarney, a governadora conferiu o andamento das obras que ser\u00e3o entregues \u00e0 popula\u00e7\u00e3o no m\u00eas de novembro.<\/p>\n<p>Durante a vistoria, a governadora destacou a import\u00e2ncia das obras para a popula\u00e7\u00e3o e anunciou as datas de inaugura\u00e7\u00e3o das obras. \u201cN\u00f3s estamos no processo final das obras. A inaugura\u00e7\u00e3o da Via Expressa ser\u00e1 no dia 28 de novembro e a Avenida IV Centen\u00e1rio, no dia 29 de novembro. Vamos entregar as duas grandes avenidas de presente para o povo do Maranh\u00e3o. Essas obras v\u00e3o desafogar o tr\u00e2nsito e melhorar a qualidade de vida das pessoas que moram na regi\u00e3o, facilitando seu deslocamento\u201d, disse.<\/p>\n<p>O secret\u00e1rio de Infraestrutura, Jos\u00e9 Raimundo Fraz\u00e3o, tamb\u00e9m ressaltou a import\u00e2ncia da Via Expressa para os ludovicenses. \u201c\u00c9 uma obra important\u00edssima realizada pela governadora Roseana, que vai ligar as vias mais importantes da cidade e vai proporcionar melhor qualidade de vida e mobilidade para as pessoas, desafogando o tr\u00e2nsito e interligando os bairros do Jaracati, Cohafuma, Vinhais e Maranh\u00e3o Novo\u201d, explicou.<\/p>\n<p>Na ocasi\u00e3o, a governadora conferiu as obras de constru\u00e7\u00e3o de um t\u00fanel ligando a Vila Cristalina ao Ipase, que vai facilitar a passagem dos pedestres, uma solicita\u00e7\u00e3o dos moradores da comunidade.<br \/>\nA 2\u00aa etapa da Via Expressa contempla 6,7 km do total de 9 km da avenida. A primeira etapa, ligando o Jaracati ao Cohafuma foi entregue em setembro de 2012. A 2\u00aa fase da obra contemplou a constru\u00e7\u00e3o de quatro pontes e dois viadutos, todos j\u00e1 conclu\u00eddos. Ao todo, os investimentos nos 9 km da obra s\u00e3o da ordem de R$ 125 milh\u00f5es.<\/p>\n<p><strong>IV Centen\u00e1rio<\/strong><\/p>\n<figure id=\"attachment_20045\" aria-describedby=\"caption-attachment-20045\" style=\"width: 640px\" class=\"wp-caption aligncenter\"><a href=\"https:\/\/www.blogsoestado.com\/danielmatos\/files\/2014\/10\/roseana-vistoria2.jpg\"><img decoding=\"async\" class=\"size-full wp-image-20045\" src=\"https:\/\/www.blogsoestado.com\/danielmatos\/files\/2014\/10\/roseana-vistoria2.jpg\" alt=\"Governadora Roseana \u00e9 informada pelo secret\u00e1rio Jos\u00e9 Raimundo Fraz\u00e3o sobre o andamento da Via Expressa\" width=\"640\" height=\"427\" \/><\/a><figcaption id=\"caption-attachment-20045\" class=\"wp-caption-text\">Governadora Roseana \u00e9 informada pelo secret\u00e1rio Jos\u00e9 Raimundo Fraz\u00e3o sobre o andamento da Via Expressa<\/figcaption><\/figure>\n<p>A obra da Avenida IV Centen\u00e1rio tem 3,8 quil\u00f4metros de extens\u00e3o e duas pistas, divididas em duas faixas de rolamento, travessia de pedestres e ciclovia. A IV Centen\u00e1rio tem aterro hidr\u00e1ulico, um elevado de 1.090 metros de extens\u00e3o e cinco encaixes: um na Avenida dos Franceses, outro na Camboa, dois na Liberdade e um na F\u00e9 em Deus. O novo corredor desafogar\u00e1 o tr\u00e2nsito das avenidas Luis Rocha e Get\u00falio Vargas, criando uma alternativa de acesso \u00e0 Beira Mar e a ponte Bandeira Tribuzzi.<\/p>\n<p><strong>Fonte:<\/strong> Secretaria Estadual de Comunica\u00e7\u00e3o (Secom)<\/p>\n","protected":false},"excerpt":{"rendered":"<p>A governadora Roseana Sarney vistoriou, na tarde desta ter\u00e7a-feira (21), em S\u00e3o Lu\u00eds, o andamento das obras da Avenida IV [&hellip;]<\/p>\n","protected":false},"author":0,"featured_media":0,"comment_status":"open","ping_status":"open","sticky":false,"template":"","format":"standard","meta":{"site-sidebar-layout":"default","site-content-layout":"","ast-site-content-layout":"default","site-content-style":"default","site-sidebar-style":"default","ast-global-header-display":"","ast-banner-title-visibility":"","ast-main-header-display":"","ast-hfb-above-header-display":"","ast-hfb-below-header-display":"","ast-hfb-mobile-header-display":"","site-post-title":"","ast-breadcrumbs-content":"","ast-featured-img":"","footer-sml-layout":"","ast-disable-related-posts":"","theme-transparent-header-meta":"","adv-header-id-meta":"","stick-header-meta":"","header-above-stick-meta":"","header-main-stick-meta":"","header-below-stick-meta":"","astra-migrate-meta-layouts":"default","ast-page-background-enabled":"default","ast-page-background-meta":{"desktop":{"background-color":"var(--ast-global-color-5)","background-image":"","background-repeat":"repeat","background-position":"center center","background-size":"auto","background-attachment":"scroll","background-type":"","background-media":"","overlay-type":"","overlay-color":"","overlay-opacity":"","overlay-gradient":""},"tablet":{"background-color":"","background-image":"","background-repeat":"repeat","background-position":"center center","background-size":"auto","background-attachment":"scroll","background-type":"","background-media":"","overlay-type":"","overlay-color":"","overlay-opacity":"","overlay-gradient":""},"mobile":{"background-color":"","background-image":"","background-repeat":"repeat","background-position":"center center","background-size":"auto","background-attachment":"scroll","background-type":"","background-media":"","overlay-type":"","overlay-color":"","overlay-opacity":"","overlay-gradient":""}},"ast-content-background-meta":{"desktop":{"background-color":"var(--ast-global-color-4)","background-image":"","background-repeat":"repeat","background-position":"center center","background-size":"auto","background-attachment":"scroll","background-type":"","background-media":"","overlay-type":"","overlay-color":"","overlay-opacity":"","overlay-gradient":""},"tablet":{"background-color":"var(--ast-global-color-4)","background-image":"","background-repeat":"repeat","background-position":"center center","background-size":"auto","background-attachment":"scroll","background-type":"","background-media":"","overlay-type":"","overlay-color":"","overlay-opacity":"","overlay-gradient":""},"mobile":{"background-color":"var(--ast-global-color-4)","background-image":"","background-repeat":"repeat","background-position":"center center","background-size":"auto","background-attachment":"scroll","background-type":"","background-media":"","overlay-type":"","overlay-color":"","overlay-opacity":"","overlay-gradient":""}},"footnotes":""},"categories":[1],"tags":[],"class_list":["post-20043","post","type-post","status-publish","format-standard","hentry","category-sem-categoria"],"yoast_head":"<!-- This site is optimized with the Yoast SEO plugin v26.6 - https:\/\/yoast.com\/wordpress\/plugins\/seo\/ -->\n<title>Roseana entregar\u00e1 Via Expressa em 28 de novembro e IV Centen\u00e1rio no dia seguinte - Daniel Matos<\/title>\n<meta name=\"robots\" content=\"index, follow, max-snippet:-1, max-image-preview:large, max-video-preview:-1\" \/>\n<link rel=\"canonical\" href=\"https:\/\/www.blogsoestado.com\/danielmatos\/roseana-entregara-via-expressa-em-28-de-novembro-e-iv-centenario-no-dia-seguinte\/\" \/>\n<meta property=\"og:locale\" content=\"pt_BR\" \/>\n<meta property=\"og:type\" content=\"article\" \/>\n<meta property=\"og:title\" content=\"Roseana entregar\u00e1 Via Expressa em 28 de novembro e IV Centen\u00e1rio no dia seguinte - Daniel Matos\" \/>\n<meta property=\"og:description\" content=\"A governadora Roseana Sarney vistoriou, na tarde desta ter\u00e7a-feira (21), em S\u00e3o Lu\u00eds, o andamento das obras da Avenida IV [&hellip;]\" \/>\n<meta property=\"og:url\" content=\"https:\/\/www.blogsoestado.com\/danielmatos\/roseana-entregara-via-expressa-em-28-de-novembro-e-iv-centenario-no-dia-seguinte\/\" \/>\n<meta property=\"og:site_name\" content=\"Daniel Matos\" \/>\n<meta property=\"article:published_time\" content=\"2014-10-22T11:21:02+00:00\" \/>\n<meta property=\"og:image\" content=\"https:\/\/www.blogsoestado.com\/danielmatos\/files\/2014\/10\/roseana-vistoria.jpg\" \/>\n<meta name=\"twitter:card\" content=\"summary_large_image\" \/>\n<meta name=\"twitter:label1\" content=\"Est. tempo de leitura\" \/>\n\t<meta name=\"twitter:data1\" content=\"2 minutos\" \/>\n<script type=\"application\/ld+json\" class=\"yoast-schema-graph\">{\"@context\":\"https:\/\/schema.org\",\"@graph\":[{\"@type\":\"WebPage\",\"@id\":\"https:\/\/www.blogsoestado.com\/danielmatos\/roseana-entregara-via-expressa-em-28-de-novembro-e-iv-centenario-no-dia-seguinte\/\",\"url\":\"https:\/\/www.blogsoestado.com\/danielmatos\/roseana-entregara-via-expressa-em-28-de-novembro-e-iv-centenario-no-dia-seguinte\/\",\"name\":\"Roseana entregar\u00e1 Via Expressa em 28 de novembro e IV Centen\u00e1rio no dia seguinte - Daniel Matos\",\"isPartOf\":{\"@id\":\"https:\/\/www.blogsoestado.com\/danielmatos\/#website\"},\"primaryImageOfPage\":{\"@id\":\"https:\/\/www.blogsoestado.com\/danielmatos\/roseana-entregara-via-expressa-em-28-de-novembro-e-iv-centenario-no-dia-seguinte\/#primaryimage\"},\"image\":{\"@id\":\"https:\/\/www.blogsoestado.com\/danielmatos\/roseana-entregara-via-expressa-em-28-de-novembro-e-iv-centenario-no-dia-seguinte\/#primaryimage\"},\"thumbnailUrl\":\"https:\/\/www.blogsoestado.com\/danielmatos\/files\/2014\/10\/roseana-vistoria.jpg\",\"datePublished\":\"2014-10-22T11:21:02+00:00\",\"author\":{\"@id\":\"\"},\"breadcrumb\":{\"@id\":\"https:\/\/www.blogsoestado.com\/danielmatos\/roseana-entregara-via-expressa-em-28-de-novembro-e-iv-centenario-no-dia-seguinte\/#breadcrumb\"},\"inLanguage\":\"pt-BR\",\"potentialAction\":[{\"@type\":\"ReadAction\",\"target\":[\"https:\/\/www.blogsoestado.com\/danielmatos\/roseana-entregara-via-expressa-em-28-de-novembro-e-iv-centenario-no-dia-seguinte\/\"]}]},{\"@type\":\"ImageObject\",\"inLanguage\":\"pt-BR\",\"@id\":\"https:\/\/www.blogsoestado.com\/danielmatos\/roseana-entregara-via-expressa-em-28-de-novembro-e-iv-centenario-no-dia-seguinte\/#primaryimage\",\"url\":\"https:\/\/www.blogsoestado.com\/danielmatos\/files\/2014\/10\/roseana-vistoria.jpg\",\"contentUrl\":\"https:\/\/www.blogsoestado.com\/danielmatos\/files\/2014\/10\/roseana-vistoria.jpg\"},{\"@type\":\"BreadcrumbList\",\"@id\":\"https:\/\/www.blogsoestado.com\/danielmatos\/roseana-entregara-via-expressa-em-28-de-novembro-e-iv-centenario-no-dia-seguinte\/#breadcrumb\",\"itemListElement\":[{\"@type\":\"ListItem\",\"position\":1,\"name\":\"In\u00edcio\",\"item\":\"https:\/\/www.blogsoestado.com\/danielmatos\/\"},{\"@type\":\"ListItem\",\"position\":2,\"name\":\"Roseana entregar\u00e1 Via Expressa em 28 de novembro e IV Centen\u00e1rio no dia seguinte\"}]},{\"@type\":\"WebSite\",\"@id\":\"https:\/\/www.blogsoestado.com\/danielmatos\/#website\",\"url\":\"https:\/\/www.blogsoestado.com\/danielmatos\/\",\"name\":\"Daniel Matos\",\"description\":\"\",\"potentialAction\":[{\"@type\":\"SearchAction\",\"target\":{\"@type\":\"EntryPoint\",\"urlTemplate\":\"https:\/\/www.blogsoestado.com\/danielmatos\/?s={search_term_string}\"},\"query-input\":{\"@type\":\"PropertyValueSpecification\",\"valueRequired\":true,\"valueName\":\"search_term_string\"}}],\"inLanguage\":\"pt-BR\"}]}<\/script>\n<!-- \/ Yoast SEO plugin. -->","yoast_head_json":{"title":"Roseana entregar\u00e1 Via Expressa em 28 de novembro e IV Centen\u00e1rio no dia seguinte - Daniel Matos","robots":{"index":"index","follow":"follow","max-snippet":"max-snippet:-1","max-image-preview":"max-image-preview:large","max-video-preview":"max-video-preview:-1"},"canonical":"https:\/\/www.blogsoestado.com\/danielmatos\/roseana-entregara-via-expressa-em-28-de-novembro-e-iv-centenario-no-dia-seguinte\/","og_locale":"pt_BR","og_type":"article","og_title":"Roseana entregar\u00e1 Via Expressa em 28 de novembro e IV Centen\u00e1rio no dia seguinte - Daniel Matos","og_description":"A governadora Roseana Sarney vistoriou, na tarde desta ter\u00e7a-feira (21), em S\u00e3o Lu\u00eds, o andamento das obras da Avenida IV [&hellip;]","og_url":"https:\/\/www.blogsoestado.com\/danielmatos\/roseana-entregara-via-expressa-em-28-de-novembro-e-iv-centenario-no-dia-seguinte\/","og_site_name":"Daniel Matos","article_published_time":"2014-10-22T11:21:02+00:00","og_image":[{"url":"https:\/\/www.blogsoestado.com\/danielmatos\/files\/2014\/10\/roseana-vistoria.jpg","type":"","width":"","height":""}],"twitter_card":"summary_large_image","twitter_misc":{"Est. tempo de leitura":"2 minutos"},"schema":{"@context":"https:\/\/schema.org","@graph":[{"@type":"WebPage","@id":"https:\/\/www.blogsoestado.com\/danielmatos\/roseana-entregara-via-expressa-em-28-de-novembro-e-iv-centenario-no-dia-seguinte\/","url":"https:\/\/www.blogsoestado.com\/danielmatos\/roseana-entregara-via-expressa-em-28-de-novembro-e-iv-centenario-no-dia-seguinte\/","name":"Roseana entregar\u00e1 Via Expressa em 28 de novembro e IV Centen\u00e1rio no dia seguinte - Daniel Matos","isPartOf":{"@id":"https:\/\/www.blogsoestado.com\/danielmatos\/#website"},"primaryImageOfPage":{"@id":"https:\/\/www.blogsoestado.com\/danielmatos\/roseana-entregara-via-expressa-em-28-de-novembro-e-iv-centenario-no-dia-seguinte\/#primaryimage"},"image":{"@id":"https:\/\/www.blogsoestado.com\/danielmatos\/roseana-entregara-via-expressa-em-28-de-novembro-e-iv-centenario-no-dia-seguinte\/#primaryimage"},"thumbnailUrl":"https:\/\/www.blogsoestado.com\/danielmatos\/files\/2014\/10\/roseana-vistoria.jpg","datePublished":"2014-10-22T11:21:02+00:00","author":{"@id":""},"breadcrumb":{"@id":"https:\/\/www.blogsoestado.com\/danielmatos\/roseana-entregara-via-expressa-em-28-de-novembro-e-iv-centenario-no-dia-seguinte\/#breadcrumb"},"inLanguage":"pt-BR","potentialAction":[{"@type":"ReadAction","target":["https:\/\/www.blogsoestado.com\/danielmatos\/roseana-entregara-via-expressa-em-28-de-novembro-e-iv-centenario-no-dia-seguinte\/"]}]},{"@type":"ImageObject","inLanguage":"pt-BR","@id":"https:\/\/www.blogsoestado.com\/danielmatos\/roseana-entregara-via-expressa-em-28-de-novembro-e-iv-centenario-no-dia-seguinte\/#primaryimage","url":"https:\/\/www.blogsoestado.com\/danielmatos\/files\/2014\/10\/roseana-vistoria.jpg","contentUrl":"https:\/\/www.blogsoestado.com\/danielmatos\/files\/2014\/10\/roseana-vistoria.jpg"},{"@type":"BreadcrumbList","@id":"https:\/\/www.blogsoestado.com\/danielmatos\/roseana-entregara-via-expressa-em-28-de-novembro-e-iv-centenario-no-dia-seguinte\/#breadcrumb","itemListElement":[{"@type":"ListItem","position":1,"name":"In\u00edcio","item":"https:\/\/www.blogsoestado.com\/danielmatos\/"},{"@type":"ListItem","position":2,"name":"Roseana entregar\u00e1 Via Expressa em 28 de novembro e IV Centen\u00e1rio no dia seguinte"}]},{"@type":"WebSite","@id":"https:\/\/www.blogsoestado.com\/danielmatos\/#website","url":"https:\/\/www.blogsoestado.com\/danielmatos\/","name":"Daniel Matos","description":"","potentialAction":[{"@type":"SearchAction","target":{"@type":"EntryPoint","urlTemplate":"https:\/\/www.blogsoestado.com\/danielmatos\/?s={search_term_string}"},"query-input":{"@type":"PropertyValueSpecification","valueRequired":true,"valueName":"search_term_string"}}],"inLanguage":"pt-BR"}]}},"jetpack_featured_media_url":"","_links":{"self":[{"href":"https:\/\/www.blogsoestado.com\/danielmatos\/wp-json\/wp\/v2\/posts\/20043","targetHints":{"allow":["GET"]}}],"collection":[{"href":"https:\/\/www.blogsoestado.com\/danielmatos\/wp-json\/wp\/v2\/posts"}],"about":[{"href":"https:\/\/www.blogsoestado.com\/danielmatos\/wp-json\/wp\/v2\/types\/post"}],"replies":[{"embeddable":true,"href":"https:\/\/www.blogsoestado.com\/danielmatos\/wp-json\/wp\/v2\/comments?post=20043"}],"version-history":[{"count":0,"href":"https:\/\/www.blogsoestado.com\/danielmatos\/wp-json\/wp\/v2\/posts\/20043\/revisions"}],"wp:attachment":[{"href":"https:\/\/www.blogsoestado.com\/danielmatos\/wp-json\/wp\/v2\/media?parent=20043"}],"wp:term":[{"taxonomy":"category","embeddable":true,"href":"https:\/\/www.blogsoestado.com\/danielmatos\/wp-json\/wp\/v2\/categories?post=20043"},{"taxonomy":"post_tag","embeddable":true,"href":"https:\/\/www.blogsoestado.com\/danielmatos\/wp-json\/wp\/v2\/tags?post=20043"}],"curies":[{"name":"wp","href":"https:\/\/api.w.org\/{rel}","templated":true}]}}