{"id":20048,"date":"2014-10-22T14:59:13","date_gmt":"2014-10-22T17:59:13","guid":{"rendered":"https:\/\/www.blogsoestado.com\/danielmatos\/?p=20048"},"modified":"2014-10-22T14:59:13","modified_gmt":"2014-10-22T17:59:13","slug":"nos-48-anos-da-ufma-reitor-destaca-inclusao-como-principal-marca-de-sua-gestao","status":"publish","type":"post","link":"https:\/\/www.blogsoestado.com\/danielmatos\/nos-48-anos-da-ufma-reitor-destaca-inclusao-como-principal-marca-de-sua-gestao\/","title":{"rendered":"Nos 48 anos da UFMA, reitor destaca inclus\u00e3o como principal marca de sua gest\u00e3o"},"content":{"rendered":"<figure id=\"attachment_20049\" aria-describedby=\"caption-attachment-20049\" style=\"width: 448px\" class=\"wp-caption alignleft\"><a href=\"https:\/\/www.blogsoestado.com\/danielmatos\/files\/2014\/10\/ufma-48-anos.jpg\"><img fetchpriority=\"high\" decoding=\"async\" class=\"size-full wp-image-20049\" src=\"https:\/\/www.blogsoestado.com\/danielmatos\/files\/2014\/10\/ufma-48-anos.jpg\" alt=\"Natalino Salgado destacou crescimento da UFMA nos \u00faltimos anos\" width=\"448\" height=\"311\" \/><\/a><figcaption id=\"caption-attachment-20049\" class=\"wp-caption-text\">Reitor Natalino Salgado destacou crescimento da UFMA nos \u00faltimos anos<\/figcaption><\/figure>\n<p>O reitor da Universidade Federal do Maranh\u00e3o, Natalino Salgado, destacou o grande crescimento da universidade nos \u00faltimos anos em infraestrutura, ensino de gradua\u00e7\u00e3o e p\u00f3s-gradua\u00e7\u00e3o, pesquisa, extens\u00e3oo e inclus\u00e3o firmado, segundo ele, com os \u201calicerces do conhecimento e da produ\u00e7\u00e3o de ci\u00eancia com inova\u00e7\u00e3o tecnol\u00f3gica\u201d. A afirma\u00e7\u00e3o foi feita ontem durante a confraterniza\u00e7\u00e3o realizada com a comunidade acad\u00eamica, no restaurante universit\u00e1rio, em comemora\u00e7\u00e3o ao anivers\u00e1rio de 48 anos da institui\u00e7\u00e3o.<\/p>\n<p>Reunido com professores, servidores e alunos, o reitor participou de um caf\u00e9 da manh\u00e3, embalado pela apresenta\u00e7\u00e3o do Coral da UFMA, que cantou um repert\u00f3rio variado, com m\u00fasicas eruditas e populares.<\/p>\n<p>Natalino Salgado disse que uma das principais caracter\u00edsticas da UFMA, hoje, \u00e9 ser uma institui\u00e7\u00e3o inclusiva, gra\u00e7as \u00e0 expans\u00e3o da interioriza\u00e7\u00e3o, e sua capacidade de disponilizar cursos com qualidade para os campi do continente. \u201c\u00c9 a partir do conhecimento que podemos diminuir a desigualdade do pa\u00eds e essa \u00e9 a pol\u00edtica carro chefe do desenvolvimento que implantamos, aplicando bem os recursos p\u00fablicos\u201d, ressaltou. Al\u00e9m de S\u00e3o Lu\u00eds, a UFMA possui hoje campus estruturado e em pleno funcionamento nos munic\u00edpios de Imperatriz, Chapadinha, Bacabal, Cod\u00f3, Pinheiro, Balsas, S\u00e3o Bernardo e Graja\u00fa.<\/p>\n<p>A melhoria da infraestrutura, com a cria\u00e7\u00e3o de novos ambientes acad\u00eamicos e espa\u00e7os f\u00edsicos, como o Centro de Conven\u00e7\u00f5es, al\u00e9m de dezenas de laborat\u00f3rios para as pr\u00e1ticas dos cursos e a climatiza\u00e7\u00e3o de salas de aula, tamb\u00e9m vieram contribuir para o salto de qualidade experimentado pela UFMA nos sete \u00faltimos anos. A reformula\u00e7\u00e3o de projetos pedag\u00f3gicos dos cursos e a qualifica\u00e7\u00e3o docente s\u00e3o, ainda, decisivos para elevar o ensino a um patamar equivalente ao de institui\u00e7\u00f5es de ensino superior de grande porte.<\/p>\n<figure id=\"attachment_20050\" aria-describedby=\"caption-attachment-20050\" style=\"width: 640px\" class=\"wp-caption aligncenter\"><a href=\"https:\/\/www.blogsoestado.com\/danielmatos\/files\/2014\/10\/ufma-48-anos2.jpg\"><img decoding=\"async\" class=\"size-full wp-image-20050\" src=\"https:\/\/www.blogsoestado.com\/danielmatos\/files\/2014\/10\/ufma-48-anos2.jpg\" alt=\"Caf\u00e9 da manh\u00e3 reuniu professores, servidores e alunos\" width=\"640\" height=\"311\" \/><\/a><figcaption id=\"caption-attachment-20050\" class=\"wp-caption-text\">Natalino\u00a0faz pronunciamento a professores, servidores e alunos na abertura do anivers\u00e1rio de 48 anos da UFMA<\/figcaption><\/figure>\n<p>Nesta quinta-feira, 23, \u00e0s 19h, as celebra\u00e7\u00f5es em comemora\u00e7\u00e3o aos 48 anos da UFMA ter\u00e3o sequ\u00eancia no Audit\u00f3rio Central com a solenidade de entrega da honraria &#8220;Palmas Universit\u00e1rias&#8221;, concedida a professores e servidores da UFMA, bem como \u00e0s institui\u00e7\u00f5es parceiras que possuem relevantes servi\u00e7os prestados \u00e0 comunidade acad\u00eamica. Nesta edi\u00e7\u00e3o, ser\u00e3o 77 homenageados, 59 entre docentes e t\u00e9cnico-administrativos e 18 institui\u00e7\u00f5es parceiras.<\/p>\n<p>Com 28 anos de exist\u00eancia, as &#8220;Palmas Universit\u00e1rias&#8221; s\u00e3o concedidas a personalidades que se destacaram em suas atividades na Universidade, merecedoras de reconhecimento p\u00fablico por toda comunidade acad\u00eamica. Os homenageados s\u00e3o escolhidos em um amplo e democr\u00e1tico processo que se inicia nas unidades acad\u00eamicas e administrativas. Uma comiss\u00e3o especial efetua a escolha e indica\u00e7\u00e3o de personalidades que comp\u00f5em a categoria dos \u2018Construtores da Hist\u00f3ria\u2019.<\/p>\n","protected":false},"excerpt":{"rendered":"<p>O reitor da Universidade Federal do Maranh\u00e3o, Natalino Salgado, destacou o grande crescimento da universidade nos \u00faltimos anos em infraestrutura, [&hellip;]<\/p>\n","protected":false},"author":0,"featured_media":0,"comment_status":"open","ping_status":"open","sticky":false,"template":"","format":"standard","meta":{"site-sidebar-layout":"default","site-content-layout":"","ast-site-content-layout":"default","site-content-style":"default","site-sidebar-style":"default","ast-global-header-display":"","ast-banner-title-visibility":"","ast-main-header-display":"","ast-hfb-above-header-display":"","ast-hfb-below-header-display":"","ast-hfb-mobile-header-display":"","site-post-title":"","ast-breadcrumbs-content":"","ast-featured-img":"","footer-sml-layout":"","ast-disable-related-posts":"","theme-transparent-header-meta":"","adv-header-id-meta":"","stick-header-meta":"","header-above-stick-meta":"","header-main-stick-meta":"","header-below-stick-meta":"","astra-migrate-meta-layouts":"default","ast-page-background-enabled":"default","ast-page-background-meta":{"desktop":{"background-color":"var(--ast-global-color-5)","background-image":"","background-repeat":"repeat","background-position":"center center","background-size":"auto","background-attachment":"scroll","background-type":"","background-media":"","overlay-type":"","overlay-color":"","overlay-opacity":"","overlay-gradient":""},"tablet":{"background-color":"","background-image":"","background-repeat":"repeat","background-position":"center center","background-size":"auto","background-attachment":"scroll","background-type":"","background-media":"","overlay-type":"","overlay-color":"","overlay-opacity":"","overlay-gradient":""},"mobile":{"background-color":"","background-image":"","background-repeat":"repeat","background-position":"center center","background-size":"auto","background-attachment":"scroll","background-type":"","background-media":"","overlay-type":"","overlay-color":"","overlay-opacity":"","overlay-gradient":""}},"ast-content-background-meta":{"desktop":{"background-color":"var(--ast-global-color-4)","background-image":"","background-repeat":"repeat","background-position":"center center","background-size":"auto","background-attachment":"scroll","background-type":"","background-media":"","overlay-type":"","overlay-color":"","overlay-opacity":"","overlay-gradient":""},"tablet":{"background-color":"var(--ast-global-color-4)","background-image":"","background-repeat":"repeat","background-position":"center center","background-size":"auto","background-attachment":"scroll","background-type":"","background-media":"","overlay-type":"","overlay-color":"","overlay-opacity":"","overlay-gradient":""},"mobile":{"background-color":"var(--ast-global-color-4)","background-image":"","background-repeat":"repeat","background-position":"center center","background-size":"auto","background-attachment":"scroll","background-type":"","background-media":"","overlay-type":"","overlay-color":"","overlay-opacity":"","overlay-gradient":""}},"footnotes":""},"categories":[1],"tags":[],"class_list":["post-20048","post","type-post","status-publish","format-standard","hentry","category-sem-categoria"],"yoast_head":"<!-- This site is optimized with the Yoast SEO plugin v26.6 - https:\/\/yoast.com\/wordpress\/plugins\/seo\/ -->\n<title>Nos 48 anos da UFMA, reitor destaca inclus\u00e3o como principal marca de sua gest\u00e3o - Daniel Matos<\/title>\n<meta name=\"robots\" content=\"index, follow, max-snippet:-1, max-image-preview:large, max-video-preview:-1\" \/>\n<link rel=\"canonical\" href=\"https:\/\/www.blogsoestado.com\/danielmatos\/nos-48-anos-da-ufma-reitor-destaca-inclusao-como-principal-marca-de-sua-gestao\/\" \/>\n<meta property=\"og:locale\" content=\"pt_BR\" \/>\n<meta property=\"og:type\" content=\"article\" \/>\n<meta property=\"og:title\" content=\"Nos 48 anos da UFMA, reitor destaca inclus\u00e3o como principal marca de sua gest\u00e3o - Daniel Matos\" \/>\n<meta property=\"og:description\" content=\"O reitor da Universidade Federal do Maranh\u00e3o, Natalino Salgado, destacou o grande crescimento da universidade nos \u00faltimos anos em infraestrutura, [&hellip;]\" \/>\n<meta property=\"og:url\" content=\"https:\/\/www.blogsoestado.com\/danielmatos\/nos-48-anos-da-ufma-reitor-destaca-inclusao-como-principal-marca-de-sua-gestao\/\" \/>\n<meta property=\"og:site_name\" content=\"Daniel Matos\" \/>\n<meta property=\"article:published_time\" content=\"2014-10-22T17:59:13+00:00\" \/>\n<meta property=\"og:image\" content=\"https:\/\/www.blogsoestado.com\/danielmatos\/files\/2014\/10\/ufma-48-anos.jpg\" \/>\n<meta name=\"twitter:card\" content=\"summary_large_image\" \/>\n<meta name=\"twitter:label1\" content=\"Est. tempo de leitura\" \/>\n\t<meta name=\"twitter:data1\" content=\"3 minutos\" \/>\n<script type=\"application\/ld+json\" class=\"yoast-schema-graph\">{\"@context\":\"https:\/\/schema.org\",\"@graph\":[{\"@type\":\"WebPage\",\"@id\":\"https:\/\/www.blogsoestado.com\/danielmatos\/nos-48-anos-da-ufma-reitor-destaca-inclusao-como-principal-marca-de-sua-gestao\/\",\"url\":\"https:\/\/www.blogsoestado.com\/danielmatos\/nos-48-anos-da-ufma-reitor-destaca-inclusao-como-principal-marca-de-sua-gestao\/\",\"name\":\"Nos 48 anos da UFMA, reitor destaca inclus\u00e3o como principal marca de sua gest\u00e3o - Daniel Matos\",\"isPartOf\":{\"@id\":\"https:\/\/www.blogsoestado.com\/danielmatos\/#website\"},\"primaryImageOfPage\":{\"@id\":\"https:\/\/www.blogsoestado.com\/danielmatos\/nos-48-anos-da-ufma-reitor-destaca-inclusao-como-principal-marca-de-sua-gestao\/#primaryimage\"},\"image\":{\"@id\":\"https:\/\/www.blogsoestado.com\/danielmatos\/nos-48-anos-da-ufma-reitor-destaca-inclusao-como-principal-marca-de-sua-gestao\/#primaryimage\"},\"thumbnailUrl\":\"https:\/\/www.blogsoestado.com\/danielmatos\/files\/2014\/10\/ufma-48-anos.jpg\",\"datePublished\":\"2014-10-22T17:59:13+00:00\",\"author\":{\"@id\":\"\"},\"breadcrumb\":{\"@id\":\"https:\/\/www.blogsoestado.com\/danielmatos\/nos-48-anos-da-ufma-reitor-destaca-inclusao-como-principal-marca-de-sua-gestao\/#breadcrumb\"},\"inLanguage\":\"pt-BR\",\"potentialAction\":[{\"@type\":\"ReadAction\",\"target\":[\"https:\/\/www.blogsoestado.com\/danielmatos\/nos-48-anos-da-ufma-reitor-destaca-inclusao-como-principal-marca-de-sua-gestao\/\"]}]},{\"@type\":\"ImageObject\",\"inLanguage\":\"pt-BR\",\"@id\":\"https:\/\/www.blogsoestado.com\/danielmatos\/nos-48-anos-da-ufma-reitor-destaca-inclusao-como-principal-marca-de-sua-gestao\/#primaryimage\",\"url\":\"https:\/\/www.blogsoestado.com\/danielmatos\/files\/2014\/10\/ufma-48-anos.jpg\",\"contentUrl\":\"https:\/\/www.blogsoestado.com\/danielmatos\/files\/2014\/10\/ufma-48-anos.jpg\"},{\"@type\":\"BreadcrumbList\",\"@id\":\"https:\/\/www.blogsoestado.com\/danielmatos\/nos-48-anos-da-ufma-reitor-destaca-inclusao-como-principal-marca-de-sua-gestao\/#breadcrumb\",\"itemListElement\":[{\"@type\":\"ListItem\",\"position\":1,\"name\":\"In\u00edcio\",\"item\":\"https:\/\/www.blogsoestado.com\/danielmatos\/\"},{\"@type\":\"ListItem\",\"position\":2,\"name\":\"Nos 48 anos da UFMA, reitor destaca inclus\u00e3o como principal marca de sua gest\u00e3o\"}]},{\"@type\":\"WebSite\",\"@id\":\"https:\/\/www.blogsoestado.com\/danielmatos\/#website\",\"url\":\"https:\/\/www.blogsoestado.com\/danielmatos\/\",\"name\":\"Daniel Matos\",\"description\":\"\",\"potentialAction\":[{\"@type\":\"SearchAction\",\"target\":{\"@type\":\"EntryPoint\",\"urlTemplate\":\"https:\/\/www.blogsoestado.com\/danielmatos\/?s={search_term_string}\"},\"query-input\":{\"@type\":\"PropertyValueSpecification\",\"valueRequired\":true,\"valueName\":\"search_term_string\"}}],\"inLanguage\":\"pt-BR\"}]}<\/script>\n<!-- \/ Yoast SEO plugin. -->","yoast_head_json":{"title":"Nos 48 anos da UFMA, reitor destaca inclus\u00e3o como principal marca de sua gest\u00e3o - Daniel Matos","robots":{"index":"index","follow":"follow","max-snippet":"max-snippet:-1","max-image-preview":"max-image-preview:large","max-video-preview":"max-video-preview:-1"},"canonical":"https:\/\/www.blogsoestado.com\/danielmatos\/nos-48-anos-da-ufma-reitor-destaca-inclusao-como-principal-marca-de-sua-gestao\/","og_locale":"pt_BR","og_type":"article","og_title":"Nos 48 anos da UFMA, reitor destaca inclus\u00e3o como principal marca de sua gest\u00e3o - Daniel Matos","og_description":"O reitor da Universidade Federal do Maranh\u00e3o, Natalino Salgado, destacou o grande crescimento da universidade nos \u00faltimos anos em infraestrutura, [&hellip;]","og_url":"https:\/\/www.blogsoestado.com\/danielmatos\/nos-48-anos-da-ufma-reitor-destaca-inclusao-como-principal-marca-de-sua-gestao\/","og_site_name":"Daniel Matos","article_published_time":"2014-10-22T17:59:13+00:00","og_image":[{"url":"https:\/\/www.blogsoestado.com\/danielmatos\/files\/2014\/10\/ufma-48-anos.jpg","type":"","width":"","height":""}],"twitter_card":"summary_large_image","twitter_misc":{"Est. tempo de leitura":"3 minutos"},"schema":{"@context":"https:\/\/schema.org","@graph":[{"@type":"WebPage","@id":"https:\/\/www.blogsoestado.com\/danielmatos\/nos-48-anos-da-ufma-reitor-destaca-inclusao-como-principal-marca-de-sua-gestao\/","url":"https:\/\/www.blogsoestado.com\/danielmatos\/nos-48-anos-da-ufma-reitor-destaca-inclusao-como-principal-marca-de-sua-gestao\/","name":"Nos 48 anos da UFMA, reitor destaca inclus\u00e3o como principal marca de sua gest\u00e3o - Daniel Matos","isPartOf":{"@id":"https:\/\/www.blogsoestado.com\/danielmatos\/#website"},"primaryImageOfPage":{"@id":"https:\/\/www.blogsoestado.com\/danielmatos\/nos-48-anos-da-ufma-reitor-destaca-inclusao-como-principal-marca-de-sua-gestao\/#primaryimage"},"image":{"@id":"https:\/\/www.blogsoestado.com\/danielmatos\/nos-48-anos-da-ufma-reitor-destaca-inclusao-como-principal-marca-de-sua-gestao\/#primaryimage"},"thumbnailUrl":"https:\/\/www.blogsoestado.com\/danielmatos\/files\/2014\/10\/ufma-48-anos.jpg","datePublished":"2014-10-22T17:59:13+00:00","author":{"@id":""},"breadcrumb":{"@id":"https:\/\/www.blogsoestado.com\/danielmatos\/nos-48-anos-da-ufma-reitor-destaca-inclusao-como-principal-marca-de-sua-gestao\/#breadcrumb"},"inLanguage":"pt-BR","potentialAction":[{"@type":"ReadAction","target":["https:\/\/www.blogsoestado.com\/danielmatos\/nos-48-anos-da-ufma-reitor-destaca-inclusao-como-principal-marca-de-sua-gestao\/"]}]},{"@type":"ImageObject","inLanguage":"pt-BR","@id":"https:\/\/www.blogsoestado.com\/danielmatos\/nos-48-anos-da-ufma-reitor-destaca-inclusao-como-principal-marca-de-sua-gestao\/#primaryimage","url":"https:\/\/www.blogsoestado.com\/danielmatos\/files\/2014\/10\/ufma-48-anos.jpg","contentUrl":"https:\/\/www.blogsoestado.com\/danielmatos\/files\/2014\/10\/ufma-48-anos.jpg"},{"@type":"BreadcrumbList","@id":"https:\/\/www.blogsoestado.com\/danielmatos\/nos-48-anos-da-ufma-reitor-destaca-inclusao-como-principal-marca-de-sua-gestao\/#breadcrumb","itemListElement":[{"@type":"ListItem","position":1,"name":"In\u00edcio","item":"https:\/\/www.blogsoestado.com\/danielmatos\/"},{"@type":"ListItem","position":2,"name":"Nos 48 anos da UFMA, reitor destaca inclus\u00e3o como principal marca de sua gest\u00e3o"}]},{"@type":"WebSite","@id":"https:\/\/www.blogsoestado.com\/danielmatos\/#website","url":"https:\/\/www.blogsoestado.com\/danielmatos\/","name":"Daniel Matos","description":"","potentialAction":[{"@type":"SearchAction","target":{"@type":"EntryPoint","urlTemplate":"https:\/\/www.blogsoestado.com\/danielmatos\/?s={search_term_string}"},"query-input":{"@type":"PropertyValueSpecification","valueRequired":true,"valueName":"search_term_string"}}],"inLanguage":"pt-BR"}]}},"jetpack_featured_media_url":"","_links":{"self":[{"href":"https:\/\/www.blogsoestado.com\/danielmatos\/wp-json\/wp\/v2\/posts\/20048","targetHints":{"allow":["GET"]}}],"collection":[{"href":"https:\/\/www.blogsoestado.com\/danielmatos\/wp-json\/wp\/v2\/posts"}],"about":[{"href":"https:\/\/www.blogsoestado.com\/danielmatos\/wp-json\/wp\/v2\/types\/post"}],"replies":[{"embeddable":true,"href":"https:\/\/www.blogsoestado.com\/danielmatos\/wp-json\/wp\/v2\/comments?post=20048"}],"version-history":[{"count":0,"href":"https:\/\/www.blogsoestado.com\/danielmatos\/wp-json\/wp\/v2\/posts\/20048\/revisions"}],"wp:attachment":[{"href":"https:\/\/www.blogsoestado.com\/danielmatos\/wp-json\/wp\/v2\/media?parent=20048"}],"wp:term":[{"taxonomy":"category","embeddable":true,"href":"https:\/\/www.blogsoestado.com\/danielmatos\/wp-json\/wp\/v2\/categories?post=20048"},{"taxonomy":"post_tag","embeddable":true,"href":"https:\/\/www.blogsoestado.com\/danielmatos\/wp-json\/wp\/v2\/tags?post=20048"}],"curies":[{"name":"wp","href":"https:\/\/api.w.org\/{rel}","templated":true}]}}