{"id":20280,"date":"2014-11-03T09:35:23","date_gmt":"2014-11-03T12:35:23","guid":{"rendered":"https:\/\/www.blogsoestado.com\/danielmatos\/?p=20280"},"modified":"2014-11-03T09:35:23","modified_gmt":"2014-11-03T12:35:23","slug":"flavio-dino-anuncia-secretaria-das-cidades","status":"publish","type":"post","link":"https:\/\/www.blogsoestado.com\/danielmatos\/flavio-dino-anuncia-secretaria-das-cidades\/","title":{"rendered":"Fl\u00e1vio Dino anuncia secret\u00e1ria das Cidades"},"content":{"rendered":"<figure id=\"attachment_20281\" aria-describedby=\"caption-attachment-20281\" style=\"width: 336px\" class=\"wp-caption alignright\"><a href=\"https:\/\/www.blogsoestado.com\/danielmatos\/files\/2014\/11\/secretaria-cidades.jpg\"><img fetchpriority=\"high\" decoding=\"async\" class=\"size-full wp-image-20281\" src=\"https:\/\/www.blogsoestado.com\/danielmatos\/files\/2014\/11\/secretaria-cidades.jpg\" alt=\"Fl\u00e1via Alexandrina Coelho Almeida Moreira ser\u00e1 secret\u00e1ria das Cidades a partir de 1\u00ba de janeiro\" width=\"336\" height=\"448\" \/><\/a><figcaption id=\"caption-attachment-20281\" class=\"wp-caption-text\">Fl\u00e1via Alexandrina Coelho Almeida Moreira ser\u00e1 secret\u00e1ria das Cidades a partir de 1\u00ba de janeiro<\/figcaption><\/figure>\n<p>Mais um nome para compor a equipe de Governo de Fl\u00e1vio Dino foi anunciado nesta segunda-feira (03) atrav\u00e9s das redes sociais. Fl\u00e1via Alexandrina Coelho Almeida Moreira ser\u00e1 secret\u00e1ria das Cidades a partir de 1\u00ba de janeiro.<\/p>\n<p>A nova secret\u00e1ria assume a pasta com o desafio de pensar e promover a\u00e7\u00f5es para desenvolver os munic\u00edpios do estado, com \u00eanfase na \u00e1rea de habita\u00e7\u00e3o, com di\u00e1logo permanente com a sociedade e movimentos sociais, atrav\u00e9s do Conselho Estadual das Cidades e o Conselho Gestor do Fundo Estadual de Habita\u00e7\u00e3o de Interesse Social.<\/p>\n<p>\u00c9 da Secretaria das Cidades uma das metas mais ousadas que Fl\u00e1vio Dino assumiu durante a campanha: diminuir o d\u00e9ficit habitacional do estado &#8211; que \u00e9 o maior do pa\u00eds &#8211; com o programa Minha Casa, Meu Maranh\u00e3o. Para isso, trabalhar\u00e1 na articula\u00e7\u00e3o de recursos federais e estaduais, al\u00e9m da integra\u00e7\u00e3o de pol\u00edticas p\u00fablicas. Alguns dos focos priorit\u00e1rios ser\u00e3o os 20 munic\u00edpios com pior IDH \u2013 \u00cdndice de Desenvolvimento Humano, promovendo habita\u00e7\u00e3o digna e infraestrutura para garantir qualidade de vida tamb\u00e9m na \u00e1rea rural.<\/p>\n<p>FL\u00c1VIA ALEXANDRINA COELHO ALMEIDA MOREIRA &#8211; Secretaria das Cidades<\/p>\n<p>Fl\u00e1via Moreira \u00e9 funcion\u00e1ria de carreira da Caixa Econ\u00f4mica Federal \u2013 uma das principais institui\u00e7\u00f5es fomentadoras de cr\u00e9dito imobili\u00e1rio, onde atuou na operacionaliza\u00e7\u00e3o de pol\u00edticas p\u00fablicas como gerente da Filial de Desenvolvimento, atendendo todo o estado na gest\u00e3o de contratos de habita\u00e7\u00e3o, saneamento e infraestrutura. Tem tamb\u00e9m passagem por outras institui\u00e7\u00f5es de cr\u00e9dito de desenvolvimento do estado, como no Banco de Desenvolvimento do Maranh\u00e3o (BDM).<\/p>\n<p>Ela \u00e9 formada em Ci\u00eancias Cont\u00e1beis pela Universidade Federal do Maranh\u00e3o (UFMA) e possui p\u00f3s-gradua\u00e7\u00e3o em Gest\u00e3o de Pol\u00edticas P\u00fablicas pelo ISAN\/FGV. Fl\u00e1via Moreira tamb\u00e9m integrou o N\u00facleo Gestor de Revitaliza\u00e7\u00e3o do Centro Hist\u00f3rico de S\u00e3o Lu\u00eds, foi conselheira do Conselho das Cidades do Maranh\u00e3o e do Conselho da Cidade de S\u00e3o Lu\u00eds.<\/p>\n","protected":false},"excerpt":{"rendered":"<p>Mais um nome para compor a equipe de Governo de Fl\u00e1vio Dino foi anunciado nesta segunda-feira (03) atrav\u00e9s das redes [&hellip;]<\/p>\n","protected":false},"author":0,"featured_media":0,"comment_status":"open","ping_status":"open","sticky":false,"template":"","format":"standard","meta":{"site-sidebar-layout":"default","site-content-layout":"","ast-site-content-layout":"default","site-content-style":"default","site-sidebar-style":"default","ast-global-header-display":"","ast-banner-title-visibility":"","ast-main-header-display":"","ast-hfb-above-header-display":"","ast-hfb-below-header-display":"","ast-hfb-mobile-header-display":"","site-post-title":"","ast-breadcrumbs-content":"","ast-featured-img":"","footer-sml-layout":"","ast-disable-related-posts":"","theme-transparent-header-meta":"","adv-header-id-meta":"","stick-header-meta":"","header-above-stick-meta":"","header-main-stick-meta":"","header-below-stick-meta":"","astra-migrate-meta-layouts":"default","ast-page-background-enabled":"default","ast-page-background-meta":{"desktop":{"background-color":"var(--ast-global-color-5)","background-image":"","background-repeat":"repeat","background-position":"center center","background-size":"auto","background-attachment":"scroll","background-type":"","background-media":"","overlay-type":"","overlay-color":"","overlay-opacity":"","overlay-gradient":""},"tablet":{"background-color":"","background-image":"","background-repeat":"repeat","background-position":"center center","background-size":"auto","background-attachment":"scroll","background-type":"","background-media":"","overlay-type":"","overlay-color":"","overlay-opacity":"","overlay-gradient":""},"mobile":{"background-color":"","background-image":"","background-repeat":"repeat","background-position":"center center","background-size":"auto","background-attachment":"scroll","background-type":"","background-media":"","overlay-type":"","overlay-color":"","overlay-opacity":"","overlay-gradient":""}},"ast-content-background-meta":{"desktop":{"background-color":"var(--ast-global-color-4)","background-image":"","background-repeat":"repeat","background-position":"center center","background-size":"auto","background-attachment":"scroll","background-type":"","background-media":"","overlay-type":"","overlay-color":"","overlay-opacity":"","overlay-gradient":""},"tablet":{"background-color":"var(--ast-global-color-4)","background-image":"","background-repeat":"repeat","background-position":"center center","background-size":"auto","background-attachment":"scroll","background-type":"","background-media":"","overlay-type":"","overlay-color":"","overlay-opacity":"","overlay-gradient":""},"mobile":{"background-color":"var(--ast-global-color-4)","background-image":"","background-repeat":"repeat","background-position":"center center","background-size":"auto","background-attachment":"scroll","background-type":"","background-media":"","overlay-type":"","overlay-color":"","overlay-opacity":"","overlay-gradient":""}},"footnotes":""},"categories":[1],"tags":[],"class_list":["post-20280","post","type-post","status-publish","format-standard","hentry","category-sem-categoria"],"yoast_head":"<!-- This site is optimized with the Yoast SEO plugin v26.6 - https:\/\/yoast.com\/wordpress\/plugins\/seo\/ -->\n<title>Fl\u00e1vio Dino anuncia secret\u00e1ria das Cidades - Daniel Matos<\/title>\n<meta name=\"robots\" content=\"index, follow, max-snippet:-1, max-image-preview:large, max-video-preview:-1\" \/>\n<link rel=\"canonical\" href=\"https:\/\/www.blogsoestado.com\/danielmatos\/flavio-dino-anuncia-secretaria-das-cidades\/\" \/>\n<meta property=\"og:locale\" content=\"pt_BR\" \/>\n<meta property=\"og:type\" content=\"article\" \/>\n<meta property=\"og:title\" content=\"Fl\u00e1vio Dino anuncia secret\u00e1ria das Cidades - Daniel Matos\" \/>\n<meta property=\"og:description\" content=\"Mais um nome para compor a equipe de Governo de Fl\u00e1vio Dino foi anunciado nesta segunda-feira (03) atrav\u00e9s das redes [&hellip;]\" \/>\n<meta property=\"og:url\" content=\"https:\/\/www.blogsoestado.com\/danielmatos\/flavio-dino-anuncia-secretaria-das-cidades\/\" \/>\n<meta property=\"og:site_name\" content=\"Daniel Matos\" \/>\n<meta property=\"article:published_time\" content=\"2014-11-03T12:35:23+00:00\" \/>\n<meta property=\"og:image\" content=\"https:\/\/www.blogsoestado.com\/danielmatos\/files\/2014\/11\/secretaria-cidades.jpg\" \/>\n<meta name=\"twitter:card\" content=\"summary_large_image\" \/>\n<meta name=\"twitter:label1\" content=\"Est. tempo de leitura\" \/>\n\t<meta name=\"twitter:data1\" content=\"2 minutos\" \/>\n<script type=\"application\/ld+json\" class=\"yoast-schema-graph\">{\"@context\":\"https:\/\/schema.org\",\"@graph\":[{\"@type\":\"WebPage\",\"@id\":\"https:\/\/www.blogsoestado.com\/danielmatos\/flavio-dino-anuncia-secretaria-das-cidades\/\",\"url\":\"https:\/\/www.blogsoestado.com\/danielmatos\/flavio-dino-anuncia-secretaria-das-cidades\/\",\"name\":\"Fl\u00e1vio Dino anuncia secret\u00e1ria das Cidades - Daniel Matos\",\"isPartOf\":{\"@id\":\"https:\/\/www.blogsoestado.com\/danielmatos\/#website\"},\"primaryImageOfPage\":{\"@id\":\"https:\/\/www.blogsoestado.com\/danielmatos\/flavio-dino-anuncia-secretaria-das-cidades\/#primaryimage\"},\"image\":{\"@id\":\"https:\/\/www.blogsoestado.com\/danielmatos\/flavio-dino-anuncia-secretaria-das-cidades\/#primaryimage\"},\"thumbnailUrl\":\"https:\/\/www.blogsoestado.com\/danielmatos\/files\/2014\/11\/secretaria-cidades.jpg\",\"datePublished\":\"2014-11-03T12:35:23+00:00\",\"author\":{\"@id\":\"\"},\"breadcrumb\":{\"@id\":\"https:\/\/www.blogsoestado.com\/danielmatos\/flavio-dino-anuncia-secretaria-das-cidades\/#breadcrumb\"},\"inLanguage\":\"pt-BR\",\"potentialAction\":[{\"@type\":\"ReadAction\",\"target\":[\"https:\/\/www.blogsoestado.com\/danielmatos\/flavio-dino-anuncia-secretaria-das-cidades\/\"]}]},{\"@type\":\"ImageObject\",\"inLanguage\":\"pt-BR\",\"@id\":\"https:\/\/www.blogsoestado.com\/danielmatos\/flavio-dino-anuncia-secretaria-das-cidades\/#primaryimage\",\"url\":\"https:\/\/www.blogsoestado.com\/danielmatos\/files\/2014\/11\/secretaria-cidades.jpg\",\"contentUrl\":\"https:\/\/www.blogsoestado.com\/danielmatos\/files\/2014\/11\/secretaria-cidades.jpg\"},{\"@type\":\"BreadcrumbList\",\"@id\":\"https:\/\/www.blogsoestado.com\/danielmatos\/flavio-dino-anuncia-secretaria-das-cidades\/#breadcrumb\",\"itemListElement\":[{\"@type\":\"ListItem\",\"position\":1,\"name\":\"In\u00edcio\",\"item\":\"https:\/\/www.blogsoestado.com\/danielmatos\/\"},{\"@type\":\"ListItem\",\"position\":2,\"name\":\"Fl\u00e1vio Dino anuncia secret\u00e1ria das Cidades\"}]},{\"@type\":\"WebSite\",\"@id\":\"https:\/\/www.blogsoestado.com\/danielmatos\/#website\",\"url\":\"https:\/\/www.blogsoestado.com\/danielmatos\/\",\"name\":\"Daniel Matos\",\"description\":\"\",\"potentialAction\":[{\"@type\":\"SearchAction\",\"target\":{\"@type\":\"EntryPoint\",\"urlTemplate\":\"https:\/\/www.blogsoestado.com\/danielmatos\/?s={search_term_string}\"},\"query-input\":{\"@type\":\"PropertyValueSpecification\",\"valueRequired\":true,\"valueName\":\"search_term_string\"}}],\"inLanguage\":\"pt-BR\"}]}<\/script>\n<!-- \/ Yoast SEO plugin. -->","yoast_head_json":{"title":"Fl\u00e1vio Dino anuncia secret\u00e1ria das Cidades - Daniel Matos","robots":{"index":"index","follow":"follow","max-snippet":"max-snippet:-1","max-image-preview":"max-image-preview:large","max-video-preview":"max-video-preview:-1"},"canonical":"https:\/\/www.blogsoestado.com\/danielmatos\/flavio-dino-anuncia-secretaria-das-cidades\/","og_locale":"pt_BR","og_type":"article","og_title":"Fl\u00e1vio Dino anuncia secret\u00e1ria das Cidades - Daniel Matos","og_description":"Mais um nome para compor a equipe de Governo de Fl\u00e1vio Dino foi anunciado nesta segunda-feira (03) atrav\u00e9s das redes [&hellip;]","og_url":"https:\/\/www.blogsoestado.com\/danielmatos\/flavio-dino-anuncia-secretaria-das-cidades\/","og_site_name":"Daniel Matos","article_published_time":"2014-11-03T12:35:23+00:00","og_image":[{"url":"https:\/\/www.blogsoestado.com\/danielmatos\/files\/2014\/11\/secretaria-cidades.jpg","type":"","width":"","height":""}],"twitter_card":"summary_large_image","twitter_misc":{"Est. tempo de leitura":"2 minutos"},"schema":{"@context":"https:\/\/schema.org","@graph":[{"@type":"WebPage","@id":"https:\/\/www.blogsoestado.com\/danielmatos\/flavio-dino-anuncia-secretaria-das-cidades\/","url":"https:\/\/www.blogsoestado.com\/danielmatos\/flavio-dino-anuncia-secretaria-das-cidades\/","name":"Fl\u00e1vio Dino anuncia secret\u00e1ria das Cidades - Daniel Matos","isPartOf":{"@id":"https:\/\/www.blogsoestado.com\/danielmatos\/#website"},"primaryImageOfPage":{"@id":"https:\/\/www.blogsoestado.com\/danielmatos\/flavio-dino-anuncia-secretaria-das-cidades\/#primaryimage"},"image":{"@id":"https:\/\/www.blogsoestado.com\/danielmatos\/flavio-dino-anuncia-secretaria-das-cidades\/#primaryimage"},"thumbnailUrl":"https:\/\/www.blogsoestado.com\/danielmatos\/files\/2014\/11\/secretaria-cidades.jpg","datePublished":"2014-11-03T12:35:23+00:00","author":{"@id":""},"breadcrumb":{"@id":"https:\/\/www.blogsoestado.com\/danielmatos\/flavio-dino-anuncia-secretaria-das-cidades\/#breadcrumb"},"inLanguage":"pt-BR","potentialAction":[{"@type":"ReadAction","target":["https:\/\/www.blogsoestado.com\/danielmatos\/flavio-dino-anuncia-secretaria-das-cidades\/"]}]},{"@type":"ImageObject","inLanguage":"pt-BR","@id":"https:\/\/www.blogsoestado.com\/danielmatos\/flavio-dino-anuncia-secretaria-das-cidades\/#primaryimage","url":"https:\/\/www.blogsoestado.com\/danielmatos\/files\/2014\/11\/secretaria-cidades.jpg","contentUrl":"https:\/\/www.blogsoestado.com\/danielmatos\/files\/2014\/11\/secretaria-cidades.jpg"},{"@type":"BreadcrumbList","@id":"https:\/\/www.blogsoestado.com\/danielmatos\/flavio-dino-anuncia-secretaria-das-cidades\/#breadcrumb","itemListElement":[{"@type":"ListItem","position":1,"name":"In\u00edcio","item":"https:\/\/www.blogsoestado.com\/danielmatos\/"},{"@type":"ListItem","position":2,"name":"Fl\u00e1vio Dino anuncia secret\u00e1ria das Cidades"}]},{"@type":"WebSite","@id":"https:\/\/www.blogsoestado.com\/danielmatos\/#website","url":"https:\/\/www.blogsoestado.com\/danielmatos\/","name":"Daniel Matos","description":"","potentialAction":[{"@type":"SearchAction","target":{"@type":"EntryPoint","urlTemplate":"https:\/\/www.blogsoestado.com\/danielmatos\/?s={search_term_string}"},"query-input":{"@type":"PropertyValueSpecification","valueRequired":true,"valueName":"search_term_string"}}],"inLanguage":"pt-BR"}]}},"jetpack_featured_media_url":"","_links":{"self":[{"href":"https:\/\/www.blogsoestado.com\/danielmatos\/wp-json\/wp\/v2\/posts\/20280","targetHints":{"allow":["GET"]}}],"collection":[{"href":"https:\/\/www.blogsoestado.com\/danielmatos\/wp-json\/wp\/v2\/posts"}],"about":[{"href":"https:\/\/www.blogsoestado.com\/danielmatos\/wp-json\/wp\/v2\/types\/post"}],"replies":[{"embeddable":true,"href":"https:\/\/www.blogsoestado.com\/danielmatos\/wp-json\/wp\/v2\/comments?post=20280"}],"version-history":[{"count":0,"href":"https:\/\/www.blogsoestado.com\/danielmatos\/wp-json\/wp\/v2\/posts\/20280\/revisions"}],"wp:attachment":[{"href":"https:\/\/www.blogsoestado.com\/danielmatos\/wp-json\/wp\/v2\/media?parent=20280"}],"wp:term":[{"taxonomy":"category","embeddable":true,"href":"https:\/\/www.blogsoestado.com\/danielmatos\/wp-json\/wp\/v2\/categories?post=20280"},{"taxonomy":"post_tag","embeddable":true,"href":"https:\/\/www.blogsoestado.com\/danielmatos\/wp-json\/wp\/v2\/tags?post=20280"}],"curies":[{"name":"wp","href":"https:\/\/api.w.org\/{rel}","templated":true}]}}