{"id":20283,"date":"2014-11-03T10:29:53","date_gmt":"2014-11-03T13:29:53","guid":{"rendered":"https:\/\/www.blogsoestado.com\/danielmatos\/?p=20283"},"modified":"2014-11-03T10:29:53","modified_gmt":"2014-11-03T13:29:53","slug":"agricultura-e-pesca-em-destaque-em-paco-do-lumiar","status":"publish","type":"post","link":"https:\/\/www.blogsoestado.com\/danielmatos\/agricultura-e-pesca-em-destaque-em-paco-do-lumiar\/","title":{"rendered":"Agricultura e pesca em destaque em Pa\u00e7o do Lumiar"},"content":{"rendered":"<p><a href=\"https:\/\/www.blogsoestado.com\/danielmatos\/files\/2014\/11\/pa\u00e7o-agricultura2.png\"><img fetchpriority=\"high\" decoding=\"async\" class=\"aligncenter size-full wp-image-20284\" src=\"https:\/\/www.blogsoestado.com\/danielmatos\/files\/2014\/11\/pa\u00e7o-agricultura2.png\" alt=\"pa\u00e7o agricultura2\" width=\"480\" height=\"480\" \/><\/a><\/p>\n<p>Com o tema \u201cProdu\u00e7\u00e3o e Seguran\u00e7a Alimentar no contexto da Agricultura e Pesca familiar sustent\u00e1vel\u201d, acontece de 3 a 7 de novembro, no Convento das Irm\u00e3s da Purifica\u00e7\u00e3o, no Maiob\u00e3o, a I Semana da Agricultura e Pesca Familiar do Munic\u00edpio de Pa\u00e7o do Lumiar e II Semin\u00e1rio de Agricultura e Pesca Familiar.<\/p>\n<p>A promo\u00e7\u00e3o \u00e9 da Prefeitura de Pa\u00e7o do Lumiar, por meio da Secretaria Municipal de Agricultura, Pesca e Abastecimento &#8211; Semapa, e a inten\u00e7\u00e3o \u00e9 discutir com os agricultores familiares e pescadores artesanais o desenvolvimento de uma pol\u00edtica voltada para a produ\u00e7\u00e3o sustent\u00e1vel e de seguran\u00e7a alimentar, com o objetivo de elaborar um Plano de A\u00e7\u00e3o para o munic\u00edpio de Pa\u00e7o do Lumiar.<\/p>\n<p>O evento vai contar com palestras e oficinas, al\u00e9m do dia de campo de programas, onde ser\u00e1 detalhado todo o processo de organiza\u00e7\u00e3o, implanta\u00e7\u00e3o, produ\u00e7\u00e3o, beneficiamento e comercializa\u00e7\u00e3o dos produtos oriundos da atividade desenvolvida.<\/p>\n<p>\u201cA ideia de uma agricultura familiar revela, antes de tudo, uma preocupa\u00e7\u00e3o crescente com o avan\u00e7o da agricultura moderna\u201d, explica a secret\u00e1ria da Semapa, Rosany Aranha, e completa: \u201cEsse \u00e9 o caminho de uma agricultura familiar sustent\u00e1vel, mas sem comprometer os n\u00edveis tecnol\u00f3gicos j\u00e1 alcan\u00e7ados de seguran\u00e7a alimentar\u201d.<\/p>\n<p>Distante 21,6 km de S\u00e3o Luis, Pa\u00e7o do Lumiar \u00e9 uma cidade caracterizada por atividade agr\u00edcola e pesqueira. Mas a atividade predominante \u00e9 a agricultura familiar, sendo essa atividade respons\u00e1vel pela maior parte da obten\u00e7\u00e3o de renda das fam\u00edlias.<\/p>\n<p>Est\u00e3o junto com a Semapa na realiza\u00e7\u00e3o deste evento, a EMBRAPA Cocais, COMSEA e SEMDES, al\u00e9m do Minist\u00e9rio da Agricultura, da Pesca e Aquicultura, Secretaria de Estado da Pesca, Aged, Agerp, Uema, Ufma, Ifma, OAB, Banco do Nordeste e C\u00e2mara Municipal de Pa\u00e7o do Lumiar.<\/p>\n<p><strong>PROGRAMA\u00c7\u00c3O<\/strong><\/p>\n<p><strong>1\u00b0 dia (03 \/11\/2014)<\/strong><\/p>\n<p>08:00h &#8211; Recep\u00e7\u00e3o e Cadastramento<br \/>\nAbertura 9:00h<br \/>\n09:30h Painel (Palestra)<br \/>\nProdu\u00e7\u00e3o e seguran\u00e7a alimentar no contexto da agricultura e pesca familiar sustent\u00e1vel<br \/>\nPalestrante: EMBRAPA<br \/>\nDebatedores: MAPA\/ MPA\/ CONAB<br \/>\n12:00 \u00e1s 13:00h \u2013 ALMO\u00c7O<br \/>\n14:00 \u00e1s 15:30h- OFICINAS<br \/>\n1) Limita\u00e7\u00f5es da Agricultura familiar nos programas de seguran\u00e7a alimentar.<br \/>\nPalestrante: SEDES<br \/>\nDebatedores: AGED\/ SEMAPA\/ COMSEA<br \/>\n2) Incentivo e regulamenta\u00e7\u00e3o da produ\u00e7\u00e3o pesqueira<br \/>\nPalestrante: MPA<br \/>\nDebatedores: SEPAQ\/ COL\u00d4NIA DE PESCADORES \/ AGERP<br \/>\n3) Os desafios de ATER na Agricultura familiar e Pesca artesanal<br \/>\nPalestrante: AGERP<br \/>\nDebatedores: SEMAPA\/ UEMA\/ STTR<br \/>\nMinicurso:<br \/>\nProcessamento de Frutas e Hortali\u00e7as<br \/>\nPalestrante: SEMAPA<br \/>\n15:30 \u00e1s 16:00h \u2013 INTERVALO<br \/>\n16:00h \u2013 PLEN\u00c1RIA<br \/>\n17:00h- PROGRAMA\u00c7\u00c3O CULTURAL<\/p>\n<p><strong>2\u00b0 Dia (04\/11\/2014)<\/strong><\/p>\n<p>09:00 \u00e1s 12:00h \u2013 MOBILIZA\u00c7\u00c3O SOCIAL<br \/>\nGRUPO COMSEA\/ SEMAPA\/ SEMDES: Entrega de folhetos, cartilhas, distribui\u00e7\u00e3o de mudas, feira de artesanato.<br \/>\nLocal: Pra\u00e7a de Mocajuba<br \/>\nEMBRAPA &amp; Escola<br \/>\nLocal: comunidade da Pindoba<\/p>\n<p><strong>3\u00b0 dia (05\/11\/2014)<\/strong><\/p>\n<p>9:00 &#8211; 12:00h DIA DE CAMPO na comunidade de Igua\u00edba.<br \/>\n1\u00ba Esta\u00e7\u00e3o: compostagem do subproduto da fibra do coco.<br \/>\n2\u00ba Esta\u00e7\u00e3o: Produ\u00e7\u00f5es de mudas de hortali\u00e7as e cultivo sistema protegido.<br \/>\n3\u00ba Esta\u00e7\u00e3o: Sistema de cultivo hortali\u00e7as em \u00e1rea externa<\/p>\n<p><strong>4\u00b0dia (06\/11\/2014)<\/strong><\/p>\n<p>09:00 &#8211; 12:00h Cursos Biofertilizante<br \/>\nRespons\u00e1veis: SEMAPA\/ EMBRAPA<br \/>\nLocal: Comunidade Igua\u00edba<br \/>\nFiletagem de pescados<br \/>\nRespons\u00e1veis: SEMAPA<br \/>\nLocal: Unidade de Beneficiamento \/Pau deitado<\/p>\n<p><strong>5\u00b0 dia (07\/11\/2014)<\/strong><\/p>\n<p>9:00 &#8211; 10:00h PAINEL<br \/>\nValoriza\u00e7\u00e3o e reconhecimento do agricultor familiar e pescador artesanal<br \/>\nPalestrante: SAGRIMA<br \/>\nDebatedores: Banco do Nordeste\/STTR\/INSS<br \/>\n10:00 \u00e1s 10:30 h \u2013 Intervalo<br \/>\n10:30 \u00e1s 11:30 h &#8211; PAINEL<br \/>\nRegulariza\u00e7\u00e3o fundi\u00e1ria no contexto da Agricultura e Pesca familiar<br \/>\nPalestrante: ITERMA<br \/>\nDebatedores: Procuradoria Geral do Munic\u00edpio; CPT; Defensoria P\u00fablica<br \/>\n11:00h &#8211; 12:00h Posse da comiss\u00e3o de regulariza\u00e7\u00e3o fundi\u00e1ria do munic\u00edpio de Pa\u00e7o do Lumiar \/Encerramento.<\/p>\n","protected":false},"excerpt":{"rendered":"<p>Com o tema \u201cProdu\u00e7\u00e3o e Seguran\u00e7a Alimentar no contexto da Agricultura e Pesca familiar sustent\u00e1vel\u201d, acontece de 3 a 7 [&hellip;]<\/p>\n","protected":false},"author":0,"featured_media":0,"comment_status":"open","ping_status":"open","sticky":false,"template":"","format":"standard","meta":{"site-sidebar-layout":"default","site-content-layout":"","ast-site-content-layout":"default","site-content-style":"default","site-sidebar-style":"default","ast-global-header-display":"","ast-banner-title-visibility":"","ast-main-header-display":"","ast-hfb-above-header-display":"","ast-hfb-below-header-display":"","ast-hfb-mobile-header-display":"","site-post-title":"","ast-breadcrumbs-content":"","ast-featured-img":"","footer-sml-layout":"","ast-disable-related-posts":"","theme-transparent-header-meta":"","adv-header-id-meta":"","stick-header-meta":"","header-above-stick-meta":"","header-main-stick-meta":"","header-below-stick-meta":"","astra-migrate-meta-layouts":"default","ast-page-background-enabled":"default","ast-page-background-meta":{"desktop":{"background-color":"var(--ast-global-color-5)","background-image":"","background-repeat":"repeat","background-position":"center center","background-size":"auto","background-attachment":"scroll","background-type":"","background-media":"","overlay-type":"","overlay-color":"","overlay-opacity":"","overlay-gradient":""},"tablet":{"background-color":"","background-image":"","background-repeat":"repeat","background-position":"center center","background-size":"auto","background-attachment":"scroll","background-type":"","background-media":"","overlay-type":"","overlay-color":"","overlay-opacity":"","overlay-gradient":""},"mobile":{"background-color":"","background-image":"","background-repeat":"repeat","background-position":"center center","background-size":"auto","background-attachment":"scroll","background-type":"","background-media":"","overlay-type":"","overlay-color":"","overlay-opacity":"","overlay-gradient":""}},"ast-content-background-meta":{"desktop":{"background-color":"var(--ast-global-color-4)","background-image":"","background-repeat":"repeat","background-position":"center center","background-size":"auto","background-attachment":"scroll","background-type":"","background-media":"","overlay-type":"","overlay-color":"","overlay-opacity":"","overlay-gradient":""},"tablet":{"background-color":"var(--ast-global-color-4)","background-image":"","background-repeat":"repeat","background-position":"center center","background-size":"auto","background-attachment":"scroll","background-type":"","background-media":"","overlay-type":"","overlay-color":"","overlay-opacity":"","overlay-gradient":""},"mobile":{"background-color":"var(--ast-global-color-4)","background-image":"","background-repeat":"repeat","background-position":"center center","background-size":"auto","background-attachment":"scroll","background-type":"","background-media":"","overlay-type":"","overlay-color":"","overlay-opacity":"","overlay-gradient":""}},"footnotes":""},"categories":[1],"tags":[],"class_list":["post-20283","post","type-post","status-publish","format-standard","hentry","category-sem-categoria"],"yoast_head":"<!-- This site is optimized with the Yoast SEO plugin v26.6 - https:\/\/yoast.com\/wordpress\/plugins\/seo\/ -->\n<title>Agricultura e pesca em destaque em Pa\u00e7o do Lumiar - Daniel Matos<\/title>\n<meta name=\"robots\" content=\"index, follow, max-snippet:-1, max-image-preview:large, max-video-preview:-1\" \/>\n<link rel=\"canonical\" href=\"https:\/\/www.blogsoestado.com\/danielmatos\/agricultura-e-pesca-em-destaque-em-paco-do-lumiar\/\" \/>\n<meta property=\"og:locale\" content=\"pt_BR\" \/>\n<meta property=\"og:type\" content=\"article\" \/>\n<meta property=\"og:title\" content=\"Agricultura e pesca em destaque em Pa\u00e7o do Lumiar - Daniel Matos\" \/>\n<meta property=\"og:description\" content=\"Com o tema \u201cProdu\u00e7\u00e3o e Seguran\u00e7a Alimentar no contexto da Agricultura e Pesca familiar sustent\u00e1vel\u201d, acontece de 3 a 7 [&hellip;]\" \/>\n<meta property=\"og:url\" content=\"https:\/\/www.blogsoestado.com\/danielmatos\/agricultura-e-pesca-em-destaque-em-paco-do-lumiar\/\" \/>\n<meta property=\"og:site_name\" content=\"Daniel Matos\" \/>\n<meta property=\"article:published_time\" content=\"2014-11-03T13:29:53+00:00\" \/>\n<meta name=\"twitter:card\" content=\"summary_large_image\" \/>\n<meta name=\"twitter:label1\" content=\"Est. tempo de leitura\" \/>\n\t<meta name=\"twitter:data1\" content=\"3 minutos\" \/>\n<script type=\"application\/ld+json\" class=\"yoast-schema-graph\">{\"@context\":\"https:\/\/schema.org\",\"@graph\":[{\"@type\":\"WebPage\",\"@id\":\"https:\/\/www.blogsoestado.com\/danielmatos\/agricultura-e-pesca-em-destaque-em-paco-do-lumiar\/\",\"url\":\"https:\/\/www.blogsoestado.com\/danielmatos\/agricultura-e-pesca-em-destaque-em-paco-do-lumiar\/\",\"name\":\"Agricultura e pesca em destaque em Pa\u00e7o do Lumiar - Daniel Matos\",\"isPartOf\":{\"@id\":\"https:\/\/www.blogsoestado.com\/danielmatos\/#website\"},\"datePublished\":\"2014-11-03T13:29:53+00:00\",\"author\":{\"@id\":\"\"},\"breadcrumb\":{\"@id\":\"https:\/\/www.blogsoestado.com\/danielmatos\/agricultura-e-pesca-em-destaque-em-paco-do-lumiar\/#breadcrumb\"},\"inLanguage\":\"pt-BR\",\"potentialAction\":[{\"@type\":\"ReadAction\",\"target\":[\"https:\/\/www.blogsoestado.com\/danielmatos\/agricultura-e-pesca-em-destaque-em-paco-do-lumiar\/\"]}]},{\"@type\":\"BreadcrumbList\",\"@id\":\"https:\/\/www.blogsoestado.com\/danielmatos\/agricultura-e-pesca-em-destaque-em-paco-do-lumiar\/#breadcrumb\",\"itemListElement\":[{\"@type\":\"ListItem\",\"position\":1,\"name\":\"In\u00edcio\",\"item\":\"https:\/\/www.blogsoestado.com\/danielmatos\/\"},{\"@type\":\"ListItem\",\"position\":2,\"name\":\"Agricultura e pesca em destaque em Pa\u00e7o do Lumiar\"}]},{\"@type\":\"WebSite\",\"@id\":\"https:\/\/www.blogsoestado.com\/danielmatos\/#website\",\"url\":\"https:\/\/www.blogsoestado.com\/danielmatos\/\",\"name\":\"Daniel Matos\",\"description\":\"\",\"potentialAction\":[{\"@type\":\"SearchAction\",\"target\":{\"@type\":\"EntryPoint\",\"urlTemplate\":\"https:\/\/www.blogsoestado.com\/danielmatos\/?s={search_term_string}\"},\"query-input\":{\"@type\":\"PropertyValueSpecification\",\"valueRequired\":true,\"valueName\":\"search_term_string\"}}],\"inLanguage\":\"pt-BR\"}]}<\/script>\n<!-- \/ Yoast SEO plugin. -->","yoast_head_json":{"title":"Agricultura e pesca em destaque em Pa\u00e7o do Lumiar - Daniel Matos","robots":{"index":"index","follow":"follow","max-snippet":"max-snippet:-1","max-image-preview":"max-image-preview:large","max-video-preview":"max-video-preview:-1"},"canonical":"https:\/\/www.blogsoestado.com\/danielmatos\/agricultura-e-pesca-em-destaque-em-paco-do-lumiar\/","og_locale":"pt_BR","og_type":"article","og_title":"Agricultura e pesca em destaque em Pa\u00e7o do Lumiar - Daniel Matos","og_description":"Com o tema \u201cProdu\u00e7\u00e3o e Seguran\u00e7a Alimentar no contexto da Agricultura e Pesca familiar sustent\u00e1vel\u201d, acontece de 3 a 7 [&hellip;]","og_url":"https:\/\/www.blogsoestado.com\/danielmatos\/agricultura-e-pesca-em-destaque-em-paco-do-lumiar\/","og_site_name":"Daniel Matos","article_published_time":"2014-11-03T13:29:53+00:00","twitter_card":"summary_large_image","twitter_misc":{"Est. tempo de leitura":"3 minutos"},"schema":{"@context":"https:\/\/schema.org","@graph":[{"@type":"WebPage","@id":"https:\/\/www.blogsoestado.com\/danielmatos\/agricultura-e-pesca-em-destaque-em-paco-do-lumiar\/","url":"https:\/\/www.blogsoestado.com\/danielmatos\/agricultura-e-pesca-em-destaque-em-paco-do-lumiar\/","name":"Agricultura e pesca em destaque em Pa\u00e7o do Lumiar - Daniel Matos","isPartOf":{"@id":"https:\/\/www.blogsoestado.com\/danielmatos\/#website"},"datePublished":"2014-11-03T13:29:53+00:00","author":{"@id":""},"breadcrumb":{"@id":"https:\/\/www.blogsoestado.com\/danielmatos\/agricultura-e-pesca-em-destaque-em-paco-do-lumiar\/#breadcrumb"},"inLanguage":"pt-BR","potentialAction":[{"@type":"ReadAction","target":["https:\/\/www.blogsoestado.com\/danielmatos\/agricultura-e-pesca-em-destaque-em-paco-do-lumiar\/"]}]},{"@type":"BreadcrumbList","@id":"https:\/\/www.blogsoestado.com\/danielmatos\/agricultura-e-pesca-em-destaque-em-paco-do-lumiar\/#breadcrumb","itemListElement":[{"@type":"ListItem","position":1,"name":"In\u00edcio","item":"https:\/\/www.blogsoestado.com\/danielmatos\/"},{"@type":"ListItem","position":2,"name":"Agricultura e pesca em destaque em Pa\u00e7o do Lumiar"}]},{"@type":"WebSite","@id":"https:\/\/www.blogsoestado.com\/danielmatos\/#website","url":"https:\/\/www.blogsoestado.com\/danielmatos\/","name":"Daniel Matos","description":"","potentialAction":[{"@type":"SearchAction","target":{"@type":"EntryPoint","urlTemplate":"https:\/\/www.blogsoestado.com\/danielmatos\/?s={search_term_string}"},"query-input":{"@type":"PropertyValueSpecification","valueRequired":true,"valueName":"search_term_string"}}],"inLanguage":"pt-BR"}]}},"jetpack_featured_media_url":"","_links":{"self":[{"href":"https:\/\/www.blogsoestado.com\/danielmatos\/wp-json\/wp\/v2\/posts\/20283","targetHints":{"allow":["GET"]}}],"collection":[{"href":"https:\/\/www.blogsoestado.com\/danielmatos\/wp-json\/wp\/v2\/posts"}],"about":[{"href":"https:\/\/www.blogsoestado.com\/danielmatos\/wp-json\/wp\/v2\/types\/post"}],"replies":[{"embeddable":true,"href":"https:\/\/www.blogsoestado.com\/danielmatos\/wp-json\/wp\/v2\/comments?post=20283"}],"version-history":[{"count":0,"href":"https:\/\/www.blogsoestado.com\/danielmatos\/wp-json\/wp\/v2\/posts\/20283\/revisions"}],"wp:attachment":[{"href":"https:\/\/www.blogsoestado.com\/danielmatos\/wp-json\/wp\/v2\/media?parent=20283"}],"wp:term":[{"taxonomy":"category","embeddable":true,"href":"https:\/\/www.blogsoestado.com\/danielmatos\/wp-json\/wp\/v2\/categories?post=20283"},{"taxonomy":"post_tag","embeddable":true,"href":"https:\/\/www.blogsoestado.com\/danielmatos\/wp-json\/wp\/v2\/tags?post=20283"}],"curies":[{"name":"wp","href":"https:\/\/api.w.org\/{rel}","templated":true}]}}