{"id":20289,"date":"2014-11-03T16:53:58","date_gmt":"2014-11-03T19:53:58","guid":{"rendered":"https:\/\/www.blogsoestado.com\/danielmatos\/?p=20289"},"modified":"2014-11-03T16:53:58","modified_gmt":"2014-11-03T19:53:58","slug":"prefeitura-reduz-em-19-o-numero-de-casos-de-dengue-na-capital","status":"publish","type":"post","link":"https:\/\/www.blogsoestado.com\/danielmatos\/prefeitura-reduz-em-19-o-numero-de-casos-de-dengue-na-capital\/","title":{"rendered":"Prefeitura reduz em 19% o n\u00famero de casos de dengue na capital"},"content":{"rendered":"<figure id=\"attachment_20290\" aria-describedby=\"caption-attachment-20290\" style=\"width: 640px\" class=\"wp-caption aligncenter\"><a href=\"https:\/\/www.blogsoestado.com\/danielmatos\/files\/2014\/11\/dengue-cai.jpg\"><img fetchpriority=\"high\" decoding=\"async\" class=\"size-full wp-image-20290\" src=\"https:\/\/www.blogsoestado.com\/danielmatos\/files\/2014\/11\/dengue-cai.jpg\" alt=\"Este ano, foram registradas 841 notifica\u00e7\u00f5es de dengue na cidade, enquanto que ano passado foram 1.038 registros no mesmo per\u00edodo\" width=\"640\" height=\"427\" \/><\/a><figcaption id=\"caption-attachment-20290\" class=\"wp-caption-text\">Este ano, foram contabilizados\u00a0841 casos de dengue na cidade; j\u00e1 no mesmo per\u00edodo do ano passado houve 1.038 registros<\/figcaption><\/figure>\n<p>A Prefeitura de S\u00e3o Lu\u00eds, atrav\u00e9s da Secretaria de Sa\u00fade (Semus), conseguiu reduzir em 19% o n\u00famero de casos de dengue, de janeiro a outubro deste ano em compara\u00e7\u00e3o com o mesmo per\u00edodo do ano passado. Este ano, foram registradas 841 notifica\u00e7\u00f5es de dengue na cidade, enquanto que nos primeiros dez meses do ano passado foram 1.038 casos da doen\u00e7a. Os casos graves de dengue tamb\u00e9m apresentaram redu\u00e7\u00e3o, houve uma queda de 66% em rela\u00e7\u00e3o ao \u00edndice registrado em 2013, quando foram 18 casos.<\/p>\n<p>Segundo a titular da Semus, Helena Duailibe, os \u00edndices refletem o empenho da administra\u00e7\u00e3o do prefeito Edivaldo em combater a doen\u00e7a. A visita dos agentes de sa\u00fade \u00e0s resid\u00eancias foi intensificada e este ano j\u00e1 foram eliminados 571.845 focos da doen\u00e7a. \u201cEstes n\u00fameros s\u00e3o a prova da pol\u00edtica de combate \u00e0s doen\u00e7as que d\u00e3o ainda mais seguran\u00e7a para a popula\u00e7\u00e3o de nossa cidade\u201d, destacou.<\/p>\n<p>A compara\u00e7\u00e3o entre os dados epidemiol\u00f3gicos dos anos 2013 e 2014 refor\u00e7a a evolu\u00e7\u00e3o no alcance da nebuliza\u00e7\u00e3o feita pelo carro fumac\u00ea, que este ano atingiu mais de 120 localidades. A popula\u00e7\u00e3o pode ajudar a evitar a dengue com medidas simples, como fazer armazenamento de \u00e1gua de forma adequada em dep\u00f3sitos cobertos, acondicionar o lixo corretamente e eliminar todos os recipientes sem uso.<\/p>\n<p>De acordo com o coordenador do Programa de Combate \u00e0 Dengue da Semus, Pedro Tavares, outra a\u00e7\u00e3o essencial para o combate \u00e9 a entrada do agente da dengue \u2013 devidamente identificado \u2013 para inspe\u00e7\u00e3o das resid\u00eancias. Este ano, a cobertura das visitas foi estendida a mais de 900 mil domic\u00edlios. Destes, 210 mil foram encontrados fechados. \u201cNestes casos, notificamos os donos e remarcamos outra data para visita\u201d, informou o coordenador Pedro Tavares.<\/p>\n<p>Ele frisou que, atualmente, a Semus realiza visitas domiciliares, inspe\u00e7\u00e3o e tratamento em pontos estrat\u00e9gicos e nebuliza\u00e7\u00e3o espacial, al\u00e9m de a\u00e7\u00f5es educativas em escolas p\u00fablicas.<\/p>\n<p><strong>Fonte:<\/strong> Secretaria Municipal de Comunica\u00e7\u00e3o (Secom)<\/p>\n","protected":false},"excerpt":{"rendered":"<p>A Prefeitura de S\u00e3o Lu\u00eds, atrav\u00e9s da Secretaria de Sa\u00fade (Semus), conseguiu reduzir em 19% o n\u00famero de casos de [&hellip;]<\/p>\n","protected":false},"author":0,"featured_media":0,"comment_status":"open","ping_status":"open","sticky":false,"template":"","format":"standard","meta":{"site-sidebar-layout":"default","site-content-layout":"","ast-site-content-layout":"default","site-content-style":"default","site-sidebar-style":"default","ast-global-header-display":"","ast-banner-title-visibility":"","ast-main-header-display":"","ast-hfb-above-header-display":"","ast-hfb-below-header-display":"","ast-hfb-mobile-header-display":"","site-post-title":"","ast-breadcrumbs-content":"","ast-featured-img":"","footer-sml-layout":"","ast-disable-related-posts":"","theme-transparent-header-meta":"","adv-header-id-meta":"","stick-header-meta":"","header-above-stick-meta":"","header-main-stick-meta":"","header-below-stick-meta":"","astra-migrate-meta-layouts":"default","ast-page-background-enabled":"default","ast-page-background-meta":{"desktop":{"background-color":"var(--ast-global-color-5)","background-image":"","background-repeat":"repeat","background-position":"center center","background-size":"auto","background-attachment":"scroll","background-type":"","background-media":"","overlay-type":"","overlay-color":"","overlay-opacity":"","overlay-gradient":""},"tablet":{"background-color":"","background-image":"","background-repeat":"repeat","background-position":"center center","background-size":"auto","background-attachment":"scroll","background-type":"","background-media":"","overlay-type":"","overlay-color":"","overlay-opacity":"","overlay-gradient":""},"mobile":{"background-color":"","background-image":"","background-repeat":"repeat","background-position":"center center","background-size":"auto","background-attachment":"scroll","background-type":"","background-media":"","overlay-type":"","overlay-color":"","overlay-opacity":"","overlay-gradient":""}},"ast-content-background-meta":{"desktop":{"background-color":"var(--ast-global-color-4)","background-image":"","background-repeat":"repeat","background-position":"center center","background-size":"auto","background-attachment":"scroll","background-type":"","background-media":"","overlay-type":"","overlay-color":"","overlay-opacity":"","overlay-gradient":""},"tablet":{"background-color":"var(--ast-global-color-4)","background-image":"","background-repeat":"repeat","background-position":"center center","background-size":"auto","background-attachment":"scroll","background-type":"","background-media":"","overlay-type":"","overlay-color":"","overlay-opacity":"","overlay-gradient":""},"mobile":{"background-color":"var(--ast-global-color-4)","background-image":"","background-repeat":"repeat","background-position":"center center","background-size":"auto","background-attachment":"scroll","background-type":"","background-media":"","overlay-type":"","overlay-color":"","overlay-opacity":"","overlay-gradient":""}},"footnotes":""},"categories":[1],"tags":[],"class_list":["post-20289","post","type-post","status-publish","format-standard","hentry","category-sem-categoria"],"yoast_head":"<!-- This site is optimized with the Yoast SEO plugin v26.6 - https:\/\/yoast.com\/wordpress\/plugins\/seo\/ -->\n<title>Prefeitura reduz em 19% o n\u00famero de casos de dengue na capital - Daniel Matos<\/title>\n<meta name=\"robots\" content=\"index, follow, max-snippet:-1, max-image-preview:large, max-video-preview:-1\" \/>\n<link rel=\"canonical\" href=\"https:\/\/www.blogsoestado.com\/danielmatos\/prefeitura-reduz-em-19-o-numero-de-casos-de-dengue-na-capital\/\" \/>\n<meta property=\"og:locale\" content=\"pt_BR\" \/>\n<meta property=\"og:type\" content=\"article\" \/>\n<meta property=\"og:title\" content=\"Prefeitura reduz em 19% o n\u00famero de casos de dengue na capital - Daniel Matos\" \/>\n<meta property=\"og:description\" content=\"A Prefeitura de S\u00e3o Lu\u00eds, atrav\u00e9s da Secretaria de Sa\u00fade (Semus), conseguiu reduzir em 19% o n\u00famero de casos de [&hellip;]\" \/>\n<meta property=\"og:url\" content=\"https:\/\/www.blogsoestado.com\/danielmatos\/prefeitura-reduz-em-19-o-numero-de-casos-de-dengue-na-capital\/\" \/>\n<meta property=\"og:site_name\" content=\"Daniel Matos\" \/>\n<meta property=\"article:published_time\" content=\"2014-11-03T19:53:58+00:00\" \/>\n<meta property=\"og:image\" content=\"https:\/\/www.blogsoestado.com\/danielmatos\/files\/2014\/11\/dengue-cai.jpg\" \/>\n<meta name=\"twitter:card\" content=\"summary_large_image\" \/>\n<meta name=\"twitter:label1\" content=\"Est. tempo de leitura\" \/>\n\t<meta name=\"twitter:data1\" content=\"2 minutos\" \/>\n<script type=\"application\/ld+json\" class=\"yoast-schema-graph\">{\"@context\":\"https:\/\/schema.org\",\"@graph\":[{\"@type\":\"WebPage\",\"@id\":\"https:\/\/www.blogsoestado.com\/danielmatos\/prefeitura-reduz-em-19-o-numero-de-casos-de-dengue-na-capital\/\",\"url\":\"https:\/\/www.blogsoestado.com\/danielmatos\/prefeitura-reduz-em-19-o-numero-de-casos-de-dengue-na-capital\/\",\"name\":\"Prefeitura reduz em 19% o n\u00famero de casos de dengue na capital - Daniel Matos\",\"isPartOf\":{\"@id\":\"https:\/\/www.blogsoestado.com\/danielmatos\/#website\"},\"primaryImageOfPage\":{\"@id\":\"https:\/\/www.blogsoestado.com\/danielmatos\/prefeitura-reduz-em-19-o-numero-de-casos-de-dengue-na-capital\/#primaryimage\"},\"image\":{\"@id\":\"https:\/\/www.blogsoestado.com\/danielmatos\/prefeitura-reduz-em-19-o-numero-de-casos-de-dengue-na-capital\/#primaryimage\"},\"thumbnailUrl\":\"https:\/\/www.blogsoestado.com\/danielmatos\/files\/2014\/11\/dengue-cai.jpg\",\"datePublished\":\"2014-11-03T19:53:58+00:00\",\"author\":{\"@id\":\"\"},\"breadcrumb\":{\"@id\":\"https:\/\/www.blogsoestado.com\/danielmatos\/prefeitura-reduz-em-19-o-numero-de-casos-de-dengue-na-capital\/#breadcrumb\"},\"inLanguage\":\"pt-BR\",\"potentialAction\":[{\"@type\":\"ReadAction\",\"target\":[\"https:\/\/www.blogsoestado.com\/danielmatos\/prefeitura-reduz-em-19-o-numero-de-casos-de-dengue-na-capital\/\"]}]},{\"@type\":\"ImageObject\",\"inLanguage\":\"pt-BR\",\"@id\":\"https:\/\/www.blogsoestado.com\/danielmatos\/prefeitura-reduz-em-19-o-numero-de-casos-de-dengue-na-capital\/#primaryimage\",\"url\":\"https:\/\/www.blogsoestado.com\/danielmatos\/files\/2014\/11\/dengue-cai.jpg\",\"contentUrl\":\"https:\/\/www.blogsoestado.com\/danielmatos\/files\/2014\/11\/dengue-cai.jpg\"},{\"@type\":\"BreadcrumbList\",\"@id\":\"https:\/\/www.blogsoestado.com\/danielmatos\/prefeitura-reduz-em-19-o-numero-de-casos-de-dengue-na-capital\/#breadcrumb\",\"itemListElement\":[{\"@type\":\"ListItem\",\"position\":1,\"name\":\"In\u00edcio\",\"item\":\"https:\/\/www.blogsoestado.com\/danielmatos\/\"},{\"@type\":\"ListItem\",\"position\":2,\"name\":\"Prefeitura reduz em 19% o n\u00famero de casos de dengue na capital\"}]},{\"@type\":\"WebSite\",\"@id\":\"https:\/\/www.blogsoestado.com\/danielmatos\/#website\",\"url\":\"https:\/\/www.blogsoestado.com\/danielmatos\/\",\"name\":\"Daniel Matos\",\"description\":\"\",\"potentialAction\":[{\"@type\":\"SearchAction\",\"target\":{\"@type\":\"EntryPoint\",\"urlTemplate\":\"https:\/\/www.blogsoestado.com\/danielmatos\/?s={search_term_string}\"},\"query-input\":{\"@type\":\"PropertyValueSpecification\",\"valueRequired\":true,\"valueName\":\"search_term_string\"}}],\"inLanguage\":\"pt-BR\"}]}<\/script>\n<!-- \/ Yoast SEO plugin. -->","yoast_head_json":{"title":"Prefeitura reduz em 19% o n\u00famero de casos de dengue na capital - Daniel Matos","robots":{"index":"index","follow":"follow","max-snippet":"max-snippet:-1","max-image-preview":"max-image-preview:large","max-video-preview":"max-video-preview:-1"},"canonical":"https:\/\/www.blogsoestado.com\/danielmatos\/prefeitura-reduz-em-19-o-numero-de-casos-de-dengue-na-capital\/","og_locale":"pt_BR","og_type":"article","og_title":"Prefeitura reduz em 19% o n\u00famero de casos de dengue na capital - Daniel Matos","og_description":"A Prefeitura de S\u00e3o Lu\u00eds, atrav\u00e9s da Secretaria de Sa\u00fade (Semus), conseguiu reduzir em 19% o n\u00famero de casos de [&hellip;]","og_url":"https:\/\/www.blogsoestado.com\/danielmatos\/prefeitura-reduz-em-19-o-numero-de-casos-de-dengue-na-capital\/","og_site_name":"Daniel Matos","article_published_time":"2014-11-03T19:53:58+00:00","og_image":[{"url":"https:\/\/www.blogsoestado.com\/danielmatos\/files\/2014\/11\/dengue-cai.jpg","type":"","width":"","height":""}],"twitter_card":"summary_large_image","twitter_misc":{"Est. tempo de leitura":"2 minutos"},"schema":{"@context":"https:\/\/schema.org","@graph":[{"@type":"WebPage","@id":"https:\/\/www.blogsoestado.com\/danielmatos\/prefeitura-reduz-em-19-o-numero-de-casos-de-dengue-na-capital\/","url":"https:\/\/www.blogsoestado.com\/danielmatos\/prefeitura-reduz-em-19-o-numero-de-casos-de-dengue-na-capital\/","name":"Prefeitura reduz em 19% o n\u00famero de casos de dengue na capital - Daniel Matos","isPartOf":{"@id":"https:\/\/www.blogsoestado.com\/danielmatos\/#website"},"primaryImageOfPage":{"@id":"https:\/\/www.blogsoestado.com\/danielmatos\/prefeitura-reduz-em-19-o-numero-de-casos-de-dengue-na-capital\/#primaryimage"},"image":{"@id":"https:\/\/www.blogsoestado.com\/danielmatos\/prefeitura-reduz-em-19-o-numero-de-casos-de-dengue-na-capital\/#primaryimage"},"thumbnailUrl":"https:\/\/www.blogsoestado.com\/danielmatos\/files\/2014\/11\/dengue-cai.jpg","datePublished":"2014-11-03T19:53:58+00:00","author":{"@id":""},"breadcrumb":{"@id":"https:\/\/www.blogsoestado.com\/danielmatos\/prefeitura-reduz-em-19-o-numero-de-casos-de-dengue-na-capital\/#breadcrumb"},"inLanguage":"pt-BR","potentialAction":[{"@type":"ReadAction","target":["https:\/\/www.blogsoestado.com\/danielmatos\/prefeitura-reduz-em-19-o-numero-de-casos-de-dengue-na-capital\/"]}]},{"@type":"ImageObject","inLanguage":"pt-BR","@id":"https:\/\/www.blogsoestado.com\/danielmatos\/prefeitura-reduz-em-19-o-numero-de-casos-de-dengue-na-capital\/#primaryimage","url":"https:\/\/www.blogsoestado.com\/danielmatos\/files\/2014\/11\/dengue-cai.jpg","contentUrl":"https:\/\/www.blogsoestado.com\/danielmatos\/files\/2014\/11\/dengue-cai.jpg"},{"@type":"BreadcrumbList","@id":"https:\/\/www.blogsoestado.com\/danielmatos\/prefeitura-reduz-em-19-o-numero-de-casos-de-dengue-na-capital\/#breadcrumb","itemListElement":[{"@type":"ListItem","position":1,"name":"In\u00edcio","item":"https:\/\/www.blogsoestado.com\/danielmatos\/"},{"@type":"ListItem","position":2,"name":"Prefeitura reduz em 19% o n\u00famero de casos de dengue na capital"}]},{"@type":"WebSite","@id":"https:\/\/www.blogsoestado.com\/danielmatos\/#website","url":"https:\/\/www.blogsoestado.com\/danielmatos\/","name":"Daniel Matos","description":"","potentialAction":[{"@type":"SearchAction","target":{"@type":"EntryPoint","urlTemplate":"https:\/\/www.blogsoestado.com\/danielmatos\/?s={search_term_string}"},"query-input":{"@type":"PropertyValueSpecification","valueRequired":true,"valueName":"search_term_string"}}],"inLanguage":"pt-BR"}]}},"jetpack_featured_media_url":"","_links":{"self":[{"href":"https:\/\/www.blogsoestado.com\/danielmatos\/wp-json\/wp\/v2\/posts\/20289","targetHints":{"allow":["GET"]}}],"collection":[{"href":"https:\/\/www.blogsoestado.com\/danielmatos\/wp-json\/wp\/v2\/posts"}],"about":[{"href":"https:\/\/www.blogsoestado.com\/danielmatos\/wp-json\/wp\/v2\/types\/post"}],"replies":[{"embeddable":true,"href":"https:\/\/www.blogsoestado.com\/danielmatos\/wp-json\/wp\/v2\/comments?post=20289"}],"version-history":[{"count":0,"href":"https:\/\/www.blogsoestado.com\/danielmatos\/wp-json\/wp\/v2\/posts\/20289\/revisions"}],"wp:attachment":[{"href":"https:\/\/www.blogsoestado.com\/danielmatos\/wp-json\/wp\/v2\/media?parent=20289"}],"wp:term":[{"taxonomy":"category","embeddable":true,"href":"https:\/\/www.blogsoestado.com\/danielmatos\/wp-json\/wp\/v2\/categories?post=20289"},{"taxonomy":"post_tag","embeddable":true,"href":"https:\/\/www.blogsoestado.com\/danielmatos\/wp-json\/wp\/v2\/tags?post=20289"}],"curies":[{"name":"wp","href":"https:\/\/api.w.org\/{rel}","templated":true}]}}