{"id":20292,"date":"2014-11-04T08:30:05","date_gmt":"2014-11-04T11:30:05","guid":{"rendered":"https:\/\/www.blogsoestado.com\/danielmatos\/?p=20292"},"modified":"2014-11-04T08:30:05","modified_gmt":"2014-11-04T11:30:05","slug":"luto-na-policia","status":"publish","type":"post","link":"https:\/\/www.blogsoestado.com\/danielmatos\/luto-na-policia\/","title":{"rendered":"Luto na pol\u00edcia"},"content":{"rendered":"<figure id=\"attachment_20294\" aria-describedby=\"caption-attachment-20294\" style=\"width: 299px\" class=\"wp-caption alignleft\"><a href=\"https:\/\/www.blogsoestado.com\/danielmatos\/files\/2014\/11\/pm-sepultado.jpg\"><img fetchpriority=\"high\" decoding=\"async\" class=\"size-full wp-image-20294\" src=\"https:\/\/www.blogsoestado.com\/danielmatos\/files\/2014\/11\/pm-sepultado.jpg\" alt=\"Corpo do PM foi sepultado em clima de como\u00e7\u00e3o (Foto: Flora Dolores\/O Estado)\" width=\"299\" height=\"448\" \/><\/a><figcaption id=\"caption-attachment-20294\" class=\"wp-caption-text\">Corpo do soldado PM foi sepultado em clima de como\u00e7\u00e3o (<strong>Foto:<\/strong> Flora Dolores\/<strong>O Estado<\/strong>)<\/figcaption><\/figure>\n<p>Uma cerim\u00f4nia realizada ontem no quartel do Comando Geral da Pol\u00edcia Militar, no Calhau, simbolizou um drama cada vez mais presente entre os maranhenses: o assassinato de policiais por criminosos. O caso mais recente aconteceu no \u00faltimo s\u00e1bado, quando um soldado da PM foi morto ao reagir a uma tentativa de assalto a um a\u00e7ougue, na Avenida Guajajaras. Somente em S\u00e3o Lu\u00eds, sete PMs j\u00e1 tombaram este ano em confronto com bandidos, estat\u00edstica que evidencia a aud\u00e1cia crescente do crime diante da a\u00e7\u00e3o repressora das for\u00e7as de seguran\u00e7a p\u00fablica.<\/p>\n<p>O soldado Dezivaldo Costa dos Santos, 37 anos, o \u00faltimo militar a ser executado, fazia trabalho extra como seguran\u00e7a particular. Como ele, tantos outros recorrem aos \u201cbicos\u201d nos dias de folga para aumentar a renda. Se quando est\u00e3o em servi\u00e7o os policiais j\u00e1 n\u00e3o s\u00e3o mais t\u00e3o temidos como antes pelos bandidos, imagine trabalhando fora do expediente, na maioria das vezes, sozinhos, confiando apenas na prepara\u00e7\u00e3o que tiveram na caserna. E o que \u00e9 pior: tendo contra si o fator surpresa, principal trunfo dos criminosos, que quase sempre agem em grupo e fortemente armados quando sabem que o estabelecimento que ir\u00e3o assaltar \u00e9 vigiado por um profissional de seguran\u00e7a p\u00fablica.<\/p>\n<p>Al\u00e9m de deixar as fam\u00edlias e os colegas de farda de luto, o assassinato de policiais \u00e9 um atentado grav\u00edssimo contra a sociedade, que fica ainda mais intimidada pelo crime. A bandidagem, por sua vez, passa a se sentir fortalecida e com \u00edmpeto renovado para promover o p\u00e2nico entre os cidad\u00e3os. Diante de um fen\u00f4meno t\u00e3o negativo, a \u00fanica resposta que se espera \u00e9 o rigor das autoridades, com pleno amparo na lei, para neutralizar a viol\u00eancia, de modo a punir os autores e restabelecer a paz.<\/p>\n<p>N\u00e3o \u00e9 novidade que muitos policiais aproveitam as folgas para complementar a renda e ter uma vida mais digna. \u00c9 uma aspira\u00e7\u00e3o justa a qualquer cidad\u00e3o, mas \u00e9 importante deixar claro que a atividade representa uma viola\u00e7\u00e3o \u00e0s normas que regem a carreira militar. Em meio \u00e0 pol\u00eamica, o que se percebe \u00e9 a aceita\u00e7\u00e3o dos \u201cbicos\u201d pelo alto comando da PM, que reconhece a defasagem salarial dos profissionais, mas ignora as consequ\u00eancias do trabalho extra para a tropa e para a pr\u00f3pria coletividade.<\/p>\n<p>Cada vez mais organizado, o crime j\u00e1 n\u00e3o mede esfor\u00e7os para atingir seus alvos. Em assaltos, por exemplo, bandidos usam carros e motos roubados e armas de grosso calibre, tudo para aumentar a chance de sucesso. Se encontram um policial em seu caminho, lan\u00e7am m\u00e3o de todo o seu aparato para enfrent\u00e1-lo. Chama aten\u00e7\u00e3o a divis\u00e3o de tarefas pelas quadrilhas, que dificulta a rea\u00e7\u00e3o das v\u00edtimas e as deixam expostas \u00e0 crueldade e \u00e0 covardia que costumam marcar as investidas. Foi o caso do militar morto no \u00faltimo s\u00e1bado, atacado pelas costas ap\u00f3s ter matado um dos tr\u00eas criminosos que o abordaram.<\/p>\n<p>Felizmente, a morte de policiais \u00e9 uma exce\u00e7\u00e3o. A regra ainda \u00e9 a pris\u00e3o ou mesmo a morte dos bandidos que ousam enfrent\u00e1-los. Mas como \u00e9 crescente o n\u00famero de empresas que recorrem aos servi\u00e7os de policiais para proteger o seu patrim\u00f4nio, a tend\u00eancia \u00e9 que haja novos casos. Da\u00ed a necessidade de uma a\u00e7\u00e3o mais en\u00e9rgica das for\u00e7as de seguran\u00e7a p\u00fablica, para que evitar que a situa\u00e7\u00e3o se inverta.<\/p>\n<p><strong> Editorial publicado nesta ter\u00e7a-feira em <a href=\"http:\/\/www.oestadoma.com.br\" target=\"_blank\">O Estado do Maranh\u00e3o<\/a><\/strong><\/p>\n","protected":false},"excerpt":{"rendered":"<p>Uma cerim\u00f4nia realizada ontem no quartel do Comando Geral da Pol\u00edcia Militar, no Calhau, simbolizou um drama cada vez mais [&hellip;]<\/p>\n","protected":false},"author":0,"featured_media":0,"comment_status":"open","ping_status":"open","sticky":false,"template":"","format":"standard","meta":{"site-sidebar-layout":"default","site-content-layout":"","ast-site-content-layout":"default","site-content-style":"default","site-sidebar-style":"default","ast-global-header-display":"","ast-banner-title-visibility":"","ast-main-header-display":"","ast-hfb-above-header-display":"","ast-hfb-below-header-display":"","ast-hfb-mobile-header-display":"","site-post-title":"","ast-breadcrumbs-content":"","ast-featured-img":"","footer-sml-layout":"","ast-disable-related-posts":"","theme-transparent-header-meta":"","adv-header-id-meta":"","stick-header-meta":"","header-above-stick-meta":"","header-main-stick-meta":"","header-below-stick-meta":"","astra-migrate-meta-layouts":"default","ast-page-background-enabled":"default","ast-page-background-meta":{"desktop":{"background-color":"var(--ast-global-color-5)","background-image":"","background-repeat":"repeat","background-position":"center center","background-size":"auto","background-attachment":"scroll","background-type":"","background-media":"","overlay-type":"","overlay-color":"","overlay-opacity":"","overlay-gradient":""},"tablet":{"background-color":"","background-image":"","background-repeat":"repeat","background-position":"center center","background-size":"auto","background-attachment":"scroll","background-type":"","background-media":"","overlay-type":"","overlay-color":"","overlay-opacity":"","overlay-gradient":""},"mobile":{"background-color":"","background-image":"","background-repeat":"repeat","background-position":"center center","background-size":"auto","background-attachment":"scroll","background-type":"","background-media":"","overlay-type":"","overlay-color":"","overlay-opacity":"","overlay-gradient":""}},"ast-content-background-meta":{"desktop":{"background-color":"var(--ast-global-color-4)","background-image":"","background-repeat":"repeat","background-position":"center center","background-size":"auto","background-attachment":"scroll","background-type":"","background-media":"","overlay-type":"","overlay-color":"","overlay-opacity":"","overlay-gradient":""},"tablet":{"background-color":"var(--ast-global-color-4)","background-image":"","background-repeat":"repeat","background-position":"center center","background-size":"auto","background-attachment":"scroll","background-type":"","background-media":"","overlay-type":"","overlay-color":"","overlay-opacity":"","overlay-gradient":""},"mobile":{"background-color":"var(--ast-global-color-4)","background-image":"","background-repeat":"repeat","background-position":"center center","background-size":"auto","background-attachment":"scroll","background-type":"","background-media":"","overlay-type":"","overlay-color":"","overlay-opacity":"","overlay-gradient":""}},"footnotes":""},"categories":[1],"tags":[],"class_list":["post-20292","post","type-post","status-publish","format-standard","hentry","category-sem-categoria"],"yoast_head":"<!-- This site is optimized with the Yoast SEO plugin v26.6 - https:\/\/yoast.com\/wordpress\/plugins\/seo\/ -->\n<title>Luto na pol\u00edcia - Daniel Matos<\/title>\n<meta name=\"robots\" content=\"index, follow, max-snippet:-1, max-image-preview:large, max-video-preview:-1\" \/>\n<link rel=\"canonical\" href=\"https:\/\/www.blogsoestado.com\/danielmatos\/luto-na-policia\/\" \/>\n<meta property=\"og:locale\" content=\"pt_BR\" \/>\n<meta property=\"og:type\" content=\"article\" \/>\n<meta property=\"og:title\" content=\"Luto na pol\u00edcia - Daniel Matos\" \/>\n<meta property=\"og:description\" content=\"Uma cerim\u00f4nia realizada ontem no quartel do Comando Geral da Pol\u00edcia Militar, no Calhau, simbolizou um drama cada vez mais [&hellip;]\" \/>\n<meta property=\"og:url\" content=\"https:\/\/www.blogsoestado.com\/danielmatos\/luto-na-policia\/\" \/>\n<meta property=\"og:site_name\" content=\"Daniel Matos\" \/>\n<meta property=\"article:published_time\" content=\"2014-11-04T11:30:05+00:00\" \/>\n<meta property=\"og:image\" content=\"https:\/\/www.blogsoestado.com\/danielmatos\/files\/2014\/11\/pm-sepultado.jpg\" \/>\n<meta name=\"twitter:card\" content=\"summary_large_image\" \/>\n<meta name=\"twitter:label1\" content=\"Est. tempo de leitura\" \/>\n\t<meta name=\"twitter:data1\" content=\"3 minutos\" \/>\n<script type=\"application\/ld+json\" class=\"yoast-schema-graph\">{\"@context\":\"https:\/\/schema.org\",\"@graph\":[{\"@type\":\"WebPage\",\"@id\":\"https:\/\/www.blogsoestado.com\/danielmatos\/luto-na-policia\/\",\"url\":\"https:\/\/www.blogsoestado.com\/danielmatos\/luto-na-policia\/\",\"name\":\"Luto na pol\u00edcia - Daniel Matos\",\"isPartOf\":{\"@id\":\"https:\/\/www.blogsoestado.com\/danielmatos\/#website\"},\"primaryImageOfPage\":{\"@id\":\"https:\/\/www.blogsoestado.com\/danielmatos\/luto-na-policia\/#primaryimage\"},\"image\":{\"@id\":\"https:\/\/www.blogsoestado.com\/danielmatos\/luto-na-policia\/#primaryimage\"},\"thumbnailUrl\":\"https:\/\/www.blogsoestado.com\/danielmatos\/files\/2014\/11\/pm-sepultado.jpg\",\"datePublished\":\"2014-11-04T11:30:05+00:00\",\"author\":{\"@id\":\"\"},\"breadcrumb\":{\"@id\":\"https:\/\/www.blogsoestado.com\/danielmatos\/luto-na-policia\/#breadcrumb\"},\"inLanguage\":\"pt-BR\",\"potentialAction\":[{\"@type\":\"ReadAction\",\"target\":[\"https:\/\/www.blogsoestado.com\/danielmatos\/luto-na-policia\/\"]}]},{\"@type\":\"ImageObject\",\"inLanguage\":\"pt-BR\",\"@id\":\"https:\/\/www.blogsoestado.com\/danielmatos\/luto-na-policia\/#primaryimage\",\"url\":\"https:\/\/www.blogsoestado.com\/danielmatos\/files\/2014\/11\/pm-sepultado.jpg\",\"contentUrl\":\"https:\/\/www.blogsoestado.com\/danielmatos\/files\/2014\/11\/pm-sepultado.jpg\"},{\"@type\":\"BreadcrumbList\",\"@id\":\"https:\/\/www.blogsoestado.com\/danielmatos\/luto-na-policia\/#breadcrumb\",\"itemListElement\":[{\"@type\":\"ListItem\",\"position\":1,\"name\":\"In\u00edcio\",\"item\":\"https:\/\/www.blogsoestado.com\/danielmatos\/\"},{\"@type\":\"ListItem\",\"position\":2,\"name\":\"Luto na pol\u00edcia\"}]},{\"@type\":\"WebSite\",\"@id\":\"https:\/\/www.blogsoestado.com\/danielmatos\/#website\",\"url\":\"https:\/\/www.blogsoestado.com\/danielmatos\/\",\"name\":\"Daniel Matos\",\"description\":\"\",\"potentialAction\":[{\"@type\":\"SearchAction\",\"target\":{\"@type\":\"EntryPoint\",\"urlTemplate\":\"https:\/\/www.blogsoestado.com\/danielmatos\/?s={search_term_string}\"},\"query-input\":{\"@type\":\"PropertyValueSpecification\",\"valueRequired\":true,\"valueName\":\"search_term_string\"}}],\"inLanguage\":\"pt-BR\"}]}<\/script>\n<!-- \/ Yoast SEO plugin. -->","yoast_head_json":{"title":"Luto na pol\u00edcia - Daniel Matos","robots":{"index":"index","follow":"follow","max-snippet":"max-snippet:-1","max-image-preview":"max-image-preview:large","max-video-preview":"max-video-preview:-1"},"canonical":"https:\/\/www.blogsoestado.com\/danielmatos\/luto-na-policia\/","og_locale":"pt_BR","og_type":"article","og_title":"Luto na pol\u00edcia - Daniel Matos","og_description":"Uma cerim\u00f4nia realizada ontem no quartel do Comando Geral da Pol\u00edcia Militar, no Calhau, simbolizou um drama cada vez mais [&hellip;]","og_url":"https:\/\/www.blogsoestado.com\/danielmatos\/luto-na-policia\/","og_site_name":"Daniel Matos","article_published_time":"2014-11-04T11:30:05+00:00","og_image":[{"url":"https:\/\/www.blogsoestado.com\/danielmatos\/files\/2014\/11\/pm-sepultado.jpg","type":"","width":"","height":""}],"twitter_card":"summary_large_image","twitter_misc":{"Est. tempo de leitura":"3 minutos"},"schema":{"@context":"https:\/\/schema.org","@graph":[{"@type":"WebPage","@id":"https:\/\/www.blogsoestado.com\/danielmatos\/luto-na-policia\/","url":"https:\/\/www.blogsoestado.com\/danielmatos\/luto-na-policia\/","name":"Luto na pol\u00edcia - Daniel Matos","isPartOf":{"@id":"https:\/\/www.blogsoestado.com\/danielmatos\/#website"},"primaryImageOfPage":{"@id":"https:\/\/www.blogsoestado.com\/danielmatos\/luto-na-policia\/#primaryimage"},"image":{"@id":"https:\/\/www.blogsoestado.com\/danielmatos\/luto-na-policia\/#primaryimage"},"thumbnailUrl":"https:\/\/www.blogsoestado.com\/danielmatos\/files\/2014\/11\/pm-sepultado.jpg","datePublished":"2014-11-04T11:30:05+00:00","author":{"@id":""},"breadcrumb":{"@id":"https:\/\/www.blogsoestado.com\/danielmatos\/luto-na-policia\/#breadcrumb"},"inLanguage":"pt-BR","potentialAction":[{"@type":"ReadAction","target":["https:\/\/www.blogsoestado.com\/danielmatos\/luto-na-policia\/"]}]},{"@type":"ImageObject","inLanguage":"pt-BR","@id":"https:\/\/www.blogsoestado.com\/danielmatos\/luto-na-policia\/#primaryimage","url":"https:\/\/www.blogsoestado.com\/danielmatos\/files\/2014\/11\/pm-sepultado.jpg","contentUrl":"https:\/\/www.blogsoestado.com\/danielmatos\/files\/2014\/11\/pm-sepultado.jpg"},{"@type":"BreadcrumbList","@id":"https:\/\/www.blogsoestado.com\/danielmatos\/luto-na-policia\/#breadcrumb","itemListElement":[{"@type":"ListItem","position":1,"name":"In\u00edcio","item":"https:\/\/www.blogsoestado.com\/danielmatos\/"},{"@type":"ListItem","position":2,"name":"Luto na pol\u00edcia"}]},{"@type":"WebSite","@id":"https:\/\/www.blogsoestado.com\/danielmatos\/#website","url":"https:\/\/www.blogsoestado.com\/danielmatos\/","name":"Daniel Matos","description":"","potentialAction":[{"@type":"SearchAction","target":{"@type":"EntryPoint","urlTemplate":"https:\/\/www.blogsoestado.com\/danielmatos\/?s={search_term_string}"},"query-input":{"@type":"PropertyValueSpecification","valueRequired":true,"valueName":"search_term_string"}}],"inLanguage":"pt-BR"}]}},"jetpack_featured_media_url":"","_links":{"self":[{"href":"https:\/\/www.blogsoestado.com\/danielmatos\/wp-json\/wp\/v2\/posts\/20292","targetHints":{"allow":["GET"]}}],"collection":[{"href":"https:\/\/www.blogsoestado.com\/danielmatos\/wp-json\/wp\/v2\/posts"}],"about":[{"href":"https:\/\/www.blogsoestado.com\/danielmatos\/wp-json\/wp\/v2\/types\/post"}],"replies":[{"embeddable":true,"href":"https:\/\/www.blogsoestado.com\/danielmatos\/wp-json\/wp\/v2\/comments?post=20292"}],"version-history":[{"count":0,"href":"https:\/\/www.blogsoestado.com\/danielmatos\/wp-json\/wp\/v2\/posts\/20292\/revisions"}],"wp:attachment":[{"href":"https:\/\/www.blogsoestado.com\/danielmatos\/wp-json\/wp\/v2\/media?parent=20292"}],"wp:term":[{"taxonomy":"category","embeddable":true,"href":"https:\/\/www.blogsoestado.com\/danielmatos\/wp-json\/wp\/v2\/categories?post=20292"},{"taxonomy":"post_tag","embeddable":true,"href":"https:\/\/www.blogsoestado.com\/danielmatos\/wp-json\/wp\/v2\/tags?post=20292"}],"curies":[{"name":"wp","href":"https:\/\/api.w.org\/{rel}","templated":true}]}}