{"id":203,"date":"2007-11-23T08:56:01","date_gmt":"2007-11-23T08:56:01","guid":{"rendered":"https:\/\/www.blogsoestado.com\/danielmatos\/2007\/11\/23\/governo-federal-monta-forca-tarefa-para-apurar\/"},"modified":"2007-11-23T08:56:01","modified_gmt":"2007-11-23T08:56:01","slug":"governo-federal-monta-forca-tarefa-para-apurar","status":"publish","type":"post","link":"https:\/\/www.blogsoestado.com\/danielmatos\/governo-federal-monta-forca-tarefa-para-apurar\/","title":{"rendered":"Governo Federal monta for\u00e7a-tarefa para apurar"},"content":{"rendered":"<p><b><font size=\"4\"><br \/>pris\u00e3o de garota de 15 anos em cela masculina<\/font><\/b><\/p>\n<p><font size=\"3\">A Secretaria Especial dos Direitos Humanos da Presid\u00eancia da Rep\u00fablica, diante das not\u00edcias envolvendo a pris\u00e3o ilegal da  adolescente que ficou presa durante um m\u00eas numa cela com 20 detentos adultos, em Abaetetuba, no Par\u00e1, sofrendo viol\u00eancias sexuais, tomou as seguintes provid\u00eancias:<\/p>\n<p>1.         Constituiu uma for\u00e7a-tarefa para viajar ao Par\u00e1 na data de hoje, integrada pelo Ouvidor Geral de Direitos Humanos, Fermino Fecchio, pelo Coordenador Geral do Programa de Prote\u00e7\u00e3o aos Defensores dos Direitos Humanos, Fernando Matos, e pela Secret\u00e1ria Adjunta da Subsecretaria dos Direitos da Crian\u00e7a e do Adolescente, M\u00e1rcia Ustra Soares, com a finalidade de propor e viabilizar, em conjunto com a Governadora do Estado, todas as medidas necess\u00e1rias para garantir a integridade e prote\u00e7\u00e3o da adolescente e de seus familiares. <\/p>\n<p>2.         Determinou aos integrantes dessa for\u00e7a-tarefa ter como uma de suas prioridades o contato direto com a jovem e com seus familiares para assegurar-lhes todos os recursos de prote\u00e7\u00e3o e defesa que envolvam o \u00e2mbito da autoridade federal.<\/p>\n<p>3.          Solicitou \u00e0 Pol\u00edcia Rodovi\u00e1ria Federal, parceira da SEDH no Programa de Combate ao Abuso e \u00e0 Explora\u00e7\u00e3o Sexual de Crian\u00e7as e Adolescentes, engajamento imediato na atividade de apoio e prote\u00e7\u00e3o \u00e0 jovem e seus familiares, o que j\u00e1 foi concretizado atrav\u00e9s de escolta permanente.<\/p>\n<p>4.          Iniciou os tr\u00e2mites legais para integrar imediatamente a jovem ao Programa de Prote\u00e7\u00e3o a Crian\u00e7as e Adolescentes  Amea\u00e7ados de Morte (PPCAAM).<\/p>\n<p>5.          Acionou a rede de garantias de direitos e de atendimento \u00e0 crian\u00e7a e ao adolescente do Estado do Par\u00e1 para garantir atendimento emergencial \u00e0 jovem. <\/p>\n<p>6.          Requisitou \u00e0 Ouvidoria de Pol\u00edcia do Estado do Par\u00e1 c\u00f3pias de todos os procedimentos de apura\u00e7\u00e3o que j\u00e1 tenham sido iniciados.<\/p>\n<p>7.          Agendou reuni\u00e3o com a Secret\u00e1ria de Seguran\u00e7a do Estado e com a pr\u00f3pria Governadora para amanh\u00e3, visando integrar as iniciativas de \u00e2mbito estadual e federal para garantir rigorosa apura\u00e7\u00e3o e responsabiliza\u00e7\u00e3o criminal de todos os envolvidos nesse intoler\u00e1vel epis\u00f3dio de viola\u00e7\u00e3o do Estatuto da Crian\u00e7a e do Adolescente e das normas mais elementares de prote\u00e7\u00e3o aos Direitos Humanos.<\/font><\/p>\n<p><\/p>\n","protected":false},"excerpt":{"rendered":"<p>pris\u00e3o de garota de 15 anos em cela masculina A Secretaria Especial dos Direitos Humanos da Presid\u00eancia da Rep\u00fablica, diante [&hellip;]<\/p>\n","protected":false},"author":0,"featured_media":0,"comment_status":"open","ping_status":"open","sticky":false,"template":"","format":"standard","meta":{"site-sidebar-layout":"default","site-content-layout":"","ast-site-content-layout":"default","site-content-style":"default","site-sidebar-style":"default","ast-global-header-display":"","ast-banner-title-visibility":"","ast-main-header-display":"","ast-hfb-above-header-display":"","ast-hfb-below-header-display":"","ast-hfb-mobile-header-display":"","site-post-title":"","ast-breadcrumbs-content":"","ast-featured-img":"","footer-sml-layout":"","ast-disable-related-posts":"","theme-transparent-header-meta":"","adv-header-id-meta":"","stick-header-meta":"","header-above-stick-meta":"","header-main-stick-meta":"","header-below-stick-meta":"","astra-migrate-meta-layouts":"default","ast-page-background-enabled":"default","ast-page-background-meta":{"desktop":{"background-color":"var(--ast-global-color-5)","background-image":"","background-repeat":"repeat","background-position":"center center","background-size":"auto","background-attachment":"scroll","background-type":"","background-media":"","overlay-type":"","overlay-color":"","overlay-opacity":"","overlay-gradient":""},"tablet":{"background-color":"","background-image":"","background-repeat":"repeat","background-position":"center center","background-size":"auto","background-attachment":"scroll","background-type":"","background-media":"","overlay-type":"","overlay-color":"","overlay-opacity":"","overlay-gradient":""},"mobile":{"background-color":"","background-image":"","background-repeat":"repeat","background-position":"center center","background-size":"auto","background-attachment":"scroll","background-type":"","background-media":"","overlay-type":"","overlay-color":"","overlay-opacity":"","overlay-gradient":""}},"ast-content-background-meta":{"desktop":{"background-color":"var(--ast-global-color-4)","background-image":"","background-repeat":"repeat","background-position":"center center","background-size":"auto","background-attachment":"scroll","background-type":"","background-media":"","overlay-type":"","overlay-color":"","overlay-opacity":"","overlay-gradient":""},"tablet":{"background-color":"var(--ast-global-color-4)","background-image":"","background-repeat":"repeat","background-position":"center center","background-size":"auto","background-attachment":"scroll","background-type":"","background-media":"","overlay-type":"","overlay-color":"","overlay-opacity":"","overlay-gradient":""},"mobile":{"background-color":"var(--ast-global-color-4)","background-image":"","background-repeat":"repeat","background-position":"center center","background-size":"auto","background-attachment":"scroll","background-type":"","background-media":"","overlay-type":"","overlay-color":"","overlay-opacity":"","overlay-gradient":""}},"footnotes":""},"categories":[1],"tags":[],"class_list":["post-203","post","type-post","status-publish","format-standard","hentry","category-sem-categoria"],"yoast_head":"<!-- This site is optimized with the Yoast SEO plugin v26.6 - https:\/\/yoast.com\/wordpress\/plugins\/seo\/ -->\n<title>Governo Federal monta for\u00e7a-tarefa para apurar - Daniel Matos<\/title>\n<meta name=\"robots\" content=\"index, follow, max-snippet:-1, max-image-preview:large, max-video-preview:-1\" \/>\n<link rel=\"canonical\" href=\"https:\/\/www.blogsoestado.com\/danielmatos\/governo-federal-monta-forca-tarefa-para-apurar\/\" \/>\n<meta property=\"og:locale\" content=\"pt_BR\" \/>\n<meta property=\"og:type\" content=\"article\" \/>\n<meta property=\"og:title\" content=\"Governo Federal monta for\u00e7a-tarefa para apurar - Daniel Matos\" \/>\n<meta property=\"og:description\" content=\"pris\u00e3o de garota de 15 anos em cela masculina A Secretaria Especial dos Direitos Humanos da Presid\u00eancia da Rep\u00fablica, diante [&hellip;]\" \/>\n<meta property=\"og:url\" content=\"https:\/\/www.blogsoestado.com\/danielmatos\/governo-federal-monta-forca-tarefa-para-apurar\/\" \/>\n<meta property=\"og:site_name\" content=\"Daniel Matos\" \/>\n<meta property=\"article:published_time\" content=\"2007-11-23T08:56:01+00:00\" \/>\n<meta name=\"twitter:card\" content=\"summary_large_image\" \/>\n<meta name=\"twitter:label1\" content=\"Est. tempo de leitura\" \/>\n\t<meta name=\"twitter:data1\" content=\"2 minutos\" \/>\n<script type=\"application\/ld+json\" class=\"yoast-schema-graph\">{\"@context\":\"https:\/\/schema.org\",\"@graph\":[{\"@type\":\"WebPage\",\"@id\":\"https:\/\/www.blogsoestado.com\/danielmatos\/governo-federal-monta-forca-tarefa-para-apurar\/\",\"url\":\"https:\/\/www.blogsoestado.com\/danielmatos\/governo-federal-monta-forca-tarefa-para-apurar\/\",\"name\":\"Governo Federal monta for\u00e7a-tarefa para apurar - Daniel Matos\",\"isPartOf\":{\"@id\":\"https:\/\/www.blogsoestado.com\/danielmatos\/#website\"},\"datePublished\":\"2007-11-23T08:56:01+00:00\",\"author\":{\"@id\":\"\"},\"breadcrumb\":{\"@id\":\"https:\/\/www.blogsoestado.com\/danielmatos\/governo-federal-monta-forca-tarefa-para-apurar\/#breadcrumb\"},\"inLanguage\":\"pt-BR\",\"potentialAction\":[{\"@type\":\"ReadAction\",\"target\":[\"https:\/\/www.blogsoestado.com\/danielmatos\/governo-federal-monta-forca-tarefa-para-apurar\/\"]}]},{\"@type\":\"BreadcrumbList\",\"@id\":\"https:\/\/www.blogsoestado.com\/danielmatos\/governo-federal-monta-forca-tarefa-para-apurar\/#breadcrumb\",\"itemListElement\":[{\"@type\":\"ListItem\",\"position\":1,\"name\":\"In\u00edcio\",\"item\":\"https:\/\/www.blogsoestado.com\/danielmatos\/\"},{\"@type\":\"ListItem\",\"position\":2,\"name\":\"Governo Federal monta for\u00e7a-tarefa para apurar\"}]},{\"@type\":\"WebSite\",\"@id\":\"https:\/\/www.blogsoestado.com\/danielmatos\/#website\",\"url\":\"https:\/\/www.blogsoestado.com\/danielmatos\/\",\"name\":\"Daniel Matos\",\"description\":\"\",\"potentialAction\":[{\"@type\":\"SearchAction\",\"target\":{\"@type\":\"EntryPoint\",\"urlTemplate\":\"https:\/\/www.blogsoestado.com\/danielmatos\/?s={search_term_string}\"},\"query-input\":{\"@type\":\"PropertyValueSpecification\",\"valueRequired\":true,\"valueName\":\"search_term_string\"}}],\"inLanguage\":\"pt-BR\"}]}<\/script>\n<!-- \/ Yoast SEO plugin. -->","yoast_head_json":{"title":"Governo Federal monta for\u00e7a-tarefa para apurar - Daniel Matos","robots":{"index":"index","follow":"follow","max-snippet":"max-snippet:-1","max-image-preview":"max-image-preview:large","max-video-preview":"max-video-preview:-1"},"canonical":"https:\/\/www.blogsoestado.com\/danielmatos\/governo-federal-monta-forca-tarefa-para-apurar\/","og_locale":"pt_BR","og_type":"article","og_title":"Governo Federal monta for\u00e7a-tarefa para apurar - Daniel Matos","og_description":"pris\u00e3o de garota de 15 anos em cela masculina A Secretaria Especial dos Direitos Humanos da Presid\u00eancia da Rep\u00fablica, diante [&hellip;]","og_url":"https:\/\/www.blogsoestado.com\/danielmatos\/governo-federal-monta-forca-tarefa-para-apurar\/","og_site_name":"Daniel Matos","article_published_time":"2007-11-23T08:56:01+00:00","twitter_card":"summary_large_image","twitter_misc":{"Est. tempo de leitura":"2 minutos"},"schema":{"@context":"https:\/\/schema.org","@graph":[{"@type":"WebPage","@id":"https:\/\/www.blogsoestado.com\/danielmatos\/governo-federal-monta-forca-tarefa-para-apurar\/","url":"https:\/\/www.blogsoestado.com\/danielmatos\/governo-federal-monta-forca-tarefa-para-apurar\/","name":"Governo Federal monta for\u00e7a-tarefa para apurar - Daniel Matos","isPartOf":{"@id":"https:\/\/www.blogsoestado.com\/danielmatos\/#website"},"datePublished":"2007-11-23T08:56:01+00:00","author":{"@id":""},"breadcrumb":{"@id":"https:\/\/www.blogsoestado.com\/danielmatos\/governo-federal-monta-forca-tarefa-para-apurar\/#breadcrumb"},"inLanguage":"pt-BR","potentialAction":[{"@type":"ReadAction","target":["https:\/\/www.blogsoestado.com\/danielmatos\/governo-federal-monta-forca-tarefa-para-apurar\/"]}]},{"@type":"BreadcrumbList","@id":"https:\/\/www.blogsoestado.com\/danielmatos\/governo-federal-monta-forca-tarefa-para-apurar\/#breadcrumb","itemListElement":[{"@type":"ListItem","position":1,"name":"In\u00edcio","item":"https:\/\/www.blogsoestado.com\/danielmatos\/"},{"@type":"ListItem","position":2,"name":"Governo Federal monta for\u00e7a-tarefa para apurar"}]},{"@type":"WebSite","@id":"https:\/\/www.blogsoestado.com\/danielmatos\/#website","url":"https:\/\/www.blogsoestado.com\/danielmatos\/","name":"Daniel Matos","description":"","potentialAction":[{"@type":"SearchAction","target":{"@type":"EntryPoint","urlTemplate":"https:\/\/www.blogsoestado.com\/danielmatos\/?s={search_term_string}"},"query-input":{"@type":"PropertyValueSpecification","valueRequired":true,"valueName":"search_term_string"}}],"inLanguage":"pt-BR"}]}},"jetpack_featured_media_url":"","_links":{"self":[{"href":"https:\/\/www.blogsoestado.com\/danielmatos\/wp-json\/wp\/v2\/posts\/203","targetHints":{"allow":["GET"]}}],"collection":[{"href":"https:\/\/www.blogsoestado.com\/danielmatos\/wp-json\/wp\/v2\/posts"}],"about":[{"href":"https:\/\/www.blogsoestado.com\/danielmatos\/wp-json\/wp\/v2\/types\/post"}],"replies":[{"embeddable":true,"href":"https:\/\/www.blogsoestado.com\/danielmatos\/wp-json\/wp\/v2\/comments?post=203"}],"version-history":[{"count":0,"href":"https:\/\/www.blogsoestado.com\/danielmatos\/wp-json\/wp\/v2\/posts\/203\/revisions"}],"wp:attachment":[{"href":"https:\/\/www.blogsoestado.com\/danielmatos\/wp-json\/wp\/v2\/media?parent=203"}],"wp:term":[{"taxonomy":"category","embeddable":true,"href":"https:\/\/www.blogsoestado.com\/danielmatos\/wp-json\/wp\/v2\/categories?post=203"},{"taxonomy":"post_tag","embeddable":true,"href":"https:\/\/www.blogsoestado.com\/danielmatos\/wp-json\/wp\/v2\/tags?post=203"}],"curies":[{"name":"wp","href":"https:\/\/api.w.org\/{rel}","templated":true}]}}