{"id":20319,"date":"2014-11-05T09:00:36","date_gmt":"2014-11-05T12:00:36","guid":{"rendered":"https:\/\/www.blogsoestado.com\/danielmatos\/?p=20319"},"modified":"2014-11-05T09:00:36","modified_gmt":"2014-11-05T12:00:36","slug":"prefeito-edivaldo-anuncia-novo-presidente-da-func-e-reforca-parceria-com-o-pt","status":"publish","type":"post","link":"https:\/\/www.blogsoestado.com\/danielmatos\/prefeito-edivaldo-anuncia-novo-presidente-da-func-e-reforca-parceria-com-o-pt\/","title":{"rendered":"Prefeito Edivaldo anuncia novo presidente da Func e refor\u00e7a parceria com o PT"},"content":{"rendered":"<figure id=\"attachment_20320\" aria-describedby=\"caption-attachment-20320\" style=\"width: 640px\" class=\"wp-caption aligncenter\"><a href=\"https:\/\/www.blogsoestado.com\/danielmatos\/files\/2014\/11\/marlon-bot\u00e3o.jpg\"><img fetchpriority=\"high\" decoding=\"async\" class=\"size-full wp-image-20320\" src=\"https:\/\/www.blogsoestado.com\/danielmatos\/files\/2014\/11\/marlon-bot\u00e3o.jpg\" alt=\"O ex-presidente da Func, Francisco Gon\u00e7alves,que assumir\u00e1 cargo no governo Fl\u00e1vio Dino, Edivaldo J\u00fanior e Marlon Bot\u00e3o  \" width=\"640\" height=\"428\" \/><\/a><figcaption id=\"caption-attachment-20320\" class=\"wp-caption-text\">Prefeito Edivaldo Holanda J\u00fanior cumprimenta o novo presidente da Func, Marlon Bot\u00e3o, que \u00e9 filiado ao PT<\/figcaption><\/figure>\n<p>O prefeito Edivaldo anunciou na tarde desta ter\u00e7a-feira (04) o novo presidente da Funda\u00e7\u00e3o Municipal de Cultura (Func). Carlos Marlon de Sousa Bot\u00e3o substitui o professor Francisco Gon\u00e7alves, que assumir\u00e1 a Secretaria de Estado de Direitos Humanos e Participa\u00e7\u00e3o Popular a convite do governador eleito Fl\u00e1vio Dino. O encontro foi marcado pela presen\u00e7a de membros do Partido dos Trabalhadores (PT), que refor\u00e7aram o apoio pol\u00edtico \u00e0 gest\u00e3o do prefeito Edivaldo.<\/p>\n<p>Ao comunicar a mudan\u00e7a em sua equipe de governo, o prefeito destacou as conquistas obtidas durante a gest\u00e3o de Francisco Gon\u00e7alves no \u00f3rg\u00e3o. \u201cCom muita seriedade e compet\u00eancia, Francisco Gon\u00e7alves garantiu \u00e0 Func avan\u00e7os importantes para a consolida\u00e7\u00e3o da pol\u00edtica de cultura do munic\u00edpio de S\u00e3o Lu\u00eds. A elabora\u00e7\u00e3o do Plano Municipal de Cultura, por exemplo, \u00e9 resultado de um desses trabalhos aos quais Marlon Bot\u00e3o dar\u00e1 continuidade\u201d, afirmou.<\/p>\n<p>O an\u00fancio do novo presidente da Func refor\u00e7a a alian\u00e7a pol\u00edtica firmada com o Partido dos Trabalhadores e fortalece as a\u00e7\u00f5es desenvolvidas na cultura. Para Francisco Gon\u00e7alves, a parceria com o PT \u00e9 importante para a continuidade das pol\u00edticas de cultura do governo. \u201cAvan\u00e7amos de uma agenda de cultura para uma pol\u00edtica de cultura. A consolida\u00e7\u00e3o da alian\u00e7a com o PT \u00e9 fundamental para a promo\u00e7\u00e3o da mudan\u00e7a no Maranh\u00e3o, pois resulta em um novo alinhamento pol\u00edtico entre o Munic\u00edpio, o Estado e a Uni\u00e3o\u201d, declarou.<\/p>\n<p>Marlon Bot\u00e3o destacou o bom trabalho que vem sendo desenvolvido na Funda\u00e7\u00e3o. \u201cAgrade\u00e7o a confian\u00e7a do prefeito Edivaldo ao me dar a responsabilidade de estar \u00e0 frente dessa importante ferramenta da gest\u00e3o, que \u00e9 a Funda\u00e7\u00e3o Municipal de Cultura. Afirmo que me dedicarei a dar prosseguimento \u00e0s a\u00e7\u00f5es, contribuindo com a continuidade das pol\u00edticas para que muito mais possa ser realizado pela sociedade\u201d, disse Bot\u00e3o.<\/p>\n<p>O presidente do Diret\u00f3rio Municipal do PT, Fernando Magalh\u00e3es, e o deputado estadual eleito, Z\u00e9 In\u00e1cio (PT), apoiaram a indica\u00e7\u00e3o de Marlon \u00e0 presid\u00eancia da Func e atestaram sua compet\u00eancia. \u201cEstou satisfeito com o trabalho que vem sendo realizado pelo prefeito Edivaldo e tenho certeza que o Marlon com sua compet\u00eancia contribuir\u00e1 muito com a gest\u00e3o\u201d, afirmou Fernando Magalh\u00e3es. \u201cVenho prestigiar este momento e refor\u00e7ar meu apoio ao companheiro Marlon, que assume essa importante miss\u00e3o. Sinalizo ao prefeito e ao novo presidente da Func o meu apoio para o desenvolvimento deste trabalho\u201d, refor\u00e7ou o deputado eleito Z\u00e9 In\u00e1cio (PT).<\/p>\n<figure id=\"attachment_20321\" aria-describedby=\"caption-attachment-20321\" style=\"width: 640px\" class=\"wp-caption aligncenter\"><a href=\"https:\/\/www.blogsoestado.com\/danielmatos\/files\/2014\/11\/marlon-bot\u00e3o2.jpg\"><img decoding=\"async\" class=\"size-full wp-image-20321\" src=\"https:\/\/www.blogsoestado.com\/danielmatos\/files\/2014\/11\/marlon-bot\u00e3o2.jpg\" alt=\"O ex-presidente da Func, Francisco Gon\u00e7alves,que assumir\u00e1 cargo no governo Fl\u00e1vio Dino, Edivaldo J\u00fanior e Marlon Bot\u00e3o\" width=\"640\" height=\"378\" \/><\/a><figcaption id=\"caption-attachment-20321\" class=\"wp-caption-text\">O ex-presidente da Func, Francisco Gon\u00e7alves, que assumir\u00e1 cargo no governo Fl\u00e1vio Dino; Edivaldo e Marlon Bot\u00e3o<\/figcaption><\/figure>\n<p>O presidente o PCdoB, M\u00e1rcio Jerry, destacou o trabalho desenvolvido por Francisco Gon\u00e7alves, o perfil de Marlon Bot\u00e3o e a import\u00e2ncia da parceria pol\u00edtica e administrativa. \u201cA uni\u00e3o entre os partidos \u00e9 fundamental, pois refor\u00e7a o movimento que vem sendo realizado nacionalmente. A alian\u00e7a pol\u00edtica \u00e9 imprescind\u00edvel para a realiza\u00e7\u00e3o do conjunto de a\u00e7\u00f5es que v\u00eam sendo desenvolvidas pelo munic\u00edpio. O cen\u00e1rio pol\u00edtico \u00e9 favor\u00e1vel j\u00e1 que apresenta uma sintonia entre os entes federados, que leva \u00e0 unidade no campo pol\u00edtico\u201d, afirmou.<\/p>\n<p>Tamb\u00e9m estiveram na reuni\u00e3o o secret\u00e1rio municipal de Comunica\u00e7\u00e3o, Robson Paz, e o assessor de comunica\u00e7\u00e3o do Instituto Federal do Maranh\u00e3o, Cl\u00e1udio Moraes, representando o reitor da institui\u00e7\u00e3o, Roberto Brand\u00e3o, entre outros membros do Partido dos Trabalhadores.<\/p>\n<p><strong>Perfil<\/strong><\/p>\n<p>Graduado em Comunica\u00e7\u00e3o Social e especialista em Comunica\u00e7\u00e3o Organizacional pela Universidade Federal do Maranh\u00e3o (UFMA), Carlos Marlon de Sousa Bot\u00e3o foi secret\u00e1rio de Comunica\u00e7\u00e3o do munic\u00edpio de Coroat\u00e1 e tem larga experi\u00eancia em Assessoria de Comunica\u00e7\u00e3o, tendo atuado como Chefe da Assessoria de Comunica\u00e7\u00e3o do Instituto Federal do Maranh\u00e3o (IFMA), consultor de comunica\u00e7\u00e3o e marketing da Prefeitura de Santa Luzia do Paru\u00e1. Tamb\u00e9m desenvolveu a fun\u00e7\u00e3o de assessor de comunica\u00e7\u00e3o no Sindicato dos Servidores P\u00fablicos do Maranh\u00e3o e no Sindicato dos Ferrovi\u00e1rios dos Estados do Maranh\u00e3o, Par\u00e1 e Tocantins.<\/p>\n<p><strong>Fonte:<\/strong> Secretaria Municipal de Comunica\u00e7\u00e3o (Secom)<\/p>\n","protected":false},"excerpt":{"rendered":"<p>O prefeito Edivaldo anunciou na tarde desta ter\u00e7a-feira (04) o novo presidente da Funda\u00e7\u00e3o Municipal de Cultura (Func). Carlos Marlon [&hellip;]<\/p>\n","protected":false},"author":0,"featured_media":0,"comment_status":"open","ping_status":"open","sticky":false,"template":"","format":"standard","meta":{"site-sidebar-layout":"default","site-content-layout":"","ast-site-content-layout":"default","site-content-style":"default","site-sidebar-style":"default","ast-global-header-display":"","ast-banner-title-visibility":"","ast-main-header-display":"","ast-hfb-above-header-display":"","ast-hfb-below-header-display":"","ast-hfb-mobile-header-display":"","site-post-title":"","ast-breadcrumbs-content":"","ast-featured-img":"","footer-sml-layout":"","ast-disable-related-posts":"","theme-transparent-header-meta":"","adv-header-id-meta":"","stick-header-meta":"","header-above-stick-meta":"","header-main-stick-meta":"","header-below-stick-meta":"","astra-migrate-meta-layouts":"default","ast-page-background-enabled":"default","ast-page-background-meta":{"desktop":{"background-color":"var(--ast-global-color-5)","background-image":"","background-repeat":"repeat","background-position":"center center","background-size":"auto","background-attachment":"scroll","background-type":"","background-media":"","overlay-type":"","overlay-color":"","overlay-opacity":"","overlay-gradient":""},"tablet":{"background-color":"","background-image":"","background-repeat":"repeat","background-position":"center center","background-size":"auto","background-attachment":"scroll","background-type":"","background-media":"","overlay-type":"","overlay-color":"","overlay-opacity":"","overlay-gradient":""},"mobile":{"background-color":"","background-image":"","background-repeat":"repeat","background-position":"center center","background-size":"auto","background-attachment":"scroll","background-type":"","background-media":"","overlay-type":"","overlay-color":"","overlay-opacity":"","overlay-gradient":""}},"ast-content-background-meta":{"desktop":{"background-color":"var(--ast-global-color-4)","background-image":"","background-repeat":"repeat","background-position":"center center","background-size":"auto","background-attachment":"scroll","background-type":"","background-media":"","overlay-type":"","overlay-color":"","overlay-opacity":"","overlay-gradient":""},"tablet":{"background-color":"var(--ast-global-color-4)","background-image":"","background-repeat":"repeat","background-position":"center center","background-size":"auto","background-attachment":"scroll","background-type":"","background-media":"","overlay-type":"","overlay-color":"","overlay-opacity":"","overlay-gradient":""},"mobile":{"background-color":"var(--ast-global-color-4)","background-image":"","background-repeat":"repeat","background-position":"center center","background-size":"auto","background-attachment":"scroll","background-type":"","background-media":"","overlay-type":"","overlay-color":"","overlay-opacity":"","overlay-gradient":""}},"footnotes":""},"categories":[1],"tags":[],"class_list":["post-20319","post","type-post","status-publish","format-standard","hentry","category-sem-categoria"],"yoast_head":"<!-- This site is optimized with the Yoast SEO plugin v26.6 - https:\/\/yoast.com\/wordpress\/plugins\/seo\/ -->\n<title>Prefeito Edivaldo anuncia novo presidente da Func e refor\u00e7a parceria com o PT - Daniel Matos<\/title>\n<meta name=\"robots\" content=\"index, follow, max-snippet:-1, max-image-preview:large, max-video-preview:-1\" \/>\n<link rel=\"canonical\" href=\"https:\/\/www.blogsoestado.com\/danielmatos\/prefeito-edivaldo-anuncia-novo-presidente-da-func-e-reforca-parceria-com-o-pt\/\" \/>\n<meta property=\"og:locale\" content=\"pt_BR\" \/>\n<meta property=\"og:type\" content=\"article\" \/>\n<meta property=\"og:title\" content=\"Prefeito Edivaldo anuncia novo presidente da Func e refor\u00e7a parceria com o PT - Daniel Matos\" \/>\n<meta property=\"og:description\" content=\"O prefeito Edivaldo anunciou na tarde desta ter\u00e7a-feira (04) o novo presidente da Funda\u00e7\u00e3o Municipal de Cultura (Func). Carlos Marlon [&hellip;]\" \/>\n<meta property=\"og:url\" content=\"https:\/\/www.blogsoestado.com\/danielmatos\/prefeito-edivaldo-anuncia-novo-presidente-da-func-e-reforca-parceria-com-o-pt\/\" \/>\n<meta property=\"og:site_name\" content=\"Daniel Matos\" \/>\n<meta property=\"article:published_time\" content=\"2014-11-05T12:00:36+00:00\" \/>\n<meta name=\"twitter:card\" content=\"summary_large_image\" \/>\n<meta name=\"twitter:label1\" content=\"Est. tempo de leitura\" \/>\n\t<meta name=\"twitter:data1\" content=\"4 minutos\" \/>\n<script type=\"application\/ld+json\" class=\"yoast-schema-graph\">{\"@context\":\"https:\/\/schema.org\",\"@graph\":[{\"@type\":\"WebPage\",\"@id\":\"https:\/\/www.blogsoestado.com\/danielmatos\/prefeito-edivaldo-anuncia-novo-presidente-da-func-e-reforca-parceria-com-o-pt\/\",\"url\":\"https:\/\/www.blogsoestado.com\/danielmatos\/prefeito-edivaldo-anuncia-novo-presidente-da-func-e-reforca-parceria-com-o-pt\/\",\"name\":\"Prefeito Edivaldo anuncia novo presidente da Func e refor\u00e7a parceria com o PT - Daniel Matos\",\"isPartOf\":{\"@id\":\"https:\/\/www.blogsoestado.com\/danielmatos\/#website\"},\"datePublished\":\"2014-11-05T12:00:36+00:00\",\"author\":{\"@id\":\"\"},\"breadcrumb\":{\"@id\":\"https:\/\/www.blogsoestado.com\/danielmatos\/prefeito-edivaldo-anuncia-novo-presidente-da-func-e-reforca-parceria-com-o-pt\/#breadcrumb\"},\"inLanguage\":\"pt-BR\",\"potentialAction\":[{\"@type\":\"ReadAction\",\"target\":[\"https:\/\/www.blogsoestado.com\/danielmatos\/prefeito-edivaldo-anuncia-novo-presidente-da-func-e-reforca-parceria-com-o-pt\/\"]}]},{\"@type\":\"BreadcrumbList\",\"@id\":\"https:\/\/www.blogsoestado.com\/danielmatos\/prefeito-edivaldo-anuncia-novo-presidente-da-func-e-reforca-parceria-com-o-pt\/#breadcrumb\",\"itemListElement\":[{\"@type\":\"ListItem\",\"position\":1,\"name\":\"In\u00edcio\",\"item\":\"https:\/\/www.blogsoestado.com\/danielmatos\/\"},{\"@type\":\"ListItem\",\"position\":2,\"name\":\"Prefeito Edivaldo anuncia novo presidente da Func e refor\u00e7a parceria com o PT\"}]},{\"@type\":\"WebSite\",\"@id\":\"https:\/\/www.blogsoestado.com\/danielmatos\/#website\",\"url\":\"https:\/\/www.blogsoestado.com\/danielmatos\/\",\"name\":\"Daniel Matos\",\"description\":\"\",\"potentialAction\":[{\"@type\":\"SearchAction\",\"target\":{\"@type\":\"EntryPoint\",\"urlTemplate\":\"https:\/\/www.blogsoestado.com\/danielmatos\/?s={search_term_string}\"},\"query-input\":{\"@type\":\"PropertyValueSpecification\",\"valueRequired\":true,\"valueName\":\"search_term_string\"}}],\"inLanguage\":\"pt-BR\"}]}<\/script>\n<!-- \/ Yoast SEO plugin. -->","yoast_head_json":{"title":"Prefeito Edivaldo anuncia novo presidente da Func e refor\u00e7a parceria com o PT - Daniel Matos","robots":{"index":"index","follow":"follow","max-snippet":"max-snippet:-1","max-image-preview":"max-image-preview:large","max-video-preview":"max-video-preview:-1"},"canonical":"https:\/\/www.blogsoestado.com\/danielmatos\/prefeito-edivaldo-anuncia-novo-presidente-da-func-e-reforca-parceria-com-o-pt\/","og_locale":"pt_BR","og_type":"article","og_title":"Prefeito Edivaldo anuncia novo presidente da Func e refor\u00e7a parceria com o PT - Daniel Matos","og_description":"O prefeito Edivaldo anunciou na tarde desta ter\u00e7a-feira (04) o novo presidente da Funda\u00e7\u00e3o Municipal de Cultura (Func). Carlos Marlon [&hellip;]","og_url":"https:\/\/www.blogsoestado.com\/danielmatos\/prefeito-edivaldo-anuncia-novo-presidente-da-func-e-reforca-parceria-com-o-pt\/","og_site_name":"Daniel Matos","article_published_time":"2014-11-05T12:00:36+00:00","twitter_card":"summary_large_image","twitter_misc":{"Est. tempo de leitura":"4 minutos"},"schema":{"@context":"https:\/\/schema.org","@graph":[{"@type":"WebPage","@id":"https:\/\/www.blogsoestado.com\/danielmatos\/prefeito-edivaldo-anuncia-novo-presidente-da-func-e-reforca-parceria-com-o-pt\/","url":"https:\/\/www.blogsoestado.com\/danielmatos\/prefeito-edivaldo-anuncia-novo-presidente-da-func-e-reforca-parceria-com-o-pt\/","name":"Prefeito Edivaldo anuncia novo presidente da Func e refor\u00e7a parceria com o PT - Daniel Matos","isPartOf":{"@id":"https:\/\/www.blogsoestado.com\/danielmatos\/#website"},"datePublished":"2014-11-05T12:00:36+00:00","author":{"@id":""},"breadcrumb":{"@id":"https:\/\/www.blogsoestado.com\/danielmatos\/prefeito-edivaldo-anuncia-novo-presidente-da-func-e-reforca-parceria-com-o-pt\/#breadcrumb"},"inLanguage":"pt-BR","potentialAction":[{"@type":"ReadAction","target":["https:\/\/www.blogsoestado.com\/danielmatos\/prefeito-edivaldo-anuncia-novo-presidente-da-func-e-reforca-parceria-com-o-pt\/"]}]},{"@type":"BreadcrumbList","@id":"https:\/\/www.blogsoestado.com\/danielmatos\/prefeito-edivaldo-anuncia-novo-presidente-da-func-e-reforca-parceria-com-o-pt\/#breadcrumb","itemListElement":[{"@type":"ListItem","position":1,"name":"In\u00edcio","item":"https:\/\/www.blogsoestado.com\/danielmatos\/"},{"@type":"ListItem","position":2,"name":"Prefeito Edivaldo anuncia novo presidente da Func e refor\u00e7a parceria com o PT"}]},{"@type":"WebSite","@id":"https:\/\/www.blogsoestado.com\/danielmatos\/#website","url":"https:\/\/www.blogsoestado.com\/danielmatos\/","name":"Daniel Matos","description":"","potentialAction":[{"@type":"SearchAction","target":{"@type":"EntryPoint","urlTemplate":"https:\/\/www.blogsoestado.com\/danielmatos\/?s={search_term_string}"},"query-input":{"@type":"PropertyValueSpecification","valueRequired":true,"valueName":"search_term_string"}}],"inLanguage":"pt-BR"}]}},"jetpack_featured_media_url":"","_links":{"self":[{"href":"https:\/\/www.blogsoestado.com\/danielmatos\/wp-json\/wp\/v2\/posts\/20319","targetHints":{"allow":["GET"]}}],"collection":[{"href":"https:\/\/www.blogsoestado.com\/danielmatos\/wp-json\/wp\/v2\/posts"}],"about":[{"href":"https:\/\/www.blogsoestado.com\/danielmatos\/wp-json\/wp\/v2\/types\/post"}],"replies":[{"embeddable":true,"href":"https:\/\/www.blogsoestado.com\/danielmatos\/wp-json\/wp\/v2\/comments?post=20319"}],"version-history":[{"count":0,"href":"https:\/\/www.blogsoestado.com\/danielmatos\/wp-json\/wp\/v2\/posts\/20319\/revisions"}],"wp:attachment":[{"href":"https:\/\/www.blogsoestado.com\/danielmatos\/wp-json\/wp\/v2\/media?parent=20319"}],"wp:term":[{"taxonomy":"category","embeddable":true,"href":"https:\/\/www.blogsoestado.com\/danielmatos\/wp-json\/wp\/v2\/categories?post=20319"},{"taxonomy":"post_tag","embeddable":true,"href":"https:\/\/www.blogsoestado.com\/danielmatos\/wp-json\/wp\/v2\/tags?post=20319"}],"curies":[{"name":"wp","href":"https:\/\/api.w.org\/{rel}","templated":true}]}}