{"id":20329,"date":"2014-11-05T17:19:38","date_gmt":"2014-11-05T20:19:38","guid":{"rendered":"https:\/\/www.blogsoestado.com\/danielmatos\/?p=20329"},"modified":"2014-11-05T17:19:38","modified_gmt":"2014-11-05T20:19:38","slug":"reitor-da-ufma-recebe-medalha-de-reconhecimento-do-tj","status":"publish","type":"post","link":"https:\/\/www.blogsoestado.com\/danielmatos\/reitor-da-ufma-recebe-medalha-de-reconhecimento-do-tj\/","title":{"rendered":"Reitor da UFMA recebe medalha de reconhecimento do TJ"},"content":{"rendered":"<figure id=\"attachment_20330\" aria-describedby=\"caption-attachment-20330\" style=\"width: 615px\" class=\"wp-caption aligncenter\"><a href=\"https:\/\/www.blogsoestado.com\/danielmatos\/files\/2014\/11\/natalino-tj.png\"><img fetchpriority=\"high\" decoding=\"async\" class=\"size-full wp-image-20330\" src=\"https:\/\/www.blogsoestado.com\/danielmatos\/files\/2014\/11\/natalino-tj.png\" alt=\"Reitor da UFMA, Natalino Salgado, recebe condecora\u00e7\u00e3o do desembargador Lourival Serejo \" width=\"615\" height=\"480\" \/><\/a><figcaption id=\"caption-attachment-20330\" class=\"wp-caption-text\">Reitor da UFMA, Natalino Salgado, recebe condecora\u00e7\u00e3o das m\u00e3os do desembargador Lourival Serejo<\/figcaption><\/figure>\n<p>O reitor da Universidade Federal do Maranh\u00e3o, Natalino Salgado, foi condecorado com a Medalha do M\u00e9rito Judici\u00e1rio Ant\u00f4nio Rodrigues Vellozo pelo Tribunal de Justi\u00e7a do Maranh\u00e3o. A indica\u00e7\u00e3o partiu do desembargador Lourival de Jesus Serejo, que tamb\u00e9m entregou honraria semelhante ao juiz federal, Ricardo Felipe Rodrigues Macieira. A condecora\u00e7\u00e3o \u00e9 um reconhecimento a personalidades que contribu\u00edram por meio de suas pr\u00e1ticas profissionais com o Poder Judici\u00e1rio.<\/p>\n<p>A concess\u00e3o e o reconhecimento dos m\u00e9ritos foram feitas ontem em sess\u00e3o solene comemorativa aos 201 anos de instala\u00e7\u00e3o do TJ no Maranh\u00e3o. As autoridades indicadas pelos desembargadores da Corte receberam um diploma e uma comenda em forma de medalha de tr\u00eas tipos diferentes. S\u00e3o elas: a Medalha dos Bons Servi\u00e7os Bento Moreira Lima, a medalha do M\u00e9rito Judici\u00e1rio Desembargador Antonio Rodrigues velolozo e a Medalha Especial do M\u00e9rito C\u00e2ndido Mendes.<\/p>\n<p>O diploma entregue ao reitor da UFMA leva o nome do primeiro Chanceler do Tribunal do Maranh\u00e3o &#8211; denomina\u00e7\u00e3o conferida ao organismo p\u00fablico conhecido hoje como Tribunal de Justi\u00e7a do Maranh\u00e3o. Reconhece, anualmente, desembargadores, chefes de governo, ministros de tribunais superiores, ministros de Estado, senadores e demais representantes do poder p\u00fablico.<\/p>\n<p>A corregedora-geral, desembargadora Nelma Sarney, destacou os servi\u00e7os prestados \u00e0 sociedade pelo reitor da UFMA, considerando-o um parceiro da justi\u00e7a do Maranh\u00e3o. J\u00e1 o desembargador Lourival Serejo revelou os motivos que o levaram a indicar o nome de Natalino Salgado como merecedor da comenda, enfatizando a sua atua\u00e7\u00e3o inspiradora no meio cient\u00edfico como m\u00e9dico, pesquisador, professor e gestor de uma institui\u00e7\u00e3o que cresce na medida em que promove equidade social por meio da educa\u00e7\u00e3o.<\/p>\n<p>Segundo o reitor, a honraria recebida pelo Tribunal de Justi\u00e7a reflete sua hist\u00f3ria de vida e o seu trabalho no servi\u00e7o p\u00fablico, assim como o momento hist\u00f3rico em que vive a UFMA. \u201cA Universidade promove por meio da educa\u00e7\u00e3o e de suas pesquisas cient\u00edficas a forma\u00e7\u00e3o e a descoberta de novos conhecimentos. \u00c9 um trabalho que realizamos de m\u00e3os dadas com a sociedade civil e que \u00e9, antes de tudo, uma luta pela igualdade, por meio da oferta democr\u00e1tica de uma educa\u00e7\u00e3o de qualidade. Fico lisonjeado pelo reconhecimento n\u00e3o apenas pessoal, mas pelo trabalho que vem sendo realizado na Universidade, onde o TJ \u00e9 nosso importante parceiro\u201d, frisou.<\/p>\n","protected":false},"excerpt":{"rendered":"<p>O reitor da Universidade Federal do Maranh\u00e3o, Natalino Salgado, foi condecorado com a Medalha do M\u00e9rito Judici\u00e1rio Ant\u00f4nio Rodrigues Vellozo [&hellip;]<\/p>\n","protected":false},"author":0,"featured_media":0,"comment_status":"open","ping_status":"open","sticky":false,"template":"","format":"standard","meta":{"site-sidebar-layout":"default","site-content-layout":"","ast-site-content-layout":"default","site-content-style":"default","site-sidebar-style":"default","ast-global-header-display":"","ast-banner-title-visibility":"","ast-main-header-display":"","ast-hfb-above-header-display":"","ast-hfb-below-header-display":"","ast-hfb-mobile-header-display":"","site-post-title":"","ast-breadcrumbs-content":"","ast-featured-img":"","footer-sml-layout":"","ast-disable-related-posts":"","theme-transparent-header-meta":"","adv-header-id-meta":"","stick-header-meta":"","header-above-stick-meta":"","header-main-stick-meta":"","header-below-stick-meta":"","astra-migrate-meta-layouts":"default","ast-page-background-enabled":"default","ast-page-background-meta":{"desktop":{"background-color":"var(--ast-global-color-5)","background-image":"","background-repeat":"repeat","background-position":"center center","background-size":"auto","background-attachment":"scroll","background-type":"","background-media":"","overlay-type":"","overlay-color":"","overlay-opacity":"","overlay-gradient":""},"tablet":{"background-color":"","background-image":"","background-repeat":"repeat","background-position":"center center","background-size":"auto","background-attachment":"scroll","background-type":"","background-media":"","overlay-type":"","overlay-color":"","overlay-opacity":"","overlay-gradient":""},"mobile":{"background-color":"","background-image":"","background-repeat":"repeat","background-position":"center center","background-size":"auto","background-attachment":"scroll","background-type":"","background-media":"","overlay-type":"","overlay-color":"","overlay-opacity":"","overlay-gradient":""}},"ast-content-background-meta":{"desktop":{"background-color":"var(--ast-global-color-4)","background-image":"","background-repeat":"repeat","background-position":"center center","background-size":"auto","background-attachment":"scroll","background-type":"","background-media":"","overlay-type":"","overlay-color":"","overlay-opacity":"","overlay-gradient":""},"tablet":{"background-color":"var(--ast-global-color-4)","background-image":"","background-repeat":"repeat","background-position":"center center","background-size":"auto","background-attachment":"scroll","background-type":"","background-media":"","overlay-type":"","overlay-color":"","overlay-opacity":"","overlay-gradient":""},"mobile":{"background-color":"var(--ast-global-color-4)","background-image":"","background-repeat":"repeat","background-position":"center center","background-size":"auto","background-attachment":"scroll","background-type":"","background-media":"","overlay-type":"","overlay-color":"","overlay-opacity":"","overlay-gradient":""}},"footnotes":""},"categories":[1],"tags":[],"class_list":["post-20329","post","type-post","status-publish","format-standard","hentry","category-sem-categoria"],"yoast_head":"<!-- This site is optimized with the Yoast SEO plugin v26.6 - https:\/\/yoast.com\/wordpress\/plugins\/seo\/ -->\n<title>Reitor da UFMA recebe medalha de reconhecimento do TJ - Daniel Matos<\/title>\n<meta name=\"robots\" content=\"index, follow, max-snippet:-1, max-image-preview:large, max-video-preview:-1\" \/>\n<link rel=\"canonical\" href=\"https:\/\/www.blogsoestado.com\/danielmatos\/reitor-da-ufma-recebe-medalha-de-reconhecimento-do-tj\/\" \/>\n<meta property=\"og:locale\" content=\"pt_BR\" \/>\n<meta property=\"og:type\" content=\"article\" \/>\n<meta property=\"og:title\" content=\"Reitor da UFMA recebe medalha de reconhecimento do TJ - Daniel Matos\" \/>\n<meta property=\"og:description\" content=\"O reitor da Universidade Federal do Maranh\u00e3o, Natalino Salgado, foi condecorado com a Medalha do M\u00e9rito Judici\u00e1rio Ant\u00f4nio Rodrigues Vellozo [&hellip;]\" \/>\n<meta property=\"og:url\" content=\"https:\/\/www.blogsoestado.com\/danielmatos\/reitor-da-ufma-recebe-medalha-de-reconhecimento-do-tj\/\" \/>\n<meta property=\"og:site_name\" content=\"Daniel Matos\" \/>\n<meta property=\"article:published_time\" content=\"2014-11-05T20:19:38+00:00\" \/>\n<meta property=\"og:image\" content=\"https:\/\/www.blogsoestado.com\/danielmatos\/files\/2014\/11\/natalino-tj.png\" \/>\n<meta name=\"twitter:card\" content=\"summary_large_image\" \/>\n<meta name=\"twitter:label1\" content=\"Est. tempo de leitura\" \/>\n\t<meta name=\"twitter:data1\" content=\"2 minutos\" \/>\n<script type=\"application\/ld+json\" class=\"yoast-schema-graph\">{\"@context\":\"https:\/\/schema.org\",\"@graph\":[{\"@type\":\"WebPage\",\"@id\":\"https:\/\/www.blogsoestado.com\/danielmatos\/reitor-da-ufma-recebe-medalha-de-reconhecimento-do-tj\/\",\"url\":\"https:\/\/www.blogsoestado.com\/danielmatos\/reitor-da-ufma-recebe-medalha-de-reconhecimento-do-tj\/\",\"name\":\"Reitor da UFMA recebe medalha de reconhecimento do TJ - Daniel Matos\",\"isPartOf\":{\"@id\":\"https:\/\/www.blogsoestado.com\/danielmatos\/#website\"},\"primaryImageOfPage\":{\"@id\":\"https:\/\/www.blogsoestado.com\/danielmatos\/reitor-da-ufma-recebe-medalha-de-reconhecimento-do-tj\/#primaryimage\"},\"image\":{\"@id\":\"https:\/\/www.blogsoestado.com\/danielmatos\/reitor-da-ufma-recebe-medalha-de-reconhecimento-do-tj\/#primaryimage\"},\"thumbnailUrl\":\"https:\/\/www.blogsoestado.com\/danielmatos\/files\/2014\/11\/natalino-tj.png\",\"datePublished\":\"2014-11-05T20:19:38+00:00\",\"author\":{\"@id\":\"\"},\"breadcrumb\":{\"@id\":\"https:\/\/www.blogsoestado.com\/danielmatos\/reitor-da-ufma-recebe-medalha-de-reconhecimento-do-tj\/#breadcrumb\"},\"inLanguage\":\"pt-BR\",\"potentialAction\":[{\"@type\":\"ReadAction\",\"target\":[\"https:\/\/www.blogsoestado.com\/danielmatos\/reitor-da-ufma-recebe-medalha-de-reconhecimento-do-tj\/\"]}]},{\"@type\":\"ImageObject\",\"inLanguage\":\"pt-BR\",\"@id\":\"https:\/\/www.blogsoestado.com\/danielmatos\/reitor-da-ufma-recebe-medalha-de-reconhecimento-do-tj\/#primaryimage\",\"url\":\"https:\/\/www.blogsoestado.com\/danielmatos\/files\/2014\/11\/natalino-tj.png\",\"contentUrl\":\"https:\/\/www.blogsoestado.com\/danielmatos\/files\/2014\/11\/natalino-tj.png\"},{\"@type\":\"BreadcrumbList\",\"@id\":\"https:\/\/www.blogsoestado.com\/danielmatos\/reitor-da-ufma-recebe-medalha-de-reconhecimento-do-tj\/#breadcrumb\",\"itemListElement\":[{\"@type\":\"ListItem\",\"position\":1,\"name\":\"In\u00edcio\",\"item\":\"https:\/\/www.blogsoestado.com\/danielmatos\/\"},{\"@type\":\"ListItem\",\"position\":2,\"name\":\"Reitor da UFMA recebe medalha de reconhecimento do TJ\"}]},{\"@type\":\"WebSite\",\"@id\":\"https:\/\/www.blogsoestado.com\/danielmatos\/#website\",\"url\":\"https:\/\/www.blogsoestado.com\/danielmatos\/\",\"name\":\"Daniel Matos\",\"description\":\"\",\"potentialAction\":[{\"@type\":\"SearchAction\",\"target\":{\"@type\":\"EntryPoint\",\"urlTemplate\":\"https:\/\/www.blogsoestado.com\/danielmatos\/?s={search_term_string}\"},\"query-input\":{\"@type\":\"PropertyValueSpecification\",\"valueRequired\":true,\"valueName\":\"search_term_string\"}}],\"inLanguage\":\"pt-BR\"}]}<\/script>\n<!-- \/ Yoast SEO plugin. -->","yoast_head_json":{"title":"Reitor da UFMA recebe medalha de reconhecimento do TJ - Daniel Matos","robots":{"index":"index","follow":"follow","max-snippet":"max-snippet:-1","max-image-preview":"max-image-preview:large","max-video-preview":"max-video-preview:-1"},"canonical":"https:\/\/www.blogsoestado.com\/danielmatos\/reitor-da-ufma-recebe-medalha-de-reconhecimento-do-tj\/","og_locale":"pt_BR","og_type":"article","og_title":"Reitor da UFMA recebe medalha de reconhecimento do TJ - Daniel Matos","og_description":"O reitor da Universidade Federal do Maranh\u00e3o, Natalino Salgado, foi condecorado com a Medalha do M\u00e9rito Judici\u00e1rio Ant\u00f4nio Rodrigues Vellozo [&hellip;]","og_url":"https:\/\/www.blogsoestado.com\/danielmatos\/reitor-da-ufma-recebe-medalha-de-reconhecimento-do-tj\/","og_site_name":"Daniel Matos","article_published_time":"2014-11-05T20:19:38+00:00","og_image":[{"url":"https:\/\/www.blogsoestado.com\/danielmatos\/files\/2014\/11\/natalino-tj.png","type":"","width":"","height":""}],"twitter_card":"summary_large_image","twitter_misc":{"Est. tempo de leitura":"2 minutos"},"schema":{"@context":"https:\/\/schema.org","@graph":[{"@type":"WebPage","@id":"https:\/\/www.blogsoestado.com\/danielmatos\/reitor-da-ufma-recebe-medalha-de-reconhecimento-do-tj\/","url":"https:\/\/www.blogsoestado.com\/danielmatos\/reitor-da-ufma-recebe-medalha-de-reconhecimento-do-tj\/","name":"Reitor da UFMA recebe medalha de reconhecimento do TJ - Daniel Matos","isPartOf":{"@id":"https:\/\/www.blogsoestado.com\/danielmatos\/#website"},"primaryImageOfPage":{"@id":"https:\/\/www.blogsoestado.com\/danielmatos\/reitor-da-ufma-recebe-medalha-de-reconhecimento-do-tj\/#primaryimage"},"image":{"@id":"https:\/\/www.blogsoestado.com\/danielmatos\/reitor-da-ufma-recebe-medalha-de-reconhecimento-do-tj\/#primaryimage"},"thumbnailUrl":"https:\/\/www.blogsoestado.com\/danielmatos\/files\/2014\/11\/natalino-tj.png","datePublished":"2014-11-05T20:19:38+00:00","author":{"@id":""},"breadcrumb":{"@id":"https:\/\/www.blogsoestado.com\/danielmatos\/reitor-da-ufma-recebe-medalha-de-reconhecimento-do-tj\/#breadcrumb"},"inLanguage":"pt-BR","potentialAction":[{"@type":"ReadAction","target":["https:\/\/www.blogsoestado.com\/danielmatos\/reitor-da-ufma-recebe-medalha-de-reconhecimento-do-tj\/"]}]},{"@type":"ImageObject","inLanguage":"pt-BR","@id":"https:\/\/www.blogsoestado.com\/danielmatos\/reitor-da-ufma-recebe-medalha-de-reconhecimento-do-tj\/#primaryimage","url":"https:\/\/www.blogsoestado.com\/danielmatos\/files\/2014\/11\/natalino-tj.png","contentUrl":"https:\/\/www.blogsoestado.com\/danielmatos\/files\/2014\/11\/natalino-tj.png"},{"@type":"BreadcrumbList","@id":"https:\/\/www.blogsoestado.com\/danielmatos\/reitor-da-ufma-recebe-medalha-de-reconhecimento-do-tj\/#breadcrumb","itemListElement":[{"@type":"ListItem","position":1,"name":"In\u00edcio","item":"https:\/\/www.blogsoestado.com\/danielmatos\/"},{"@type":"ListItem","position":2,"name":"Reitor da UFMA recebe medalha de reconhecimento do TJ"}]},{"@type":"WebSite","@id":"https:\/\/www.blogsoestado.com\/danielmatos\/#website","url":"https:\/\/www.blogsoestado.com\/danielmatos\/","name":"Daniel Matos","description":"","potentialAction":[{"@type":"SearchAction","target":{"@type":"EntryPoint","urlTemplate":"https:\/\/www.blogsoestado.com\/danielmatos\/?s={search_term_string}"},"query-input":{"@type":"PropertyValueSpecification","valueRequired":true,"valueName":"search_term_string"}}],"inLanguage":"pt-BR"}]}},"jetpack_featured_media_url":"","_links":{"self":[{"href":"https:\/\/www.blogsoestado.com\/danielmatos\/wp-json\/wp\/v2\/posts\/20329","targetHints":{"allow":["GET"]}}],"collection":[{"href":"https:\/\/www.blogsoestado.com\/danielmatos\/wp-json\/wp\/v2\/posts"}],"about":[{"href":"https:\/\/www.blogsoestado.com\/danielmatos\/wp-json\/wp\/v2\/types\/post"}],"replies":[{"embeddable":true,"href":"https:\/\/www.blogsoestado.com\/danielmatos\/wp-json\/wp\/v2\/comments?post=20329"}],"version-history":[{"count":0,"href":"https:\/\/www.blogsoestado.com\/danielmatos\/wp-json\/wp\/v2\/posts\/20329\/revisions"}],"wp:attachment":[{"href":"https:\/\/www.blogsoestado.com\/danielmatos\/wp-json\/wp\/v2\/media?parent=20329"}],"wp:term":[{"taxonomy":"category","embeddable":true,"href":"https:\/\/www.blogsoestado.com\/danielmatos\/wp-json\/wp\/v2\/categories?post=20329"},{"taxonomy":"post_tag","embeddable":true,"href":"https:\/\/www.blogsoestado.com\/danielmatos\/wp-json\/wp\/v2\/tags?post=20329"}],"curies":[{"name":"wp","href":"https:\/\/api.w.org\/{rel}","templated":true}]}}