{"id":20335,"date":"2014-11-06T08:22:52","date_gmt":"2014-11-06T11:22:52","guid":{"rendered":"https:\/\/www.blogsoestado.com\/danielmatos\/?p=20335"},"modified":"2014-11-06T08:22:52","modified_gmt":"2014-11-06T11:22:52","slug":"em-nota-prefeito-de-anajatuba-rebate-denuncia-do-fantastico","status":"publish","type":"post","link":"https:\/\/www.blogsoestado.com\/danielmatos\/em-nota-prefeito-de-anajatuba-rebate-denuncia-do-fantastico\/","title":{"rendered":"Em nota, prefeito de Anajatuba rebate den\u00fancia do Fant\u00e1stico"},"content":{"rendered":"<p style=\"text-align: center;\"><strong>NOTA DE ESCLARECIMENTO<\/strong><\/p>\n<p>A respeito da mat\u00e9ria envolvendo a Administra\u00e7\u00e3o Municipal da Prefeitura de Anajatuba \u2013 MA exibida no Fant\u00e1stico em 02\/11\/2014 temos a esclarecer que:<\/p>\n<p>1. A contrata\u00e7\u00e3o de empresas e fornecedores pela Prefeitura Municipal de Anajatuba obedece a todas as normas legais e preceitos republicanos que norteiam a administra\u00e7\u00e3o p\u00fablica \u00e9tica e respons\u00e1vel;<\/p>\n<p>2. A acusa\u00e7\u00e3o de que empresas teriam recebido e desviado o valor de R$ 9 milh\u00f5es \u00e9 absurda e inveross\u00edmil, pois tal quantia corresponde aos valores licitados. O montante pago durante o ano de 2013 \u00e0s empresas citadas na reportagem n\u00e3o ultrapassou R$ 3,4 milh\u00f5es em servi\u00e7os efetivamente prestados, valores estes devidamente comprovados junto ao Tribunal de Contas do Estado (TCE);<\/p>\n<p>3. Sobre o Censo Escolar, t\u00e3o logo a Secretaria de Educa\u00e7\u00e3o da atual administra\u00e7\u00e3o tomou conhecimento do equ\u00edvoco no n\u00famero de alunos informados, foi protocolado junto ao Minist\u00e9rio da Educa\u00e7\u00e3o vasta documenta\u00e7\u00e3o informando todo o ocorrido;<\/p>\n<p>4. A Prefeitura, ap\u00f3s tomar ci\u00eancia das den\u00fancias, determinou a realiza\u00e7\u00e3o de auditoria interna em todos os contratos apontados, desde janeiro\/2013, at\u00e9 a presente data, pela Controladoria Geral do Munic\u00edpio;<\/p>\n<p>5. As acusa\u00e7\u00f5es feitas pelo vice-prefeito, Sidney Costa Pereira, s\u00e3o movidas pelo sentimento de \u00f3dio, ressentimento pol\u00edtico e irresponsabilidade. As medidas c\u00edveis e penais contra ele j\u00e1 est\u00e3o sendo tomadas, uma vez que tais afirma\u00e7\u00f5es criminosas ferem a honra dos gestores do munic\u00edpio e seus cidad\u00e3os;<\/p>\n<p>6. Por fim, esclarecemos que sempre estivemos \u00e0 disposi\u00e7\u00e3o de todos os \u00f3rg\u00e3os de controle da administra\u00e7\u00e3o p\u00fablica, com o objetivo de mostrar nosso compromisso com os princ\u00edpios da legalidade, moralidade e publicidade dos atos administrativos.<\/p>\n<p>Respeitosamente,<br \/>\nH\u00e9lder Arag\u00e3o<br \/>\nPrefeito de Anajatuba<\/p>\n","protected":false},"excerpt":{"rendered":"<p>NOTA DE ESCLARECIMENTO A respeito da mat\u00e9ria envolvendo a Administra\u00e7\u00e3o Municipal da Prefeitura de Anajatuba \u2013 MA exibida no Fant\u00e1stico [&hellip;]<\/p>\n","protected":false},"author":0,"featured_media":0,"comment_status":"open","ping_status":"open","sticky":false,"template":"","format":"standard","meta":{"site-sidebar-layout":"default","site-content-layout":"","ast-site-content-layout":"default","site-content-style":"default","site-sidebar-style":"default","ast-global-header-display":"","ast-banner-title-visibility":"","ast-main-header-display":"","ast-hfb-above-header-display":"","ast-hfb-below-header-display":"","ast-hfb-mobile-header-display":"","site-post-title":"","ast-breadcrumbs-content":"","ast-featured-img":"","footer-sml-layout":"","ast-disable-related-posts":"","theme-transparent-header-meta":"","adv-header-id-meta":"","stick-header-meta":"","header-above-stick-meta":"","header-main-stick-meta":"","header-below-stick-meta":"","astra-migrate-meta-layouts":"default","ast-page-background-enabled":"default","ast-page-background-meta":{"desktop":{"background-color":"var(--ast-global-color-5)","background-image":"","background-repeat":"repeat","background-position":"center center","background-size":"auto","background-attachment":"scroll","background-type":"","background-media":"","overlay-type":"","overlay-color":"","overlay-opacity":"","overlay-gradient":""},"tablet":{"background-color":"","background-image":"","background-repeat":"repeat","background-position":"center center","background-size":"auto","background-attachment":"scroll","background-type":"","background-media":"","overlay-type":"","overlay-color":"","overlay-opacity":"","overlay-gradient":""},"mobile":{"background-color":"","background-image":"","background-repeat":"repeat","background-position":"center center","background-size":"auto","background-attachment":"scroll","background-type":"","background-media":"","overlay-type":"","overlay-color":"","overlay-opacity":"","overlay-gradient":""}},"ast-content-background-meta":{"desktop":{"background-color":"var(--ast-global-color-4)","background-image":"","background-repeat":"repeat","background-position":"center center","background-size":"auto","background-attachment":"scroll","background-type":"","background-media":"","overlay-type":"","overlay-color":"","overlay-opacity":"","overlay-gradient":""},"tablet":{"background-color":"var(--ast-global-color-4)","background-image":"","background-repeat":"repeat","background-position":"center center","background-size":"auto","background-attachment":"scroll","background-type":"","background-media":"","overlay-type":"","overlay-color":"","overlay-opacity":"","overlay-gradient":""},"mobile":{"background-color":"var(--ast-global-color-4)","background-image":"","background-repeat":"repeat","background-position":"center center","background-size":"auto","background-attachment":"scroll","background-type":"","background-media":"","overlay-type":"","overlay-color":"","overlay-opacity":"","overlay-gradient":""}},"footnotes":""},"categories":[1],"tags":[],"class_list":["post-20335","post","type-post","status-publish","format-standard","hentry","category-sem-categoria"],"yoast_head":"<!-- This site is optimized with the Yoast SEO plugin v26.6 - https:\/\/yoast.com\/wordpress\/plugins\/seo\/ -->\n<title>Em nota, prefeito de Anajatuba rebate den\u00fancia do Fant\u00e1stico - Daniel Matos<\/title>\n<meta name=\"robots\" content=\"index, follow, max-snippet:-1, max-image-preview:large, max-video-preview:-1\" \/>\n<link rel=\"canonical\" href=\"https:\/\/www.blogsoestado.com\/danielmatos\/em-nota-prefeito-de-anajatuba-rebate-denuncia-do-fantastico\/\" \/>\n<meta property=\"og:locale\" content=\"pt_BR\" \/>\n<meta property=\"og:type\" content=\"article\" \/>\n<meta property=\"og:title\" content=\"Em nota, prefeito de Anajatuba rebate den\u00fancia do Fant\u00e1stico - Daniel Matos\" \/>\n<meta property=\"og:description\" content=\"NOTA DE ESCLARECIMENTO A respeito da mat\u00e9ria envolvendo a Administra\u00e7\u00e3o Municipal da Prefeitura de Anajatuba \u2013 MA exibida no Fant\u00e1stico [&hellip;]\" \/>\n<meta property=\"og:url\" content=\"https:\/\/www.blogsoestado.com\/danielmatos\/em-nota-prefeito-de-anajatuba-rebate-denuncia-do-fantastico\/\" \/>\n<meta property=\"og:site_name\" content=\"Daniel Matos\" \/>\n<meta property=\"article:published_time\" content=\"2014-11-06T11:22:52+00:00\" \/>\n<meta name=\"twitter:card\" content=\"summary_large_image\" \/>\n<meta name=\"twitter:label1\" content=\"Est. tempo de leitura\" \/>\n\t<meta name=\"twitter:data1\" content=\"1 minuto\" \/>\n<script type=\"application\/ld+json\" class=\"yoast-schema-graph\">{\"@context\":\"https:\/\/schema.org\",\"@graph\":[{\"@type\":\"WebPage\",\"@id\":\"https:\/\/www.blogsoestado.com\/danielmatos\/em-nota-prefeito-de-anajatuba-rebate-denuncia-do-fantastico\/\",\"url\":\"https:\/\/www.blogsoestado.com\/danielmatos\/em-nota-prefeito-de-anajatuba-rebate-denuncia-do-fantastico\/\",\"name\":\"Em nota, prefeito de Anajatuba rebate den\u00fancia do Fant\u00e1stico - Daniel Matos\",\"isPartOf\":{\"@id\":\"https:\/\/www.blogsoestado.com\/danielmatos\/#website\"},\"datePublished\":\"2014-11-06T11:22:52+00:00\",\"author\":{\"@id\":\"\"},\"breadcrumb\":{\"@id\":\"https:\/\/www.blogsoestado.com\/danielmatos\/em-nota-prefeito-de-anajatuba-rebate-denuncia-do-fantastico\/#breadcrumb\"},\"inLanguage\":\"pt-BR\",\"potentialAction\":[{\"@type\":\"ReadAction\",\"target\":[\"https:\/\/www.blogsoestado.com\/danielmatos\/em-nota-prefeito-de-anajatuba-rebate-denuncia-do-fantastico\/\"]}]},{\"@type\":\"BreadcrumbList\",\"@id\":\"https:\/\/www.blogsoestado.com\/danielmatos\/em-nota-prefeito-de-anajatuba-rebate-denuncia-do-fantastico\/#breadcrumb\",\"itemListElement\":[{\"@type\":\"ListItem\",\"position\":1,\"name\":\"In\u00edcio\",\"item\":\"https:\/\/www.blogsoestado.com\/danielmatos\/\"},{\"@type\":\"ListItem\",\"position\":2,\"name\":\"Em nota, prefeito de Anajatuba rebate den\u00fancia do Fant\u00e1stico\"}]},{\"@type\":\"WebSite\",\"@id\":\"https:\/\/www.blogsoestado.com\/danielmatos\/#website\",\"url\":\"https:\/\/www.blogsoestado.com\/danielmatos\/\",\"name\":\"Daniel Matos\",\"description\":\"\",\"potentialAction\":[{\"@type\":\"SearchAction\",\"target\":{\"@type\":\"EntryPoint\",\"urlTemplate\":\"https:\/\/www.blogsoestado.com\/danielmatos\/?s={search_term_string}\"},\"query-input\":{\"@type\":\"PropertyValueSpecification\",\"valueRequired\":true,\"valueName\":\"search_term_string\"}}],\"inLanguage\":\"pt-BR\"}]}<\/script>\n<!-- \/ Yoast SEO plugin. -->","yoast_head_json":{"title":"Em nota, prefeito de Anajatuba rebate den\u00fancia do Fant\u00e1stico - Daniel Matos","robots":{"index":"index","follow":"follow","max-snippet":"max-snippet:-1","max-image-preview":"max-image-preview:large","max-video-preview":"max-video-preview:-1"},"canonical":"https:\/\/www.blogsoestado.com\/danielmatos\/em-nota-prefeito-de-anajatuba-rebate-denuncia-do-fantastico\/","og_locale":"pt_BR","og_type":"article","og_title":"Em nota, prefeito de Anajatuba rebate den\u00fancia do Fant\u00e1stico - Daniel Matos","og_description":"NOTA DE ESCLARECIMENTO A respeito da mat\u00e9ria envolvendo a Administra\u00e7\u00e3o Municipal da Prefeitura de Anajatuba \u2013 MA exibida no Fant\u00e1stico [&hellip;]","og_url":"https:\/\/www.blogsoestado.com\/danielmatos\/em-nota-prefeito-de-anajatuba-rebate-denuncia-do-fantastico\/","og_site_name":"Daniel Matos","article_published_time":"2014-11-06T11:22:52+00:00","twitter_card":"summary_large_image","twitter_misc":{"Est. tempo de leitura":"1 minuto"},"schema":{"@context":"https:\/\/schema.org","@graph":[{"@type":"WebPage","@id":"https:\/\/www.blogsoestado.com\/danielmatos\/em-nota-prefeito-de-anajatuba-rebate-denuncia-do-fantastico\/","url":"https:\/\/www.blogsoestado.com\/danielmatos\/em-nota-prefeito-de-anajatuba-rebate-denuncia-do-fantastico\/","name":"Em nota, prefeito de Anajatuba rebate den\u00fancia do Fant\u00e1stico - Daniel Matos","isPartOf":{"@id":"https:\/\/www.blogsoestado.com\/danielmatos\/#website"},"datePublished":"2014-11-06T11:22:52+00:00","author":{"@id":""},"breadcrumb":{"@id":"https:\/\/www.blogsoestado.com\/danielmatos\/em-nota-prefeito-de-anajatuba-rebate-denuncia-do-fantastico\/#breadcrumb"},"inLanguage":"pt-BR","potentialAction":[{"@type":"ReadAction","target":["https:\/\/www.blogsoestado.com\/danielmatos\/em-nota-prefeito-de-anajatuba-rebate-denuncia-do-fantastico\/"]}]},{"@type":"BreadcrumbList","@id":"https:\/\/www.blogsoestado.com\/danielmatos\/em-nota-prefeito-de-anajatuba-rebate-denuncia-do-fantastico\/#breadcrumb","itemListElement":[{"@type":"ListItem","position":1,"name":"In\u00edcio","item":"https:\/\/www.blogsoestado.com\/danielmatos\/"},{"@type":"ListItem","position":2,"name":"Em nota, prefeito de Anajatuba rebate den\u00fancia do Fant\u00e1stico"}]},{"@type":"WebSite","@id":"https:\/\/www.blogsoestado.com\/danielmatos\/#website","url":"https:\/\/www.blogsoestado.com\/danielmatos\/","name":"Daniel Matos","description":"","potentialAction":[{"@type":"SearchAction","target":{"@type":"EntryPoint","urlTemplate":"https:\/\/www.blogsoestado.com\/danielmatos\/?s={search_term_string}"},"query-input":{"@type":"PropertyValueSpecification","valueRequired":true,"valueName":"search_term_string"}}],"inLanguage":"pt-BR"}]}},"jetpack_featured_media_url":"","_links":{"self":[{"href":"https:\/\/www.blogsoestado.com\/danielmatos\/wp-json\/wp\/v2\/posts\/20335","targetHints":{"allow":["GET"]}}],"collection":[{"href":"https:\/\/www.blogsoestado.com\/danielmatos\/wp-json\/wp\/v2\/posts"}],"about":[{"href":"https:\/\/www.blogsoestado.com\/danielmatos\/wp-json\/wp\/v2\/types\/post"}],"replies":[{"embeddable":true,"href":"https:\/\/www.blogsoestado.com\/danielmatos\/wp-json\/wp\/v2\/comments?post=20335"}],"version-history":[{"count":0,"href":"https:\/\/www.blogsoestado.com\/danielmatos\/wp-json\/wp\/v2\/posts\/20335\/revisions"}],"wp:attachment":[{"href":"https:\/\/www.blogsoestado.com\/danielmatos\/wp-json\/wp\/v2\/media?parent=20335"}],"wp:term":[{"taxonomy":"category","embeddable":true,"href":"https:\/\/www.blogsoestado.com\/danielmatos\/wp-json\/wp\/v2\/categories?post=20335"},{"taxonomy":"post_tag","embeddable":true,"href":"https:\/\/www.blogsoestado.com\/danielmatos\/wp-json\/wp\/v2\/tags?post=20335"}],"curies":[{"name":"wp","href":"https:\/\/api.w.org\/{rel}","templated":true}]}}