{"id":20337,"date":"2014-11-06T08:56:03","date_gmt":"2014-11-06T11:56:03","guid":{"rendered":"https:\/\/www.blogsoestado.com\/danielmatos\/?p=20337"},"modified":"2014-11-06T08:56:03","modified_gmt":"2014-11-06T11:56:03","slug":"pedro-lucas-fernandes-pede-reforma-do-mercado-da-cidade-operaria","status":"publish","type":"post","link":"https:\/\/www.blogsoestado.com\/danielmatos\/pedro-lucas-fernandes-pede-reforma-do-mercado-da-cidade-operaria\/","title":{"rendered":"Pedro Lucas Fernandes pede reforma do Mercado da Cidade Oper\u00e1ria"},"content":{"rendered":"<figure id=\"attachment_20338\" aria-describedby=\"caption-attachment-20338\" style=\"width: 351px\" class=\"wp-caption alignleft\"><a href=\"https:\/\/www.blogsoestado.com\/danielmatos\/files\/2014\/11\/pedro-lucas-mercado.jpg\"><img fetchpriority=\"high\" decoding=\"async\" class=\"size-full wp-image-20338\" src=\"https:\/\/www.blogsoestado.com\/danielmatos\/files\/2014\/11\/pedro-lucas-mercado.jpg\" alt=\"Pedro Lucas solicitou emenda a bancada \u00e0 bancada federal para recupera\u00e7\u00e3o do mercado\" width=\"351\" height=\"336\" \/><\/a><figcaption id=\"caption-attachment-20338\" class=\"wp-caption-text\">Pedro Lucas solicitou emenda a bancada \u00e0 bancada federal do Maranh\u00e3o para recupera\u00e7\u00e3o do mercado da Cidade Oper\u00e1ria<\/figcaption><\/figure>\n<p>O vereador Pedro Lucas Fernandes (PTB) pediu ao coordenador da Bancada Federal do Maranh\u00e3o, Sarney Filho (PMDB), que seja viabilizada, por meio de emendas parlamentares de bancada, a reforma e higieniza\u00e7\u00e3o do Mercado da Cidade Oper\u00e1ria. O pedido se deu via of\u00edcio, mediante Indica\u00e7\u00e3o apresentada na C\u00e2mara Municipal.<\/p>\n<p>\u201cO Mercado da Cidade Oper\u00e1ria necessita, em car\u00e1ter de urg\u00eancia, de reparos em sua estrutura predial, adequa\u00e7\u00e3o de suas instala\u00e7\u00f5es \u00e0s normas de vigil\u00e2ncia sanit\u00e1ria, al\u00e9m de reformas e expans\u00e3o dos boxes utilizados comerciantes, cujos benef\u00edcios trazidos alcan\u00e7ar\u00e3o milhares\u201d, justificou o parlamentar<\/p>\n<p>Pedro Lucas ressaltou que o mercado foi constru\u00eddo em \u00e1rea pertencente at\u00e9 hoje pertencente \u00e0 EMARHP (Empresa Maranhense de Recursos Humanos e Neg\u00f3cios P\u00fablicos), entidade integrante da Administra\u00e7\u00e3o Indireta do Estado, de forma que, apesar das compet\u00eancias municipais sobre o assunto, caber\u00e1 a Administra\u00e7\u00e3o Estadual a realiza\u00e7\u00e3o das obras pretendidas.<\/p>\n<p>\u201cDesta forma, entendendo que os 18 deputados e tr\u00eas senadores tem recebido o irrestrito apoio e confian\u00e7a dos eleitores de nossa cidade, solicitei a interven\u00e7\u00e3o de toda a bancada, junto ao Governo Federal, para a viabiliza\u00e7\u00e3o desta antiga reivindica\u00e7\u00e3o do moradores da Cidade Oper\u00e1ria\u201d, declarou o vereador.<\/p>\n<p>O mercado da Cidade Oper\u00e1ria \u00e9 gerenciado por uma cooperativa de feirantes, que tem a responsabilidade de manuten\u00e7\u00e3o das instala\u00e7\u00f5es, limpeza e funcionamento. Atualmente conta com mais de 500 box.<\/p>\n","protected":false},"excerpt":{"rendered":"<p>O vereador Pedro Lucas Fernandes (PTB) pediu ao coordenador da Bancada Federal do Maranh\u00e3o, Sarney Filho (PMDB), que seja viabilizada, [&hellip;]<\/p>\n","protected":false},"author":0,"featured_media":0,"comment_status":"open","ping_status":"open","sticky":false,"template":"","format":"standard","meta":{"site-sidebar-layout":"default","site-content-layout":"","ast-site-content-layout":"default","site-content-style":"default","site-sidebar-style":"default","ast-global-header-display":"","ast-banner-title-visibility":"","ast-main-header-display":"","ast-hfb-above-header-display":"","ast-hfb-below-header-display":"","ast-hfb-mobile-header-display":"","site-post-title":"","ast-breadcrumbs-content":"","ast-featured-img":"","footer-sml-layout":"","ast-disable-related-posts":"","theme-transparent-header-meta":"","adv-header-id-meta":"","stick-header-meta":"","header-above-stick-meta":"","header-main-stick-meta":"","header-below-stick-meta":"","astra-migrate-meta-layouts":"default","ast-page-background-enabled":"default","ast-page-background-meta":{"desktop":{"background-color":"var(--ast-global-color-5)","background-image":"","background-repeat":"repeat","background-position":"center center","background-size":"auto","background-attachment":"scroll","background-type":"","background-media":"","overlay-type":"","overlay-color":"","overlay-opacity":"","overlay-gradient":""},"tablet":{"background-color":"","background-image":"","background-repeat":"repeat","background-position":"center center","background-size":"auto","background-attachment":"scroll","background-type":"","background-media":"","overlay-type":"","overlay-color":"","overlay-opacity":"","overlay-gradient":""},"mobile":{"background-color":"","background-image":"","background-repeat":"repeat","background-position":"center center","background-size":"auto","background-attachment":"scroll","background-type":"","background-media":"","overlay-type":"","overlay-color":"","overlay-opacity":"","overlay-gradient":""}},"ast-content-background-meta":{"desktop":{"background-color":"var(--ast-global-color-4)","background-image":"","background-repeat":"repeat","background-position":"center center","background-size":"auto","background-attachment":"scroll","background-type":"","background-media":"","overlay-type":"","overlay-color":"","overlay-opacity":"","overlay-gradient":""},"tablet":{"background-color":"var(--ast-global-color-4)","background-image":"","background-repeat":"repeat","background-position":"center center","background-size":"auto","background-attachment":"scroll","background-type":"","background-media":"","overlay-type":"","overlay-color":"","overlay-opacity":"","overlay-gradient":""},"mobile":{"background-color":"var(--ast-global-color-4)","background-image":"","background-repeat":"repeat","background-position":"center center","background-size":"auto","background-attachment":"scroll","background-type":"","background-media":"","overlay-type":"","overlay-color":"","overlay-opacity":"","overlay-gradient":""}},"footnotes":""},"categories":[1],"tags":[],"class_list":["post-20337","post","type-post","status-publish","format-standard","hentry","category-sem-categoria"],"yoast_head":"<!-- This site is optimized with the Yoast SEO plugin v26.6 - https:\/\/yoast.com\/wordpress\/plugins\/seo\/ -->\n<title>Pedro Lucas Fernandes pede reforma do Mercado da Cidade Oper\u00e1ria - Daniel Matos<\/title>\n<meta name=\"robots\" content=\"index, follow, max-snippet:-1, max-image-preview:large, max-video-preview:-1\" \/>\n<link rel=\"canonical\" href=\"https:\/\/www.blogsoestado.com\/danielmatos\/pedro-lucas-fernandes-pede-reforma-do-mercado-da-cidade-operaria\/\" \/>\n<meta property=\"og:locale\" content=\"pt_BR\" \/>\n<meta property=\"og:type\" content=\"article\" \/>\n<meta property=\"og:title\" content=\"Pedro Lucas Fernandes pede reforma do Mercado da Cidade Oper\u00e1ria - Daniel Matos\" \/>\n<meta property=\"og:description\" content=\"O vereador Pedro Lucas Fernandes (PTB) pediu ao coordenador da Bancada Federal do Maranh\u00e3o, Sarney Filho (PMDB), que seja viabilizada, [&hellip;]\" \/>\n<meta property=\"og:url\" content=\"https:\/\/www.blogsoestado.com\/danielmatos\/pedro-lucas-fernandes-pede-reforma-do-mercado-da-cidade-operaria\/\" \/>\n<meta property=\"og:site_name\" content=\"Daniel Matos\" \/>\n<meta property=\"article:published_time\" content=\"2014-11-06T11:56:03+00:00\" \/>\n<meta property=\"og:image\" content=\"https:\/\/www.blogsoestado.com\/danielmatos\/files\/2014\/11\/pedro-lucas-mercado.jpg\" \/>\n<meta name=\"twitter:card\" content=\"summary_large_image\" \/>\n<meta name=\"twitter:label1\" content=\"Est. tempo de leitura\" \/>\n\t<meta name=\"twitter:data1\" content=\"1 minuto\" \/>\n<script type=\"application\/ld+json\" class=\"yoast-schema-graph\">{\"@context\":\"https:\/\/schema.org\",\"@graph\":[{\"@type\":\"WebPage\",\"@id\":\"https:\/\/www.blogsoestado.com\/danielmatos\/pedro-lucas-fernandes-pede-reforma-do-mercado-da-cidade-operaria\/\",\"url\":\"https:\/\/www.blogsoestado.com\/danielmatos\/pedro-lucas-fernandes-pede-reforma-do-mercado-da-cidade-operaria\/\",\"name\":\"Pedro Lucas Fernandes pede reforma do Mercado da Cidade Oper\u00e1ria - Daniel Matos\",\"isPartOf\":{\"@id\":\"https:\/\/www.blogsoestado.com\/danielmatos\/#website\"},\"primaryImageOfPage\":{\"@id\":\"https:\/\/www.blogsoestado.com\/danielmatos\/pedro-lucas-fernandes-pede-reforma-do-mercado-da-cidade-operaria\/#primaryimage\"},\"image\":{\"@id\":\"https:\/\/www.blogsoestado.com\/danielmatos\/pedro-lucas-fernandes-pede-reforma-do-mercado-da-cidade-operaria\/#primaryimage\"},\"thumbnailUrl\":\"https:\/\/www.blogsoestado.com\/danielmatos\/files\/2014\/11\/pedro-lucas-mercado.jpg\",\"datePublished\":\"2014-11-06T11:56:03+00:00\",\"author\":{\"@id\":\"\"},\"breadcrumb\":{\"@id\":\"https:\/\/www.blogsoestado.com\/danielmatos\/pedro-lucas-fernandes-pede-reforma-do-mercado-da-cidade-operaria\/#breadcrumb\"},\"inLanguage\":\"pt-BR\",\"potentialAction\":[{\"@type\":\"ReadAction\",\"target\":[\"https:\/\/www.blogsoestado.com\/danielmatos\/pedro-lucas-fernandes-pede-reforma-do-mercado-da-cidade-operaria\/\"]}]},{\"@type\":\"ImageObject\",\"inLanguage\":\"pt-BR\",\"@id\":\"https:\/\/www.blogsoestado.com\/danielmatos\/pedro-lucas-fernandes-pede-reforma-do-mercado-da-cidade-operaria\/#primaryimage\",\"url\":\"https:\/\/www.blogsoestado.com\/danielmatos\/files\/2014\/11\/pedro-lucas-mercado.jpg\",\"contentUrl\":\"https:\/\/www.blogsoestado.com\/danielmatos\/files\/2014\/11\/pedro-lucas-mercado.jpg\"},{\"@type\":\"BreadcrumbList\",\"@id\":\"https:\/\/www.blogsoestado.com\/danielmatos\/pedro-lucas-fernandes-pede-reforma-do-mercado-da-cidade-operaria\/#breadcrumb\",\"itemListElement\":[{\"@type\":\"ListItem\",\"position\":1,\"name\":\"In\u00edcio\",\"item\":\"https:\/\/www.blogsoestado.com\/danielmatos\/\"},{\"@type\":\"ListItem\",\"position\":2,\"name\":\"Pedro Lucas Fernandes pede reforma do Mercado da Cidade Oper\u00e1ria\"}]},{\"@type\":\"WebSite\",\"@id\":\"https:\/\/www.blogsoestado.com\/danielmatos\/#website\",\"url\":\"https:\/\/www.blogsoestado.com\/danielmatos\/\",\"name\":\"Daniel Matos\",\"description\":\"\",\"potentialAction\":[{\"@type\":\"SearchAction\",\"target\":{\"@type\":\"EntryPoint\",\"urlTemplate\":\"https:\/\/www.blogsoestado.com\/danielmatos\/?s={search_term_string}\"},\"query-input\":{\"@type\":\"PropertyValueSpecification\",\"valueRequired\":true,\"valueName\":\"search_term_string\"}}],\"inLanguage\":\"pt-BR\"}]}<\/script>\n<!-- \/ Yoast SEO plugin. -->","yoast_head_json":{"title":"Pedro Lucas Fernandes pede reforma do Mercado da Cidade Oper\u00e1ria - Daniel Matos","robots":{"index":"index","follow":"follow","max-snippet":"max-snippet:-1","max-image-preview":"max-image-preview:large","max-video-preview":"max-video-preview:-1"},"canonical":"https:\/\/www.blogsoestado.com\/danielmatos\/pedro-lucas-fernandes-pede-reforma-do-mercado-da-cidade-operaria\/","og_locale":"pt_BR","og_type":"article","og_title":"Pedro Lucas Fernandes pede reforma do Mercado da Cidade Oper\u00e1ria - Daniel Matos","og_description":"O vereador Pedro Lucas Fernandes (PTB) pediu ao coordenador da Bancada Federal do Maranh\u00e3o, Sarney Filho (PMDB), que seja viabilizada, [&hellip;]","og_url":"https:\/\/www.blogsoestado.com\/danielmatos\/pedro-lucas-fernandes-pede-reforma-do-mercado-da-cidade-operaria\/","og_site_name":"Daniel Matos","article_published_time":"2014-11-06T11:56:03+00:00","og_image":[{"url":"https:\/\/www.blogsoestado.com\/danielmatos\/files\/2014\/11\/pedro-lucas-mercado.jpg","type":"","width":"","height":""}],"twitter_card":"summary_large_image","twitter_misc":{"Est. tempo de leitura":"1 minuto"},"schema":{"@context":"https:\/\/schema.org","@graph":[{"@type":"WebPage","@id":"https:\/\/www.blogsoestado.com\/danielmatos\/pedro-lucas-fernandes-pede-reforma-do-mercado-da-cidade-operaria\/","url":"https:\/\/www.blogsoestado.com\/danielmatos\/pedro-lucas-fernandes-pede-reforma-do-mercado-da-cidade-operaria\/","name":"Pedro Lucas Fernandes pede reforma do Mercado da Cidade Oper\u00e1ria - Daniel Matos","isPartOf":{"@id":"https:\/\/www.blogsoestado.com\/danielmatos\/#website"},"primaryImageOfPage":{"@id":"https:\/\/www.blogsoestado.com\/danielmatos\/pedro-lucas-fernandes-pede-reforma-do-mercado-da-cidade-operaria\/#primaryimage"},"image":{"@id":"https:\/\/www.blogsoestado.com\/danielmatos\/pedro-lucas-fernandes-pede-reforma-do-mercado-da-cidade-operaria\/#primaryimage"},"thumbnailUrl":"https:\/\/www.blogsoestado.com\/danielmatos\/files\/2014\/11\/pedro-lucas-mercado.jpg","datePublished":"2014-11-06T11:56:03+00:00","author":{"@id":""},"breadcrumb":{"@id":"https:\/\/www.blogsoestado.com\/danielmatos\/pedro-lucas-fernandes-pede-reforma-do-mercado-da-cidade-operaria\/#breadcrumb"},"inLanguage":"pt-BR","potentialAction":[{"@type":"ReadAction","target":["https:\/\/www.blogsoestado.com\/danielmatos\/pedro-lucas-fernandes-pede-reforma-do-mercado-da-cidade-operaria\/"]}]},{"@type":"ImageObject","inLanguage":"pt-BR","@id":"https:\/\/www.blogsoestado.com\/danielmatos\/pedro-lucas-fernandes-pede-reforma-do-mercado-da-cidade-operaria\/#primaryimage","url":"https:\/\/www.blogsoestado.com\/danielmatos\/files\/2014\/11\/pedro-lucas-mercado.jpg","contentUrl":"https:\/\/www.blogsoestado.com\/danielmatos\/files\/2014\/11\/pedro-lucas-mercado.jpg"},{"@type":"BreadcrumbList","@id":"https:\/\/www.blogsoestado.com\/danielmatos\/pedro-lucas-fernandes-pede-reforma-do-mercado-da-cidade-operaria\/#breadcrumb","itemListElement":[{"@type":"ListItem","position":1,"name":"In\u00edcio","item":"https:\/\/www.blogsoestado.com\/danielmatos\/"},{"@type":"ListItem","position":2,"name":"Pedro Lucas Fernandes pede reforma do Mercado da Cidade Oper\u00e1ria"}]},{"@type":"WebSite","@id":"https:\/\/www.blogsoestado.com\/danielmatos\/#website","url":"https:\/\/www.blogsoestado.com\/danielmatos\/","name":"Daniel Matos","description":"","potentialAction":[{"@type":"SearchAction","target":{"@type":"EntryPoint","urlTemplate":"https:\/\/www.blogsoestado.com\/danielmatos\/?s={search_term_string}"},"query-input":{"@type":"PropertyValueSpecification","valueRequired":true,"valueName":"search_term_string"}}],"inLanguage":"pt-BR"}]}},"jetpack_featured_media_url":"","_links":{"self":[{"href":"https:\/\/www.blogsoestado.com\/danielmatos\/wp-json\/wp\/v2\/posts\/20337","targetHints":{"allow":["GET"]}}],"collection":[{"href":"https:\/\/www.blogsoestado.com\/danielmatos\/wp-json\/wp\/v2\/posts"}],"about":[{"href":"https:\/\/www.blogsoestado.com\/danielmatos\/wp-json\/wp\/v2\/types\/post"}],"replies":[{"embeddable":true,"href":"https:\/\/www.blogsoestado.com\/danielmatos\/wp-json\/wp\/v2\/comments?post=20337"}],"version-history":[{"count":0,"href":"https:\/\/www.blogsoestado.com\/danielmatos\/wp-json\/wp\/v2\/posts\/20337\/revisions"}],"wp:attachment":[{"href":"https:\/\/www.blogsoestado.com\/danielmatos\/wp-json\/wp\/v2\/media?parent=20337"}],"wp:term":[{"taxonomy":"category","embeddable":true,"href":"https:\/\/www.blogsoestado.com\/danielmatos\/wp-json\/wp\/v2\/categories?post=20337"},{"taxonomy":"post_tag","embeddable":true,"href":"https:\/\/www.blogsoestado.com\/danielmatos\/wp-json\/wp\/v2\/tags?post=20337"}],"curies":[{"name":"wp","href":"https:\/\/api.w.org\/{rel}","templated":true}]}}