{"id":2034,"date":"2010-04-13T15:23:10","date_gmt":"2010-04-13T18:23:10","guid":{"rendered":"https:\/\/www.blogsoestado.com\/danielmatos\/?p=2034"},"modified":"2010-04-13T15:23:10","modified_gmt":"2010-04-13T18:23:10","slug":"governo-retoma-negociacao-com-professores","status":"publish","type":"post","link":"https:\/\/www.blogsoestado.com\/danielmatos\/governo-retoma-negociacao-com-professores\/","title":{"rendered":"Governo retoma negocia\u00e7\u00e3o com professores"},"content":{"rendered":"<div class=\"mceTemp\">\n<figure id=\"attachment_2036\" aria-describedby=\"caption-attachment-2036\" style=\"width: 448px\" class=\"wp-caption alignleft\"><img fetchpriority=\"high\" decoding=\"async\" class=\"size-full wp-image-2036\" src=\"https:\/\/www.blogsoestado.com\/danielmatos\/files\/2010\/04\/professores-em-greve.JPG\" alt=\"Secret\u00e1rio Anselmo Raposo em reuni\u00e3o com professores\" width=\"448\" height=\"259\" \/><figcaption id=\"caption-attachment-2036\" class=\"wp-caption-text\">Secret\u00e1rio Anselmo Raposo em reuni\u00e3o com professores<\/figcaption><\/figure>\n<p>A proposta revisada de reformula\u00e7\u00e3o do Estatuto do Educador ser\u00e1 analisada, nos pr\u00f3ximos dias, por uma comiss\u00e3o formada por representantes das Secretarias de Estado de Educa\u00e7\u00e3o (Seduc), Planejamento, Administra\u00e7\u00e3o e Previd\u00eancia, Fazenda e do Sindicato dos Trabalhadores em Educa\u00e7\u00e3o P\u00fablica do Maranh\u00e3o (Sinproesemma). A decis\u00e3o foi anunciada, nesta segunda-feira (12), pelo novo secret\u00e1rio de Educa\u00e7\u00e3o, Anselmo Raposo, durante a reuni\u00e3o de trabalho que retomou di\u00e1logo com os sindicalistas.<\/p><\/div>\n<p>Ficou definido, tamb\u00e9m, que a pr\u00f3xima reuni\u00e3o de trabalho ser\u00e1 realizada no dia 26, quando come\u00e7ar\u00e3o a ser analisados os pontos acordado entre as duas partes. De acordo com Anselmo Raposo, o encontro serviu para retomar o di\u00e1logo sobre todas as negocia\u00e7\u00f5es com Sinproesemma para discutir ponto a ponto \u00e0s 16 reivindica\u00e7\u00f5es para construir uma agenda positiva.<\/p>\n<p>Anselmo Raposo abriu o encontro observando que era o seu primeiro dia como secret\u00e1rio de Educa\u00e7\u00e3o, cargo que assumiu a convite da governadora Roseana Sarney e como professor conhece os anseios da categoria. \u201cEstamos retomando as negocia\u00e7\u00f5es para equacionar as reivindica\u00e7\u00f5es de maneira c\u00e9lere com o apoio da governadora\u201d, disse.<\/p>\n<p>Depois de agradecer o convite para a posse de Anselmo Raposo, na sexta-feira (16), com a presen\u00e7a do ministro da Educa\u00e7\u00e3o, Fernando Haddad, o presidente do Sinproesemma, J\u00falio Pinheiro, fez uma retrospectiva sobre a luta pela aprova\u00e7\u00e3o do Estatuto do Educador, considerado um instrumento que regulamenta a profiss\u00e3o e que, sem sua aprova\u00e7\u00e3o, cria inquieta\u00e7\u00e3o na categoria.<\/p>\n<p><strong>Fonte:<\/strong> Secretaria Estadual de Comunica\u00e7\u00e3o (Secom)<\/p>\n","protected":false},"excerpt":{"rendered":"<p>A proposta revisada de reformula\u00e7\u00e3o do Estatuto do Educador ser\u00e1 analisada, nos pr\u00f3ximos dias, por uma comiss\u00e3o formada por representantes [&hellip;]<\/p>\n","protected":false},"author":0,"featured_media":0,"comment_status":"open","ping_status":"open","sticky":false,"template":"","format":"standard","meta":{"site-sidebar-layout":"default","site-content-layout":"","ast-site-content-layout":"default","site-content-style":"default","site-sidebar-style":"default","ast-global-header-display":"","ast-banner-title-visibility":"","ast-main-header-display":"","ast-hfb-above-header-display":"","ast-hfb-below-header-display":"","ast-hfb-mobile-header-display":"","site-post-title":"","ast-breadcrumbs-content":"","ast-featured-img":"","footer-sml-layout":"","ast-disable-related-posts":"","theme-transparent-header-meta":"","adv-header-id-meta":"","stick-header-meta":"","header-above-stick-meta":"","header-main-stick-meta":"","header-below-stick-meta":"","astra-migrate-meta-layouts":"default","ast-page-background-enabled":"default","ast-page-background-meta":{"desktop":{"background-color":"var(--ast-global-color-5)","background-image":"","background-repeat":"repeat","background-position":"center center","background-size":"auto","background-attachment":"scroll","background-type":"","background-media":"","overlay-type":"","overlay-color":"","overlay-opacity":"","overlay-gradient":""},"tablet":{"background-color":"","background-image":"","background-repeat":"repeat","background-position":"center center","background-size":"auto","background-attachment":"scroll","background-type":"","background-media":"","overlay-type":"","overlay-color":"","overlay-opacity":"","overlay-gradient":""},"mobile":{"background-color":"","background-image":"","background-repeat":"repeat","background-position":"center center","background-size":"auto","background-attachment":"scroll","background-type":"","background-media":"","overlay-type":"","overlay-color":"","overlay-opacity":"","overlay-gradient":""}},"ast-content-background-meta":{"desktop":{"background-color":"var(--ast-global-color-4)","background-image":"","background-repeat":"repeat","background-position":"center center","background-size":"auto","background-attachment":"scroll","background-type":"","background-media":"","overlay-type":"","overlay-color":"","overlay-opacity":"","overlay-gradient":""},"tablet":{"background-color":"var(--ast-global-color-4)","background-image":"","background-repeat":"repeat","background-position":"center center","background-size":"auto","background-attachment":"scroll","background-type":"","background-media":"","overlay-type":"","overlay-color":"","overlay-opacity":"","overlay-gradient":""},"mobile":{"background-color":"var(--ast-global-color-4)","background-image":"","background-repeat":"repeat","background-position":"center center","background-size":"auto","background-attachment":"scroll","background-type":"","background-media":"","overlay-type":"","overlay-color":"","overlay-opacity":"","overlay-gradient":""}},"footnotes":""},"categories":[1],"tags":[],"class_list":["post-2034","post","type-post","status-publish","format-standard","hentry","category-sem-categoria"],"yoast_head":"<!-- This site is optimized with the Yoast SEO plugin v26.6 - https:\/\/yoast.com\/wordpress\/plugins\/seo\/ -->\n<title>Governo retoma negocia\u00e7\u00e3o com professores - Daniel Matos<\/title>\n<meta name=\"robots\" content=\"index, follow, max-snippet:-1, max-image-preview:large, max-video-preview:-1\" \/>\n<link rel=\"canonical\" href=\"https:\/\/www.blogsoestado.com\/danielmatos\/governo-retoma-negociacao-com-professores\/\" \/>\n<meta property=\"og:locale\" content=\"pt_BR\" \/>\n<meta property=\"og:type\" content=\"article\" \/>\n<meta property=\"og:title\" content=\"Governo retoma negocia\u00e7\u00e3o com professores - Daniel Matos\" \/>\n<meta property=\"og:description\" content=\"A proposta revisada de reformula\u00e7\u00e3o do Estatuto do Educador ser\u00e1 analisada, nos pr\u00f3ximos dias, por uma comiss\u00e3o formada por representantes [&hellip;]\" \/>\n<meta property=\"og:url\" content=\"https:\/\/www.blogsoestado.com\/danielmatos\/governo-retoma-negociacao-com-professores\/\" \/>\n<meta property=\"og:site_name\" content=\"Daniel Matos\" \/>\n<meta property=\"article:published_time\" content=\"2010-04-13T18:23:10+00:00\" \/>\n<meta property=\"og:image\" content=\"https:\/\/www.blogsoestado.com\/danielmatos\/files\/2010\/04\/professores-em-greve.JPG\" \/>\n<meta name=\"twitter:card\" content=\"summary_large_image\" \/>\n<meta name=\"twitter:label1\" content=\"Est. tempo de leitura\" \/>\n\t<meta name=\"twitter:data1\" content=\"1 minuto\" \/>\n<script type=\"application\/ld+json\" class=\"yoast-schema-graph\">{\"@context\":\"https:\/\/schema.org\",\"@graph\":[{\"@type\":\"WebPage\",\"@id\":\"https:\/\/www.blogsoestado.com\/danielmatos\/governo-retoma-negociacao-com-professores\/\",\"url\":\"https:\/\/www.blogsoestado.com\/danielmatos\/governo-retoma-negociacao-com-professores\/\",\"name\":\"Governo retoma negocia\u00e7\u00e3o com professores - Daniel Matos\",\"isPartOf\":{\"@id\":\"https:\/\/www.blogsoestado.com\/danielmatos\/#website\"},\"primaryImageOfPage\":{\"@id\":\"https:\/\/www.blogsoestado.com\/danielmatos\/governo-retoma-negociacao-com-professores\/#primaryimage\"},\"image\":{\"@id\":\"https:\/\/www.blogsoestado.com\/danielmatos\/governo-retoma-negociacao-com-professores\/#primaryimage\"},\"thumbnailUrl\":\"https:\/\/www.blogsoestado.com\/danielmatos\/files\/2010\/04\/professores-em-greve.JPG\",\"datePublished\":\"2010-04-13T18:23:10+00:00\",\"author\":{\"@id\":\"\"},\"breadcrumb\":{\"@id\":\"https:\/\/www.blogsoestado.com\/danielmatos\/governo-retoma-negociacao-com-professores\/#breadcrumb\"},\"inLanguage\":\"pt-BR\",\"potentialAction\":[{\"@type\":\"ReadAction\",\"target\":[\"https:\/\/www.blogsoestado.com\/danielmatos\/governo-retoma-negociacao-com-professores\/\"]}]},{\"@type\":\"ImageObject\",\"inLanguage\":\"pt-BR\",\"@id\":\"https:\/\/www.blogsoestado.com\/danielmatos\/governo-retoma-negociacao-com-professores\/#primaryimage\",\"url\":\"https:\/\/www.blogsoestado.com\/danielmatos\/files\/2010\/04\/professores-em-greve.JPG\",\"contentUrl\":\"https:\/\/www.blogsoestado.com\/danielmatos\/files\/2010\/04\/professores-em-greve.JPG\"},{\"@type\":\"BreadcrumbList\",\"@id\":\"https:\/\/www.blogsoestado.com\/danielmatos\/governo-retoma-negociacao-com-professores\/#breadcrumb\",\"itemListElement\":[{\"@type\":\"ListItem\",\"position\":1,\"name\":\"In\u00edcio\",\"item\":\"https:\/\/www.blogsoestado.com\/danielmatos\/\"},{\"@type\":\"ListItem\",\"position\":2,\"name\":\"Governo retoma negocia\u00e7\u00e3o com professores\"}]},{\"@type\":\"WebSite\",\"@id\":\"https:\/\/www.blogsoestado.com\/danielmatos\/#website\",\"url\":\"https:\/\/www.blogsoestado.com\/danielmatos\/\",\"name\":\"Daniel Matos\",\"description\":\"\",\"potentialAction\":[{\"@type\":\"SearchAction\",\"target\":{\"@type\":\"EntryPoint\",\"urlTemplate\":\"https:\/\/www.blogsoestado.com\/danielmatos\/?s={search_term_string}\"},\"query-input\":{\"@type\":\"PropertyValueSpecification\",\"valueRequired\":true,\"valueName\":\"search_term_string\"}}],\"inLanguage\":\"pt-BR\"}]}<\/script>\n<!-- \/ Yoast SEO plugin. -->","yoast_head_json":{"title":"Governo retoma negocia\u00e7\u00e3o com professores - Daniel Matos","robots":{"index":"index","follow":"follow","max-snippet":"max-snippet:-1","max-image-preview":"max-image-preview:large","max-video-preview":"max-video-preview:-1"},"canonical":"https:\/\/www.blogsoestado.com\/danielmatos\/governo-retoma-negociacao-com-professores\/","og_locale":"pt_BR","og_type":"article","og_title":"Governo retoma negocia\u00e7\u00e3o com professores - Daniel Matos","og_description":"A proposta revisada de reformula\u00e7\u00e3o do Estatuto do Educador ser\u00e1 analisada, nos pr\u00f3ximos dias, por uma comiss\u00e3o formada por representantes [&hellip;]","og_url":"https:\/\/www.blogsoestado.com\/danielmatos\/governo-retoma-negociacao-com-professores\/","og_site_name":"Daniel Matos","article_published_time":"2010-04-13T18:23:10+00:00","og_image":[{"url":"https:\/\/www.blogsoestado.com\/danielmatos\/files\/2010\/04\/professores-em-greve.JPG","type":"","width":"","height":""}],"twitter_card":"summary_large_image","twitter_misc":{"Est. tempo de leitura":"1 minuto"},"schema":{"@context":"https:\/\/schema.org","@graph":[{"@type":"WebPage","@id":"https:\/\/www.blogsoestado.com\/danielmatos\/governo-retoma-negociacao-com-professores\/","url":"https:\/\/www.blogsoestado.com\/danielmatos\/governo-retoma-negociacao-com-professores\/","name":"Governo retoma negocia\u00e7\u00e3o com professores - Daniel Matos","isPartOf":{"@id":"https:\/\/www.blogsoestado.com\/danielmatos\/#website"},"primaryImageOfPage":{"@id":"https:\/\/www.blogsoestado.com\/danielmatos\/governo-retoma-negociacao-com-professores\/#primaryimage"},"image":{"@id":"https:\/\/www.blogsoestado.com\/danielmatos\/governo-retoma-negociacao-com-professores\/#primaryimage"},"thumbnailUrl":"https:\/\/www.blogsoestado.com\/danielmatos\/files\/2010\/04\/professores-em-greve.JPG","datePublished":"2010-04-13T18:23:10+00:00","author":{"@id":""},"breadcrumb":{"@id":"https:\/\/www.blogsoestado.com\/danielmatos\/governo-retoma-negociacao-com-professores\/#breadcrumb"},"inLanguage":"pt-BR","potentialAction":[{"@type":"ReadAction","target":["https:\/\/www.blogsoestado.com\/danielmatos\/governo-retoma-negociacao-com-professores\/"]}]},{"@type":"ImageObject","inLanguage":"pt-BR","@id":"https:\/\/www.blogsoestado.com\/danielmatos\/governo-retoma-negociacao-com-professores\/#primaryimage","url":"https:\/\/www.blogsoestado.com\/danielmatos\/files\/2010\/04\/professores-em-greve.JPG","contentUrl":"https:\/\/www.blogsoestado.com\/danielmatos\/files\/2010\/04\/professores-em-greve.JPG"},{"@type":"BreadcrumbList","@id":"https:\/\/www.blogsoestado.com\/danielmatos\/governo-retoma-negociacao-com-professores\/#breadcrumb","itemListElement":[{"@type":"ListItem","position":1,"name":"In\u00edcio","item":"https:\/\/www.blogsoestado.com\/danielmatos\/"},{"@type":"ListItem","position":2,"name":"Governo retoma negocia\u00e7\u00e3o com professores"}]},{"@type":"WebSite","@id":"https:\/\/www.blogsoestado.com\/danielmatos\/#website","url":"https:\/\/www.blogsoestado.com\/danielmatos\/","name":"Daniel Matos","description":"","potentialAction":[{"@type":"SearchAction","target":{"@type":"EntryPoint","urlTemplate":"https:\/\/www.blogsoestado.com\/danielmatos\/?s={search_term_string}"},"query-input":{"@type":"PropertyValueSpecification","valueRequired":true,"valueName":"search_term_string"}}],"inLanguage":"pt-BR"}]}},"jetpack_featured_media_url":"","_links":{"self":[{"href":"https:\/\/www.blogsoestado.com\/danielmatos\/wp-json\/wp\/v2\/posts\/2034","targetHints":{"allow":["GET"]}}],"collection":[{"href":"https:\/\/www.blogsoestado.com\/danielmatos\/wp-json\/wp\/v2\/posts"}],"about":[{"href":"https:\/\/www.blogsoestado.com\/danielmatos\/wp-json\/wp\/v2\/types\/post"}],"replies":[{"embeddable":true,"href":"https:\/\/www.blogsoestado.com\/danielmatos\/wp-json\/wp\/v2\/comments?post=2034"}],"version-history":[{"count":0,"href":"https:\/\/www.blogsoestado.com\/danielmatos\/wp-json\/wp\/v2\/posts\/2034\/revisions"}],"wp:attachment":[{"href":"https:\/\/www.blogsoestado.com\/danielmatos\/wp-json\/wp\/v2\/media?parent=2034"}],"wp:term":[{"taxonomy":"category","embeddable":true,"href":"https:\/\/www.blogsoestado.com\/danielmatos\/wp-json\/wp\/v2\/categories?post=2034"},{"taxonomy":"post_tag","embeddable":true,"href":"https:\/\/www.blogsoestado.com\/danielmatos\/wp-json\/wp\/v2\/tags?post=2034"}],"curies":[{"name":"wp","href":"https:\/\/api.w.org\/{rel}","templated":true}]}}