{"id":20340,"date":"2014-11-06T09:47:32","date_gmt":"2014-11-06T12:47:32","guid":{"rendered":"https:\/\/www.blogsoestado.com\/danielmatos\/?p=20340"},"modified":"2014-11-06T09:47:32","modified_gmt":"2014-11-06T12:47:32","slug":"itapecuru-mirim-mp-aciona-prefeito-secretaria-e-pregoeiro-municipal-por-desvio-de-verbas-da-saude","status":"publish","type":"post","link":"https:\/\/www.blogsoestado.com\/danielmatos\/itapecuru-mirim-mp-aciona-prefeito-secretaria-e-pregoeiro-municipal-por-desvio-de-verbas-da-saude\/","title":{"rendered":"Itapecuru-Mirim: MP aciona prefeito, secret\u00e1ria e pregoeiro municipal por desvio de verbas da sa\u00fade"},"content":{"rendered":"<figure id=\"attachment_20341\" aria-describedby=\"caption-attachment-20341\" style=\"width: 300px\" class=\"wp-caption alignright\"><a href=\"https:\/\/www.blogsoestado.com\/danielmatos\/files\/2014\/11\/magno-amorim.jpg\"><img fetchpriority=\"high\" decoding=\"async\" class=\"size-full wp-image-20341\" src=\"https:\/\/www.blogsoestado.com\/danielmatos\/files\/2014\/11\/magno-amorim.jpg\" alt=\"Prefeito Magno Amorim e auxiliares foram acionados pelo MP \" width=\"300\" height=\"209\" \/><\/a><figcaption id=\"caption-attachment-20341\" class=\"wp-caption-text\">Magno Amorim e auxiliares foram acionados pelo MP<\/figcaption><\/figure>\n<p>O Minist\u00e9rio P\u00fablico do Maranh\u00e3o (MPMA) ajuizou, em 29 de outubro, A\u00e7\u00e3o Civil P\u00fablica por atos de improbidade administrativa contra o prefeito de Itapecuru-Mirim, Magno Amorim, a secret\u00e1ria de Sa\u00fade, Fl\u00e1via Beserra Costa, e o pregoeiro municipal, Francisco Soares da Silva, devido ao desvio de recursos do Fundo Municipal de Sa\u00fade (FMS), controlado pela Secretaria de Sa\u00fade do munic\u00edpio.<\/p>\n<p>A manifesta\u00e7\u00e3o, formulada pelo promotor de justi\u00e7a Benedito de Jesus Nascimento Neto (mais conhecido como Benedito Coroba), que responde temporariamente pela 1\u00aa Promotoria da Comarca de Itapecuru-Mirim, \u00e9 fundamentada em tr\u00eas das 20 constata\u00e7\u00f5es, feitas pela Auditoria n\u00ba 14348, do Departamento Nacional de Auditoria do Sistema \u00danico de Sa\u00fade (Denasus).<\/p>\n<p>A vistoria, realizada de 9 de junho a 4 de julho deste ano, refere-se aos exerc\u00edcios financeiros de janeiro de 2013 a maio de 2014.<\/p>\n<p><strong>Dispensa\u00a0de\u00a0licita\u00e7\u00e3o<\/strong><\/p>\n<p>Segundo o Departamento, os recursos foram desviados por meio de tr\u00eas dispensas de licita\u00e7\u00e3o, feitas pela Secretaria de Sa\u00fade de Itapecuru-Mirim, que tinham como objetos loca\u00e7\u00e3o de ve\u00edculos, aquisi\u00e7\u00e3o de combust\u00edveis e compra de pe\u00e7as para ve\u00edculos.<br \/>\nAs dispensas n\u00ba 001\/2013 (aquisi\u00e7\u00e3o de combust\u00edveis), 006\/2013 (loca\u00e7\u00e3o de ve\u00edculos) e 007\/2013 (compra de pe\u00e7as para ve\u00edculos) &#8211; que totalizam R$ 726.009,14 &#8211; foram realizadas com base em Decreto Municipal, que declarava situa\u00e7\u00e3o de emerg\u00eancia no munic\u00edpio. Entretanto, o decreto n\u00e3o foi homologado pelo Governo do Estado do Maranh\u00e3o.<\/p>\n<p><strong>Constata\u00e7\u00f5es<\/strong><\/p>\n<p>O Munic\u00edpio de Itapecuru-Mirim apresentou ao Denasus a mesma justificativa para as Constata\u00e7\u00f5es do Denasus, de n\u00bas 328344, 328360 e 328361. A explica\u00e7\u00e3o n\u00e3o foi aceita pelo departamento.<\/p>\n<p>Em resposta \u00e0 primeira constata\u00e7\u00e3o, o prefeito Magno Amorim alegou que as dispensas foram realizadas devido \u00e0 necessidade imediata de manter os servi\u00e7os b\u00e1sicos de atendimento \u00e0 sa\u00fade, principalmente, coleta de lixo, limpeza urbana e funcionamento dos servi\u00e7os de sa\u00fade.<\/p>\n<p>Uma das sete irregularidades verificadas pelo Denasus na dispensa de licita\u00e7\u00e3o 006\/2013 foi o fato de que a proposta de pre\u00e7os da empresa vencedora incluir uma van e um micro\u00f4nibus, que n\u00e3o constavam da solicita\u00e7\u00e3o de despesa, feita pela secret\u00e1ria de Sa\u00fade.<\/p>\n<p>No que se refere \u00e0 dispensa 007\/2013, o departamento verificou que o Termo de Refer\u00eancia requeria contrata\u00e7\u00e3o de empresa para fornecimento e substitui\u00e7\u00e3o de pe\u00e7as para ve\u00edculos, mas n\u00e3o havia identifica\u00e7\u00e3o dos ve\u00edculos.<\/p>\n<p>Apesar de a Secretaria de Sa\u00fade solicitar que a empresa contratada possu\u00edsse oficina dentro do munic\u00edpio de Itapecuru-Mirim. Entretanto, nas notas fiscais da empresa contratada constava um endere\u00e7o de S\u00e3o Lu\u00eds.<\/p>\n<p><strong>Pedidos<\/strong><\/p>\n<p>Na a\u00e7\u00e3o, o MPMA requer que o Poder Judici\u00e1rio determine, liminarmente, a indisponibilidade dos bens dos r\u00e9us.<\/p>\n<p>As solicita\u00e7\u00f5es do Minist\u00e9rio P\u00fablico incluem a condena\u00e7\u00e3o dos tr\u00eas r\u00e9us \u00e0 perda de seus direitos pol\u00edticos; \u00e0 proibi\u00e7\u00e3o de contratar com o Poder P\u00fablico ou receber benef\u00edcios ou incentivos fiscais ou credit\u00edcios pelo prazo de 5 anos, mais o pagamento de multa civil no valor de 100 vezes o valor da remunera\u00e7\u00e3o recebida em maio de 2014.<\/p>\n<p>Se condenado, o prefeito pode perder o mandato e ser obrigado ao pagamento de multa civil de R$ 1.341.918,28 e ao ressarcimento ao Fundo Municipal de Sa\u00fade de R$ 335.479,57 (50% do dano causado ao patrim\u00f4nio p\u00fablico municipal).<\/p>\n<p>Caso seja condenada, a secret\u00e1ria de Sa\u00fade deve ter seus direitos pol\u00edticos suspensos por oito anos e pagar multa civil de R$ 1.341,918,28. Tamb\u00e9m deve ressarcir ao FMS o valor de R$ 167.739,78 (25% dano causado ao patrim\u00f4nio p\u00fablico municipal).<\/p>\n<p>Quanto ao pregoeiro de Itapecuru Mirim as san\u00e7\u00f5es previstas s\u00e3o o pagamento de multa civil no valor de R$ 1.341.918,28 e o ressarcimento de R$ 167.739,78 ao FMS (25% do dano causado ao patrim\u00f4nio p\u00fablico municipal).<\/p>\n<p><strong>Fonte:<\/strong> Minist\u00e9rio P\u00fablico do Maranh\u00e3o<\/p>\n","protected":false},"excerpt":{"rendered":"<p>O Minist\u00e9rio P\u00fablico do Maranh\u00e3o (MPMA) ajuizou, em 29 de outubro, A\u00e7\u00e3o Civil P\u00fablica por atos de improbidade administrativa contra [&hellip;]<\/p>\n","protected":false},"author":0,"featured_media":0,"comment_status":"open","ping_status":"open","sticky":false,"template":"","format":"standard","meta":{"site-sidebar-layout":"default","site-content-layout":"","ast-site-content-layout":"default","site-content-style":"default","site-sidebar-style":"default","ast-global-header-display":"","ast-banner-title-visibility":"","ast-main-header-display":"","ast-hfb-above-header-display":"","ast-hfb-below-header-display":"","ast-hfb-mobile-header-display":"","site-post-title":"","ast-breadcrumbs-content":"","ast-featured-img":"","footer-sml-layout":"","ast-disable-related-posts":"","theme-transparent-header-meta":"","adv-header-id-meta":"","stick-header-meta":"","header-above-stick-meta":"","header-main-stick-meta":"","header-below-stick-meta":"","astra-migrate-meta-layouts":"default","ast-page-background-enabled":"default","ast-page-background-meta":{"desktop":{"background-color":"var(--ast-global-color-5)","background-image":"","background-repeat":"repeat","background-position":"center center","background-size":"auto","background-attachment":"scroll","background-type":"","background-media":"","overlay-type":"","overlay-color":"","overlay-opacity":"","overlay-gradient":""},"tablet":{"background-color":"","background-image":"","background-repeat":"repeat","background-position":"center center","background-size":"auto","background-attachment":"scroll","background-type":"","background-media":"","overlay-type":"","overlay-color":"","overlay-opacity":"","overlay-gradient":""},"mobile":{"background-color":"","background-image":"","background-repeat":"repeat","background-position":"center center","background-size":"auto","background-attachment":"scroll","background-type":"","background-media":"","overlay-type":"","overlay-color":"","overlay-opacity":"","overlay-gradient":""}},"ast-content-background-meta":{"desktop":{"background-color":"var(--ast-global-color-4)","background-image":"","background-repeat":"repeat","background-position":"center center","background-size":"auto","background-attachment":"scroll","background-type":"","background-media":"","overlay-type":"","overlay-color":"","overlay-opacity":"","overlay-gradient":""},"tablet":{"background-color":"var(--ast-global-color-4)","background-image":"","background-repeat":"repeat","background-position":"center center","background-size":"auto","background-attachment":"scroll","background-type":"","background-media":"","overlay-type":"","overlay-color":"","overlay-opacity":"","overlay-gradient":""},"mobile":{"background-color":"var(--ast-global-color-4)","background-image":"","background-repeat":"repeat","background-position":"center center","background-size":"auto","background-attachment":"scroll","background-type":"","background-media":"","overlay-type":"","overlay-color":"","overlay-opacity":"","overlay-gradient":""}},"footnotes":""},"categories":[1],"tags":[],"class_list":["post-20340","post","type-post","status-publish","format-standard","hentry","category-sem-categoria"],"yoast_head":"<!-- This site is optimized with the Yoast SEO plugin v26.6 - https:\/\/yoast.com\/wordpress\/plugins\/seo\/ -->\n<title>Itapecuru-Mirim: MP aciona prefeito, secret\u00e1ria e pregoeiro municipal por desvio de verbas da sa\u00fade - Daniel Matos<\/title>\n<meta name=\"robots\" content=\"index, follow, max-snippet:-1, max-image-preview:large, max-video-preview:-1\" \/>\n<link rel=\"canonical\" href=\"https:\/\/www.blogsoestado.com\/danielmatos\/itapecuru-mirim-mp-aciona-prefeito-secretaria-e-pregoeiro-municipal-por-desvio-de-verbas-da-saude\/\" \/>\n<meta property=\"og:locale\" content=\"pt_BR\" \/>\n<meta property=\"og:type\" content=\"article\" \/>\n<meta property=\"og:title\" content=\"Itapecuru-Mirim: MP aciona prefeito, secret\u00e1ria e pregoeiro municipal por desvio de verbas da sa\u00fade - Daniel Matos\" \/>\n<meta property=\"og:description\" content=\"O Minist\u00e9rio P\u00fablico do Maranh\u00e3o (MPMA) ajuizou, em 29 de outubro, A\u00e7\u00e3o Civil P\u00fablica por atos de improbidade administrativa contra [&hellip;]\" \/>\n<meta property=\"og:url\" content=\"https:\/\/www.blogsoestado.com\/danielmatos\/itapecuru-mirim-mp-aciona-prefeito-secretaria-e-pregoeiro-municipal-por-desvio-de-verbas-da-saude\/\" \/>\n<meta property=\"og:site_name\" content=\"Daniel Matos\" \/>\n<meta property=\"article:published_time\" content=\"2014-11-06T12:47:32+00:00\" \/>\n<meta property=\"og:image\" content=\"https:\/\/www.blogsoestado.com\/danielmatos\/files\/2014\/11\/magno-amorim.jpg\" \/>\n<meta name=\"twitter:card\" content=\"summary_large_image\" \/>\n<meta name=\"twitter:label1\" content=\"Est. tempo de leitura\" \/>\n\t<meta name=\"twitter:data1\" content=\"3 minutos\" \/>\n<script type=\"application\/ld+json\" class=\"yoast-schema-graph\">{\"@context\":\"https:\/\/schema.org\",\"@graph\":[{\"@type\":\"WebPage\",\"@id\":\"https:\/\/www.blogsoestado.com\/danielmatos\/itapecuru-mirim-mp-aciona-prefeito-secretaria-e-pregoeiro-municipal-por-desvio-de-verbas-da-saude\/\",\"url\":\"https:\/\/www.blogsoestado.com\/danielmatos\/itapecuru-mirim-mp-aciona-prefeito-secretaria-e-pregoeiro-municipal-por-desvio-de-verbas-da-saude\/\",\"name\":\"Itapecuru-Mirim: MP aciona prefeito, secret\u00e1ria e pregoeiro municipal por desvio de verbas da sa\u00fade - Daniel Matos\",\"isPartOf\":{\"@id\":\"https:\/\/www.blogsoestado.com\/danielmatos\/#website\"},\"primaryImageOfPage\":{\"@id\":\"https:\/\/www.blogsoestado.com\/danielmatos\/itapecuru-mirim-mp-aciona-prefeito-secretaria-e-pregoeiro-municipal-por-desvio-de-verbas-da-saude\/#primaryimage\"},\"image\":{\"@id\":\"https:\/\/www.blogsoestado.com\/danielmatos\/itapecuru-mirim-mp-aciona-prefeito-secretaria-e-pregoeiro-municipal-por-desvio-de-verbas-da-saude\/#primaryimage\"},\"thumbnailUrl\":\"https:\/\/www.blogsoestado.com\/danielmatos\/files\/2014\/11\/magno-amorim.jpg\",\"datePublished\":\"2014-11-06T12:47:32+00:00\",\"author\":{\"@id\":\"\"},\"breadcrumb\":{\"@id\":\"https:\/\/www.blogsoestado.com\/danielmatos\/itapecuru-mirim-mp-aciona-prefeito-secretaria-e-pregoeiro-municipal-por-desvio-de-verbas-da-saude\/#breadcrumb\"},\"inLanguage\":\"pt-BR\",\"potentialAction\":[{\"@type\":\"ReadAction\",\"target\":[\"https:\/\/www.blogsoestado.com\/danielmatos\/itapecuru-mirim-mp-aciona-prefeito-secretaria-e-pregoeiro-municipal-por-desvio-de-verbas-da-saude\/\"]}]},{\"@type\":\"ImageObject\",\"inLanguage\":\"pt-BR\",\"@id\":\"https:\/\/www.blogsoestado.com\/danielmatos\/itapecuru-mirim-mp-aciona-prefeito-secretaria-e-pregoeiro-municipal-por-desvio-de-verbas-da-saude\/#primaryimage\",\"url\":\"https:\/\/www.blogsoestado.com\/danielmatos\/files\/2014\/11\/magno-amorim.jpg\",\"contentUrl\":\"https:\/\/www.blogsoestado.com\/danielmatos\/files\/2014\/11\/magno-amorim.jpg\"},{\"@type\":\"BreadcrumbList\",\"@id\":\"https:\/\/www.blogsoestado.com\/danielmatos\/itapecuru-mirim-mp-aciona-prefeito-secretaria-e-pregoeiro-municipal-por-desvio-de-verbas-da-saude\/#breadcrumb\",\"itemListElement\":[{\"@type\":\"ListItem\",\"position\":1,\"name\":\"In\u00edcio\",\"item\":\"https:\/\/www.blogsoestado.com\/danielmatos\/\"},{\"@type\":\"ListItem\",\"position\":2,\"name\":\"Itapecuru-Mirim: MP aciona prefeito, secret\u00e1ria e pregoeiro municipal por desvio de verbas da sa\u00fade\"}]},{\"@type\":\"WebSite\",\"@id\":\"https:\/\/www.blogsoestado.com\/danielmatos\/#website\",\"url\":\"https:\/\/www.blogsoestado.com\/danielmatos\/\",\"name\":\"Daniel Matos\",\"description\":\"\",\"potentialAction\":[{\"@type\":\"SearchAction\",\"target\":{\"@type\":\"EntryPoint\",\"urlTemplate\":\"https:\/\/www.blogsoestado.com\/danielmatos\/?s={search_term_string}\"},\"query-input\":{\"@type\":\"PropertyValueSpecification\",\"valueRequired\":true,\"valueName\":\"search_term_string\"}}],\"inLanguage\":\"pt-BR\"}]}<\/script>\n<!-- \/ Yoast SEO plugin. -->","yoast_head_json":{"title":"Itapecuru-Mirim: MP aciona prefeito, secret\u00e1ria e pregoeiro municipal por desvio de verbas da sa\u00fade - Daniel Matos","robots":{"index":"index","follow":"follow","max-snippet":"max-snippet:-1","max-image-preview":"max-image-preview:large","max-video-preview":"max-video-preview:-1"},"canonical":"https:\/\/www.blogsoestado.com\/danielmatos\/itapecuru-mirim-mp-aciona-prefeito-secretaria-e-pregoeiro-municipal-por-desvio-de-verbas-da-saude\/","og_locale":"pt_BR","og_type":"article","og_title":"Itapecuru-Mirim: MP aciona prefeito, secret\u00e1ria e pregoeiro municipal por desvio de verbas da sa\u00fade - Daniel Matos","og_description":"O Minist\u00e9rio P\u00fablico do Maranh\u00e3o (MPMA) ajuizou, em 29 de outubro, A\u00e7\u00e3o Civil P\u00fablica por atos de improbidade administrativa contra [&hellip;]","og_url":"https:\/\/www.blogsoestado.com\/danielmatos\/itapecuru-mirim-mp-aciona-prefeito-secretaria-e-pregoeiro-municipal-por-desvio-de-verbas-da-saude\/","og_site_name":"Daniel Matos","article_published_time":"2014-11-06T12:47:32+00:00","og_image":[{"url":"https:\/\/www.blogsoestado.com\/danielmatos\/files\/2014\/11\/magno-amorim.jpg","type":"","width":"","height":""}],"twitter_card":"summary_large_image","twitter_misc":{"Est. tempo de leitura":"3 minutos"},"schema":{"@context":"https:\/\/schema.org","@graph":[{"@type":"WebPage","@id":"https:\/\/www.blogsoestado.com\/danielmatos\/itapecuru-mirim-mp-aciona-prefeito-secretaria-e-pregoeiro-municipal-por-desvio-de-verbas-da-saude\/","url":"https:\/\/www.blogsoestado.com\/danielmatos\/itapecuru-mirim-mp-aciona-prefeito-secretaria-e-pregoeiro-municipal-por-desvio-de-verbas-da-saude\/","name":"Itapecuru-Mirim: MP aciona prefeito, secret\u00e1ria e pregoeiro municipal por desvio de verbas da sa\u00fade - Daniel Matos","isPartOf":{"@id":"https:\/\/www.blogsoestado.com\/danielmatos\/#website"},"primaryImageOfPage":{"@id":"https:\/\/www.blogsoestado.com\/danielmatos\/itapecuru-mirim-mp-aciona-prefeito-secretaria-e-pregoeiro-municipal-por-desvio-de-verbas-da-saude\/#primaryimage"},"image":{"@id":"https:\/\/www.blogsoestado.com\/danielmatos\/itapecuru-mirim-mp-aciona-prefeito-secretaria-e-pregoeiro-municipal-por-desvio-de-verbas-da-saude\/#primaryimage"},"thumbnailUrl":"https:\/\/www.blogsoestado.com\/danielmatos\/files\/2014\/11\/magno-amorim.jpg","datePublished":"2014-11-06T12:47:32+00:00","author":{"@id":""},"breadcrumb":{"@id":"https:\/\/www.blogsoestado.com\/danielmatos\/itapecuru-mirim-mp-aciona-prefeito-secretaria-e-pregoeiro-municipal-por-desvio-de-verbas-da-saude\/#breadcrumb"},"inLanguage":"pt-BR","potentialAction":[{"@type":"ReadAction","target":["https:\/\/www.blogsoestado.com\/danielmatos\/itapecuru-mirim-mp-aciona-prefeito-secretaria-e-pregoeiro-municipal-por-desvio-de-verbas-da-saude\/"]}]},{"@type":"ImageObject","inLanguage":"pt-BR","@id":"https:\/\/www.blogsoestado.com\/danielmatos\/itapecuru-mirim-mp-aciona-prefeito-secretaria-e-pregoeiro-municipal-por-desvio-de-verbas-da-saude\/#primaryimage","url":"https:\/\/www.blogsoestado.com\/danielmatos\/files\/2014\/11\/magno-amorim.jpg","contentUrl":"https:\/\/www.blogsoestado.com\/danielmatos\/files\/2014\/11\/magno-amorim.jpg"},{"@type":"BreadcrumbList","@id":"https:\/\/www.blogsoestado.com\/danielmatos\/itapecuru-mirim-mp-aciona-prefeito-secretaria-e-pregoeiro-municipal-por-desvio-de-verbas-da-saude\/#breadcrumb","itemListElement":[{"@type":"ListItem","position":1,"name":"In\u00edcio","item":"https:\/\/www.blogsoestado.com\/danielmatos\/"},{"@type":"ListItem","position":2,"name":"Itapecuru-Mirim: MP aciona prefeito, secret\u00e1ria e pregoeiro municipal por desvio de verbas da sa\u00fade"}]},{"@type":"WebSite","@id":"https:\/\/www.blogsoestado.com\/danielmatos\/#website","url":"https:\/\/www.blogsoestado.com\/danielmatos\/","name":"Daniel Matos","description":"","potentialAction":[{"@type":"SearchAction","target":{"@type":"EntryPoint","urlTemplate":"https:\/\/www.blogsoestado.com\/danielmatos\/?s={search_term_string}"},"query-input":{"@type":"PropertyValueSpecification","valueRequired":true,"valueName":"search_term_string"}}],"inLanguage":"pt-BR"}]}},"jetpack_featured_media_url":"","_links":{"self":[{"href":"https:\/\/www.blogsoestado.com\/danielmatos\/wp-json\/wp\/v2\/posts\/20340","targetHints":{"allow":["GET"]}}],"collection":[{"href":"https:\/\/www.blogsoestado.com\/danielmatos\/wp-json\/wp\/v2\/posts"}],"about":[{"href":"https:\/\/www.blogsoestado.com\/danielmatos\/wp-json\/wp\/v2\/types\/post"}],"replies":[{"embeddable":true,"href":"https:\/\/www.blogsoestado.com\/danielmatos\/wp-json\/wp\/v2\/comments?post=20340"}],"version-history":[{"count":0,"href":"https:\/\/www.blogsoestado.com\/danielmatos\/wp-json\/wp\/v2\/posts\/20340\/revisions"}],"wp:attachment":[{"href":"https:\/\/www.blogsoestado.com\/danielmatos\/wp-json\/wp\/v2\/media?parent=20340"}],"wp:term":[{"taxonomy":"category","embeddable":true,"href":"https:\/\/www.blogsoestado.com\/danielmatos\/wp-json\/wp\/v2\/categories?post=20340"},{"taxonomy":"post_tag","embeddable":true,"href":"https:\/\/www.blogsoestado.com\/danielmatos\/wp-json\/wp\/v2\/tags?post=20340"}],"curies":[{"name":"wp","href":"https:\/\/api.w.org\/{rel}","templated":true}]}}