{"id":20362,"date":"2014-11-07T09:41:44","date_gmt":"2014-11-07T12:41:44","guid":{"rendered":"https:\/\/www.blogsoestado.com\/danielmatos\/?p=20362"},"modified":"2014-11-07T09:41:44","modified_gmt":"2014-11-07T12:41:44","slug":"escolas-municipais-promovem-visitas-de-estudantes-a-8a-feira-do-livro","status":"publish","type":"post","link":"https:\/\/www.blogsoestado.com\/danielmatos\/escolas-municipais-promovem-visitas-de-estudantes-a-8a-feira-do-livro\/","title":{"rendered":"Escolas municipais promovem visitas de estudantes \u00e0 8\u00aa Feira do Livro"},"content":{"rendered":"<figure id=\"attachment_20363\" aria-describedby=\"caption-attachment-20363\" style=\"width: 640px\" class=\"wp-caption aligncenter\"><a href=\"https:\/\/www.blogsoestado.com\/danielmatos\/files\/2014\/11\/geraldo-feira-do-livro.jpg\"><img fetchpriority=\"high\" decoding=\"async\" class=\"size-full wp-image-20363\" src=\"https:\/\/www.blogsoestado.com\/danielmatos\/files\/2014\/11\/geraldo-feira-do-livro.jpg\" alt=\"Secret\u00e1rio Geraldo Castro Sobrinho acompanha visita de alunos da rede municipal \u00e0 8\u00aa Feira do Livro\" width=\"640\" height=\"436\" \/><\/a><figcaption id=\"caption-attachment-20363\" class=\"wp-caption-text\">Secret\u00e1rio Geraldo Castro Sobrinho acompanha visita de alunos da rede municipal \u00e0 8\u00aa Feira do Livro<\/figcaption><\/figure>\n<p>Para as escolas da rede municipal de ensino, a 8\u00aa Feira do Livro de S\u00e3o Lu\u00eds (FeliS) tem sido um importante instrumento para o aprendizado de forma l\u00fadica. O evento promovido pela Prefeitura de S\u00e3o Lu\u00eds, atrav\u00e9s da Funda\u00e7\u00e3o Municipal de Cultura (Func) e da Secretaria Municipal de Educa\u00e7\u00e3o (Semed), j\u00e1 recebeu dezenas de comitivas de estudantes de escolas da rede municipal.<\/p>\n<p>\u201cA realiza\u00e7\u00e3o da 8\u00aa FeliS e a participa\u00e7\u00e3o de tantos estudantes das nossas escolas demonstram a import\u00e2ncia que o prefeito Edivaldo d\u00e1 \u00e0 Educa\u00e7\u00e3o e \u00e0 Cultura. Valorizando a literatura e o exerc\u00edcio do l\u00fadico para as crian\u00e7as, a administra\u00e7\u00e3o municipal propicia oportunidades diferenciadas de aprendizado aos nossos estudantes e estimula a forma\u00e7\u00e3o de novos leitores\u201d, disse o secret\u00e1rio municipal de Educa\u00e7\u00e3o, Geraldo Castro Sobrinho.<\/p>\n<p>Al\u00e9m dos estandes das editoras, as crian\u00e7as e adolescentes que visitam o evento participam de palestras, lan\u00e7amentos de livros, brincadeiras e jogos, e ainda t\u00eam hora marcada no Espa\u00e7o Crian\u00e7a, um local estruturado pela Prefeitura, atrav\u00e9s da Semed, onde elas podem ler livros, desenhar, pintar, assistir v\u00eddeos, musicais e pe\u00e7as teatrais, al\u00e9m de interagir com escritores de livros infantis.<\/p>\n<p>O Espa\u00e7o Crian\u00e7a \u00e9 dividido em dois estandes. Em um deles, \u00e9 feita a leitura e conta\u00e7\u00e3o de hist\u00f3ricas de cl\u00e1ssicos infantis, bem como de autores infantis maranhenses &#8211; como o patrono da feira, Wilson Marques. Tamb\u00e9m s\u00e3o apresentados espet\u00e1culos montados pelas escolas do munic\u00edpio. Os autores tamb\u00e9m participam de tardes de aut\u00f3grafos e conversam com as crian\u00e7as sobre as obras.<\/p>\n<p>J\u00e1 no outro estande, s\u00e3o realizadas brincadeiras, desenho e pintura. As crian\u00e7as tamb\u00e9m podem assistir a filmes infantis e fazer pintura facial. H\u00e1 tamb\u00e9m a Hora do Conto, com leitura para as crian\u00e7as. Os estudantes da creche Emir Justino, no bairro do S\u00e3o Bernardo, estiveram entre as turmas que j\u00e1 visitaram a FeliS.<\/p>\n<p><strong>Complemento<\/strong><\/p>\n<p>De acordo com a coordenadora do Espa\u00e7o Crian\u00e7a para a Educa\u00e7\u00e3o Infantil, Darly Machado, a experi\u00eancia diferenciada \u00e9 uma forma de complementar o conte\u00fado estudado em sala de aula. Como exemplo, ela citou a visita do educandos da creche Emir Justino. \u201cComo as crian\u00e7as leram os livros na escola, a tarde foi ainda mais especial. Elas interagiram bastante e fizeram muitas perguntas\u201d, observou.<\/p>\n<p>Outra escola que organizou a visita dos estudantes \u00e0 Feira do Livro foi a Unidade de Educa\u00e7\u00e3o B\u00e1sica (U.E.B.) Miguel Lins. Crian\u00e7as e adolescentes participaram de uma tarde de aut\u00f3grafos com a escritora maranhense Sharlene Serra, autora dos livros da Cole\u00e7\u00e3o Incluir, desenvolvidos para os anos finais da Educa\u00e7\u00e3o Infantil e para o primeiro segmento do Ensino Fundamental.<\/p>\n<p>V\u00e1rias outras unidades de ensino realizaram visitas \u00e0 8\u00aa FeliS durante esta semana, sempre com clima de alegria e expectativa com a programa\u00e7\u00e3o. Thallyanne Fonseca, 8 anos, estudante do 2\u00ba ano do Ensino Fundamental da U.E.B. Ribamar Bog\u00e9a revelou que estava ansiosa. \u201cQuero ver todos os brinquedos, os desenhos, os livros e as apresenta\u00e7\u00f5es\u201d, disse.<\/p>\n<p>Cleyson Costa, 15 anos, estudante do 9\u00ba ano da U.E.B. Jo\u00e3o Lima Sobrinho tamb\u00e9m fez quest\u00e3o de participar das v\u00e1rias atividades promovidas no Espa\u00e7o Crian\u00e7a. \u201cGosto muito de ler, especialmente livros de terror, aventura e a\u00e7\u00e3o. Este ano participei de uma oficina de origami, visitei os estandes dos livros e ainda assisti a um espet\u00e1culo teatral\u201d, contou.<\/p>\n<p>A 8\u00aa Feira do Livro de S\u00e3o Lu\u00eds acontece at\u00e9 este domingo (9) no bairro do Desterro. O evento \u00e9 realizado pela Prefeitura e conta com a uni\u00e3o de v\u00e1rias institui\u00e7\u00f5es como o Servi\u00e7o Social do Com\u00e9rcio (Sesc\/MA), correalizador da 8\u00aa FeliS, patroc\u00ednio da Vale; e apoio da Associa\u00e7\u00e3o dos Livreiros do Estado do Maranh\u00e3o (Alem) e Funda\u00e7\u00e3o da Mem\u00f3ria Republicana Brasileira (FMRB).<\/p>\n<p><strong>Fonte:<\/strong> Secretaria Municipal de Comunica\u00e7\u00e3o (Secom)<\/p>\n","protected":false},"excerpt":{"rendered":"<p>Para as escolas da rede municipal de ensino, a 8\u00aa Feira do Livro de S\u00e3o Lu\u00eds (FeliS) tem sido um [&hellip;]<\/p>\n","protected":false},"author":0,"featured_media":0,"comment_status":"open","ping_status":"open","sticky":false,"template":"","format":"standard","meta":{"site-sidebar-layout":"default","site-content-layout":"","ast-site-content-layout":"default","site-content-style":"default","site-sidebar-style":"default","ast-global-header-display":"","ast-banner-title-visibility":"","ast-main-header-display":"","ast-hfb-above-header-display":"","ast-hfb-below-header-display":"","ast-hfb-mobile-header-display":"","site-post-title":"","ast-breadcrumbs-content":"","ast-featured-img":"","footer-sml-layout":"","ast-disable-related-posts":"","theme-transparent-header-meta":"","adv-header-id-meta":"","stick-header-meta":"","header-above-stick-meta":"","header-main-stick-meta":"","header-below-stick-meta":"","astra-migrate-meta-layouts":"default","ast-page-background-enabled":"default","ast-page-background-meta":{"desktop":{"background-color":"var(--ast-global-color-5)","background-image":"","background-repeat":"repeat","background-position":"center center","background-size":"auto","background-attachment":"scroll","background-type":"","background-media":"","overlay-type":"","overlay-color":"","overlay-opacity":"","overlay-gradient":""},"tablet":{"background-color":"","background-image":"","background-repeat":"repeat","background-position":"center center","background-size":"auto","background-attachment":"scroll","background-type":"","background-media":"","overlay-type":"","overlay-color":"","overlay-opacity":"","overlay-gradient":""},"mobile":{"background-color":"","background-image":"","background-repeat":"repeat","background-position":"center center","background-size":"auto","background-attachment":"scroll","background-type":"","background-media":"","overlay-type":"","overlay-color":"","overlay-opacity":"","overlay-gradient":""}},"ast-content-background-meta":{"desktop":{"background-color":"var(--ast-global-color-4)","background-image":"","background-repeat":"repeat","background-position":"center center","background-size":"auto","background-attachment":"scroll","background-type":"","background-media":"","overlay-type":"","overlay-color":"","overlay-opacity":"","overlay-gradient":""},"tablet":{"background-color":"var(--ast-global-color-4)","background-image":"","background-repeat":"repeat","background-position":"center center","background-size":"auto","background-attachment":"scroll","background-type":"","background-media":"","overlay-type":"","overlay-color":"","overlay-opacity":"","overlay-gradient":""},"mobile":{"background-color":"var(--ast-global-color-4)","background-image":"","background-repeat":"repeat","background-position":"center center","background-size":"auto","background-attachment":"scroll","background-type":"","background-media":"","overlay-type":"","overlay-color":"","overlay-opacity":"","overlay-gradient":""}},"footnotes":""},"categories":[1],"tags":[],"class_list":["post-20362","post","type-post","status-publish","format-standard","hentry","category-sem-categoria"],"yoast_head":"<!-- This site is optimized with the Yoast SEO plugin v26.6 - https:\/\/yoast.com\/wordpress\/plugins\/seo\/ -->\n<title>Escolas municipais promovem visitas de estudantes \u00e0 8\u00aa Feira do Livro - Daniel Matos<\/title>\n<meta name=\"robots\" content=\"index, follow, max-snippet:-1, max-image-preview:large, max-video-preview:-1\" \/>\n<link rel=\"canonical\" href=\"https:\/\/www.blogsoestado.com\/danielmatos\/escolas-municipais-promovem-visitas-de-estudantes-a-8a-feira-do-livro\/\" \/>\n<meta property=\"og:locale\" content=\"pt_BR\" \/>\n<meta property=\"og:type\" content=\"article\" \/>\n<meta property=\"og:title\" content=\"Escolas municipais promovem visitas de estudantes \u00e0 8\u00aa Feira do Livro - Daniel Matos\" \/>\n<meta property=\"og:description\" content=\"Para as escolas da rede municipal de ensino, a 8\u00aa Feira do Livro de S\u00e3o Lu\u00eds (FeliS) tem sido um [&hellip;]\" \/>\n<meta property=\"og:url\" content=\"https:\/\/www.blogsoestado.com\/danielmatos\/escolas-municipais-promovem-visitas-de-estudantes-a-8a-feira-do-livro\/\" \/>\n<meta property=\"og:site_name\" content=\"Daniel Matos\" \/>\n<meta property=\"article:published_time\" content=\"2014-11-07T12:41:44+00:00\" \/>\n<meta property=\"og:image\" content=\"https:\/\/www.blogsoestado.com\/danielmatos\/files\/2014\/11\/geraldo-feira-do-livro.jpg\" \/>\n<meta name=\"twitter:card\" content=\"summary_large_image\" \/>\n<meta name=\"twitter:label1\" content=\"Est. tempo de leitura\" \/>\n\t<meta name=\"twitter:data1\" content=\"3 minutos\" \/>\n<script type=\"application\/ld+json\" class=\"yoast-schema-graph\">{\"@context\":\"https:\/\/schema.org\",\"@graph\":[{\"@type\":\"WebPage\",\"@id\":\"https:\/\/www.blogsoestado.com\/danielmatos\/escolas-municipais-promovem-visitas-de-estudantes-a-8a-feira-do-livro\/\",\"url\":\"https:\/\/www.blogsoestado.com\/danielmatos\/escolas-municipais-promovem-visitas-de-estudantes-a-8a-feira-do-livro\/\",\"name\":\"Escolas municipais promovem visitas de estudantes \u00e0 8\u00aa Feira do Livro - Daniel Matos\",\"isPartOf\":{\"@id\":\"https:\/\/www.blogsoestado.com\/danielmatos\/#website\"},\"primaryImageOfPage\":{\"@id\":\"https:\/\/www.blogsoestado.com\/danielmatos\/escolas-municipais-promovem-visitas-de-estudantes-a-8a-feira-do-livro\/#primaryimage\"},\"image\":{\"@id\":\"https:\/\/www.blogsoestado.com\/danielmatos\/escolas-municipais-promovem-visitas-de-estudantes-a-8a-feira-do-livro\/#primaryimage\"},\"thumbnailUrl\":\"https:\/\/www.blogsoestado.com\/danielmatos\/files\/2014\/11\/geraldo-feira-do-livro.jpg\",\"datePublished\":\"2014-11-07T12:41:44+00:00\",\"author\":{\"@id\":\"\"},\"breadcrumb\":{\"@id\":\"https:\/\/www.blogsoestado.com\/danielmatos\/escolas-municipais-promovem-visitas-de-estudantes-a-8a-feira-do-livro\/#breadcrumb\"},\"inLanguage\":\"pt-BR\",\"potentialAction\":[{\"@type\":\"ReadAction\",\"target\":[\"https:\/\/www.blogsoestado.com\/danielmatos\/escolas-municipais-promovem-visitas-de-estudantes-a-8a-feira-do-livro\/\"]}]},{\"@type\":\"ImageObject\",\"inLanguage\":\"pt-BR\",\"@id\":\"https:\/\/www.blogsoestado.com\/danielmatos\/escolas-municipais-promovem-visitas-de-estudantes-a-8a-feira-do-livro\/#primaryimage\",\"url\":\"https:\/\/www.blogsoestado.com\/danielmatos\/files\/2014\/11\/geraldo-feira-do-livro.jpg\",\"contentUrl\":\"https:\/\/www.blogsoestado.com\/danielmatos\/files\/2014\/11\/geraldo-feira-do-livro.jpg\"},{\"@type\":\"BreadcrumbList\",\"@id\":\"https:\/\/www.blogsoestado.com\/danielmatos\/escolas-municipais-promovem-visitas-de-estudantes-a-8a-feira-do-livro\/#breadcrumb\",\"itemListElement\":[{\"@type\":\"ListItem\",\"position\":1,\"name\":\"In\u00edcio\",\"item\":\"https:\/\/www.blogsoestado.com\/danielmatos\/\"},{\"@type\":\"ListItem\",\"position\":2,\"name\":\"Escolas municipais promovem visitas de estudantes \u00e0 8\u00aa Feira do Livro\"}]},{\"@type\":\"WebSite\",\"@id\":\"https:\/\/www.blogsoestado.com\/danielmatos\/#website\",\"url\":\"https:\/\/www.blogsoestado.com\/danielmatos\/\",\"name\":\"Daniel Matos\",\"description\":\"\",\"potentialAction\":[{\"@type\":\"SearchAction\",\"target\":{\"@type\":\"EntryPoint\",\"urlTemplate\":\"https:\/\/www.blogsoestado.com\/danielmatos\/?s={search_term_string}\"},\"query-input\":{\"@type\":\"PropertyValueSpecification\",\"valueRequired\":true,\"valueName\":\"search_term_string\"}}],\"inLanguage\":\"pt-BR\"}]}<\/script>\n<!-- \/ Yoast SEO plugin. -->","yoast_head_json":{"title":"Escolas municipais promovem visitas de estudantes \u00e0 8\u00aa Feira do Livro - Daniel Matos","robots":{"index":"index","follow":"follow","max-snippet":"max-snippet:-1","max-image-preview":"max-image-preview:large","max-video-preview":"max-video-preview:-1"},"canonical":"https:\/\/www.blogsoestado.com\/danielmatos\/escolas-municipais-promovem-visitas-de-estudantes-a-8a-feira-do-livro\/","og_locale":"pt_BR","og_type":"article","og_title":"Escolas municipais promovem visitas de estudantes \u00e0 8\u00aa Feira do Livro - Daniel Matos","og_description":"Para as escolas da rede municipal de ensino, a 8\u00aa Feira do Livro de S\u00e3o Lu\u00eds (FeliS) tem sido um [&hellip;]","og_url":"https:\/\/www.blogsoestado.com\/danielmatos\/escolas-municipais-promovem-visitas-de-estudantes-a-8a-feira-do-livro\/","og_site_name":"Daniel Matos","article_published_time":"2014-11-07T12:41:44+00:00","og_image":[{"url":"https:\/\/www.blogsoestado.com\/danielmatos\/files\/2014\/11\/geraldo-feira-do-livro.jpg","type":"","width":"","height":""}],"twitter_card":"summary_large_image","twitter_misc":{"Est. tempo de leitura":"3 minutos"},"schema":{"@context":"https:\/\/schema.org","@graph":[{"@type":"WebPage","@id":"https:\/\/www.blogsoestado.com\/danielmatos\/escolas-municipais-promovem-visitas-de-estudantes-a-8a-feira-do-livro\/","url":"https:\/\/www.blogsoestado.com\/danielmatos\/escolas-municipais-promovem-visitas-de-estudantes-a-8a-feira-do-livro\/","name":"Escolas municipais promovem visitas de estudantes \u00e0 8\u00aa Feira do Livro - Daniel Matos","isPartOf":{"@id":"https:\/\/www.blogsoestado.com\/danielmatos\/#website"},"primaryImageOfPage":{"@id":"https:\/\/www.blogsoestado.com\/danielmatos\/escolas-municipais-promovem-visitas-de-estudantes-a-8a-feira-do-livro\/#primaryimage"},"image":{"@id":"https:\/\/www.blogsoestado.com\/danielmatos\/escolas-municipais-promovem-visitas-de-estudantes-a-8a-feira-do-livro\/#primaryimage"},"thumbnailUrl":"https:\/\/www.blogsoestado.com\/danielmatos\/files\/2014\/11\/geraldo-feira-do-livro.jpg","datePublished":"2014-11-07T12:41:44+00:00","author":{"@id":""},"breadcrumb":{"@id":"https:\/\/www.blogsoestado.com\/danielmatos\/escolas-municipais-promovem-visitas-de-estudantes-a-8a-feira-do-livro\/#breadcrumb"},"inLanguage":"pt-BR","potentialAction":[{"@type":"ReadAction","target":["https:\/\/www.blogsoestado.com\/danielmatos\/escolas-municipais-promovem-visitas-de-estudantes-a-8a-feira-do-livro\/"]}]},{"@type":"ImageObject","inLanguage":"pt-BR","@id":"https:\/\/www.blogsoestado.com\/danielmatos\/escolas-municipais-promovem-visitas-de-estudantes-a-8a-feira-do-livro\/#primaryimage","url":"https:\/\/www.blogsoestado.com\/danielmatos\/files\/2014\/11\/geraldo-feira-do-livro.jpg","contentUrl":"https:\/\/www.blogsoestado.com\/danielmatos\/files\/2014\/11\/geraldo-feira-do-livro.jpg"},{"@type":"BreadcrumbList","@id":"https:\/\/www.blogsoestado.com\/danielmatos\/escolas-municipais-promovem-visitas-de-estudantes-a-8a-feira-do-livro\/#breadcrumb","itemListElement":[{"@type":"ListItem","position":1,"name":"In\u00edcio","item":"https:\/\/www.blogsoestado.com\/danielmatos\/"},{"@type":"ListItem","position":2,"name":"Escolas municipais promovem visitas de estudantes \u00e0 8\u00aa Feira do Livro"}]},{"@type":"WebSite","@id":"https:\/\/www.blogsoestado.com\/danielmatos\/#website","url":"https:\/\/www.blogsoestado.com\/danielmatos\/","name":"Daniel Matos","description":"","potentialAction":[{"@type":"SearchAction","target":{"@type":"EntryPoint","urlTemplate":"https:\/\/www.blogsoestado.com\/danielmatos\/?s={search_term_string}"},"query-input":{"@type":"PropertyValueSpecification","valueRequired":true,"valueName":"search_term_string"}}],"inLanguage":"pt-BR"}]}},"jetpack_featured_media_url":"","_links":{"self":[{"href":"https:\/\/www.blogsoestado.com\/danielmatos\/wp-json\/wp\/v2\/posts\/20362","targetHints":{"allow":["GET"]}}],"collection":[{"href":"https:\/\/www.blogsoestado.com\/danielmatos\/wp-json\/wp\/v2\/posts"}],"about":[{"href":"https:\/\/www.blogsoestado.com\/danielmatos\/wp-json\/wp\/v2\/types\/post"}],"replies":[{"embeddable":true,"href":"https:\/\/www.blogsoestado.com\/danielmatos\/wp-json\/wp\/v2\/comments?post=20362"}],"version-history":[{"count":0,"href":"https:\/\/www.blogsoestado.com\/danielmatos\/wp-json\/wp\/v2\/posts\/20362\/revisions"}],"wp:attachment":[{"href":"https:\/\/www.blogsoestado.com\/danielmatos\/wp-json\/wp\/v2\/media?parent=20362"}],"wp:term":[{"taxonomy":"category","embeddable":true,"href":"https:\/\/www.blogsoestado.com\/danielmatos\/wp-json\/wp\/v2\/categories?post=20362"},{"taxonomy":"post_tag","embeddable":true,"href":"https:\/\/www.blogsoestado.com\/danielmatos\/wp-json\/wp\/v2\/tags?post=20362"}],"curies":[{"name":"wp","href":"https:\/\/api.w.org\/{rel}","templated":true}]}}