{"id":2037,"date":"2010-04-13T17:21:31","date_gmt":"2010-04-13T20:21:31","guid":{"rendered":"https:\/\/www.blogsoestado.com\/danielmatos\/?p=2037"},"modified":"2010-04-13T17:21:31","modified_gmt":"2010-04-13T20:21:31","slug":"2037","status":"publish","type":"post","link":"https:\/\/www.blogsoestado.com\/danielmatos\/2037\/","title":{"rendered":"Vereador quer meia-passagem tamb\u00e9m em feriados e dias santos"},"content":{"rendered":"<p><img fetchpriority=\"high\" decoding=\"async\" class=\"alignright size-full wp-image-2038\" src=\"https:\/\/www.blogsoestado.com\/danielmatos\/files\/2010\/04\/coletivo.jpg\" alt=\"coletivo\" width=\"448\" height=\"301\" \/>O vereador Francisco Viana (PSDB) protocolou no in\u00edcio da semana, um projeto de lei no qual determina que a tarifa social, institu\u00edda pelo chefe do Executivo Municipal, aos domingos, estenda-se aos feriados e dias santos no \u00e2mbito do munic\u00edpio de S\u00e3o Lu\u00eds e d\u00e1 outras<br \/>\nprovid\u00eancias.<\/p>\n<p>Chico Viana afirmou que o benef\u00edcio da meia passagem \u00e9 uma medida<br \/>\nmuito importante para a popula\u00e7\u00e3o da capital, que n\u00e3o deve ser<br \/>\nrestrita apenas aos domingos. \u201cCom a extens\u00e3o desse benef\u00edcio, os<br \/>\nusu\u00e1rios do transporte coletivo poder\u00e3o pagar a metade do valor das<br \/>\npassagens de \u00f4nibus tamb\u00e9m nos dias santos e nos feriados municipais, beneficiando assim toda a popula\u00e7\u00e3o da cidade\u201d, ressaltou o vereador.<\/p>\n<p>A tarifa social institu\u00edda pelo prefeito de S\u00e3o Lu\u00eds, Jo\u00e3o Castelo,<br \/>\npor meio de decreto, entrou em vigor do domingo, 28 de fevereiro, no transporte coletivo urbano da capital. A medida reduziu, no percentual de 50%, ou seja, pela metade, o valor das passagens nos \u00f4nibus aos domingos na cidade.<\/p>\n<p>Com o valor da tarifa dos coletivos reduzido pela metade o valor das<br \/>\npassagens aos domingos, ficou em R$ 0,65 (65 centavos) no n\u00edvel 1, R$ 0,85 (85 centavos) no n\u00edvel 2 e R$ 1,05 (um real e cinco centavos) no n\u00edvel 3.<\/p>\n<p>Decreto municipal &#8211; O decreto n\u00ba 38.917, de 18 de fevereiro de 2010,<br \/>\ntem como base os artigos 1\u00ba (incisos II e III) e 6\u00ba da Constitui\u00e7\u00e3o<br \/>\nFederal, considerando a necessidade de implanta\u00e7\u00e3o e desenvolvimento de uma pol\u00edtica social municipal de incentivo \u00e0 mobilidade, ao lazer, \u00e0 cultura e ao turismo.<\/p>\n<p>No documento, o prefeito Jo\u00e3o Castelo destacou que a medida trar\u00e1<br \/>\ntratamento igualit\u00e1rio para todas as classes sociais.\u00a0 \u201cA tarifa<br \/>\nsocial permitir\u00e1 \u00e0 popula\u00e7\u00e3o de S\u00e3o Lu\u00eds aproveitar melhor os momentos de entretenimento aos domingos, pagando apenas a metade do valor das passagens\u201d.<\/p>\n<p>O Artigo 2\u00ba do decreto deixa claro que \u201cos vales-eletr\u00f4nicos e demais benef\u00edcios inerentes ao Sistema de Transporte P\u00fablico de Passageiros ser\u00e3o aceitos normalmente aos domingos, observada a redu\u00e7\u00e3o das tarifas em 50%\u201d. Para tanto, o Sistema de Transporte realizou as devidas adequa\u00e7\u00f5es no sistema de bilhetagem eletr\u00f4nica.<\/p>\n<p>Segundo o Artigo 3\u00ba do decreto, as empresas concession\u00e1rias do servi\u00e7o de transporte coletivo dever\u00e3o manter inalterado o n\u00famero de linhas e de \u00f4nibus circulando aos domingos a fim de n\u00e3o causar qualquer preju\u00edzo aos usu\u00e1rios.<\/p>\n<p>O vereador Chico Viana observa ainda que, de acordo com a inten\u00e7\u00e3o do decreto, para satisfazer a necessidade do cidad\u00e3o aproveitar melhor sua folga, s\u00f3 ser\u00e1 completa se abranger todas elas, inclusive as proporcionadas nos feriados e dias santificados. \u201cCom certeza o prefeito Jo\u00e3o Castelo ir\u00e1 reconhecer esta necessidade e prontamente implant\u00e1-la\u201d, justificou.<\/p>\n<p><strong>Foto:<\/strong> Douglas Jr.\/<strong>O Estado do Maranh\u00e3o<\/strong><\/p>\n","protected":false},"excerpt":{"rendered":"<p>O vereador Francisco Viana (PSDB) protocolou no in\u00edcio da semana, um projeto de lei no qual determina que a tarifa [&hellip;]<\/p>\n","protected":false},"author":0,"featured_media":0,"comment_status":"open","ping_status":"open","sticky":false,"template":"","format":"standard","meta":{"site-sidebar-layout":"default","site-content-layout":"","ast-site-content-layout":"default","site-content-style":"default","site-sidebar-style":"default","ast-global-header-display":"","ast-banner-title-visibility":"","ast-main-header-display":"","ast-hfb-above-header-display":"","ast-hfb-below-header-display":"","ast-hfb-mobile-header-display":"","site-post-title":"","ast-breadcrumbs-content":"","ast-featured-img":"","footer-sml-layout":"","ast-disable-related-posts":"","theme-transparent-header-meta":"","adv-header-id-meta":"","stick-header-meta":"","header-above-stick-meta":"","header-main-stick-meta":"","header-below-stick-meta":"","astra-migrate-meta-layouts":"default","ast-page-background-enabled":"default","ast-page-background-meta":{"desktop":{"background-color":"var(--ast-global-color-5)","background-image":"","background-repeat":"repeat","background-position":"center center","background-size":"auto","background-attachment":"scroll","background-type":"","background-media":"","overlay-type":"","overlay-color":"","overlay-opacity":"","overlay-gradient":""},"tablet":{"background-color":"","background-image":"","background-repeat":"repeat","background-position":"center center","background-size":"auto","background-attachment":"scroll","background-type":"","background-media":"","overlay-type":"","overlay-color":"","overlay-opacity":"","overlay-gradient":""},"mobile":{"background-color":"","background-image":"","background-repeat":"repeat","background-position":"center center","background-size":"auto","background-attachment":"scroll","background-type":"","background-media":"","overlay-type":"","overlay-color":"","overlay-opacity":"","overlay-gradient":""}},"ast-content-background-meta":{"desktop":{"background-color":"var(--ast-global-color-4)","background-image":"","background-repeat":"repeat","background-position":"center center","background-size":"auto","background-attachment":"scroll","background-type":"","background-media":"","overlay-type":"","overlay-color":"","overlay-opacity":"","overlay-gradient":""},"tablet":{"background-color":"var(--ast-global-color-4)","background-image":"","background-repeat":"repeat","background-position":"center center","background-size":"auto","background-attachment":"scroll","background-type":"","background-media":"","overlay-type":"","overlay-color":"","overlay-opacity":"","overlay-gradient":""},"mobile":{"background-color":"var(--ast-global-color-4)","background-image":"","background-repeat":"repeat","background-position":"center center","background-size":"auto","background-attachment":"scroll","background-type":"","background-media":"","overlay-type":"","overlay-color":"","overlay-opacity":"","overlay-gradient":""}},"footnotes":""},"categories":[1],"tags":[],"class_list":["post-2037","post","type-post","status-publish","format-standard","hentry","category-sem-categoria"],"yoast_head":"<!-- This site is optimized with the Yoast SEO plugin v26.6 - https:\/\/yoast.com\/wordpress\/plugins\/seo\/ -->\n<title>Vereador quer meia-passagem tamb\u00e9m em feriados e dias santos - Daniel Matos<\/title>\n<meta name=\"robots\" content=\"index, follow, max-snippet:-1, max-image-preview:large, max-video-preview:-1\" \/>\n<link rel=\"canonical\" href=\"https:\/\/www.blogsoestado.com\/danielmatos\/2037\/\" \/>\n<meta property=\"og:locale\" content=\"pt_BR\" \/>\n<meta property=\"og:type\" content=\"article\" \/>\n<meta property=\"og:title\" content=\"Vereador quer meia-passagem tamb\u00e9m em feriados e dias santos - Daniel Matos\" \/>\n<meta property=\"og:description\" content=\"O vereador Francisco Viana (PSDB) protocolou no in\u00edcio da semana, um projeto de lei no qual determina que a tarifa [&hellip;]\" \/>\n<meta property=\"og:url\" content=\"https:\/\/www.blogsoestado.com\/danielmatos\/2037\/\" \/>\n<meta property=\"og:site_name\" content=\"Daniel Matos\" \/>\n<meta property=\"article:published_time\" content=\"2010-04-13T20:21:31+00:00\" \/>\n<meta property=\"og:image\" content=\"https:\/\/www.blogsoestado.com\/danielmatos\/files\/2010\/04\/coletivo.jpg\" \/>\n<meta name=\"twitter:card\" content=\"summary_large_image\" \/>\n<meta name=\"twitter:label1\" content=\"Est. tempo de leitura\" \/>\n\t<meta name=\"twitter:data1\" content=\"2 minutos\" \/>\n<script type=\"application\/ld+json\" class=\"yoast-schema-graph\">{\"@context\":\"https:\/\/schema.org\",\"@graph\":[{\"@type\":\"WebPage\",\"@id\":\"https:\/\/www.blogsoestado.com\/danielmatos\/2037\/\",\"url\":\"https:\/\/www.blogsoestado.com\/danielmatos\/2037\/\",\"name\":\"Vereador quer meia-passagem tamb\u00e9m em feriados e dias santos - Daniel Matos\",\"isPartOf\":{\"@id\":\"https:\/\/www.blogsoestado.com\/danielmatos\/#website\"},\"primaryImageOfPage\":{\"@id\":\"https:\/\/www.blogsoestado.com\/danielmatos\/2037\/#primaryimage\"},\"image\":{\"@id\":\"https:\/\/www.blogsoestado.com\/danielmatos\/2037\/#primaryimage\"},\"thumbnailUrl\":\"https:\/\/www.blogsoestado.com\/danielmatos\/files\/2010\/04\/coletivo.jpg\",\"datePublished\":\"2010-04-13T20:21:31+00:00\",\"author\":{\"@id\":\"\"},\"breadcrumb\":{\"@id\":\"https:\/\/www.blogsoestado.com\/danielmatos\/2037\/#breadcrumb\"},\"inLanguage\":\"pt-BR\",\"potentialAction\":[{\"@type\":\"ReadAction\",\"target\":[\"https:\/\/www.blogsoestado.com\/danielmatos\/2037\/\"]}]},{\"@type\":\"ImageObject\",\"inLanguage\":\"pt-BR\",\"@id\":\"https:\/\/www.blogsoestado.com\/danielmatos\/2037\/#primaryimage\",\"url\":\"https:\/\/www.blogsoestado.com\/danielmatos\/files\/2010\/04\/coletivo.jpg\",\"contentUrl\":\"https:\/\/www.blogsoestado.com\/danielmatos\/files\/2010\/04\/coletivo.jpg\"},{\"@type\":\"BreadcrumbList\",\"@id\":\"https:\/\/www.blogsoestado.com\/danielmatos\/2037\/#breadcrumb\",\"itemListElement\":[{\"@type\":\"ListItem\",\"position\":1,\"name\":\"In\u00edcio\",\"item\":\"https:\/\/www.blogsoestado.com\/danielmatos\/\"},{\"@type\":\"ListItem\",\"position\":2,\"name\":\"Vereador quer meia-passagem tamb\u00e9m em feriados e dias santos\"}]},{\"@type\":\"WebSite\",\"@id\":\"https:\/\/www.blogsoestado.com\/danielmatos\/#website\",\"url\":\"https:\/\/www.blogsoestado.com\/danielmatos\/\",\"name\":\"Daniel Matos\",\"description\":\"\",\"potentialAction\":[{\"@type\":\"SearchAction\",\"target\":{\"@type\":\"EntryPoint\",\"urlTemplate\":\"https:\/\/www.blogsoestado.com\/danielmatos\/?s={search_term_string}\"},\"query-input\":{\"@type\":\"PropertyValueSpecification\",\"valueRequired\":true,\"valueName\":\"search_term_string\"}}],\"inLanguage\":\"pt-BR\"}]}<\/script>\n<!-- \/ Yoast SEO plugin. -->","yoast_head_json":{"title":"Vereador quer meia-passagem tamb\u00e9m em feriados e dias santos - Daniel Matos","robots":{"index":"index","follow":"follow","max-snippet":"max-snippet:-1","max-image-preview":"max-image-preview:large","max-video-preview":"max-video-preview:-1"},"canonical":"https:\/\/www.blogsoestado.com\/danielmatos\/2037\/","og_locale":"pt_BR","og_type":"article","og_title":"Vereador quer meia-passagem tamb\u00e9m em feriados e dias santos - Daniel Matos","og_description":"O vereador Francisco Viana (PSDB) protocolou no in\u00edcio da semana, um projeto de lei no qual determina que a tarifa [&hellip;]","og_url":"https:\/\/www.blogsoestado.com\/danielmatos\/2037\/","og_site_name":"Daniel Matos","article_published_time":"2010-04-13T20:21:31+00:00","og_image":[{"url":"https:\/\/www.blogsoestado.com\/danielmatos\/files\/2010\/04\/coletivo.jpg","type":"","width":"","height":""}],"twitter_card":"summary_large_image","twitter_misc":{"Est. tempo de leitura":"2 minutos"},"schema":{"@context":"https:\/\/schema.org","@graph":[{"@type":"WebPage","@id":"https:\/\/www.blogsoestado.com\/danielmatos\/2037\/","url":"https:\/\/www.blogsoestado.com\/danielmatos\/2037\/","name":"Vereador quer meia-passagem tamb\u00e9m em feriados e dias santos - Daniel Matos","isPartOf":{"@id":"https:\/\/www.blogsoestado.com\/danielmatos\/#website"},"primaryImageOfPage":{"@id":"https:\/\/www.blogsoestado.com\/danielmatos\/2037\/#primaryimage"},"image":{"@id":"https:\/\/www.blogsoestado.com\/danielmatos\/2037\/#primaryimage"},"thumbnailUrl":"https:\/\/www.blogsoestado.com\/danielmatos\/files\/2010\/04\/coletivo.jpg","datePublished":"2010-04-13T20:21:31+00:00","author":{"@id":""},"breadcrumb":{"@id":"https:\/\/www.blogsoestado.com\/danielmatos\/2037\/#breadcrumb"},"inLanguage":"pt-BR","potentialAction":[{"@type":"ReadAction","target":["https:\/\/www.blogsoestado.com\/danielmatos\/2037\/"]}]},{"@type":"ImageObject","inLanguage":"pt-BR","@id":"https:\/\/www.blogsoestado.com\/danielmatos\/2037\/#primaryimage","url":"https:\/\/www.blogsoestado.com\/danielmatos\/files\/2010\/04\/coletivo.jpg","contentUrl":"https:\/\/www.blogsoestado.com\/danielmatos\/files\/2010\/04\/coletivo.jpg"},{"@type":"BreadcrumbList","@id":"https:\/\/www.blogsoestado.com\/danielmatos\/2037\/#breadcrumb","itemListElement":[{"@type":"ListItem","position":1,"name":"In\u00edcio","item":"https:\/\/www.blogsoestado.com\/danielmatos\/"},{"@type":"ListItem","position":2,"name":"Vereador quer meia-passagem tamb\u00e9m em feriados e dias santos"}]},{"@type":"WebSite","@id":"https:\/\/www.blogsoestado.com\/danielmatos\/#website","url":"https:\/\/www.blogsoestado.com\/danielmatos\/","name":"Daniel Matos","description":"","potentialAction":[{"@type":"SearchAction","target":{"@type":"EntryPoint","urlTemplate":"https:\/\/www.blogsoestado.com\/danielmatos\/?s={search_term_string}"},"query-input":{"@type":"PropertyValueSpecification","valueRequired":true,"valueName":"search_term_string"}}],"inLanguage":"pt-BR"}]}},"jetpack_featured_media_url":"","_links":{"self":[{"href":"https:\/\/www.blogsoestado.com\/danielmatos\/wp-json\/wp\/v2\/posts\/2037","targetHints":{"allow":["GET"]}}],"collection":[{"href":"https:\/\/www.blogsoestado.com\/danielmatos\/wp-json\/wp\/v2\/posts"}],"about":[{"href":"https:\/\/www.blogsoestado.com\/danielmatos\/wp-json\/wp\/v2\/types\/post"}],"replies":[{"embeddable":true,"href":"https:\/\/www.blogsoestado.com\/danielmatos\/wp-json\/wp\/v2\/comments?post=2037"}],"version-history":[{"count":0,"href":"https:\/\/www.blogsoestado.com\/danielmatos\/wp-json\/wp\/v2\/posts\/2037\/revisions"}],"wp:attachment":[{"href":"https:\/\/www.blogsoestado.com\/danielmatos\/wp-json\/wp\/v2\/media?parent=2037"}],"wp:term":[{"taxonomy":"category","embeddable":true,"href":"https:\/\/www.blogsoestado.com\/danielmatos\/wp-json\/wp\/v2\/categories?post=2037"},{"taxonomy":"post_tag","embeddable":true,"href":"https:\/\/www.blogsoestado.com\/danielmatos\/wp-json\/wp\/v2\/tags?post=2037"}],"curies":[{"name":"wp","href":"https:\/\/api.w.org\/{rel}","templated":true}]}}