{"id":20379,"date":"2014-11-07T18:14:44","date_gmt":"2014-11-07T21:14:44","guid":{"rendered":"https:\/\/www.blogsoestado.com\/danielmatos\/?p=20379"},"modified":"2014-11-07T18:14:44","modified_gmt":"2014-11-07T21:14:44","slug":"prefeitura-transfere-atendimento-do-hospital-da-crianca-a-partir-desta-segunda-feira","status":"publish","type":"post","link":"https:\/\/www.blogsoestado.com\/danielmatos\/prefeitura-transfere-atendimento-do-hospital-da-crianca-a-partir-desta-segunda-feira\/","title":{"rendered":"Prefeitura transfere atendimento do Hospital da Crian\u00e7a a partir desta segunda-feira"},"content":{"rendered":"<figure id=\"attachment_20380\" aria-describedby=\"caption-attachment-20380\" style=\"width: 640px\" class=\"wp-caption aligncenter\"><a href=\"https:\/\/www.blogsoestado.com\/danielmatos\/files\/2014\/11\/hospital-da-crian\u00e7a-transfere.jpg\"><img fetchpriority=\"high\" decoding=\"async\" class=\"size-full wp-image-20380\" src=\"https:\/\/www.blogsoestado.com\/danielmatos\/files\/2014\/11\/hospital-da-crian\u00e7a-transfere.jpg\" alt=\"Atendimento cl\u00ednico do Hospital da Crian\u00e7a ser\u00e1 realizado em pr\u00e9dio da Rua do Passeio durante o per\u00edodo de reforma\" width=\"640\" height=\"346\" \/><\/a><figcaption id=\"caption-attachment-20380\" class=\"wp-caption-text\">Atendimento cl\u00ednico do Hospital da Crian\u00e7a ser\u00e1 realizado em pr\u00e9dio da Rua do Passeio durante o per\u00edodo de reforma<\/figcaption><\/figure>\n<p>Seguindo a pol\u00edtica de reestrutura\u00e7\u00e3o da rede municipal de sa\u00fade determinada pelo prefeito Edivaldo, est\u00e3o sendo realizadas reformas no Hospital Odorico Amaral de Matos (Hospital da Crian\u00e7a) e no Centro de Especialidades M\u00e9dicas. Em virtude dos trabalhos, os atendimentos cl\u00ednicos oferecidos nessas unidades ser\u00e3o transferidos a partir desta segunda-feira (10) para o pr\u00e9dio n\u00ba 342, na Rua do Passeio, no Centro, em frente ao Hospital Portugu\u00eas.<\/p>\n<p>A secret\u00e1ria municipal de Sa\u00fade, Helena Duailibe, afirmou que o objetivo da mudan\u00e7a \u00e9 assegurar a qualidade da presta\u00e7\u00e3o dos servi\u00e7os e o conforto da popula\u00e7\u00e3o. \u201cOs usu\u00e1rios podem ficar tranquilos porque continuaremos realizando todos os atendimentos e com os mesmos profissionais. O novo espa\u00e7o \u00e9 adequado para atender \u00e0 demanda e \u00e0s consultas que j\u00e1 estavam agendadas permanecem na mesma data, s\u00f3 muda o local\u201d, explicou a secret\u00e1ria.<\/p>\n<p>Por quest\u00f5es operacionais, os servi\u00e7os de urg\u00eancia e emerg\u00eancia do Hospital da Crian\u00e7a continuar\u00e3o funcionando no pr\u00e9dio da Alemanha. J\u00e1 as consultas ambulatoriais nas especialidades pedi\u00e1tricas ser\u00e3o realizadas no pr\u00e9dio na Rua do Passeio. Em rela\u00e7\u00e3o ao Centro de Especialidades M\u00e9dicas toda a estrutura de atendimento cl\u00ednico foi transferida para o novo endere\u00e7o.<\/p>\n<p>Apesar da mudan\u00e7a, as consultas para o Centro de Especialidades M\u00e9dicas continuam sendo marcadas na Central de Marca\u00e7\u00e3o de Consultas (Cemarc) e todos os agendamentos j\u00e1 feitos para este final de ano ser\u00e3o obedecidos, nos mesmos hor\u00e1rios e datas. \u201cCome\u00e7aremos no novo endere\u00e7o seguindo o cronograma j\u00e1 agendado, sem preju\u00edzos \u00e0 popula\u00e7\u00e3o, pois temos 24 m\u00e9dicos que atendem de segunda \u00e0 sexta-feira\u201d, afirmou a diretora da unidade, Geana Goulart.<\/p>\n<p><strong>Sobre as reformas<\/strong><\/p>\n<p>O Hospital da Crian\u00e7a est\u00e1 passando por uma ampla reforma que possibilitar\u00e1 novos servi\u00e7os a partir da constru\u00e7\u00e3o de um centro cir\u00fargico com quatro salas de grande porte, al\u00e9m de uma Unidade de Terapia Intensiva com 11 leitos, e 25 novos leitos de enfermaria. Ap\u00f3s a conclus\u00e3o da obra, a unidade receber\u00e1 equipamentos modernos para a realiza\u00e7\u00e3o de exames especializados de ultrassom e tomografia computadorizada.<\/p>\n<p>J\u00e1 a reforma do Centro de Especialidades M\u00e9dicas, no Filipinho, est\u00e1 prevista para ser iniciada no pr\u00f3ximo m\u00eas e contemplar\u00e1 a revitaliza\u00e7\u00e3o f\u00edsica de todo o pr\u00e9dio garantindo ainda mais qualidade \u00e0 presta\u00e7\u00e3o dos servi\u00e7os oferecidos na unidade. Entre as especialidades disponibilizadas atrav\u00e9s do Centro est\u00e3o consultas em neurologia, dermatologia, pneumologia, psicologia, urologia, cardiologia, nefrologia, gastroenterologia, hematologia e endocrinologia.<\/p>\n<p><strong>Fonte:<\/strong> Secretaria Municipal de Comunica\u00e7\u00e3o (Secom)<\/p>\n","protected":false},"excerpt":{"rendered":"<p>Seguindo a pol\u00edtica de reestrutura\u00e7\u00e3o da rede municipal de sa\u00fade determinada pelo prefeito Edivaldo, est\u00e3o sendo realizadas reformas no Hospital [&hellip;]<\/p>\n","protected":false},"author":0,"featured_media":0,"comment_status":"open","ping_status":"open","sticky":false,"template":"","format":"standard","meta":{"site-sidebar-layout":"default","site-content-layout":"","ast-site-content-layout":"default","site-content-style":"default","site-sidebar-style":"default","ast-global-header-display":"","ast-banner-title-visibility":"","ast-main-header-display":"","ast-hfb-above-header-display":"","ast-hfb-below-header-display":"","ast-hfb-mobile-header-display":"","site-post-title":"","ast-breadcrumbs-content":"","ast-featured-img":"","footer-sml-layout":"","ast-disable-related-posts":"","theme-transparent-header-meta":"","adv-header-id-meta":"","stick-header-meta":"","header-above-stick-meta":"","header-main-stick-meta":"","header-below-stick-meta":"","astra-migrate-meta-layouts":"default","ast-page-background-enabled":"default","ast-page-background-meta":{"desktop":{"background-color":"var(--ast-global-color-5)","background-image":"","background-repeat":"repeat","background-position":"center center","background-size":"auto","background-attachment":"scroll","background-type":"","background-media":"","overlay-type":"","overlay-color":"","overlay-opacity":"","overlay-gradient":""},"tablet":{"background-color":"","background-image":"","background-repeat":"repeat","background-position":"center center","background-size":"auto","background-attachment":"scroll","background-type":"","background-media":"","overlay-type":"","overlay-color":"","overlay-opacity":"","overlay-gradient":""},"mobile":{"background-color":"","background-image":"","background-repeat":"repeat","background-position":"center center","background-size":"auto","background-attachment":"scroll","background-type":"","background-media":"","overlay-type":"","overlay-color":"","overlay-opacity":"","overlay-gradient":""}},"ast-content-background-meta":{"desktop":{"background-color":"var(--ast-global-color-4)","background-image":"","background-repeat":"repeat","background-position":"center center","background-size":"auto","background-attachment":"scroll","background-type":"","background-media":"","overlay-type":"","overlay-color":"","overlay-opacity":"","overlay-gradient":""},"tablet":{"background-color":"var(--ast-global-color-4)","background-image":"","background-repeat":"repeat","background-position":"center center","background-size":"auto","background-attachment":"scroll","background-type":"","background-media":"","overlay-type":"","overlay-color":"","overlay-opacity":"","overlay-gradient":""},"mobile":{"background-color":"var(--ast-global-color-4)","background-image":"","background-repeat":"repeat","background-position":"center center","background-size":"auto","background-attachment":"scroll","background-type":"","background-media":"","overlay-type":"","overlay-color":"","overlay-opacity":"","overlay-gradient":""}},"footnotes":""},"categories":[1],"tags":[],"class_list":["post-20379","post","type-post","status-publish","format-standard","hentry","category-sem-categoria"],"yoast_head":"<!-- This site is optimized with the Yoast SEO plugin v26.6 - https:\/\/yoast.com\/wordpress\/plugins\/seo\/ -->\n<title>Prefeitura transfere atendimento do Hospital da Crian\u00e7a a partir desta segunda-feira - Daniel Matos<\/title>\n<meta name=\"robots\" content=\"index, follow, max-snippet:-1, max-image-preview:large, max-video-preview:-1\" \/>\n<link rel=\"canonical\" href=\"https:\/\/www.blogsoestado.com\/danielmatos\/prefeitura-transfere-atendimento-do-hospital-da-crianca-a-partir-desta-segunda-feira\/\" \/>\n<meta property=\"og:locale\" content=\"pt_BR\" \/>\n<meta property=\"og:type\" content=\"article\" \/>\n<meta property=\"og:title\" content=\"Prefeitura transfere atendimento do Hospital da Crian\u00e7a a partir desta segunda-feira - Daniel Matos\" \/>\n<meta property=\"og:description\" content=\"Seguindo a pol\u00edtica de reestrutura\u00e7\u00e3o da rede municipal de sa\u00fade determinada pelo prefeito Edivaldo, est\u00e3o sendo realizadas reformas no Hospital [&hellip;]\" \/>\n<meta property=\"og:url\" content=\"https:\/\/www.blogsoestado.com\/danielmatos\/prefeitura-transfere-atendimento-do-hospital-da-crianca-a-partir-desta-segunda-feira\/\" \/>\n<meta property=\"og:site_name\" content=\"Daniel Matos\" \/>\n<meta property=\"article:published_time\" content=\"2014-11-07T21:14:44+00:00\" \/>\n<meta name=\"twitter:card\" content=\"summary_large_image\" \/>\n<meta name=\"twitter:label1\" content=\"Est. tempo de leitura\" \/>\n\t<meta name=\"twitter:data1\" content=\"2 minutos\" \/>\n<script type=\"application\/ld+json\" class=\"yoast-schema-graph\">{\"@context\":\"https:\/\/schema.org\",\"@graph\":[{\"@type\":\"WebPage\",\"@id\":\"https:\/\/www.blogsoestado.com\/danielmatos\/prefeitura-transfere-atendimento-do-hospital-da-crianca-a-partir-desta-segunda-feira\/\",\"url\":\"https:\/\/www.blogsoestado.com\/danielmatos\/prefeitura-transfere-atendimento-do-hospital-da-crianca-a-partir-desta-segunda-feira\/\",\"name\":\"Prefeitura transfere atendimento do Hospital da Crian\u00e7a a partir desta segunda-feira - Daniel Matos\",\"isPartOf\":{\"@id\":\"https:\/\/www.blogsoestado.com\/danielmatos\/#website\"},\"datePublished\":\"2014-11-07T21:14:44+00:00\",\"author\":{\"@id\":\"\"},\"breadcrumb\":{\"@id\":\"https:\/\/www.blogsoestado.com\/danielmatos\/prefeitura-transfere-atendimento-do-hospital-da-crianca-a-partir-desta-segunda-feira\/#breadcrumb\"},\"inLanguage\":\"pt-BR\",\"potentialAction\":[{\"@type\":\"ReadAction\",\"target\":[\"https:\/\/www.blogsoestado.com\/danielmatos\/prefeitura-transfere-atendimento-do-hospital-da-crianca-a-partir-desta-segunda-feira\/\"]}]},{\"@type\":\"BreadcrumbList\",\"@id\":\"https:\/\/www.blogsoestado.com\/danielmatos\/prefeitura-transfere-atendimento-do-hospital-da-crianca-a-partir-desta-segunda-feira\/#breadcrumb\",\"itemListElement\":[{\"@type\":\"ListItem\",\"position\":1,\"name\":\"In\u00edcio\",\"item\":\"https:\/\/www.blogsoestado.com\/danielmatos\/\"},{\"@type\":\"ListItem\",\"position\":2,\"name\":\"Prefeitura transfere atendimento do Hospital da Crian\u00e7a a partir desta segunda-feira\"}]},{\"@type\":\"WebSite\",\"@id\":\"https:\/\/www.blogsoestado.com\/danielmatos\/#website\",\"url\":\"https:\/\/www.blogsoestado.com\/danielmatos\/\",\"name\":\"Daniel Matos\",\"description\":\"\",\"potentialAction\":[{\"@type\":\"SearchAction\",\"target\":{\"@type\":\"EntryPoint\",\"urlTemplate\":\"https:\/\/www.blogsoestado.com\/danielmatos\/?s={search_term_string}\"},\"query-input\":{\"@type\":\"PropertyValueSpecification\",\"valueRequired\":true,\"valueName\":\"search_term_string\"}}],\"inLanguage\":\"pt-BR\"}]}<\/script>\n<!-- \/ Yoast SEO plugin. -->","yoast_head_json":{"title":"Prefeitura transfere atendimento do Hospital da Crian\u00e7a a partir desta segunda-feira - Daniel Matos","robots":{"index":"index","follow":"follow","max-snippet":"max-snippet:-1","max-image-preview":"max-image-preview:large","max-video-preview":"max-video-preview:-1"},"canonical":"https:\/\/www.blogsoestado.com\/danielmatos\/prefeitura-transfere-atendimento-do-hospital-da-crianca-a-partir-desta-segunda-feira\/","og_locale":"pt_BR","og_type":"article","og_title":"Prefeitura transfere atendimento do Hospital da Crian\u00e7a a partir desta segunda-feira - Daniel Matos","og_description":"Seguindo a pol\u00edtica de reestrutura\u00e7\u00e3o da rede municipal de sa\u00fade determinada pelo prefeito Edivaldo, est\u00e3o sendo realizadas reformas no Hospital [&hellip;]","og_url":"https:\/\/www.blogsoestado.com\/danielmatos\/prefeitura-transfere-atendimento-do-hospital-da-crianca-a-partir-desta-segunda-feira\/","og_site_name":"Daniel Matos","article_published_time":"2014-11-07T21:14:44+00:00","twitter_card":"summary_large_image","twitter_misc":{"Est. tempo de leitura":"2 minutos"},"schema":{"@context":"https:\/\/schema.org","@graph":[{"@type":"WebPage","@id":"https:\/\/www.blogsoestado.com\/danielmatos\/prefeitura-transfere-atendimento-do-hospital-da-crianca-a-partir-desta-segunda-feira\/","url":"https:\/\/www.blogsoestado.com\/danielmatos\/prefeitura-transfere-atendimento-do-hospital-da-crianca-a-partir-desta-segunda-feira\/","name":"Prefeitura transfere atendimento do Hospital da Crian\u00e7a a partir desta segunda-feira - Daniel Matos","isPartOf":{"@id":"https:\/\/www.blogsoestado.com\/danielmatos\/#website"},"datePublished":"2014-11-07T21:14:44+00:00","author":{"@id":""},"breadcrumb":{"@id":"https:\/\/www.blogsoestado.com\/danielmatos\/prefeitura-transfere-atendimento-do-hospital-da-crianca-a-partir-desta-segunda-feira\/#breadcrumb"},"inLanguage":"pt-BR","potentialAction":[{"@type":"ReadAction","target":["https:\/\/www.blogsoestado.com\/danielmatos\/prefeitura-transfere-atendimento-do-hospital-da-crianca-a-partir-desta-segunda-feira\/"]}]},{"@type":"BreadcrumbList","@id":"https:\/\/www.blogsoestado.com\/danielmatos\/prefeitura-transfere-atendimento-do-hospital-da-crianca-a-partir-desta-segunda-feira\/#breadcrumb","itemListElement":[{"@type":"ListItem","position":1,"name":"In\u00edcio","item":"https:\/\/www.blogsoestado.com\/danielmatos\/"},{"@type":"ListItem","position":2,"name":"Prefeitura transfere atendimento do Hospital da Crian\u00e7a a partir desta segunda-feira"}]},{"@type":"WebSite","@id":"https:\/\/www.blogsoestado.com\/danielmatos\/#website","url":"https:\/\/www.blogsoestado.com\/danielmatos\/","name":"Daniel Matos","description":"","potentialAction":[{"@type":"SearchAction","target":{"@type":"EntryPoint","urlTemplate":"https:\/\/www.blogsoestado.com\/danielmatos\/?s={search_term_string}"},"query-input":{"@type":"PropertyValueSpecification","valueRequired":true,"valueName":"search_term_string"}}],"inLanguage":"pt-BR"}]}},"jetpack_featured_media_url":"","_links":{"self":[{"href":"https:\/\/www.blogsoestado.com\/danielmatos\/wp-json\/wp\/v2\/posts\/20379","targetHints":{"allow":["GET"]}}],"collection":[{"href":"https:\/\/www.blogsoestado.com\/danielmatos\/wp-json\/wp\/v2\/posts"}],"about":[{"href":"https:\/\/www.blogsoestado.com\/danielmatos\/wp-json\/wp\/v2\/types\/post"}],"replies":[{"embeddable":true,"href":"https:\/\/www.blogsoestado.com\/danielmatos\/wp-json\/wp\/v2\/comments?post=20379"}],"version-history":[{"count":0,"href":"https:\/\/www.blogsoestado.com\/danielmatos\/wp-json\/wp\/v2\/posts\/20379\/revisions"}],"wp:attachment":[{"href":"https:\/\/www.blogsoestado.com\/danielmatos\/wp-json\/wp\/v2\/media?parent=20379"}],"wp:term":[{"taxonomy":"category","embeddable":true,"href":"https:\/\/www.blogsoestado.com\/danielmatos\/wp-json\/wp\/v2\/categories?post=20379"},{"taxonomy":"post_tag","embeddable":true,"href":"https:\/\/www.blogsoestado.com\/danielmatos\/wp-json\/wp\/v2\/tags?post=20379"}],"curies":[{"name":"wp","href":"https:\/\/api.w.org\/{rel}","templated":true}]}}