{"id":20382,"date":"2014-11-08T17:28:34","date_gmt":"2014-11-08T20:28:34","guid":{"rendered":"https:\/\/www.blogsoestado.com\/danielmatos\/?p=20382"},"modified":"2014-11-08T17:28:34","modified_gmt":"2014-11-08T20:28:34","slug":"estudantes-caminham-pela-paz-em-paco-do-lumiar","status":"publish","type":"post","link":"https:\/\/www.blogsoestado.com\/danielmatos\/estudantes-caminham-pela-paz-em-paco-do-lumiar\/","title":{"rendered":"Estudantes caminham pela paz em Pa\u00e7o do Lumiar"},"content":{"rendered":"<figure id=\"attachment_20383\" aria-describedby=\"caption-attachment-20383\" style=\"width: 640px\" class=\"wp-caption aligncenter\"><a href=\"https:\/\/www.blogsoestado.com\/danielmatos\/files\/2014\/11\/pa\u00e7o-paz2.jpg\"><img fetchpriority=\"high\" decoding=\"async\" class=\"size-full wp-image-20383\" src=\"https:\/\/www.blogsoestado.com\/danielmatos\/files\/2014\/11\/pa\u00e7o-paz2.jpg\" alt=\"Prefeito Josemar Sobreiro participou da Caminhada pela Paz, que clamou por clamando por paz, amor, mais seguran\u00e7a e toler\u00e2ncia\" width=\"640\" height=\"427\" \/><\/a><figcaption id=\"caption-attachment-20383\" class=\"wp-caption-text\">Prefeito Josemar Sobreiro participou da Caminhada pela Paz, que clamou por paz, amor, mais seguran\u00e7a e toler\u00e2ncia<\/figcaption><\/figure>\n<p>Estudantes da rede p\u00fablica e privada do munic\u00edpio de Pa\u00e7o do Lumiar sa\u00edram \u00e0s ruas e avenidas do conjunto Maiob\u00e3o, na manh\u00e3 desta sexta-feira, 7, para 15\u00aa Caminhada Paz pela Paz. Este ano o evento trouxe o tema \u201cSemeando a Paz\u201d, com a participa\u00e7\u00e3o de centenas de pessoas, entre, crian\u00e7as, jovens e adultos vestidos de branco e clamando por paz, amor, mais seguran\u00e7a e toler\u00e2ncia.<\/p>\n<p>O prefeito, professor Josemar Sobreiro (PR) e a primeira-dama e secret\u00e1ria de Desenvolvimento Social, Ivone Oliveira, prestigiaram a atividade e caminharam durante todo o percurso junto aos estudantes, professores e \u00e0 comunidade.<\/p>\n<figure id=\"attachment_20384\" aria-describedby=\"caption-attachment-20384\" style=\"width: 640px\" class=\"wp-caption aligncenter\"><a href=\"https:\/\/www.blogsoestado.com\/danielmatos\/files\/2014\/11\/pa\u00e7o-paz.jpg\"><img decoding=\"async\" class=\"size-full wp-image-20384\" src=\"https:\/\/www.blogsoestado.com\/danielmatos\/files\/2014\/11\/pa\u00e7o-paz.jpg\" alt=\"Caminhada da Paz pela Paz \u00e9 realizada pela h\u00e1 15 anos pelo Centro Educacional Franciscano \u2013 Cefran\" width=\"640\" height=\"427\" \/><\/a><figcaption id=\"caption-attachment-20384\" class=\"wp-caption-text\">Caminhada da Paz pela Paz \u00e9 realizada pela h\u00e1 15 anos pelo Centro Educacional Franciscano \u2013 Cefran<\/figcaption><\/figure>\n<p>\u201cPa\u00e7o do Lumiar vem se desenvolvendo a cada ano e j\u00e1 \u00e9 a 3\u00aa cidade maranhense com maior IDH, segundo a ONU. Os problemas de seguran\u00e7a p\u00fablica s\u00e3o eminentes \u00e0 todas as cidades, e a gest\u00e3o municipal vem mantendo um di\u00e1logo e parcerias com os \u00f3rg\u00e3os competentes, no sentido de promover a paz e seguran\u00e7a para as fam\u00edlias lumineses\u201d, destacou o prefeito.<\/p>\n<p>A Caminhada da Paz pela Paz \u00e9 realizada pela h\u00e1 15 anos pelo Centro Educacional Franciscano \u2013 CEFRAN, e surgiu de uma atividade institucional pedag\u00f3gica, voltada para a discuss\u00e3o e promo\u00e7\u00e3o da pol\u00edtica pacificadora no ambiente escolar, familiar e social.<\/p>\n","protected":false},"excerpt":{"rendered":"<p>Estudantes da rede p\u00fablica e privada do munic\u00edpio de Pa\u00e7o do Lumiar sa\u00edram \u00e0s ruas e avenidas do conjunto Maiob\u00e3o, [&hellip;]<\/p>\n","protected":false},"author":0,"featured_media":0,"comment_status":"open","ping_status":"open","sticky":false,"template":"","format":"standard","meta":{"site-sidebar-layout":"default","site-content-layout":"","ast-site-content-layout":"default","site-content-style":"default","site-sidebar-style":"default","ast-global-header-display":"","ast-banner-title-visibility":"","ast-main-header-display":"","ast-hfb-above-header-display":"","ast-hfb-below-header-display":"","ast-hfb-mobile-header-display":"","site-post-title":"","ast-breadcrumbs-content":"","ast-featured-img":"","footer-sml-layout":"","ast-disable-related-posts":"","theme-transparent-header-meta":"","adv-header-id-meta":"","stick-header-meta":"","header-above-stick-meta":"","header-main-stick-meta":"","header-below-stick-meta":"","astra-migrate-meta-layouts":"default","ast-page-background-enabled":"default","ast-page-background-meta":{"desktop":{"background-color":"var(--ast-global-color-5)","background-image":"","background-repeat":"repeat","background-position":"center center","background-size":"auto","background-attachment":"scroll","background-type":"","background-media":"","overlay-type":"","overlay-color":"","overlay-opacity":"","overlay-gradient":""},"tablet":{"background-color":"","background-image":"","background-repeat":"repeat","background-position":"center center","background-size":"auto","background-attachment":"scroll","background-type":"","background-media":"","overlay-type":"","overlay-color":"","overlay-opacity":"","overlay-gradient":""},"mobile":{"background-color":"","background-image":"","background-repeat":"repeat","background-position":"center center","background-size":"auto","background-attachment":"scroll","background-type":"","background-media":"","overlay-type":"","overlay-color":"","overlay-opacity":"","overlay-gradient":""}},"ast-content-background-meta":{"desktop":{"background-color":"var(--ast-global-color-4)","background-image":"","background-repeat":"repeat","background-position":"center center","background-size":"auto","background-attachment":"scroll","background-type":"","background-media":"","overlay-type":"","overlay-color":"","overlay-opacity":"","overlay-gradient":""},"tablet":{"background-color":"var(--ast-global-color-4)","background-image":"","background-repeat":"repeat","background-position":"center center","background-size":"auto","background-attachment":"scroll","background-type":"","background-media":"","overlay-type":"","overlay-color":"","overlay-opacity":"","overlay-gradient":""},"mobile":{"background-color":"var(--ast-global-color-4)","background-image":"","background-repeat":"repeat","background-position":"center center","background-size":"auto","background-attachment":"scroll","background-type":"","background-media":"","overlay-type":"","overlay-color":"","overlay-opacity":"","overlay-gradient":""}},"footnotes":""},"categories":[1],"tags":[],"class_list":["post-20382","post","type-post","status-publish","format-standard","hentry","category-sem-categoria"],"yoast_head":"<!-- This site is optimized with the Yoast SEO plugin v26.6 - https:\/\/yoast.com\/wordpress\/plugins\/seo\/ -->\n<title>Estudantes caminham pela paz em Pa\u00e7o do Lumiar - Daniel Matos<\/title>\n<meta name=\"robots\" content=\"index, follow, max-snippet:-1, max-image-preview:large, max-video-preview:-1\" \/>\n<link rel=\"canonical\" href=\"https:\/\/www.blogsoestado.com\/danielmatos\/estudantes-caminham-pela-paz-em-paco-do-lumiar\/\" \/>\n<meta property=\"og:locale\" content=\"pt_BR\" \/>\n<meta property=\"og:type\" content=\"article\" \/>\n<meta property=\"og:title\" content=\"Estudantes caminham pela paz em Pa\u00e7o do Lumiar - Daniel Matos\" \/>\n<meta property=\"og:description\" content=\"Estudantes da rede p\u00fablica e privada do munic\u00edpio de Pa\u00e7o do Lumiar sa\u00edram \u00e0s ruas e avenidas do conjunto Maiob\u00e3o, [&hellip;]\" \/>\n<meta property=\"og:url\" content=\"https:\/\/www.blogsoestado.com\/danielmatos\/estudantes-caminham-pela-paz-em-paco-do-lumiar\/\" \/>\n<meta property=\"og:site_name\" content=\"Daniel Matos\" \/>\n<meta property=\"article:published_time\" content=\"2014-11-08T20:28:34+00:00\" \/>\n<meta name=\"twitter:card\" content=\"summary_large_image\" \/>\n<meta name=\"twitter:label1\" content=\"Est. tempo de leitura\" \/>\n\t<meta name=\"twitter:data1\" content=\"1 minuto\" \/>\n<script type=\"application\/ld+json\" class=\"yoast-schema-graph\">{\"@context\":\"https:\/\/schema.org\",\"@graph\":[{\"@type\":\"WebPage\",\"@id\":\"https:\/\/www.blogsoestado.com\/danielmatos\/estudantes-caminham-pela-paz-em-paco-do-lumiar\/\",\"url\":\"https:\/\/www.blogsoestado.com\/danielmatos\/estudantes-caminham-pela-paz-em-paco-do-lumiar\/\",\"name\":\"Estudantes caminham pela paz em Pa\u00e7o do Lumiar - Daniel Matos\",\"isPartOf\":{\"@id\":\"https:\/\/www.blogsoestado.com\/danielmatos\/#website\"},\"datePublished\":\"2014-11-08T20:28:34+00:00\",\"author\":{\"@id\":\"\"},\"breadcrumb\":{\"@id\":\"https:\/\/www.blogsoestado.com\/danielmatos\/estudantes-caminham-pela-paz-em-paco-do-lumiar\/#breadcrumb\"},\"inLanguage\":\"pt-BR\",\"potentialAction\":[{\"@type\":\"ReadAction\",\"target\":[\"https:\/\/www.blogsoestado.com\/danielmatos\/estudantes-caminham-pela-paz-em-paco-do-lumiar\/\"]}]},{\"@type\":\"BreadcrumbList\",\"@id\":\"https:\/\/www.blogsoestado.com\/danielmatos\/estudantes-caminham-pela-paz-em-paco-do-lumiar\/#breadcrumb\",\"itemListElement\":[{\"@type\":\"ListItem\",\"position\":1,\"name\":\"In\u00edcio\",\"item\":\"https:\/\/www.blogsoestado.com\/danielmatos\/\"},{\"@type\":\"ListItem\",\"position\":2,\"name\":\"Estudantes caminham pela paz em Pa\u00e7o do Lumiar\"}]},{\"@type\":\"WebSite\",\"@id\":\"https:\/\/www.blogsoestado.com\/danielmatos\/#website\",\"url\":\"https:\/\/www.blogsoestado.com\/danielmatos\/\",\"name\":\"Daniel Matos\",\"description\":\"\",\"potentialAction\":[{\"@type\":\"SearchAction\",\"target\":{\"@type\":\"EntryPoint\",\"urlTemplate\":\"https:\/\/www.blogsoestado.com\/danielmatos\/?s={search_term_string}\"},\"query-input\":{\"@type\":\"PropertyValueSpecification\",\"valueRequired\":true,\"valueName\":\"search_term_string\"}}],\"inLanguage\":\"pt-BR\"}]}<\/script>\n<!-- \/ Yoast SEO plugin. -->","yoast_head_json":{"title":"Estudantes caminham pela paz em Pa\u00e7o do Lumiar - Daniel Matos","robots":{"index":"index","follow":"follow","max-snippet":"max-snippet:-1","max-image-preview":"max-image-preview:large","max-video-preview":"max-video-preview:-1"},"canonical":"https:\/\/www.blogsoestado.com\/danielmatos\/estudantes-caminham-pela-paz-em-paco-do-lumiar\/","og_locale":"pt_BR","og_type":"article","og_title":"Estudantes caminham pela paz em Pa\u00e7o do Lumiar - Daniel Matos","og_description":"Estudantes da rede p\u00fablica e privada do munic\u00edpio de Pa\u00e7o do Lumiar sa\u00edram \u00e0s ruas e avenidas do conjunto Maiob\u00e3o, [&hellip;]","og_url":"https:\/\/www.blogsoestado.com\/danielmatos\/estudantes-caminham-pela-paz-em-paco-do-lumiar\/","og_site_name":"Daniel Matos","article_published_time":"2014-11-08T20:28:34+00:00","twitter_card":"summary_large_image","twitter_misc":{"Est. tempo de leitura":"1 minuto"},"schema":{"@context":"https:\/\/schema.org","@graph":[{"@type":"WebPage","@id":"https:\/\/www.blogsoestado.com\/danielmatos\/estudantes-caminham-pela-paz-em-paco-do-lumiar\/","url":"https:\/\/www.blogsoestado.com\/danielmatos\/estudantes-caminham-pela-paz-em-paco-do-lumiar\/","name":"Estudantes caminham pela paz em Pa\u00e7o do Lumiar - Daniel Matos","isPartOf":{"@id":"https:\/\/www.blogsoestado.com\/danielmatos\/#website"},"datePublished":"2014-11-08T20:28:34+00:00","author":{"@id":""},"breadcrumb":{"@id":"https:\/\/www.blogsoestado.com\/danielmatos\/estudantes-caminham-pela-paz-em-paco-do-lumiar\/#breadcrumb"},"inLanguage":"pt-BR","potentialAction":[{"@type":"ReadAction","target":["https:\/\/www.blogsoestado.com\/danielmatos\/estudantes-caminham-pela-paz-em-paco-do-lumiar\/"]}]},{"@type":"BreadcrumbList","@id":"https:\/\/www.blogsoestado.com\/danielmatos\/estudantes-caminham-pela-paz-em-paco-do-lumiar\/#breadcrumb","itemListElement":[{"@type":"ListItem","position":1,"name":"In\u00edcio","item":"https:\/\/www.blogsoestado.com\/danielmatos\/"},{"@type":"ListItem","position":2,"name":"Estudantes caminham pela paz em Pa\u00e7o do Lumiar"}]},{"@type":"WebSite","@id":"https:\/\/www.blogsoestado.com\/danielmatos\/#website","url":"https:\/\/www.blogsoestado.com\/danielmatos\/","name":"Daniel Matos","description":"","potentialAction":[{"@type":"SearchAction","target":{"@type":"EntryPoint","urlTemplate":"https:\/\/www.blogsoestado.com\/danielmatos\/?s={search_term_string}"},"query-input":{"@type":"PropertyValueSpecification","valueRequired":true,"valueName":"search_term_string"}}],"inLanguage":"pt-BR"}]}},"jetpack_featured_media_url":"","_links":{"self":[{"href":"https:\/\/www.blogsoestado.com\/danielmatos\/wp-json\/wp\/v2\/posts\/20382","targetHints":{"allow":["GET"]}}],"collection":[{"href":"https:\/\/www.blogsoestado.com\/danielmatos\/wp-json\/wp\/v2\/posts"}],"about":[{"href":"https:\/\/www.blogsoestado.com\/danielmatos\/wp-json\/wp\/v2\/types\/post"}],"replies":[{"embeddable":true,"href":"https:\/\/www.blogsoestado.com\/danielmatos\/wp-json\/wp\/v2\/comments?post=20382"}],"version-history":[{"count":0,"href":"https:\/\/www.blogsoestado.com\/danielmatos\/wp-json\/wp\/v2\/posts\/20382\/revisions"}],"wp:attachment":[{"href":"https:\/\/www.blogsoestado.com\/danielmatos\/wp-json\/wp\/v2\/media?parent=20382"}],"wp:term":[{"taxonomy":"category","embeddable":true,"href":"https:\/\/www.blogsoestado.com\/danielmatos\/wp-json\/wp\/v2\/categories?post=20382"},{"taxonomy":"post_tag","embeddable":true,"href":"https:\/\/www.blogsoestado.com\/danielmatos\/wp-json\/wp\/v2\/tags?post=20382"}],"curies":[{"name":"wp","href":"https:\/\/api.w.org\/{rel}","templated":true}]}}