{"id":20386,"date":"2014-11-08T19:55:41","date_gmt":"2014-11-08T22:55:41","guid":{"rendered":"https:\/\/www.blogsoestado.com\/danielmatos\/?p=20386"},"modified":"2014-11-08T19:55:41","modified_gmt":"2014-11-08T22:55:41","slug":"doi-sim-anacleto","status":"publish","type":"post","link":"https:\/\/www.blogsoestado.com\/danielmatos\/doi-sim-anacleto\/","title":{"rendered":"D\u00f3i sim, Anacleto!"},"content":{"rendered":"<figure id=\"attachment_20387\" aria-describedby=\"caption-attachment-20387\" style=\"width: 640px\" class=\"wp-caption aligncenter\"><a href=\"https:\/\/www.blogsoestado.com\/danielmatos\/files\/2014\/11\/anacleto.jpg\"><img fetchpriority=\"high\" decoding=\"async\" class=\"size-full wp-image-20387\" src=\"https:\/\/www.blogsoestado.com\/danielmatos\/files\/2014\/11\/anacleto.jpg\" alt=\"Anacleto Ara\u00fajo em uma das muitas coberturas esportivas que fez no Castel\u00e3o\" width=\"640\" height=\"480\" \/><\/a><figcaption id=\"caption-attachment-20387\" class=\"wp-caption-text\">Anacleto Ara\u00fajo em uma das muitas coberturas esportivas que fez no Castel\u00e3o: alegria de viver e paix\u00e3o\u00a0pelo r\u00e1dio<\/figcaption><\/figure>\n<p>Um dos profissionais mais atuantes e carism\u00e1ticos da imprensa do Maranh\u00e3o nos deixou precocemente hoje. O radialista Anacleto Ara\u00fajo, 55 anos, n\u00e3o resistiu aos s\u00e9rios problemas cardiovasculares que fragilizaram sua sa\u00fade ultimamente. Anacleto tinha uma legi\u00e3o de amigos e admiradores e deixa uma lacuna n\u00e3o s\u00f3 no jornalismo, mas na vida de todos que o conheceram e compartilharam bons momentos em sua companhia, entre os quais este que vos escreve.<\/p>\n<p>Minha amizade com Anacleto teve in\u00edcio em fevereiro de 2004,\u00a0assim\u00a0que\u00a0mudei para uma quitinete\u00a0em um pequeno condom\u00ednio pr\u00f3ximo ao Cohatrac, onde ele tamb\u00e9m morava.\u00a0Como bom ouvinte de r\u00e1dio, obviamente,\u00a0eu j\u00e1 o conhecia de nome. E\u00a0t\u00e3o grata foi minha surpresa quando ele foi at\u00e9 minha casa me dar as boas vindas \u00e0 vizinhan\u00e7a. Desde ent\u00e3o, constru\u00edmos uma amizade s\u00f3lida e sincera, apesar da dist\u00e2ncia que a rotina nos impunha.<\/p>\n<p>Mesmo doente, Anacleto jamais perdeu a alegria de viver e a disposi\u00e7\u00e3o para o trabalho. Ele sempre tinha planos, que inclu\u00edam desde coberturas jornal\u00edsticas a viagens \u00e0 sua querida terra natal, S\u00e3o Jo\u00e3o Batista. Solid\u00e1rio e participativo, sempre se preocupava com a sa\u00fade dos colegas, embora descuidasse muito da sua. Era pavio curto, mas tinha um bom cora\u00e7\u00e3o, o mesmo que n\u00e3o foi t\u00e3o generoso com ele pr\u00f3prio.<\/p>\n<p>Dias antes de ser internado, Anacleto me ligou e conversamos longamente, em tom de descontra\u00e7\u00e3o, como sempre. Hav\u00edamos at\u00e9 marcado de nos reencontrar, mas n\u00e3o deu tempo. A doen\u00e7a foi mais r\u00e1pida e o tirou do nosso conv\u00edvio.<\/p>\n<p>Com extremo pesar, s\u00f3 me resta responder afirmativamente \u00e0 sua cl\u00e1ssica pergunta: &#8220;d\u00f3i sim, Anacleto!&#8221;. Que Deus o tenha!<\/p>\n","protected":false},"excerpt":{"rendered":"<p>Um dos profissionais mais atuantes e carism\u00e1ticos da imprensa do Maranh\u00e3o nos deixou precocemente hoje. O radialista Anacleto Ara\u00fajo, 55 [&hellip;]<\/p>\n","protected":false},"author":0,"featured_media":0,"comment_status":"open","ping_status":"open","sticky":false,"template":"","format":"standard","meta":{"site-sidebar-layout":"default","site-content-layout":"","ast-site-content-layout":"default","site-content-style":"default","site-sidebar-style":"default","ast-global-header-display":"","ast-banner-title-visibility":"","ast-main-header-display":"","ast-hfb-above-header-display":"","ast-hfb-below-header-display":"","ast-hfb-mobile-header-display":"","site-post-title":"","ast-breadcrumbs-content":"","ast-featured-img":"","footer-sml-layout":"","ast-disable-related-posts":"","theme-transparent-header-meta":"","adv-header-id-meta":"","stick-header-meta":"","header-above-stick-meta":"","header-main-stick-meta":"","header-below-stick-meta":"","astra-migrate-meta-layouts":"default","ast-page-background-enabled":"default","ast-page-background-meta":{"desktop":{"background-color":"var(--ast-global-color-5)","background-image":"","background-repeat":"repeat","background-position":"center center","background-size":"auto","background-attachment":"scroll","background-type":"","background-media":"","overlay-type":"","overlay-color":"","overlay-opacity":"","overlay-gradient":""},"tablet":{"background-color":"","background-image":"","background-repeat":"repeat","background-position":"center center","background-size":"auto","background-attachment":"scroll","background-type":"","background-media":"","overlay-type":"","overlay-color":"","overlay-opacity":"","overlay-gradient":""},"mobile":{"background-color":"","background-image":"","background-repeat":"repeat","background-position":"center center","background-size":"auto","background-attachment":"scroll","background-type":"","background-media":"","overlay-type":"","overlay-color":"","overlay-opacity":"","overlay-gradient":""}},"ast-content-background-meta":{"desktop":{"background-color":"var(--ast-global-color-4)","background-image":"","background-repeat":"repeat","background-position":"center center","background-size":"auto","background-attachment":"scroll","background-type":"","background-media":"","overlay-type":"","overlay-color":"","overlay-opacity":"","overlay-gradient":""},"tablet":{"background-color":"var(--ast-global-color-4)","background-image":"","background-repeat":"repeat","background-position":"center center","background-size":"auto","background-attachment":"scroll","background-type":"","background-media":"","overlay-type":"","overlay-color":"","overlay-opacity":"","overlay-gradient":""},"mobile":{"background-color":"var(--ast-global-color-4)","background-image":"","background-repeat":"repeat","background-position":"center center","background-size":"auto","background-attachment":"scroll","background-type":"","background-media":"","overlay-type":"","overlay-color":"","overlay-opacity":"","overlay-gradient":""}},"footnotes":""},"categories":[1],"tags":[],"class_list":["post-20386","post","type-post","status-publish","format-standard","hentry","category-sem-categoria"],"yoast_head":"<!-- This site is optimized with the Yoast SEO plugin v26.6 - https:\/\/yoast.com\/wordpress\/plugins\/seo\/ -->\n<title>D\u00f3i sim, Anacleto! - Daniel Matos<\/title>\n<meta name=\"robots\" content=\"index, follow, max-snippet:-1, max-image-preview:large, max-video-preview:-1\" \/>\n<link rel=\"canonical\" href=\"https:\/\/www.blogsoestado.com\/danielmatos\/doi-sim-anacleto\/\" \/>\n<meta property=\"og:locale\" content=\"pt_BR\" \/>\n<meta property=\"og:type\" content=\"article\" \/>\n<meta property=\"og:title\" content=\"D\u00f3i sim, Anacleto! - Daniel Matos\" \/>\n<meta property=\"og:description\" content=\"Um dos profissionais mais atuantes e carism\u00e1ticos da imprensa do Maranh\u00e3o nos deixou precocemente hoje. O radialista Anacleto Ara\u00fajo, 55 [&hellip;]\" \/>\n<meta property=\"og:url\" content=\"https:\/\/www.blogsoestado.com\/danielmatos\/doi-sim-anacleto\/\" \/>\n<meta property=\"og:site_name\" content=\"Daniel Matos\" \/>\n<meta property=\"article:published_time\" content=\"2014-11-08T22:55:41+00:00\" \/>\n<meta property=\"og:image\" content=\"https:\/\/www.blogsoestado.com\/danielmatos\/files\/2014\/11\/anacleto.jpg\" \/>\n<meta name=\"twitter:card\" content=\"summary_large_image\" \/>\n<meta name=\"twitter:label1\" content=\"Est. tempo de leitura\" \/>\n\t<meta name=\"twitter:data1\" content=\"2 minutos\" \/>\n<script type=\"application\/ld+json\" class=\"yoast-schema-graph\">{\"@context\":\"https:\/\/schema.org\",\"@graph\":[{\"@type\":\"WebPage\",\"@id\":\"https:\/\/www.blogsoestado.com\/danielmatos\/doi-sim-anacleto\/\",\"url\":\"https:\/\/www.blogsoestado.com\/danielmatos\/doi-sim-anacleto\/\",\"name\":\"D\u00f3i sim, Anacleto! - Daniel Matos\",\"isPartOf\":{\"@id\":\"https:\/\/www.blogsoestado.com\/danielmatos\/#website\"},\"primaryImageOfPage\":{\"@id\":\"https:\/\/www.blogsoestado.com\/danielmatos\/doi-sim-anacleto\/#primaryimage\"},\"image\":{\"@id\":\"https:\/\/www.blogsoestado.com\/danielmatos\/doi-sim-anacleto\/#primaryimage\"},\"thumbnailUrl\":\"https:\/\/www.blogsoestado.com\/danielmatos\/files\/2014\/11\/anacleto.jpg\",\"datePublished\":\"2014-11-08T22:55:41+00:00\",\"author\":{\"@id\":\"\"},\"breadcrumb\":{\"@id\":\"https:\/\/www.blogsoestado.com\/danielmatos\/doi-sim-anacleto\/#breadcrumb\"},\"inLanguage\":\"pt-BR\",\"potentialAction\":[{\"@type\":\"ReadAction\",\"target\":[\"https:\/\/www.blogsoestado.com\/danielmatos\/doi-sim-anacleto\/\"]}]},{\"@type\":\"ImageObject\",\"inLanguage\":\"pt-BR\",\"@id\":\"https:\/\/www.blogsoestado.com\/danielmatos\/doi-sim-anacleto\/#primaryimage\",\"url\":\"https:\/\/www.blogsoestado.com\/danielmatos\/files\/2014\/11\/anacleto.jpg\",\"contentUrl\":\"https:\/\/www.blogsoestado.com\/danielmatos\/files\/2014\/11\/anacleto.jpg\"},{\"@type\":\"BreadcrumbList\",\"@id\":\"https:\/\/www.blogsoestado.com\/danielmatos\/doi-sim-anacleto\/#breadcrumb\",\"itemListElement\":[{\"@type\":\"ListItem\",\"position\":1,\"name\":\"In\u00edcio\",\"item\":\"https:\/\/www.blogsoestado.com\/danielmatos\/\"},{\"@type\":\"ListItem\",\"position\":2,\"name\":\"D\u00f3i sim, Anacleto!\"}]},{\"@type\":\"WebSite\",\"@id\":\"https:\/\/www.blogsoestado.com\/danielmatos\/#website\",\"url\":\"https:\/\/www.blogsoestado.com\/danielmatos\/\",\"name\":\"Daniel Matos\",\"description\":\"\",\"potentialAction\":[{\"@type\":\"SearchAction\",\"target\":{\"@type\":\"EntryPoint\",\"urlTemplate\":\"https:\/\/www.blogsoestado.com\/danielmatos\/?s={search_term_string}\"},\"query-input\":{\"@type\":\"PropertyValueSpecification\",\"valueRequired\":true,\"valueName\":\"search_term_string\"}}],\"inLanguage\":\"pt-BR\"}]}<\/script>\n<!-- \/ Yoast SEO plugin. -->","yoast_head_json":{"title":"D\u00f3i sim, Anacleto! - Daniel Matos","robots":{"index":"index","follow":"follow","max-snippet":"max-snippet:-1","max-image-preview":"max-image-preview:large","max-video-preview":"max-video-preview:-1"},"canonical":"https:\/\/www.blogsoestado.com\/danielmatos\/doi-sim-anacleto\/","og_locale":"pt_BR","og_type":"article","og_title":"D\u00f3i sim, Anacleto! - Daniel Matos","og_description":"Um dos profissionais mais atuantes e carism\u00e1ticos da imprensa do Maranh\u00e3o nos deixou precocemente hoje. O radialista Anacleto Ara\u00fajo, 55 [&hellip;]","og_url":"https:\/\/www.blogsoestado.com\/danielmatos\/doi-sim-anacleto\/","og_site_name":"Daniel Matos","article_published_time":"2014-11-08T22:55:41+00:00","og_image":[{"url":"https:\/\/www.blogsoestado.com\/danielmatos\/files\/2014\/11\/anacleto.jpg","type":"","width":"","height":""}],"twitter_card":"summary_large_image","twitter_misc":{"Est. tempo de leitura":"2 minutos"},"schema":{"@context":"https:\/\/schema.org","@graph":[{"@type":"WebPage","@id":"https:\/\/www.blogsoestado.com\/danielmatos\/doi-sim-anacleto\/","url":"https:\/\/www.blogsoestado.com\/danielmatos\/doi-sim-anacleto\/","name":"D\u00f3i sim, Anacleto! - Daniel Matos","isPartOf":{"@id":"https:\/\/www.blogsoestado.com\/danielmatos\/#website"},"primaryImageOfPage":{"@id":"https:\/\/www.blogsoestado.com\/danielmatos\/doi-sim-anacleto\/#primaryimage"},"image":{"@id":"https:\/\/www.blogsoestado.com\/danielmatos\/doi-sim-anacleto\/#primaryimage"},"thumbnailUrl":"https:\/\/www.blogsoestado.com\/danielmatos\/files\/2014\/11\/anacleto.jpg","datePublished":"2014-11-08T22:55:41+00:00","author":{"@id":""},"breadcrumb":{"@id":"https:\/\/www.blogsoestado.com\/danielmatos\/doi-sim-anacleto\/#breadcrumb"},"inLanguage":"pt-BR","potentialAction":[{"@type":"ReadAction","target":["https:\/\/www.blogsoestado.com\/danielmatos\/doi-sim-anacleto\/"]}]},{"@type":"ImageObject","inLanguage":"pt-BR","@id":"https:\/\/www.blogsoestado.com\/danielmatos\/doi-sim-anacleto\/#primaryimage","url":"https:\/\/www.blogsoestado.com\/danielmatos\/files\/2014\/11\/anacleto.jpg","contentUrl":"https:\/\/www.blogsoestado.com\/danielmatos\/files\/2014\/11\/anacleto.jpg"},{"@type":"BreadcrumbList","@id":"https:\/\/www.blogsoestado.com\/danielmatos\/doi-sim-anacleto\/#breadcrumb","itemListElement":[{"@type":"ListItem","position":1,"name":"In\u00edcio","item":"https:\/\/www.blogsoestado.com\/danielmatos\/"},{"@type":"ListItem","position":2,"name":"D\u00f3i sim, Anacleto!"}]},{"@type":"WebSite","@id":"https:\/\/www.blogsoestado.com\/danielmatos\/#website","url":"https:\/\/www.blogsoestado.com\/danielmatos\/","name":"Daniel Matos","description":"","potentialAction":[{"@type":"SearchAction","target":{"@type":"EntryPoint","urlTemplate":"https:\/\/www.blogsoestado.com\/danielmatos\/?s={search_term_string}"},"query-input":{"@type":"PropertyValueSpecification","valueRequired":true,"valueName":"search_term_string"}}],"inLanguage":"pt-BR"}]}},"jetpack_featured_media_url":"","_links":{"self":[{"href":"https:\/\/www.blogsoestado.com\/danielmatos\/wp-json\/wp\/v2\/posts\/20386","targetHints":{"allow":["GET"]}}],"collection":[{"href":"https:\/\/www.blogsoestado.com\/danielmatos\/wp-json\/wp\/v2\/posts"}],"about":[{"href":"https:\/\/www.blogsoestado.com\/danielmatos\/wp-json\/wp\/v2\/types\/post"}],"replies":[{"embeddable":true,"href":"https:\/\/www.blogsoestado.com\/danielmatos\/wp-json\/wp\/v2\/comments?post=20386"}],"version-history":[{"count":0,"href":"https:\/\/www.blogsoestado.com\/danielmatos\/wp-json\/wp\/v2\/posts\/20386\/revisions"}],"wp:attachment":[{"href":"https:\/\/www.blogsoestado.com\/danielmatos\/wp-json\/wp\/v2\/media?parent=20386"}],"wp:term":[{"taxonomy":"category","embeddable":true,"href":"https:\/\/www.blogsoestado.com\/danielmatos\/wp-json\/wp\/v2\/categories?post=20386"},{"taxonomy":"post_tag","embeddable":true,"href":"https:\/\/www.blogsoestado.com\/danielmatos\/wp-json\/wp\/v2\/tags?post=20386"}],"curies":[{"name":"wp","href":"https:\/\/api.w.org\/{rel}","templated":true}]}}