{"id":20398,"date":"2014-11-10T17:36:02","date_gmt":"2014-11-10T20:36:02","guid":{"rendered":"https:\/\/www.blogsoestado.com\/danielmatos\/?p=20398"},"modified":"2014-11-10T17:36:02","modified_gmt":"2014-11-10T20:36:02","slug":"se-o-governo-quiser-acaba-com-a-bandidagem-em-90-dias-garante-senador-joao-alberto","status":"publish","type":"post","link":"https:\/\/www.blogsoestado.com\/danielmatos\/se-o-governo-quiser-acaba-com-a-bandidagem-em-90-dias-garante-senador-joao-alberto\/","title":{"rendered":"&#8220;Se o governo quiser, acaba com a bandidagem em 90 dias&#8221;, garante senador Jo\u00e3o Alberto"},"content":{"rendered":"<figure id=\"attachment_20399\" aria-describedby=\"caption-attachment-20399\" style=\"width: 299px\" class=\"wp-caption alignright\"><a href=\"https:\/\/www.blogsoestado.com\/danielmatos\/files\/2014\/11\/joao-alberto-medo.jpg\"><img fetchpriority=\"high\" decoding=\"async\" class=\"size-full wp-image-20399\" src=\"https:\/\/www.blogsoestado.com\/danielmatos\/files\/2014\/11\/joao-alberto-medo.jpg\" alt=\"Para Jo\u00e3o Alberto, redu\u00e7\u00e3o da viol\u00eancia depende de vontade pol\u00edtica \" width=\"299\" height=\"448\" \/><\/a><figcaption id=\"caption-attachment-20399\" class=\"wp-caption-text\">Para Jo\u00e3o Alberto, redu\u00e7\u00e3o da viol\u00eancia depende de vontade pol\u00edtica<\/figcaption><\/figure>\n<p>Em entrevista concedida ao rep\u00f3rter Marcial Lima, reproduzida\u00a0no in\u00edcio da tarde desta segunda-feira,\u00a0no programa Abrindo o Verbo, da R\u00e1dio Mirante AM, o senador Jo\u00e3o Alberto de Souza (PMDB)\u00a0declarou que a redu\u00e7\u00e3o da criminalidade que ora assola o Maranh\u00e3o \u00e9 uma quest\u00e3o de vontade pol\u00edtica. Presente ao vel\u00f3rio do m\u00e9dico Luiz Alfredo Guterres, assassinado ontem por bandidos que invadiram\u00a0sua casa, no Jardim Eldorado,\u00a0ele\u00a0defendeu mais rigor das for\u00e7as policiais e da Justi\u00e7a no enfrentamento \u00e0 viol\u00eancia e garantiu que,\u00a0se quiser, o governo acaba com a bandidagem em 90 dias.<\/p>\n<p>Jo\u00e3o Alberto lamentou o avan\u00e7o da viol\u00eancia,\u00a0considerou a situa\u00e7\u00e3o revoltante e disse n\u00e3o saber o que vai acontecer se n\u00e3o for dado um basta ao problema. &#8220;Todo cidad\u00e3o de bem tem o direito de ir voltar para casa em paz. N\u00e3o \u00e9 uma meia d\u00fazia de maus elementos\u00a0que vai impedir&#8221;, disse, pregando a uni\u00e3o das pol\u00edcias Federal, Rodovi\u00e1ria Federal, Militar e Civil para enfrentar\u00a0a\u00a0bandidagem.<\/p>\n<p><strong>Regalias<\/strong><\/p>\n<p>O\u00a0senador n\u00e3o poupou criticas \u00e0s regalias concedidas aos bandidos nos pres\u00eddios brasileiros, condenando, inclusive, os mutir\u00f5es feitos pela Justi\u00e7a para soltar presos. &#8220;Preso faz greve de fome porque quer\u00a0comida melhor do que a que \u00e9 servida na cadeia. Faz greve de fome para exigir uma cama nova depois de ter queimado a\u00a0antiga. Isso precisa acabar&#8221;, advertiu.<\/p>\n<p>Jo\u00e3o Alberto\u00a0disse que\u00a0a viol\u00eancia no Maranh\u00e3o j\u00e1 extrapolou todos os limites e alertou que est\u00e1 na hora de devolver a tranquilidade aos cidad\u00e3os de bem do estado. &#8220;O marginal precisa ter a certeza de que o crime n\u00e3o compensa\u00a0e de que todo ato\u00a0de viol\u00eancia que ele promover ser\u00e1 punido de forma exemplar&#8221;, bradou.<\/p>\n<p><strong>Pedrinhas<\/strong><\/p>\n<p>Assim como o ex-candidato ao governo e tamb\u00e9m senador Lob\u00e3o Filho (PMDB) pregou durante a campanha eleitoral, Jo\u00e3o Alberto defendeu a implos\u00e3o da\u00a0penitenci\u00e1ria e das demais unidades prisionais\u00a0de Pedrinhas, alegando que o\u00a0complexo penal j\u00e1 n\u00e3o serve mais ao prop\u00f3sito para o qual foi criado. &#8220;Pedrinhas deve ser implodida e em seu lugar devem ser constru\u00eddos novos pres\u00eddios, mais modernos e com estrutura que n\u00e3o proporcione aos detentos as facilidades que eles t\u00eam hoje&#8221;, declarou, referindo-se ao uso de celulares, consumo e at\u00e9 tr\u00e1fico de drogas no ambiente carcer\u00e1rio.<\/p>\n<p>Jo\u00e3o Alberto\u00a0lembrou que assim como as a\u00e7\u00f5es de governo na \u00e1rea\u00a0social dependem de vontade pol\u00edtica, o combate \u00e0 viol\u00eancia deve seguir o mesmo princ\u00edpio. &#8220;Se o governo decide construir mais casas populares e faz isso com determina\u00e7\u00e3o as coisas avan\u00e7am. O mesmo\u00a0deve acontecer com as pol\u00edticas de seguran\u00e7a p\u00fablica&#8221;, recomendou. &#8220;A viol\u00eancia nunca acabar\u00e1, mas pode ser reduzida se houver determina\u00e7\u00e3o para enfrent\u00e1-la&#8221;, assegurou.<\/p>\n","protected":false},"excerpt":{"rendered":"<p>Em entrevista concedida ao rep\u00f3rter Marcial Lima, reproduzida\u00a0no in\u00edcio da tarde desta segunda-feira,\u00a0no programa Abrindo o Verbo, da R\u00e1dio Mirante [&hellip;]<\/p>\n","protected":false},"author":0,"featured_media":0,"comment_status":"open","ping_status":"open","sticky":false,"template":"","format":"standard","meta":{"site-sidebar-layout":"default","site-content-layout":"","ast-site-content-layout":"default","site-content-style":"default","site-sidebar-style":"default","ast-global-header-display":"","ast-banner-title-visibility":"","ast-main-header-display":"","ast-hfb-above-header-display":"","ast-hfb-below-header-display":"","ast-hfb-mobile-header-display":"","site-post-title":"","ast-breadcrumbs-content":"","ast-featured-img":"","footer-sml-layout":"","ast-disable-related-posts":"","theme-transparent-header-meta":"","adv-header-id-meta":"","stick-header-meta":"","header-above-stick-meta":"","header-main-stick-meta":"","header-below-stick-meta":"","astra-migrate-meta-layouts":"default","ast-page-background-enabled":"default","ast-page-background-meta":{"desktop":{"background-color":"var(--ast-global-color-5)","background-image":"","background-repeat":"repeat","background-position":"center center","background-size":"auto","background-attachment":"scroll","background-type":"","background-media":"","overlay-type":"","overlay-color":"","overlay-opacity":"","overlay-gradient":""},"tablet":{"background-color":"","background-image":"","background-repeat":"repeat","background-position":"center center","background-size":"auto","background-attachment":"scroll","background-type":"","background-media":"","overlay-type":"","overlay-color":"","overlay-opacity":"","overlay-gradient":""},"mobile":{"background-color":"","background-image":"","background-repeat":"repeat","background-position":"center center","background-size":"auto","background-attachment":"scroll","background-type":"","background-media":"","overlay-type":"","overlay-color":"","overlay-opacity":"","overlay-gradient":""}},"ast-content-background-meta":{"desktop":{"background-color":"var(--ast-global-color-4)","background-image":"","background-repeat":"repeat","background-position":"center center","background-size":"auto","background-attachment":"scroll","background-type":"","background-media":"","overlay-type":"","overlay-color":"","overlay-opacity":"","overlay-gradient":""},"tablet":{"background-color":"var(--ast-global-color-4)","background-image":"","background-repeat":"repeat","background-position":"center center","background-size":"auto","background-attachment":"scroll","background-type":"","background-media":"","overlay-type":"","overlay-color":"","overlay-opacity":"","overlay-gradient":""},"mobile":{"background-color":"var(--ast-global-color-4)","background-image":"","background-repeat":"repeat","background-position":"center center","background-size":"auto","background-attachment":"scroll","background-type":"","background-media":"","overlay-type":"","overlay-color":"","overlay-opacity":"","overlay-gradient":""}},"footnotes":""},"categories":[1],"tags":[],"class_list":["post-20398","post","type-post","status-publish","format-standard","hentry","category-sem-categoria"],"yoast_head":"<!-- This site is optimized with the Yoast SEO plugin v26.6 - https:\/\/yoast.com\/wordpress\/plugins\/seo\/ -->\n<title>&quot;Se o governo quiser, acaba com a bandidagem em 90 dias&quot;, garante senador Jo\u00e3o Alberto - Daniel Matos<\/title>\n<meta name=\"robots\" content=\"index, follow, max-snippet:-1, max-image-preview:large, max-video-preview:-1\" \/>\n<link rel=\"canonical\" href=\"https:\/\/www.blogsoestado.com\/danielmatos\/se-o-governo-quiser-acaba-com-a-bandidagem-em-90-dias-garante-senador-joao-alberto\/\" \/>\n<meta property=\"og:locale\" content=\"pt_BR\" \/>\n<meta property=\"og:type\" content=\"article\" \/>\n<meta property=\"og:title\" content=\"&quot;Se o governo quiser, acaba com a bandidagem em 90 dias&quot;, garante senador Jo\u00e3o Alberto - Daniel Matos\" \/>\n<meta property=\"og:description\" content=\"Em entrevista concedida ao rep\u00f3rter Marcial Lima, reproduzida\u00a0no in\u00edcio da tarde desta segunda-feira,\u00a0no programa Abrindo o Verbo, da R\u00e1dio Mirante [&hellip;]\" \/>\n<meta property=\"og:url\" content=\"https:\/\/www.blogsoestado.com\/danielmatos\/se-o-governo-quiser-acaba-com-a-bandidagem-em-90-dias-garante-senador-joao-alberto\/\" \/>\n<meta property=\"og:site_name\" content=\"Daniel Matos\" \/>\n<meta property=\"article:published_time\" content=\"2014-11-10T20:36:02+00:00\" \/>\n<meta property=\"og:image\" content=\"https:\/\/www.blogsoestado.com\/danielmatos\/files\/2014\/11\/joao-alberto-medo.jpg\" \/>\n<meta name=\"twitter:card\" content=\"summary_large_image\" \/>\n<meta name=\"twitter:label1\" content=\"Est. tempo de leitura\" \/>\n\t<meta name=\"twitter:data1\" content=\"3 minutos\" \/>\n<script type=\"application\/ld+json\" class=\"yoast-schema-graph\">{\"@context\":\"https:\/\/schema.org\",\"@graph\":[{\"@type\":\"WebPage\",\"@id\":\"https:\/\/www.blogsoestado.com\/danielmatos\/se-o-governo-quiser-acaba-com-a-bandidagem-em-90-dias-garante-senador-joao-alberto\/\",\"url\":\"https:\/\/www.blogsoestado.com\/danielmatos\/se-o-governo-quiser-acaba-com-a-bandidagem-em-90-dias-garante-senador-joao-alberto\/\",\"name\":\"\\\"Se o governo quiser, acaba com a bandidagem em 90 dias\\\", garante senador Jo\u00e3o Alberto - Daniel Matos\",\"isPartOf\":{\"@id\":\"https:\/\/www.blogsoestado.com\/danielmatos\/#website\"},\"primaryImageOfPage\":{\"@id\":\"https:\/\/www.blogsoestado.com\/danielmatos\/se-o-governo-quiser-acaba-com-a-bandidagem-em-90-dias-garante-senador-joao-alberto\/#primaryimage\"},\"image\":{\"@id\":\"https:\/\/www.blogsoestado.com\/danielmatos\/se-o-governo-quiser-acaba-com-a-bandidagem-em-90-dias-garante-senador-joao-alberto\/#primaryimage\"},\"thumbnailUrl\":\"https:\/\/www.blogsoestado.com\/danielmatos\/files\/2014\/11\/joao-alberto-medo.jpg\",\"datePublished\":\"2014-11-10T20:36:02+00:00\",\"author\":{\"@id\":\"\"},\"breadcrumb\":{\"@id\":\"https:\/\/www.blogsoestado.com\/danielmatos\/se-o-governo-quiser-acaba-com-a-bandidagem-em-90-dias-garante-senador-joao-alberto\/#breadcrumb\"},\"inLanguage\":\"pt-BR\",\"potentialAction\":[{\"@type\":\"ReadAction\",\"target\":[\"https:\/\/www.blogsoestado.com\/danielmatos\/se-o-governo-quiser-acaba-com-a-bandidagem-em-90-dias-garante-senador-joao-alberto\/\"]}]},{\"@type\":\"ImageObject\",\"inLanguage\":\"pt-BR\",\"@id\":\"https:\/\/www.blogsoestado.com\/danielmatos\/se-o-governo-quiser-acaba-com-a-bandidagem-em-90-dias-garante-senador-joao-alberto\/#primaryimage\",\"url\":\"https:\/\/www.blogsoestado.com\/danielmatos\/files\/2014\/11\/joao-alberto-medo.jpg\",\"contentUrl\":\"https:\/\/www.blogsoestado.com\/danielmatos\/files\/2014\/11\/joao-alberto-medo.jpg\"},{\"@type\":\"BreadcrumbList\",\"@id\":\"https:\/\/www.blogsoestado.com\/danielmatos\/se-o-governo-quiser-acaba-com-a-bandidagem-em-90-dias-garante-senador-joao-alberto\/#breadcrumb\",\"itemListElement\":[{\"@type\":\"ListItem\",\"position\":1,\"name\":\"In\u00edcio\",\"item\":\"https:\/\/www.blogsoestado.com\/danielmatos\/\"},{\"@type\":\"ListItem\",\"position\":2,\"name\":\"&#8220;Se o governo quiser, acaba com a bandidagem em 90 dias&#8221;, garante senador Jo\u00e3o Alberto\"}]},{\"@type\":\"WebSite\",\"@id\":\"https:\/\/www.blogsoestado.com\/danielmatos\/#website\",\"url\":\"https:\/\/www.blogsoestado.com\/danielmatos\/\",\"name\":\"Daniel Matos\",\"description\":\"\",\"potentialAction\":[{\"@type\":\"SearchAction\",\"target\":{\"@type\":\"EntryPoint\",\"urlTemplate\":\"https:\/\/www.blogsoestado.com\/danielmatos\/?s={search_term_string}\"},\"query-input\":{\"@type\":\"PropertyValueSpecification\",\"valueRequired\":true,\"valueName\":\"search_term_string\"}}],\"inLanguage\":\"pt-BR\"}]}<\/script>\n<!-- \/ Yoast SEO plugin. -->","yoast_head_json":{"title":"\"Se o governo quiser, acaba com a bandidagem em 90 dias\", garante senador Jo\u00e3o Alberto - Daniel Matos","robots":{"index":"index","follow":"follow","max-snippet":"max-snippet:-1","max-image-preview":"max-image-preview:large","max-video-preview":"max-video-preview:-1"},"canonical":"https:\/\/www.blogsoestado.com\/danielmatos\/se-o-governo-quiser-acaba-com-a-bandidagem-em-90-dias-garante-senador-joao-alberto\/","og_locale":"pt_BR","og_type":"article","og_title":"\"Se o governo quiser, acaba com a bandidagem em 90 dias\", garante senador Jo\u00e3o Alberto - Daniel Matos","og_description":"Em entrevista concedida ao rep\u00f3rter Marcial Lima, reproduzida\u00a0no in\u00edcio da tarde desta segunda-feira,\u00a0no programa Abrindo o Verbo, da R\u00e1dio Mirante [&hellip;]","og_url":"https:\/\/www.blogsoestado.com\/danielmatos\/se-o-governo-quiser-acaba-com-a-bandidagem-em-90-dias-garante-senador-joao-alberto\/","og_site_name":"Daniel Matos","article_published_time":"2014-11-10T20:36:02+00:00","og_image":[{"url":"https:\/\/www.blogsoestado.com\/danielmatos\/files\/2014\/11\/joao-alberto-medo.jpg","type":"","width":"","height":""}],"twitter_card":"summary_large_image","twitter_misc":{"Est. tempo de leitura":"3 minutos"},"schema":{"@context":"https:\/\/schema.org","@graph":[{"@type":"WebPage","@id":"https:\/\/www.blogsoestado.com\/danielmatos\/se-o-governo-quiser-acaba-com-a-bandidagem-em-90-dias-garante-senador-joao-alberto\/","url":"https:\/\/www.blogsoestado.com\/danielmatos\/se-o-governo-quiser-acaba-com-a-bandidagem-em-90-dias-garante-senador-joao-alberto\/","name":"\"Se o governo quiser, acaba com a bandidagem em 90 dias\", garante senador Jo\u00e3o Alberto - Daniel Matos","isPartOf":{"@id":"https:\/\/www.blogsoestado.com\/danielmatos\/#website"},"primaryImageOfPage":{"@id":"https:\/\/www.blogsoestado.com\/danielmatos\/se-o-governo-quiser-acaba-com-a-bandidagem-em-90-dias-garante-senador-joao-alberto\/#primaryimage"},"image":{"@id":"https:\/\/www.blogsoestado.com\/danielmatos\/se-o-governo-quiser-acaba-com-a-bandidagem-em-90-dias-garante-senador-joao-alberto\/#primaryimage"},"thumbnailUrl":"https:\/\/www.blogsoestado.com\/danielmatos\/files\/2014\/11\/joao-alberto-medo.jpg","datePublished":"2014-11-10T20:36:02+00:00","author":{"@id":""},"breadcrumb":{"@id":"https:\/\/www.blogsoestado.com\/danielmatos\/se-o-governo-quiser-acaba-com-a-bandidagem-em-90-dias-garante-senador-joao-alberto\/#breadcrumb"},"inLanguage":"pt-BR","potentialAction":[{"@type":"ReadAction","target":["https:\/\/www.blogsoestado.com\/danielmatos\/se-o-governo-quiser-acaba-com-a-bandidagem-em-90-dias-garante-senador-joao-alberto\/"]}]},{"@type":"ImageObject","inLanguage":"pt-BR","@id":"https:\/\/www.blogsoestado.com\/danielmatos\/se-o-governo-quiser-acaba-com-a-bandidagem-em-90-dias-garante-senador-joao-alberto\/#primaryimage","url":"https:\/\/www.blogsoestado.com\/danielmatos\/files\/2014\/11\/joao-alberto-medo.jpg","contentUrl":"https:\/\/www.blogsoestado.com\/danielmatos\/files\/2014\/11\/joao-alberto-medo.jpg"},{"@type":"BreadcrumbList","@id":"https:\/\/www.blogsoestado.com\/danielmatos\/se-o-governo-quiser-acaba-com-a-bandidagem-em-90-dias-garante-senador-joao-alberto\/#breadcrumb","itemListElement":[{"@type":"ListItem","position":1,"name":"In\u00edcio","item":"https:\/\/www.blogsoestado.com\/danielmatos\/"},{"@type":"ListItem","position":2,"name":"&#8220;Se o governo quiser, acaba com a bandidagem em 90 dias&#8221;, garante senador Jo\u00e3o Alberto"}]},{"@type":"WebSite","@id":"https:\/\/www.blogsoestado.com\/danielmatos\/#website","url":"https:\/\/www.blogsoestado.com\/danielmatos\/","name":"Daniel Matos","description":"","potentialAction":[{"@type":"SearchAction","target":{"@type":"EntryPoint","urlTemplate":"https:\/\/www.blogsoestado.com\/danielmatos\/?s={search_term_string}"},"query-input":{"@type":"PropertyValueSpecification","valueRequired":true,"valueName":"search_term_string"}}],"inLanguage":"pt-BR"}]}},"jetpack_featured_media_url":"","_links":{"self":[{"href":"https:\/\/www.blogsoestado.com\/danielmatos\/wp-json\/wp\/v2\/posts\/20398","targetHints":{"allow":["GET"]}}],"collection":[{"href":"https:\/\/www.blogsoestado.com\/danielmatos\/wp-json\/wp\/v2\/posts"}],"about":[{"href":"https:\/\/www.blogsoestado.com\/danielmatos\/wp-json\/wp\/v2\/types\/post"}],"replies":[{"embeddable":true,"href":"https:\/\/www.blogsoestado.com\/danielmatos\/wp-json\/wp\/v2\/comments?post=20398"}],"version-history":[{"count":0,"href":"https:\/\/www.blogsoestado.com\/danielmatos\/wp-json\/wp\/v2\/posts\/20398\/revisions"}],"wp:attachment":[{"href":"https:\/\/www.blogsoestado.com\/danielmatos\/wp-json\/wp\/v2\/media?parent=20398"}],"wp:term":[{"taxonomy":"category","embeddable":true,"href":"https:\/\/www.blogsoestado.com\/danielmatos\/wp-json\/wp\/v2\/categories?post=20398"},{"taxonomy":"post_tag","embeddable":true,"href":"https:\/\/www.blogsoestado.com\/danielmatos\/wp-json\/wp\/v2\/tags?post=20398"}],"curies":[{"name":"wp","href":"https:\/\/api.w.org\/{rel}","templated":true}]}}