{"id":20402,"date":"2014-11-11T08:08:50","date_gmt":"2014-11-11T11:08:50","guid":{"rendered":"https:\/\/www.blogsoestado.com\/danielmatos\/?p=20402"},"modified":"2014-11-11T08:08:50","modified_gmt":"2014-11-11T11:08:50","slug":"flavio-dino-anuncia-novo-diretor-presidente-da-fapema","status":"publish","type":"post","link":"https:\/\/www.blogsoestado.com\/danielmatos\/flavio-dino-anuncia-novo-diretor-presidente-da-fapema\/","title":{"rendered":"Fl\u00e1vio Dino anuncia novo diretor-presidente da Fapema"},"content":{"rendered":"<figure id=\"attachment_20403\" aria-describedby=\"caption-attachment-20403\" style=\"width: 336px\" class=\"wp-caption alignleft\"><a href=\"https:\/\/www.blogsoestado.com\/danielmatos\/files\/2014\/11\/fapema-alex.jpg\"><img fetchpriority=\"high\" decoding=\"async\" class=\"size-full wp-image-20403\" src=\"https:\/\/www.blogsoestado.com\/danielmatos\/files\/2014\/11\/fapema-alex.jpg\" alt=\"Alex Oliveira presidir\u00e1 a Fapema\" width=\"336\" height=\"448\" \/><\/a><figcaption id=\"caption-attachment-20403\" class=\"wp-caption-text\">Alex Oliveira de Souza presidir\u00e1 a Fapema<\/figcaption><\/figure>\n<p>Fl\u00e1vio Dino acaba de anunciar mais um nome para compor a sua equipe de governo. O professor da Uema, Alex Oliveira de Souza, ser\u00e1 o diretor-presidente da Funda\u00e7\u00e3o de Amparo \u00e0 Pesquisa e ao Desenvolvimento Cient\u00edfico e Tecnol\u00f3gico do Maranh\u00e3o (Fapema) a partir de 1\u00ba de janeiro. O an\u00fancio foi feito pelas redes sociais nesta segunda-feira (10).<\/p>\n<p>A Fapema est\u00e1 vinculada \u00e0 Secretaria de Estado da Ci\u00eancia, Tecnologia e Ensino Superior. Alex Oliveira assumir\u00e1 a Funda\u00e7\u00e3o com a diretriz de popularizar a Ci\u00eancia e a Tecnologia no Maranh\u00e3o, com a amplia\u00e7\u00e3o do acesso a pesquisadores, fomento \u00e0 pesquisa no estado e promo\u00e7\u00e3o da transpar\u00eancia nas a\u00e7\u00f5es desempenhadas pela institui\u00e7\u00e3o.<\/p>\n<p>Ser\u00e1 da Fapema tamb\u00e9m o cumprimento de uma das propostas listadas no Programa de Governo de Fl\u00e1vio Dino: investir na forma\u00e7\u00e3o de Doutores, com a concess\u00e3o de bolsas, e aplicar uma pol\u00edtica de descentraliza\u00e7\u00e3o para atingir diferentes regi\u00f5es do estado. Outra iniciativa ser\u00e1 o Programa Inova Maranh\u00e3o, com o incentivo de descobertas cient\u00edficas e tecnol\u00f3gicas.<\/p>\n<p>Conhe\u00e7a o perfil do novo diretor-presidente:<\/p>\n<p>ALEX OLIVEIRA DE SOUZA \u2013 Funda\u00e7\u00e3o de Amparo \u00e0 Pesquisa e ao Desenvolvimento Cient\u00edfico e Tecnol\u00f3gico do Maranh\u00e3o (Fapema)<\/p>\n<p>Alex Oliveira \u00e9 doutor em Urbanismo pela Universidade Paris Est, mestre em Desenvolvimento Urbano pela Universidade Federal de Pernambuco e arquiteto e urbanista pela Universidade Federal da Para\u00edba. Atualmente \u00e9 professor adjunto da Universidade Estadual do Maranh\u00e3o (Uema), coordenador da Comiss\u00e3o de P\u00f3s-Gradua\u00e7\u00e3o do Departamento de Arquitetura e Urbanismo, professor do Programa de P\u00f3s-Gradua\u00e7\u00e3o em Desenvolvimento S\u00f3cio Regional e vice-presidente do Conselho de Arquitetura e Urbanismo do Maranh\u00e3o. \u00c9 consultor da Funda\u00e7\u00e3o de Amparo \u00e0 Pesquisa e ao Desenvolvimento Cient\u00edfico e Tecnol\u00f3gico do Maranh\u00e3o, membro titular do Conselho Estadual das Cidades do Maranh\u00e3o e tem atua\u00e7\u00e3o junto a movimentos sociais.<\/p>\n<p>Tem experi\u00eancia na \u00e1rea de Planejamento e Projeto Urbano e Regional, com \u00eanfase na constru\u00e7\u00e3o de projetos em ambientes colaborativos, participativos e sustent\u00e1veis, atuando, entre os temas, com inova\u00e7\u00e3o Urbana e Sustentabilidade de S\u00edtios Urbanos de Interesse Social, Cultural e Ambiental. Possui v\u00e1rios trabalhos publicados em anais de congressos, peri\u00f3dicos e livros.<\/p>\n","protected":false},"excerpt":{"rendered":"<p>Fl\u00e1vio Dino acaba de anunciar mais um nome para compor a sua equipe de governo. O professor da Uema, Alex [&hellip;]<\/p>\n","protected":false},"author":0,"featured_media":0,"comment_status":"open","ping_status":"open","sticky":false,"template":"","format":"standard","meta":{"site-sidebar-layout":"default","site-content-layout":"","ast-site-content-layout":"default","site-content-style":"default","site-sidebar-style":"default","ast-global-header-display":"","ast-banner-title-visibility":"","ast-main-header-display":"","ast-hfb-above-header-display":"","ast-hfb-below-header-display":"","ast-hfb-mobile-header-display":"","site-post-title":"","ast-breadcrumbs-content":"","ast-featured-img":"","footer-sml-layout":"","ast-disable-related-posts":"","theme-transparent-header-meta":"","adv-header-id-meta":"","stick-header-meta":"","header-above-stick-meta":"","header-main-stick-meta":"","header-below-stick-meta":"","astra-migrate-meta-layouts":"default","ast-page-background-enabled":"default","ast-page-background-meta":{"desktop":{"background-color":"var(--ast-global-color-5)","background-image":"","background-repeat":"repeat","background-position":"center center","background-size":"auto","background-attachment":"scroll","background-type":"","background-media":"","overlay-type":"","overlay-color":"","overlay-opacity":"","overlay-gradient":""},"tablet":{"background-color":"","background-image":"","background-repeat":"repeat","background-position":"center center","background-size":"auto","background-attachment":"scroll","background-type":"","background-media":"","overlay-type":"","overlay-color":"","overlay-opacity":"","overlay-gradient":""},"mobile":{"background-color":"","background-image":"","background-repeat":"repeat","background-position":"center center","background-size":"auto","background-attachment":"scroll","background-type":"","background-media":"","overlay-type":"","overlay-color":"","overlay-opacity":"","overlay-gradient":""}},"ast-content-background-meta":{"desktop":{"background-color":"var(--ast-global-color-4)","background-image":"","background-repeat":"repeat","background-position":"center center","background-size":"auto","background-attachment":"scroll","background-type":"","background-media":"","overlay-type":"","overlay-color":"","overlay-opacity":"","overlay-gradient":""},"tablet":{"background-color":"var(--ast-global-color-4)","background-image":"","background-repeat":"repeat","background-position":"center center","background-size":"auto","background-attachment":"scroll","background-type":"","background-media":"","overlay-type":"","overlay-color":"","overlay-opacity":"","overlay-gradient":""},"mobile":{"background-color":"var(--ast-global-color-4)","background-image":"","background-repeat":"repeat","background-position":"center center","background-size":"auto","background-attachment":"scroll","background-type":"","background-media":"","overlay-type":"","overlay-color":"","overlay-opacity":"","overlay-gradient":""}},"footnotes":""},"categories":[1],"tags":[],"class_list":["post-20402","post","type-post","status-publish","format-standard","hentry","category-sem-categoria"],"yoast_head":"<!-- This site is optimized with the Yoast SEO plugin v26.6 - https:\/\/yoast.com\/wordpress\/plugins\/seo\/ -->\n<title>Fl\u00e1vio Dino anuncia novo diretor-presidente da Fapema - Daniel Matos<\/title>\n<meta name=\"robots\" content=\"index, follow, max-snippet:-1, max-image-preview:large, max-video-preview:-1\" \/>\n<link rel=\"canonical\" href=\"https:\/\/www.blogsoestado.com\/danielmatos\/flavio-dino-anuncia-novo-diretor-presidente-da-fapema\/\" \/>\n<meta property=\"og:locale\" content=\"pt_BR\" \/>\n<meta property=\"og:type\" content=\"article\" \/>\n<meta property=\"og:title\" content=\"Fl\u00e1vio Dino anuncia novo diretor-presidente da Fapema - Daniel Matos\" \/>\n<meta property=\"og:description\" content=\"Fl\u00e1vio Dino acaba de anunciar mais um nome para compor a sua equipe de governo. O professor da Uema, Alex [&hellip;]\" \/>\n<meta property=\"og:url\" content=\"https:\/\/www.blogsoestado.com\/danielmatos\/flavio-dino-anuncia-novo-diretor-presidente-da-fapema\/\" \/>\n<meta property=\"og:site_name\" content=\"Daniel Matos\" \/>\n<meta property=\"article:published_time\" content=\"2014-11-11T11:08:50+00:00\" \/>\n<meta property=\"og:image\" content=\"https:\/\/www.blogsoestado.com\/danielmatos\/files\/2014\/11\/fapema-alex.jpg\" \/>\n<meta name=\"twitter:card\" content=\"summary_large_image\" \/>\n<meta name=\"twitter:label1\" content=\"Est. tempo de leitura\" \/>\n\t<meta name=\"twitter:data1\" content=\"2 minutos\" \/>\n<script type=\"application\/ld+json\" class=\"yoast-schema-graph\">{\"@context\":\"https:\/\/schema.org\",\"@graph\":[{\"@type\":\"WebPage\",\"@id\":\"https:\/\/www.blogsoestado.com\/danielmatos\/flavio-dino-anuncia-novo-diretor-presidente-da-fapema\/\",\"url\":\"https:\/\/www.blogsoestado.com\/danielmatos\/flavio-dino-anuncia-novo-diretor-presidente-da-fapema\/\",\"name\":\"Fl\u00e1vio Dino anuncia novo diretor-presidente da Fapema - Daniel Matos\",\"isPartOf\":{\"@id\":\"https:\/\/www.blogsoestado.com\/danielmatos\/#website\"},\"primaryImageOfPage\":{\"@id\":\"https:\/\/www.blogsoestado.com\/danielmatos\/flavio-dino-anuncia-novo-diretor-presidente-da-fapema\/#primaryimage\"},\"image\":{\"@id\":\"https:\/\/www.blogsoestado.com\/danielmatos\/flavio-dino-anuncia-novo-diretor-presidente-da-fapema\/#primaryimage\"},\"thumbnailUrl\":\"https:\/\/www.blogsoestado.com\/danielmatos\/files\/2014\/11\/fapema-alex.jpg\",\"datePublished\":\"2014-11-11T11:08:50+00:00\",\"author\":{\"@id\":\"\"},\"breadcrumb\":{\"@id\":\"https:\/\/www.blogsoestado.com\/danielmatos\/flavio-dino-anuncia-novo-diretor-presidente-da-fapema\/#breadcrumb\"},\"inLanguage\":\"pt-BR\",\"potentialAction\":[{\"@type\":\"ReadAction\",\"target\":[\"https:\/\/www.blogsoestado.com\/danielmatos\/flavio-dino-anuncia-novo-diretor-presidente-da-fapema\/\"]}]},{\"@type\":\"ImageObject\",\"inLanguage\":\"pt-BR\",\"@id\":\"https:\/\/www.blogsoestado.com\/danielmatos\/flavio-dino-anuncia-novo-diretor-presidente-da-fapema\/#primaryimage\",\"url\":\"https:\/\/www.blogsoestado.com\/danielmatos\/files\/2014\/11\/fapema-alex.jpg\",\"contentUrl\":\"https:\/\/www.blogsoestado.com\/danielmatos\/files\/2014\/11\/fapema-alex.jpg\"},{\"@type\":\"BreadcrumbList\",\"@id\":\"https:\/\/www.blogsoestado.com\/danielmatos\/flavio-dino-anuncia-novo-diretor-presidente-da-fapema\/#breadcrumb\",\"itemListElement\":[{\"@type\":\"ListItem\",\"position\":1,\"name\":\"In\u00edcio\",\"item\":\"https:\/\/www.blogsoestado.com\/danielmatos\/\"},{\"@type\":\"ListItem\",\"position\":2,\"name\":\"Fl\u00e1vio Dino anuncia novo diretor-presidente da Fapema\"}]},{\"@type\":\"WebSite\",\"@id\":\"https:\/\/www.blogsoestado.com\/danielmatos\/#website\",\"url\":\"https:\/\/www.blogsoestado.com\/danielmatos\/\",\"name\":\"Daniel Matos\",\"description\":\"\",\"potentialAction\":[{\"@type\":\"SearchAction\",\"target\":{\"@type\":\"EntryPoint\",\"urlTemplate\":\"https:\/\/www.blogsoestado.com\/danielmatos\/?s={search_term_string}\"},\"query-input\":{\"@type\":\"PropertyValueSpecification\",\"valueRequired\":true,\"valueName\":\"search_term_string\"}}],\"inLanguage\":\"pt-BR\"}]}<\/script>\n<!-- \/ Yoast SEO plugin. -->","yoast_head_json":{"title":"Fl\u00e1vio Dino anuncia novo diretor-presidente da Fapema - Daniel Matos","robots":{"index":"index","follow":"follow","max-snippet":"max-snippet:-1","max-image-preview":"max-image-preview:large","max-video-preview":"max-video-preview:-1"},"canonical":"https:\/\/www.blogsoestado.com\/danielmatos\/flavio-dino-anuncia-novo-diretor-presidente-da-fapema\/","og_locale":"pt_BR","og_type":"article","og_title":"Fl\u00e1vio Dino anuncia novo diretor-presidente da Fapema - Daniel Matos","og_description":"Fl\u00e1vio Dino acaba de anunciar mais um nome para compor a sua equipe de governo. O professor da Uema, Alex [&hellip;]","og_url":"https:\/\/www.blogsoestado.com\/danielmatos\/flavio-dino-anuncia-novo-diretor-presidente-da-fapema\/","og_site_name":"Daniel Matos","article_published_time":"2014-11-11T11:08:50+00:00","og_image":[{"url":"https:\/\/www.blogsoestado.com\/danielmatos\/files\/2014\/11\/fapema-alex.jpg","type":"","width":"","height":""}],"twitter_card":"summary_large_image","twitter_misc":{"Est. tempo de leitura":"2 minutos"},"schema":{"@context":"https:\/\/schema.org","@graph":[{"@type":"WebPage","@id":"https:\/\/www.blogsoestado.com\/danielmatos\/flavio-dino-anuncia-novo-diretor-presidente-da-fapema\/","url":"https:\/\/www.blogsoestado.com\/danielmatos\/flavio-dino-anuncia-novo-diretor-presidente-da-fapema\/","name":"Fl\u00e1vio Dino anuncia novo diretor-presidente da Fapema - Daniel Matos","isPartOf":{"@id":"https:\/\/www.blogsoestado.com\/danielmatos\/#website"},"primaryImageOfPage":{"@id":"https:\/\/www.blogsoestado.com\/danielmatos\/flavio-dino-anuncia-novo-diretor-presidente-da-fapema\/#primaryimage"},"image":{"@id":"https:\/\/www.blogsoestado.com\/danielmatos\/flavio-dino-anuncia-novo-diretor-presidente-da-fapema\/#primaryimage"},"thumbnailUrl":"https:\/\/www.blogsoestado.com\/danielmatos\/files\/2014\/11\/fapema-alex.jpg","datePublished":"2014-11-11T11:08:50+00:00","author":{"@id":""},"breadcrumb":{"@id":"https:\/\/www.blogsoestado.com\/danielmatos\/flavio-dino-anuncia-novo-diretor-presidente-da-fapema\/#breadcrumb"},"inLanguage":"pt-BR","potentialAction":[{"@type":"ReadAction","target":["https:\/\/www.blogsoestado.com\/danielmatos\/flavio-dino-anuncia-novo-diretor-presidente-da-fapema\/"]}]},{"@type":"ImageObject","inLanguage":"pt-BR","@id":"https:\/\/www.blogsoestado.com\/danielmatos\/flavio-dino-anuncia-novo-diretor-presidente-da-fapema\/#primaryimage","url":"https:\/\/www.blogsoestado.com\/danielmatos\/files\/2014\/11\/fapema-alex.jpg","contentUrl":"https:\/\/www.blogsoestado.com\/danielmatos\/files\/2014\/11\/fapema-alex.jpg"},{"@type":"BreadcrumbList","@id":"https:\/\/www.blogsoestado.com\/danielmatos\/flavio-dino-anuncia-novo-diretor-presidente-da-fapema\/#breadcrumb","itemListElement":[{"@type":"ListItem","position":1,"name":"In\u00edcio","item":"https:\/\/www.blogsoestado.com\/danielmatos\/"},{"@type":"ListItem","position":2,"name":"Fl\u00e1vio Dino anuncia novo diretor-presidente da Fapema"}]},{"@type":"WebSite","@id":"https:\/\/www.blogsoestado.com\/danielmatos\/#website","url":"https:\/\/www.blogsoestado.com\/danielmatos\/","name":"Daniel Matos","description":"","potentialAction":[{"@type":"SearchAction","target":{"@type":"EntryPoint","urlTemplate":"https:\/\/www.blogsoestado.com\/danielmatos\/?s={search_term_string}"},"query-input":{"@type":"PropertyValueSpecification","valueRequired":true,"valueName":"search_term_string"}}],"inLanguage":"pt-BR"}]}},"jetpack_featured_media_url":"","_links":{"self":[{"href":"https:\/\/www.blogsoestado.com\/danielmatos\/wp-json\/wp\/v2\/posts\/20402","targetHints":{"allow":["GET"]}}],"collection":[{"href":"https:\/\/www.blogsoestado.com\/danielmatos\/wp-json\/wp\/v2\/posts"}],"about":[{"href":"https:\/\/www.blogsoestado.com\/danielmatos\/wp-json\/wp\/v2\/types\/post"}],"replies":[{"embeddable":true,"href":"https:\/\/www.blogsoestado.com\/danielmatos\/wp-json\/wp\/v2\/comments?post=20402"}],"version-history":[{"count":0,"href":"https:\/\/www.blogsoestado.com\/danielmatos\/wp-json\/wp\/v2\/posts\/20402\/revisions"}],"wp:attachment":[{"href":"https:\/\/www.blogsoestado.com\/danielmatos\/wp-json\/wp\/v2\/media?parent=20402"}],"wp:term":[{"taxonomy":"category","embeddable":true,"href":"https:\/\/www.blogsoestado.com\/danielmatos\/wp-json\/wp\/v2\/categories?post=20402"},{"taxonomy":"post_tag","embeddable":true,"href":"https:\/\/www.blogsoestado.com\/danielmatos\/wp-json\/wp\/v2\/tags?post=20402"}],"curies":[{"name":"wp","href":"https:\/\/api.w.org\/{rel}","templated":true}]}}