{"id":20410,"date":"2014-11-11T11:54:16","date_gmt":"2014-11-11T14:54:16","guid":{"rendered":"https:\/\/www.blogsoestado.com\/danielmatos\/?p=20410"},"modified":"2014-11-11T11:54:16","modified_gmt":"2014-11-11T14:54:16","slug":"flavio-dino-anuncia-nova-presidente-da-funac","status":"publish","type":"post","link":"https:\/\/www.blogsoestado.com\/danielmatos\/flavio-dino-anuncia-nova-presidente-da-funac\/","title":{"rendered":"Fl\u00e1vio Dino anuncia nova presidente da Funac"},"content":{"rendered":"<figure id=\"attachment_20411\" aria-describedby=\"caption-attachment-20411\" style=\"width: 299px\" class=\"wp-caption alignleft\"><a href=\"https:\/\/www.blogsoestado.com\/danielmatos\/files\/2014\/11\/elisangela-funac.jpg\"><img fetchpriority=\"high\" decoding=\"async\" class=\"size-full wp-image-20411\" src=\"https:\/\/www.blogsoestado.com\/danielmatos\/files\/2014\/11\/elisangela-funac.jpg\" alt=\"Elis\u00e2ngela Cardoso presidir\u00e1 a Funac\" width=\"299\" height=\"448\" \/><\/a><figcaption id=\"caption-attachment-20411\" class=\"wp-caption-text\">Pedagoga Elis\u00e2ngela Cardoso presidir\u00e1 a Funac<\/figcaption><\/figure>\n<p>Elis\u00e2ngela Cardoso foi anunciada na manh\u00e3 desta ter\u00e7a-feira (11), pelo governador eleito Fl\u00e1vio Dino, como pr\u00f3xima presidente da Funda\u00e7\u00e3o da Crian\u00e7a e do Adolescente (Funac). Esse \u00e9 o 20\u00ba an\u00fancio de composi\u00e7\u00e3o de equipe atrav\u00e9s das redes sociais.<\/p>\n<p>Com milit\u00e2ncia nos movimentos sociais ligados \u00e0 defesa dos direitos da crian\u00e7a e do adolescente h\u00e1 mais de 20 anos, Elis\u00e2ngela Cardoso far\u00e1 parte da equipe da pr\u00f3xima administra\u00e7\u00e3o.<\/p>\n<p>Conhe\u00e7a o perfil da nova presidente:<\/p>\n<p>ELIS\u00c2NGELA CARDOSO \u2013 Funda\u00e7\u00e3o da Crian\u00e7a e do Adolescente (Funac)<\/p>\n<p>Elis\u00e2ngela Cardoso \u00e9 formada em Pedagogia e p\u00f3s-graduanda em Educa\u00e7\u00e3o Integral pela UFMA. Com milit\u00e2ncia nos movimentos sociais ligados \u00e0 defesa dos direitos da crian\u00e7a e do adolescente h\u00e1 mais de 20 anos, Elis\u00e2ngela foi presidente do Conselho Municipal dos Direitos da Crian\u00e7a e do Adolescente de S\u00e3o Lu\u00eds por duas gest\u00f5es consecutivas, e do Conselho Estadual dos Direitos da Crian\u00e7a e do Adolescente. Atualmente, \u00e9 superintendente de Prote\u00e7\u00e3o Social Especial \u2013 Alta Complexidade na Secretaria Municipal da Crian\u00e7a e da Assist\u00eancia Social de S\u00e3o Lu\u00eds (Semcas) e integra a coordena\u00e7\u00e3o do Centro de Promo\u00e7\u00e3o da Vida de Crian\u00e7as e Adolescentes da \u00c1rea Itaqui-Bacanga \u2013 CEPROVI\/Pastoral do Menor. Presidiu a Funac na gest\u00e3o de Jackson Lago.<\/p>\n<p>Elis\u00e2ngela tamb\u00e9m atuou na articula\u00e7\u00e3o da implanta\u00e7\u00e3o da Rede Amiga da Crian\u00e7a de S\u00e3o Lu\u00eds, e na implanta\u00e7\u00e3o da Rede Maranhense de Justi\u00e7a Juvenil \u2013 esta \u00faltima com foco no atendimento socioeducativo e na justi\u00e7a restaurativa.<\/p>\n","protected":false},"excerpt":{"rendered":"<p>Elis\u00e2ngela Cardoso foi anunciada na manh\u00e3 desta ter\u00e7a-feira (11), pelo governador eleito Fl\u00e1vio Dino, como pr\u00f3xima presidente da Funda\u00e7\u00e3o da [&hellip;]<\/p>\n","protected":false},"author":0,"featured_media":0,"comment_status":"open","ping_status":"open","sticky":false,"template":"","format":"standard","meta":{"site-sidebar-layout":"default","site-content-layout":"","ast-site-content-layout":"default","site-content-style":"default","site-sidebar-style":"default","ast-global-header-display":"","ast-banner-title-visibility":"","ast-main-header-display":"","ast-hfb-above-header-display":"","ast-hfb-below-header-display":"","ast-hfb-mobile-header-display":"","site-post-title":"","ast-breadcrumbs-content":"","ast-featured-img":"","footer-sml-layout":"","ast-disable-related-posts":"","theme-transparent-header-meta":"","adv-header-id-meta":"","stick-header-meta":"","header-above-stick-meta":"","header-main-stick-meta":"","header-below-stick-meta":"","astra-migrate-meta-layouts":"default","ast-page-background-enabled":"default","ast-page-background-meta":{"desktop":{"background-color":"var(--ast-global-color-5)","background-image":"","background-repeat":"repeat","background-position":"center center","background-size":"auto","background-attachment":"scroll","background-type":"","background-media":"","overlay-type":"","overlay-color":"","overlay-opacity":"","overlay-gradient":""},"tablet":{"background-color":"","background-image":"","background-repeat":"repeat","background-position":"center center","background-size":"auto","background-attachment":"scroll","background-type":"","background-media":"","overlay-type":"","overlay-color":"","overlay-opacity":"","overlay-gradient":""},"mobile":{"background-color":"","background-image":"","background-repeat":"repeat","background-position":"center center","background-size":"auto","background-attachment":"scroll","background-type":"","background-media":"","overlay-type":"","overlay-color":"","overlay-opacity":"","overlay-gradient":""}},"ast-content-background-meta":{"desktop":{"background-color":"var(--ast-global-color-4)","background-image":"","background-repeat":"repeat","background-position":"center center","background-size":"auto","background-attachment":"scroll","background-type":"","background-media":"","overlay-type":"","overlay-color":"","overlay-opacity":"","overlay-gradient":""},"tablet":{"background-color":"var(--ast-global-color-4)","background-image":"","background-repeat":"repeat","background-position":"center center","background-size":"auto","background-attachment":"scroll","background-type":"","background-media":"","overlay-type":"","overlay-color":"","overlay-opacity":"","overlay-gradient":""},"mobile":{"background-color":"var(--ast-global-color-4)","background-image":"","background-repeat":"repeat","background-position":"center center","background-size":"auto","background-attachment":"scroll","background-type":"","background-media":"","overlay-type":"","overlay-color":"","overlay-opacity":"","overlay-gradient":""}},"footnotes":""},"categories":[1],"tags":[],"class_list":["post-20410","post","type-post","status-publish","format-standard","hentry","category-sem-categoria"],"yoast_head":"<!-- This site is optimized with the Yoast SEO plugin v26.6 - https:\/\/yoast.com\/wordpress\/plugins\/seo\/ -->\n<title>Fl\u00e1vio Dino anuncia nova presidente da Funac - Daniel Matos<\/title>\n<meta name=\"robots\" content=\"index, follow, max-snippet:-1, max-image-preview:large, max-video-preview:-1\" \/>\n<link rel=\"canonical\" href=\"https:\/\/www.blogsoestado.com\/danielmatos\/flavio-dino-anuncia-nova-presidente-da-funac\/\" \/>\n<meta property=\"og:locale\" content=\"pt_BR\" \/>\n<meta property=\"og:type\" content=\"article\" \/>\n<meta property=\"og:title\" content=\"Fl\u00e1vio Dino anuncia nova presidente da Funac - Daniel Matos\" \/>\n<meta property=\"og:description\" content=\"Elis\u00e2ngela Cardoso foi anunciada na manh\u00e3 desta ter\u00e7a-feira (11), pelo governador eleito Fl\u00e1vio Dino, como pr\u00f3xima presidente da Funda\u00e7\u00e3o da [&hellip;]\" \/>\n<meta property=\"og:url\" content=\"https:\/\/www.blogsoestado.com\/danielmatos\/flavio-dino-anuncia-nova-presidente-da-funac\/\" \/>\n<meta property=\"og:site_name\" content=\"Daniel Matos\" \/>\n<meta property=\"article:published_time\" content=\"2014-11-11T14:54:16+00:00\" \/>\n<meta property=\"og:image\" content=\"https:\/\/www.blogsoestado.com\/danielmatos\/files\/2014\/11\/elisangela-funac.jpg\" \/>\n<meta name=\"twitter:card\" content=\"summary_large_image\" \/>\n<meta name=\"twitter:label1\" content=\"Est. tempo de leitura\" \/>\n\t<meta name=\"twitter:data1\" content=\"1 minuto\" \/>\n<script type=\"application\/ld+json\" class=\"yoast-schema-graph\">{\"@context\":\"https:\/\/schema.org\",\"@graph\":[{\"@type\":\"WebPage\",\"@id\":\"https:\/\/www.blogsoestado.com\/danielmatos\/flavio-dino-anuncia-nova-presidente-da-funac\/\",\"url\":\"https:\/\/www.blogsoestado.com\/danielmatos\/flavio-dino-anuncia-nova-presidente-da-funac\/\",\"name\":\"Fl\u00e1vio Dino anuncia nova presidente da Funac - Daniel Matos\",\"isPartOf\":{\"@id\":\"https:\/\/www.blogsoestado.com\/danielmatos\/#website\"},\"primaryImageOfPage\":{\"@id\":\"https:\/\/www.blogsoestado.com\/danielmatos\/flavio-dino-anuncia-nova-presidente-da-funac\/#primaryimage\"},\"image\":{\"@id\":\"https:\/\/www.blogsoestado.com\/danielmatos\/flavio-dino-anuncia-nova-presidente-da-funac\/#primaryimage\"},\"thumbnailUrl\":\"https:\/\/www.blogsoestado.com\/danielmatos\/files\/2014\/11\/elisangela-funac.jpg\",\"datePublished\":\"2014-11-11T14:54:16+00:00\",\"author\":{\"@id\":\"\"},\"breadcrumb\":{\"@id\":\"https:\/\/www.blogsoestado.com\/danielmatos\/flavio-dino-anuncia-nova-presidente-da-funac\/#breadcrumb\"},\"inLanguage\":\"pt-BR\",\"potentialAction\":[{\"@type\":\"ReadAction\",\"target\":[\"https:\/\/www.blogsoestado.com\/danielmatos\/flavio-dino-anuncia-nova-presidente-da-funac\/\"]}]},{\"@type\":\"ImageObject\",\"inLanguage\":\"pt-BR\",\"@id\":\"https:\/\/www.blogsoestado.com\/danielmatos\/flavio-dino-anuncia-nova-presidente-da-funac\/#primaryimage\",\"url\":\"https:\/\/www.blogsoestado.com\/danielmatos\/files\/2014\/11\/elisangela-funac.jpg\",\"contentUrl\":\"https:\/\/www.blogsoestado.com\/danielmatos\/files\/2014\/11\/elisangela-funac.jpg\"},{\"@type\":\"BreadcrumbList\",\"@id\":\"https:\/\/www.blogsoestado.com\/danielmatos\/flavio-dino-anuncia-nova-presidente-da-funac\/#breadcrumb\",\"itemListElement\":[{\"@type\":\"ListItem\",\"position\":1,\"name\":\"In\u00edcio\",\"item\":\"https:\/\/www.blogsoestado.com\/danielmatos\/\"},{\"@type\":\"ListItem\",\"position\":2,\"name\":\"Fl\u00e1vio Dino anuncia nova presidente da Funac\"}]},{\"@type\":\"WebSite\",\"@id\":\"https:\/\/www.blogsoestado.com\/danielmatos\/#website\",\"url\":\"https:\/\/www.blogsoestado.com\/danielmatos\/\",\"name\":\"Daniel Matos\",\"description\":\"\",\"potentialAction\":[{\"@type\":\"SearchAction\",\"target\":{\"@type\":\"EntryPoint\",\"urlTemplate\":\"https:\/\/www.blogsoestado.com\/danielmatos\/?s={search_term_string}\"},\"query-input\":{\"@type\":\"PropertyValueSpecification\",\"valueRequired\":true,\"valueName\":\"search_term_string\"}}],\"inLanguage\":\"pt-BR\"}]}<\/script>\n<!-- \/ Yoast SEO plugin. -->","yoast_head_json":{"title":"Fl\u00e1vio Dino anuncia nova presidente da Funac - Daniel Matos","robots":{"index":"index","follow":"follow","max-snippet":"max-snippet:-1","max-image-preview":"max-image-preview:large","max-video-preview":"max-video-preview:-1"},"canonical":"https:\/\/www.blogsoestado.com\/danielmatos\/flavio-dino-anuncia-nova-presidente-da-funac\/","og_locale":"pt_BR","og_type":"article","og_title":"Fl\u00e1vio Dino anuncia nova presidente da Funac - Daniel Matos","og_description":"Elis\u00e2ngela Cardoso foi anunciada na manh\u00e3 desta ter\u00e7a-feira (11), pelo governador eleito Fl\u00e1vio Dino, como pr\u00f3xima presidente da Funda\u00e7\u00e3o da [&hellip;]","og_url":"https:\/\/www.blogsoestado.com\/danielmatos\/flavio-dino-anuncia-nova-presidente-da-funac\/","og_site_name":"Daniel Matos","article_published_time":"2014-11-11T14:54:16+00:00","og_image":[{"url":"https:\/\/www.blogsoestado.com\/danielmatos\/files\/2014\/11\/elisangela-funac.jpg","type":"","width":"","height":""}],"twitter_card":"summary_large_image","twitter_misc":{"Est. tempo de leitura":"1 minuto"},"schema":{"@context":"https:\/\/schema.org","@graph":[{"@type":"WebPage","@id":"https:\/\/www.blogsoestado.com\/danielmatos\/flavio-dino-anuncia-nova-presidente-da-funac\/","url":"https:\/\/www.blogsoestado.com\/danielmatos\/flavio-dino-anuncia-nova-presidente-da-funac\/","name":"Fl\u00e1vio Dino anuncia nova presidente da Funac - Daniel Matos","isPartOf":{"@id":"https:\/\/www.blogsoestado.com\/danielmatos\/#website"},"primaryImageOfPage":{"@id":"https:\/\/www.blogsoestado.com\/danielmatos\/flavio-dino-anuncia-nova-presidente-da-funac\/#primaryimage"},"image":{"@id":"https:\/\/www.blogsoestado.com\/danielmatos\/flavio-dino-anuncia-nova-presidente-da-funac\/#primaryimage"},"thumbnailUrl":"https:\/\/www.blogsoestado.com\/danielmatos\/files\/2014\/11\/elisangela-funac.jpg","datePublished":"2014-11-11T14:54:16+00:00","author":{"@id":""},"breadcrumb":{"@id":"https:\/\/www.blogsoestado.com\/danielmatos\/flavio-dino-anuncia-nova-presidente-da-funac\/#breadcrumb"},"inLanguage":"pt-BR","potentialAction":[{"@type":"ReadAction","target":["https:\/\/www.blogsoestado.com\/danielmatos\/flavio-dino-anuncia-nova-presidente-da-funac\/"]}]},{"@type":"ImageObject","inLanguage":"pt-BR","@id":"https:\/\/www.blogsoestado.com\/danielmatos\/flavio-dino-anuncia-nova-presidente-da-funac\/#primaryimage","url":"https:\/\/www.blogsoestado.com\/danielmatos\/files\/2014\/11\/elisangela-funac.jpg","contentUrl":"https:\/\/www.blogsoestado.com\/danielmatos\/files\/2014\/11\/elisangela-funac.jpg"},{"@type":"BreadcrumbList","@id":"https:\/\/www.blogsoestado.com\/danielmatos\/flavio-dino-anuncia-nova-presidente-da-funac\/#breadcrumb","itemListElement":[{"@type":"ListItem","position":1,"name":"In\u00edcio","item":"https:\/\/www.blogsoestado.com\/danielmatos\/"},{"@type":"ListItem","position":2,"name":"Fl\u00e1vio Dino anuncia nova presidente da Funac"}]},{"@type":"WebSite","@id":"https:\/\/www.blogsoestado.com\/danielmatos\/#website","url":"https:\/\/www.blogsoestado.com\/danielmatos\/","name":"Daniel Matos","description":"","potentialAction":[{"@type":"SearchAction","target":{"@type":"EntryPoint","urlTemplate":"https:\/\/www.blogsoestado.com\/danielmatos\/?s={search_term_string}"},"query-input":{"@type":"PropertyValueSpecification","valueRequired":true,"valueName":"search_term_string"}}],"inLanguage":"pt-BR"}]}},"jetpack_featured_media_url":"","_links":{"self":[{"href":"https:\/\/www.blogsoestado.com\/danielmatos\/wp-json\/wp\/v2\/posts\/20410","targetHints":{"allow":["GET"]}}],"collection":[{"href":"https:\/\/www.blogsoestado.com\/danielmatos\/wp-json\/wp\/v2\/posts"}],"about":[{"href":"https:\/\/www.blogsoestado.com\/danielmatos\/wp-json\/wp\/v2\/types\/post"}],"replies":[{"embeddable":true,"href":"https:\/\/www.blogsoestado.com\/danielmatos\/wp-json\/wp\/v2\/comments?post=20410"}],"version-history":[{"count":0,"href":"https:\/\/www.blogsoestado.com\/danielmatos\/wp-json\/wp\/v2\/posts\/20410\/revisions"}],"wp:attachment":[{"href":"https:\/\/www.blogsoestado.com\/danielmatos\/wp-json\/wp\/v2\/media?parent=20410"}],"wp:term":[{"taxonomy":"category","embeddable":true,"href":"https:\/\/www.blogsoestado.com\/danielmatos\/wp-json\/wp\/v2\/categories?post=20410"},{"taxonomy":"post_tag","embeddable":true,"href":"https:\/\/www.blogsoestado.com\/danielmatos\/wp-json\/wp\/v2\/tags?post=20410"}],"curies":[{"name":"wp","href":"https:\/\/api.w.org\/{rel}","templated":true}]}}