{"id":20419,"date":"2014-11-11T17:38:11","date_gmt":"2014-11-11T20:38:11","guid":{"rendered":"https:\/\/www.blogsoestado.com\/danielmatos\/?p=20419"},"modified":"2014-11-11T17:38:11","modified_gmt":"2014-11-11T20:38:11","slug":"tj-nega-habeas-corpus-a-joao-castelo","status":"publish","type":"post","link":"https:\/\/www.blogsoestado.com\/danielmatos\/tj-nega-habeas-corpus-a-joao-castelo\/","title":{"rendered":"TJ nega habeas corpus a Jo\u00e3o Castelo"},"content":{"rendered":"<figure id=\"attachment_20420\" aria-describedby=\"caption-attachment-20420\" style=\"width: 299px\" class=\"wp-caption alignleft\"><a href=\"https:\/\/www.blogsoestado.com\/danielmatos\/files\/2014\/11\/castelo-professores.jpg\"><img fetchpriority=\"high\" decoding=\"async\" class=\"size-full wp-image-20420\" src=\"https:\/\/www.blogsoestado.com\/danielmatos\/files\/2014\/11\/castelo-professores.jpg\" alt=\"Jo\u00e3o Castelo teve habeas corpus negado\" width=\"299\" height=\"448\" \/><\/a><figcaption id=\"caption-attachment-20420\" class=\"wp-caption-text\">Ex-prefeito Jo\u00e3o Castelo teve habeas corpus negado<\/figcaption><\/figure>\n<p>A 1\u00aa C\u00e2mara Criminal de Justi\u00e7a do Maranh\u00e3o (TJMA) negou nesta ter\u00e7a-feira (11) pedido de habeas corpus em favor do ex-prefeito de S\u00e3o Lu\u00eds, Jo\u00e3o Castelo,acusado de improbidade administrativa quando de sua gest\u00e3o \u00e0 frente da prefeitura da capital. O ex-prefeito foi denunciado pelo Minist\u00e9rio P\u00fablico do Estado por ter deixado de saldar os sal\u00e1rios dos servidores do Executivo Municipal no m\u00eas de dezembro de 2012, quando teria preferido optar pelo pagamento de credores do er\u00e1rio municipal, em sua maioria, construtoras contratadas pelo Munic\u00edpio.<\/p>\n<p>Jo\u00e3o Castelo impetrou habeas corpus pleiteando a nulidade da decis\u00e3o proferida pelo Ju\u00edzo 7\u00aa Vara Criminal da Comarca de S\u00e3o Lu\u00eds, que havia indeferido pedido da defesa do ex-gestor no sentido de que fosse juntada a comprova\u00e7\u00e3o da impossibilidade financeira do munic\u00edpio de S\u00e3o Lu\u00eds em honrar com as obriga\u00e7\u00f5es, inclusive com o pagamento do sal\u00e1rio de seus servidores.<\/p>\n<p>Na ocasi\u00e3o, o juiz da 7\u00aa Vara Criminal da Comarca de S\u00e3o Lu\u00eds, Fernando Luis Mendes Cruz, indeferiu o pedido da defesa do ex-prefeito, fundamentando sua decis\u00e3o no sentido de que existiam elementos suficientes nos autos para subsidiar a an\u00e1lise do m\u00e9rito da a\u00e7\u00e3o penal, mostrando-se desnecess\u00e1rias as dilig\u00eancias defensivas requeridas.<\/p>\n<p><strong>Julgamento<\/strong><\/p>\n<p>No julgamento do habeas corpus, o desembargador Raimundo Melo (relator) entendeu que a decis\u00e3o proferida pelo Ju\u00edzo da 7\u00aa Vara Criminal encontra-se coerente e provida da necess\u00e1ria fundamenta\u00e7\u00e3o.<\/p>\n<p>Melo ressaltou que o indeferimento da dilig\u00eancia pelo magistrado de primeiro grau n\u00e3o configura cerceamento de defesa, uma vez que o pr\u00f3prio C\u00f3digo de Processo Penal prev\u00ea, no par\u00e1grafo 1\u00ba do artigo 400, a possibilidade de o juiz indeferir as provas consideradas irrelevantes, impertinentes ou protelat\u00f3rias, sem que isso implique em nulidade da respectiva a\u00e7\u00e3o penal.<\/p>\n<p>Com esse entendimento, o magistrado votou pela denega\u00e7\u00e3o da ordem, sendo acompanhado pelo desembargador Benedito Belo e pelo o juiz convocado Sebasti\u00e3o Bonfim.<\/p>\n<p><strong>Fonte:<\/strong> Tribunal de Justi\u00e7a do Maranh\u00e3o<\/p>\n","protected":false},"excerpt":{"rendered":"<p>A 1\u00aa C\u00e2mara Criminal de Justi\u00e7a do Maranh\u00e3o (TJMA) negou nesta ter\u00e7a-feira (11) pedido de habeas corpus em favor do [&hellip;]<\/p>\n","protected":false},"author":0,"featured_media":0,"comment_status":"open","ping_status":"open","sticky":false,"template":"","format":"standard","meta":{"site-sidebar-layout":"default","site-content-layout":"","ast-site-content-layout":"default","site-content-style":"default","site-sidebar-style":"default","ast-global-header-display":"","ast-banner-title-visibility":"","ast-main-header-display":"","ast-hfb-above-header-display":"","ast-hfb-below-header-display":"","ast-hfb-mobile-header-display":"","site-post-title":"","ast-breadcrumbs-content":"","ast-featured-img":"","footer-sml-layout":"","ast-disable-related-posts":"","theme-transparent-header-meta":"","adv-header-id-meta":"","stick-header-meta":"","header-above-stick-meta":"","header-main-stick-meta":"","header-below-stick-meta":"","astra-migrate-meta-layouts":"default","ast-page-background-enabled":"default","ast-page-background-meta":{"desktop":{"background-color":"var(--ast-global-color-5)","background-image":"","background-repeat":"repeat","background-position":"center center","background-size":"auto","background-attachment":"scroll","background-type":"","background-media":"","overlay-type":"","overlay-color":"","overlay-opacity":"","overlay-gradient":""},"tablet":{"background-color":"","background-image":"","background-repeat":"repeat","background-position":"center center","background-size":"auto","background-attachment":"scroll","background-type":"","background-media":"","overlay-type":"","overlay-color":"","overlay-opacity":"","overlay-gradient":""},"mobile":{"background-color":"","background-image":"","background-repeat":"repeat","background-position":"center center","background-size":"auto","background-attachment":"scroll","background-type":"","background-media":"","overlay-type":"","overlay-color":"","overlay-opacity":"","overlay-gradient":""}},"ast-content-background-meta":{"desktop":{"background-color":"var(--ast-global-color-4)","background-image":"","background-repeat":"repeat","background-position":"center center","background-size":"auto","background-attachment":"scroll","background-type":"","background-media":"","overlay-type":"","overlay-color":"","overlay-opacity":"","overlay-gradient":""},"tablet":{"background-color":"var(--ast-global-color-4)","background-image":"","background-repeat":"repeat","background-position":"center center","background-size":"auto","background-attachment":"scroll","background-type":"","background-media":"","overlay-type":"","overlay-color":"","overlay-opacity":"","overlay-gradient":""},"mobile":{"background-color":"var(--ast-global-color-4)","background-image":"","background-repeat":"repeat","background-position":"center center","background-size":"auto","background-attachment":"scroll","background-type":"","background-media":"","overlay-type":"","overlay-color":"","overlay-opacity":"","overlay-gradient":""}},"footnotes":""},"categories":[1],"tags":[],"class_list":["post-20419","post","type-post","status-publish","format-standard","hentry","category-sem-categoria"],"yoast_head":"<!-- This site is optimized with the Yoast SEO plugin v26.6 - https:\/\/yoast.com\/wordpress\/plugins\/seo\/ -->\n<title>TJ nega habeas corpus a Jo\u00e3o Castelo - Daniel Matos<\/title>\n<meta name=\"robots\" content=\"index, follow, max-snippet:-1, max-image-preview:large, max-video-preview:-1\" \/>\n<link rel=\"canonical\" href=\"https:\/\/www.blogsoestado.com\/danielmatos\/tj-nega-habeas-corpus-a-joao-castelo\/\" \/>\n<meta property=\"og:locale\" content=\"pt_BR\" \/>\n<meta property=\"og:type\" content=\"article\" \/>\n<meta property=\"og:title\" content=\"TJ nega habeas corpus a Jo\u00e3o Castelo - Daniel Matos\" \/>\n<meta property=\"og:description\" content=\"A 1\u00aa C\u00e2mara Criminal de Justi\u00e7a do Maranh\u00e3o (TJMA) negou nesta ter\u00e7a-feira (11) pedido de habeas corpus em favor do [&hellip;]\" \/>\n<meta property=\"og:url\" content=\"https:\/\/www.blogsoestado.com\/danielmatos\/tj-nega-habeas-corpus-a-joao-castelo\/\" \/>\n<meta property=\"og:site_name\" content=\"Daniel Matos\" \/>\n<meta property=\"article:published_time\" content=\"2014-11-11T20:38:11+00:00\" \/>\n<meta property=\"og:image\" content=\"https:\/\/www.blogsoestado.com\/danielmatos\/files\/2014\/11\/castelo-professores.jpg\" \/>\n<meta name=\"twitter:card\" content=\"summary_large_image\" \/>\n<meta name=\"twitter:label1\" content=\"Est. tempo de leitura\" \/>\n\t<meta name=\"twitter:data1\" content=\"2 minutos\" \/>\n<script type=\"application\/ld+json\" class=\"yoast-schema-graph\">{\"@context\":\"https:\/\/schema.org\",\"@graph\":[{\"@type\":\"WebPage\",\"@id\":\"https:\/\/www.blogsoestado.com\/danielmatos\/tj-nega-habeas-corpus-a-joao-castelo\/\",\"url\":\"https:\/\/www.blogsoestado.com\/danielmatos\/tj-nega-habeas-corpus-a-joao-castelo\/\",\"name\":\"TJ nega habeas corpus a Jo\u00e3o Castelo - Daniel Matos\",\"isPartOf\":{\"@id\":\"https:\/\/www.blogsoestado.com\/danielmatos\/#website\"},\"primaryImageOfPage\":{\"@id\":\"https:\/\/www.blogsoestado.com\/danielmatos\/tj-nega-habeas-corpus-a-joao-castelo\/#primaryimage\"},\"image\":{\"@id\":\"https:\/\/www.blogsoestado.com\/danielmatos\/tj-nega-habeas-corpus-a-joao-castelo\/#primaryimage\"},\"thumbnailUrl\":\"https:\/\/www.blogsoestado.com\/danielmatos\/files\/2014\/11\/castelo-professores.jpg\",\"datePublished\":\"2014-11-11T20:38:11+00:00\",\"author\":{\"@id\":\"\"},\"breadcrumb\":{\"@id\":\"https:\/\/www.blogsoestado.com\/danielmatos\/tj-nega-habeas-corpus-a-joao-castelo\/#breadcrumb\"},\"inLanguage\":\"pt-BR\",\"potentialAction\":[{\"@type\":\"ReadAction\",\"target\":[\"https:\/\/www.blogsoestado.com\/danielmatos\/tj-nega-habeas-corpus-a-joao-castelo\/\"]}]},{\"@type\":\"ImageObject\",\"inLanguage\":\"pt-BR\",\"@id\":\"https:\/\/www.blogsoestado.com\/danielmatos\/tj-nega-habeas-corpus-a-joao-castelo\/#primaryimage\",\"url\":\"https:\/\/www.blogsoestado.com\/danielmatos\/files\/2014\/11\/castelo-professores.jpg\",\"contentUrl\":\"https:\/\/www.blogsoestado.com\/danielmatos\/files\/2014\/11\/castelo-professores.jpg\"},{\"@type\":\"BreadcrumbList\",\"@id\":\"https:\/\/www.blogsoestado.com\/danielmatos\/tj-nega-habeas-corpus-a-joao-castelo\/#breadcrumb\",\"itemListElement\":[{\"@type\":\"ListItem\",\"position\":1,\"name\":\"In\u00edcio\",\"item\":\"https:\/\/www.blogsoestado.com\/danielmatos\/\"},{\"@type\":\"ListItem\",\"position\":2,\"name\":\"TJ nega habeas corpus a Jo\u00e3o Castelo\"}]},{\"@type\":\"WebSite\",\"@id\":\"https:\/\/www.blogsoestado.com\/danielmatos\/#website\",\"url\":\"https:\/\/www.blogsoestado.com\/danielmatos\/\",\"name\":\"Daniel Matos\",\"description\":\"\",\"potentialAction\":[{\"@type\":\"SearchAction\",\"target\":{\"@type\":\"EntryPoint\",\"urlTemplate\":\"https:\/\/www.blogsoestado.com\/danielmatos\/?s={search_term_string}\"},\"query-input\":{\"@type\":\"PropertyValueSpecification\",\"valueRequired\":true,\"valueName\":\"search_term_string\"}}],\"inLanguage\":\"pt-BR\"}]}<\/script>\n<!-- \/ Yoast SEO plugin. -->","yoast_head_json":{"title":"TJ nega habeas corpus a Jo\u00e3o Castelo - Daniel Matos","robots":{"index":"index","follow":"follow","max-snippet":"max-snippet:-1","max-image-preview":"max-image-preview:large","max-video-preview":"max-video-preview:-1"},"canonical":"https:\/\/www.blogsoestado.com\/danielmatos\/tj-nega-habeas-corpus-a-joao-castelo\/","og_locale":"pt_BR","og_type":"article","og_title":"TJ nega habeas corpus a Jo\u00e3o Castelo - Daniel Matos","og_description":"A 1\u00aa C\u00e2mara Criminal de Justi\u00e7a do Maranh\u00e3o (TJMA) negou nesta ter\u00e7a-feira (11) pedido de habeas corpus em favor do [&hellip;]","og_url":"https:\/\/www.blogsoestado.com\/danielmatos\/tj-nega-habeas-corpus-a-joao-castelo\/","og_site_name":"Daniel Matos","article_published_time":"2014-11-11T20:38:11+00:00","og_image":[{"url":"https:\/\/www.blogsoestado.com\/danielmatos\/files\/2014\/11\/castelo-professores.jpg","type":"","width":"","height":""}],"twitter_card":"summary_large_image","twitter_misc":{"Est. tempo de leitura":"2 minutos"},"schema":{"@context":"https:\/\/schema.org","@graph":[{"@type":"WebPage","@id":"https:\/\/www.blogsoestado.com\/danielmatos\/tj-nega-habeas-corpus-a-joao-castelo\/","url":"https:\/\/www.blogsoestado.com\/danielmatos\/tj-nega-habeas-corpus-a-joao-castelo\/","name":"TJ nega habeas corpus a Jo\u00e3o Castelo - Daniel Matos","isPartOf":{"@id":"https:\/\/www.blogsoestado.com\/danielmatos\/#website"},"primaryImageOfPage":{"@id":"https:\/\/www.blogsoestado.com\/danielmatos\/tj-nega-habeas-corpus-a-joao-castelo\/#primaryimage"},"image":{"@id":"https:\/\/www.blogsoestado.com\/danielmatos\/tj-nega-habeas-corpus-a-joao-castelo\/#primaryimage"},"thumbnailUrl":"https:\/\/www.blogsoestado.com\/danielmatos\/files\/2014\/11\/castelo-professores.jpg","datePublished":"2014-11-11T20:38:11+00:00","author":{"@id":""},"breadcrumb":{"@id":"https:\/\/www.blogsoestado.com\/danielmatos\/tj-nega-habeas-corpus-a-joao-castelo\/#breadcrumb"},"inLanguage":"pt-BR","potentialAction":[{"@type":"ReadAction","target":["https:\/\/www.blogsoestado.com\/danielmatos\/tj-nega-habeas-corpus-a-joao-castelo\/"]}]},{"@type":"ImageObject","inLanguage":"pt-BR","@id":"https:\/\/www.blogsoestado.com\/danielmatos\/tj-nega-habeas-corpus-a-joao-castelo\/#primaryimage","url":"https:\/\/www.blogsoestado.com\/danielmatos\/files\/2014\/11\/castelo-professores.jpg","contentUrl":"https:\/\/www.blogsoestado.com\/danielmatos\/files\/2014\/11\/castelo-professores.jpg"},{"@type":"BreadcrumbList","@id":"https:\/\/www.blogsoestado.com\/danielmatos\/tj-nega-habeas-corpus-a-joao-castelo\/#breadcrumb","itemListElement":[{"@type":"ListItem","position":1,"name":"In\u00edcio","item":"https:\/\/www.blogsoestado.com\/danielmatos\/"},{"@type":"ListItem","position":2,"name":"TJ nega habeas corpus a Jo\u00e3o Castelo"}]},{"@type":"WebSite","@id":"https:\/\/www.blogsoestado.com\/danielmatos\/#website","url":"https:\/\/www.blogsoestado.com\/danielmatos\/","name":"Daniel Matos","description":"","potentialAction":[{"@type":"SearchAction","target":{"@type":"EntryPoint","urlTemplate":"https:\/\/www.blogsoestado.com\/danielmatos\/?s={search_term_string}"},"query-input":{"@type":"PropertyValueSpecification","valueRequired":true,"valueName":"search_term_string"}}],"inLanguage":"pt-BR"}]}},"jetpack_featured_media_url":"","_links":{"self":[{"href":"https:\/\/www.blogsoestado.com\/danielmatos\/wp-json\/wp\/v2\/posts\/20419","targetHints":{"allow":["GET"]}}],"collection":[{"href":"https:\/\/www.blogsoestado.com\/danielmatos\/wp-json\/wp\/v2\/posts"}],"about":[{"href":"https:\/\/www.blogsoestado.com\/danielmatos\/wp-json\/wp\/v2\/types\/post"}],"replies":[{"embeddable":true,"href":"https:\/\/www.blogsoestado.com\/danielmatos\/wp-json\/wp\/v2\/comments?post=20419"}],"version-history":[{"count":0,"href":"https:\/\/www.blogsoestado.com\/danielmatos\/wp-json\/wp\/v2\/posts\/20419\/revisions"}],"wp:attachment":[{"href":"https:\/\/www.blogsoestado.com\/danielmatos\/wp-json\/wp\/v2\/media?parent=20419"}],"wp:term":[{"taxonomy":"category","embeddable":true,"href":"https:\/\/www.blogsoestado.com\/danielmatos\/wp-json\/wp\/v2\/categories?post=20419"},{"taxonomy":"post_tag","embeddable":true,"href":"https:\/\/www.blogsoestado.com\/danielmatos\/wp-json\/wp\/v2\/tags?post=20419"}],"curies":[{"name":"wp","href":"https:\/\/api.w.org\/{rel}","templated":true}]}}