{"id":20423,"date":"2014-11-12T08:56:17","date_gmt":"2014-11-12T11:56:17","guid":{"rendered":"https:\/\/www.blogsoestado.com\/danielmatos\/?p=20423"},"modified":"2014-11-12T08:56:17","modified_gmt":"2014-11-12T11:56:17","slug":"robson-paz-sera-secretario-de-comunicacao-no-governo-flavio-dino","status":"publish","type":"post","link":"https:\/\/www.blogsoestado.com\/danielmatos\/robson-paz-sera-secretario-de-comunicacao-no-governo-flavio-dino\/","title":{"rendered":"Robson Paz ser\u00e1 secret\u00e1rio de Comunica\u00e7\u00e3o no governo Fl\u00e1vio Dino"},"content":{"rendered":"<figure id=\"attachment_20424\" aria-describedby=\"caption-attachment-20424\" style=\"width: 417px\" class=\"wp-caption alignright\"><a href=\"https:\/\/www.blogsoestado.com\/danielmatos\/files\/2014\/11\/robson-paz2.jpg\"><img fetchpriority=\"high\" decoding=\"async\" class=\"size-full wp-image-20424\" src=\"https:\/\/www.blogsoestado.com\/danielmatos\/files\/2014\/11\/robson-paz2.jpg\" alt=\"Robson Paz ser\u00e1 o novo titular da Secom\" width=\"417\" height=\"336\" \/><\/a><figcaption id=\"caption-attachment-20424\" class=\"wp-caption-text\">Robson Paz ser\u00e1 o secret\u00e1rio de Comunica\u00e7\u00e3o no governo Fl\u00e1vio Dino<\/figcaption><\/figure>\n<p>Outro nome foi anunciado na manh\u00e3 desta quarta-feira (12) para compor a equipe de governo de Fl\u00e1vio Dino a partir de janeiro de 2015. O radialista e jornalista Robson Paz assumir\u00e1 a Secretaria de Comunica\u00e7\u00e3o Social na pr\u00f3xima gest\u00e3o estadual.<\/p>\n<p>Robson Paz ser\u00e1 respons\u00e1vel pelo cumprimento de metas que integram o Programa de Governo de Fl\u00e1vio Dino, eleito governador do Maranh\u00e3o em primeiro turno. Uma delas \u00e9 garantir o direito humano \u00e0 comunica\u00e7\u00e3o com apoio \u00e0s r\u00e1dios comunit\u00e1rias, aos jornais regionais e blogs noticiosos.<\/p>\n<p>Conhe\u00e7a o perfil do novo secret\u00e1rio:<\/p>\n<p>ROBSON PAZ \u2013 Secretaria de Comunica\u00e7\u00e3o<\/p>\n<p>Robson Paz \u00e9 graduado em Comunica\u00e7\u00e3o Social pela Universidade Federal do Maranh\u00e3o (UFMA) e Especialista em Assessoria de Comunica\u00e7\u00e3o e em Gest\u00e3o P\u00fablica. Foi Diretor Adjunto de Comunica\u00e7\u00e3o Social da Assembleia Legislativa do Estado do Maranh\u00e3o e secret\u00e1rio adjunto de Comunica\u00e7\u00e3o da Prefeitura de S\u00e3o Lu\u00eds. Desde abril deste ano, \u00e9 titular da Secretaria Municipal de Comunica\u00e7\u00e3o.<\/p>\n<p><strong>Ind\u00fastria e Com\u00e9rcio<\/strong><\/p>\n<figure id=\"attachment_20438\" aria-describedby=\"caption-attachment-20438\" style=\"width: 390px\" class=\"wp-caption alignleft\"><a href=\"https:\/\/www.blogsoestado.com\/danielmatos\/files\/2014\/11\/simplicio-araujo.jpg\"><img decoding=\"async\" class=\"size-full wp-image-20438\" src=\"https:\/\/www.blogsoestado.com\/danielmatos\/files\/2014\/11\/simplicio-araujo.jpg\" alt=\"Simpl\u00edcio Ara\u00fajo ser\u00e1 o titular da pasta de Ind\u00fastria e Com\u00e9rcio\" width=\"390\" height=\"289\" \/><\/a><figcaption id=\"caption-attachment-20438\" class=\"wp-caption-text\">Simpl\u00edcio Ara\u00fajo ser\u00e1 o titular da pasta de Ind\u00fastria e Com\u00e9rcio<\/figcaption><\/figure>\n<p>O deputado federal Simpl\u00edcio Ara\u00fajo assumir\u00e1 a Secretaria de Ind\u00fastria e Com\u00e9rcio a partir de 1\u00ba de janeiro. O an\u00fancio foi feito na manh\u00e3 desta quarta-feira (12) pelo governador eleito Fl\u00e1vio Dino atrav\u00e9s das redes sociais.<\/p>\n<p>O novo secret\u00e1rio assume a pasta com o desafio de ajudar no di\u00e1logo com o empresariado que investe ou quer investir no Maranh\u00e3o. Entre as diretrizes da Secretaria est\u00e3o o apoio ao empresariado maranhense e a atra\u00e7\u00e3o de novos investimentos privados, mostrando as vantagens competitivas do estado, como porto, ferrovias, \u00e1gua, energia e recursos humanos.<\/p>\n<p>Al\u00e9m disso, trabalhar no est\u00edmulo \u00e0 gera\u00e7\u00e3o de emprego, compromissos assumidos por Fl\u00e1vio Dino durante a campanha e que est\u00e3o no Programa de Governo, dispon\u00edvel na internet para consulta.<\/p>\n<p>Conhe\u00e7a o perfil do novo secret\u00e1rio:<\/p>\n<p>SIMPL\u00cdCIO ARA\u00daJO &#8211; Secretaria de Ind\u00fastria e Com\u00e9rcio<\/p>\n<p>Simpl\u00edcio Ara\u00fajo \u00e9 deputado federal, com atua\u00e7\u00e3o destacada na defesa do Maranh\u00e3o e trabalho por mudan\u00e7as em diversas \u00e1reas, como a sa\u00fade, a mobilidade e a moradia. \u00c9 analista de sistemas, e tem forma\u00e7\u00e3o e conhecimento nas \u00e1reas de Administra\u00e7\u00e3o, Direito, Analista GiS, Marketing e Gest\u00e3o. Simpl\u00edcio \u00e9 militante na pol\u00edtica do Maranh\u00e3o h\u00e1 mais de 20 anos.<\/p>\n","protected":false},"excerpt":{"rendered":"<p>Outro nome foi anunciado na manh\u00e3 desta quarta-feira (12) para compor a equipe de governo de Fl\u00e1vio Dino a partir [&hellip;]<\/p>\n","protected":false},"author":0,"featured_media":0,"comment_status":"open","ping_status":"open","sticky":false,"template":"","format":"standard","meta":{"site-sidebar-layout":"default","site-content-layout":"","ast-site-content-layout":"default","site-content-style":"default","site-sidebar-style":"default","ast-global-header-display":"","ast-banner-title-visibility":"","ast-main-header-display":"","ast-hfb-above-header-display":"","ast-hfb-below-header-display":"","ast-hfb-mobile-header-display":"","site-post-title":"","ast-breadcrumbs-content":"","ast-featured-img":"","footer-sml-layout":"","ast-disable-related-posts":"","theme-transparent-header-meta":"","adv-header-id-meta":"","stick-header-meta":"","header-above-stick-meta":"","header-main-stick-meta":"","header-below-stick-meta":"","astra-migrate-meta-layouts":"default","ast-page-background-enabled":"default","ast-page-background-meta":{"desktop":{"background-color":"var(--ast-global-color-5)","background-image":"","background-repeat":"repeat","background-position":"center center","background-size":"auto","background-attachment":"scroll","background-type":"","background-media":"","overlay-type":"","overlay-color":"","overlay-opacity":"","overlay-gradient":""},"tablet":{"background-color":"","background-image":"","background-repeat":"repeat","background-position":"center center","background-size":"auto","background-attachment":"scroll","background-type":"","background-media":"","overlay-type":"","overlay-color":"","overlay-opacity":"","overlay-gradient":""},"mobile":{"background-color":"","background-image":"","background-repeat":"repeat","background-position":"center center","background-size":"auto","background-attachment":"scroll","background-type":"","background-media":"","overlay-type":"","overlay-color":"","overlay-opacity":"","overlay-gradient":""}},"ast-content-background-meta":{"desktop":{"background-color":"var(--ast-global-color-4)","background-image":"","background-repeat":"repeat","background-position":"center center","background-size":"auto","background-attachment":"scroll","background-type":"","background-media":"","overlay-type":"","overlay-color":"","overlay-opacity":"","overlay-gradient":""},"tablet":{"background-color":"var(--ast-global-color-4)","background-image":"","background-repeat":"repeat","background-position":"center center","background-size":"auto","background-attachment":"scroll","background-type":"","background-media":"","overlay-type":"","overlay-color":"","overlay-opacity":"","overlay-gradient":""},"mobile":{"background-color":"var(--ast-global-color-4)","background-image":"","background-repeat":"repeat","background-position":"center center","background-size":"auto","background-attachment":"scroll","background-type":"","background-media":"","overlay-type":"","overlay-color":"","overlay-opacity":"","overlay-gradient":""}},"footnotes":""},"categories":[1],"tags":[],"class_list":["post-20423","post","type-post","status-publish","format-standard","hentry","category-sem-categoria"],"yoast_head":"<!-- This site is optimized with the Yoast SEO plugin v26.6 - https:\/\/yoast.com\/wordpress\/plugins\/seo\/ -->\n<title>Robson Paz ser\u00e1 secret\u00e1rio de Comunica\u00e7\u00e3o no governo Fl\u00e1vio Dino - Daniel Matos<\/title>\n<meta name=\"robots\" content=\"index, follow, max-snippet:-1, max-image-preview:large, max-video-preview:-1\" \/>\n<link rel=\"canonical\" href=\"https:\/\/www.blogsoestado.com\/danielmatos\/robson-paz-sera-secretario-de-comunicacao-no-governo-flavio-dino\/\" \/>\n<meta property=\"og:locale\" content=\"pt_BR\" \/>\n<meta property=\"og:type\" content=\"article\" \/>\n<meta property=\"og:title\" content=\"Robson Paz ser\u00e1 secret\u00e1rio de Comunica\u00e7\u00e3o no governo Fl\u00e1vio Dino - Daniel Matos\" \/>\n<meta property=\"og:description\" content=\"Outro nome foi anunciado na manh\u00e3 desta quarta-feira (12) para compor a equipe de governo de Fl\u00e1vio Dino a partir [&hellip;]\" \/>\n<meta property=\"og:url\" content=\"https:\/\/www.blogsoestado.com\/danielmatos\/robson-paz-sera-secretario-de-comunicacao-no-governo-flavio-dino\/\" \/>\n<meta property=\"og:site_name\" content=\"Daniel Matos\" \/>\n<meta property=\"article:published_time\" content=\"2014-11-12T11:56:17+00:00\" \/>\n<meta property=\"og:image\" content=\"https:\/\/www.blogsoestado.com\/danielmatos\/files\/2014\/11\/robson-paz2.jpg\" \/>\n<meta name=\"twitter:card\" content=\"summary_large_image\" \/>\n<meta name=\"twitter:label1\" content=\"Est. tempo de leitura\" \/>\n\t<meta name=\"twitter:data1\" content=\"2 minutos\" \/>\n<script type=\"application\/ld+json\" class=\"yoast-schema-graph\">{\"@context\":\"https:\/\/schema.org\",\"@graph\":[{\"@type\":\"WebPage\",\"@id\":\"https:\/\/www.blogsoestado.com\/danielmatos\/robson-paz-sera-secretario-de-comunicacao-no-governo-flavio-dino\/\",\"url\":\"https:\/\/www.blogsoestado.com\/danielmatos\/robson-paz-sera-secretario-de-comunicacao-no-governo-flavio-dino\/\",\"name\":\"Robson Paz ser\u00e1 secret\u00e1rio de Comunica\u00e7\u00e3o no governo Fl\u00e1vio Dino - Daniel Matos\",\"isPartOf\":{\"@id\":\"https:\/\/www.blogsoestado.com\/danielmatos\/#website\"},\"primaryImageOfPage\":{\"@id\":\"https:\/\/www.blogsoestado.com\/danielmatos\/robson-paz-sera-secretario-de-comunicacao-no-governo-flavio-dino\/#primaryimage\"},\"image\":{\"@id\":\"https:\/\/www.blogsoestado.com\/danielmatos\/robson-paz-sera-secretario-de-comunicacao-no-governo-flavio-dino\/#primaryimage\"},\"thumbnailUrl\":\"https:\/\/www.blogsoestado.com\/danielmatos\/files\/2014\/11\/robson-paz2.jpg\",\"datePublished\":\"2014-11-12T11:56:17+00:00\",\"author\":{\"@id\":\"\"},\"breadcrumb\":{\"@id\":\"https:\/\/www.blogsoestado.com\/danielmatos\/robson-paz-sera-secretario-de-comunicacao-no-governo-flavio-dino\/#breadcrumb\"},\"inLanguage\":\"pt-BR\",\"potentialAction\":[{\"@type\":\"ReadAction\",\"target\":[\"https:\/\/www.blogsoestado.com\/danielmatos\/robson-paz-sera-secretario-de-comunicacao-no-governo-flavio-dino\/\"]}]},{\"@type\":\"ImageObject\",\"inLanguage\":\"pt-BR\",\"@id\":\"https:\/\/www.blogsoestado.com\/danielmatos\/robson-paz-sera-secretario-de-comunicacao-no-governo-flavio-dino\/#primaryimage\",\"url\":\"https:\/\/www.blogsoestado.com\/danielmatos\/files\/2014\/11\/robson-paz2.jpg\",\"contentUrl\":\"https:\/\/www.blogsoestado.com\/danielmatos\/files\/2014\/11\/robson-paz2.jpg\"},{\"@type\":\"BreadcrumbList\",\"@id\":\"https:\/\/www.blogsoestado.com\/danielmatos\/robson-paz-sera-secretario-de-comunicacao-no-governo-flavio-dino\/#breadcrumb\",\"itemListElement\":[{\"@type\":\"ListItem\",\"position\":1,\"name\":\"In\u00edcio\",\"item\":\"https:\/\/www.blogsoestado.com\/danielmatos\/\"},{\"@type\":\"ListItem\",\"position\":2,\"name\":\"Robson Paz ser\u00e1 secret\u00e1rio de Comunica\u00e7\u00e3o no governo Fl\u00e1vio Dino\"}]},{\"@type\":\"WebSite\",\"@id\":\"https:\/\/www.blogsoestado.com\/danielmatos\/#website\",\"url\":\"https:\/\/www.blogsoestado.com\/danielmatos\/\",\"name\":\"Daniel Matos\",\"description\":\"\",\"potentialAction\":[{\"@type\":\"SearchAction\",\"target\":{\"@type\":\"EntryPoint\",\"urlTemplate\":\"https:\/\/www.blogsoestado.com\/danielmatos\/?s={search_term_string}\"},\"query-input\":{\"@type\":\"PropertyValueSpecification\",\"valueRequired\":true,\"valueName\":\"search_term_string\"}}],\"inLanguage\":\"pt-BR\"}]}<\/script>\n<!-- \/ Yoast SEO plugin. -->","yoast_head_json":{"title":"Robson Paz ser\u00e1 secret\u00e1rio de Comunica\u00e7\u00e3o no governo Fl\u00e1vio Dino - Daniel Matos","robots":{"index":"index","follow":"follow","max-snippet":"max-snippet:-1","max-image-preview":"max-image-preview:large","max-video-preview":"max-video-preview:-1"},"canonical":"https:\/\/www.blogsoestado.com\/danielmatos\/robson-paz-sera-secretario-de-comunicacao-no-governo-flavio-dino\/","og_locale":"pt_BR","og_type":"article","og_title":"Robson Paz ser\u00e1 secret\u00e1rio de Comunica\u00e7\u00e3o no governo Fl\u00e1vio Dino - Daniel Matos","og_description":"Outro nome foi anunciado na manh\u00e3 desta quarta-feira (12) para compor a equipe de governo de Fl\u00e1vio Dino a partir [&hellip;]","og_url":"https:\/\/www.blogsoestado.com\/danielmatos\/robson-paz-sera-secretario-de-comunicacao-no-governo-flavio-dino\/","og_site_name":"Daniel Matos","article_published_time":"2014-11-12T11:56:17+00:00","og_image":[{"url":"https:\/\/www.blogsoestado.com\/danielmatos\/files\/2014\/11\/robson-paz2.jpg","type":"","width":"","height":""}],"twitter_card":"summary_large_image","twitter_misc":{"Est. tempo de leitura":"2 minutos"},"schema":{"@context":"https:\/\/schema.org","@graph":[{"@type":"WebPage","@id":"https:\/\/www.blogsoestado.com\/danielmatos\/robson-paz-sera-secretario-de-comunicacao-no-governo-flavio-dino\/","url":"https:\/\/www.blogsoestado.com\/danielmatos\/robson-paz-sera-secretario-de-comunicacao-no-governo-flavio-dino\/","name":"Robson Paz ser\u00e1 secret\u00e1rio de Comunica\u00e7\u00e3o no governo Fl\u00e1vio Dino - Daniel Matos","isPartOf":{"@id":"https:\/\/www.blogsoestado.com\/danielmatos\/#website"},"primaryImageOfPage":{"@id":"https:\/\/www.blogsoestado.com\/danielmatos\/robson-paz-sera-secretario-de-comunicacao-no-governo-flavio-dino\/#primaryimage"},"image":{"@id":"https:\/\/www.blogsoestado.com\/danielmatos\/robson-paz-sera-secretario-de-comunicacao-no-governo-flavio-dino\/#primaryimage"},"thumbnailUrl":"https:\/\/www.blogsoestado.com\/danielmatos\/files\/2014\/11\/robson-paz2.jpg","datePublished":"2014-11-12T11:56:17+00:00","author":{"@id":""},"breadcrumb":{"@id":"https:\/\/www.blogsoestado.com\/danielmatos\/robson-paz-sera-secretario-de-comunicacao-no-governo-flavio-dino\/#breadcrumb"},"inLanguage":"pt-BR","potentialAction":[{"@type":"ReadAction","target":["https:\/\/www.blogsoestado.com\/danielmatos\/robson-paz-sera-secretario-de-comunicacao-no-governo-flavio-dino\/"]}]},{"@type":"ImageObject","inLanguage":"pt-BR","@id":"https:\/\/www.blogsoestado.com\/danielmatos\/robson-paz-sera-secretario-de-comunicacao-no-governo-flavio-dino\/#primaryimage","url":"https:\/\/www.blogsoestado.com\/danielmatos\/files\/2014\/11\/robson-paz2.jpg","contentUrl":"https:\/\/www.blogsoestado.com\/danielmatos\/files\/2014\/11\/robson-paz2.jpg"},{"@type":"BreadcrumbList","@id":"https:\/\/www.blogsoestado.com\/danielmatos\/robson-paz-sera-secretario-de-comunicacao-no-governo-flavio-dino\/#breadcrumb","itemListElement":[{"@type":"ListItem","position":1,"name":"In\u00edcio","item":"https:\/\/www.blogsoestado.com\/danielmatos\/"},{"@type":"ListItem","position":2,"name":"Robson Paz ser\u00e1 secret\u00e1rio de Comunica\u00e7\u00e3o no governo Fl\u00e1vio Dino"}]},{"@type":"WebSite","@id":"https:\/\/www.blogsoestado.com\/danielmatos\/#website","url":"https:\/\/www.blogsoestado.com\/danielmatos\/","name":"Daniel Matos","description":"","potentialAction":[{"@type":"SearchAction","target":{"@type":"EntryPoint","urlTemplate":"https:\/\/www.blogsoestado.com\/danielmatos\/?s={search_term_string}"},"query-input":{"@type":"PropertyValueSpecification","valueRequired":true,"valueName":"search_term_string"}}],"inLanguage":"pt-BR"}]}},"jetpack_featured_media_url":"","_links":{"self":[{"href":"https:\/\/www.blogsoestado.com\/danielmatos\/wp-json\/wp\/v2\/posts\/20423","targetHints":{"allow":["GET"]}}],"collection":[{"href":"https:\/\/www.blogsoestado.com\/danielmatos\/wp-json\/wp\/v2\/posts"}],"about":[{"href":"https:\/\/www.blogsoestado.com\/danielmatos\/wp-json\/wp\/v2\/types\/post"}],"replies":[{"embeddable":true,"href":"https:\/\/www.blogsoestado.com\/danielmatos\/wp-json\/wp\/v2\/comments?post=20423"}],"version-history":[{"count":0,"href":"https:\/\/www.blogsoestado.com\/danielmatos\/wp-json\/wp\/v2\/posts\/20423\/revisions"}],"wp:attachment":[{"href":"https:\/\/www.blogsoestado.com\/danielmatos\/wp-json\/wp\/v2\/media?parent=20423"}],"wp:term":[{"taxonomy":"category","embeddable":true,"href":"https:\/\/www.blogsoestado.com\/danielmatos\/wp-json\/wp\/v2\/categories?post=20423"},{"taxonomy":"post_tag","embeddable":true,"href":"https:\/\/www.blogsoestado.com\/danielmatos\/wp-json\/wp\/v2\/tags?post=20423"}],"curies":[{"name":"wp","href":"https:\/\/api.w.org\/{rel}","templated":true}]}}