{"id":20430,"date":"2014-11-12T16:05:10","date_gmt":"2014-11-12T19:05:10","guid":{"rendered":"https:\/\/www.blogsoestado.com\/danielmatos\/?p=20430"},"modified":"2014-11-12T16:05:10","modified_gmt":"2014-11-12T19:05:10","slug":"concurso-prefeitura-de-paco-do-lumiar-convoca-candidatos-para-provas-pratica-e-de-titulos","status":"publish","type":"post","link":"https:\/\/www.blogsoestado.com\/danielmatos\/concurso-prefeitura-de-paco-do-lumiar-convoca-candidatos-para-provas-pratica-e-de-titulos\/","title":{"rendered":"Concurso: Prefeitura de Pa\u00e7o do Lumiar convoca candidatos para provas pr\u00e1tica e de t\u00edtulos"},"content":{"rendered":"<p><span style=\"font-family: verdana, sans-serif;\"><a href=\"https:\/\/www.blogsoestado.com\/danielmatos\/files\/2014\/11\/pa\u00e7o-do-lumiar.jpg\"><img decoding=\"async\" class=\"alignright size-full wp-image-20431\" src=\"https:\/\/www.blogsoestado.com\/danielmatos\/files\/2014\/11\/pa\u00e7o-do-lumiar.jpg\" alt=\"pa\u00e7o do lumiar\" width=\"200\" height=\"78\" \/><\/a>Foi divulgada nesta ter\u00e7a-feira, 11, pela Funda\u00e7\u00e3o Sousandrade, a rela\u00e7\u00e3o dos candidatos habilitados na prova te\u00f3rica de m\u00faltipla escolha a realizarem a\u00a0Prova de T\u00edtulos e Prova Pr\u00e1tica, do Concurso P\u00fablico da Prefeitura Municipal de Pa\u00e7o do Lumiar.\u00a0<\/span>Os testes e avalia\u00e7\u00e3o dos documentos ser\u00e3o aplicados no per\u00edodo de 14 a 17 de novembro.<\/p>\n<div>\n<div>Mais informa\u00e7\u00f5es devem ser consultadas no Edital de Convoca\u00e7\u00e3o dispon\u00edvel no site da Funda\u00e7\u00e3o Sousandrade\u00a0(<a href=\"Link: http:\/\/www.fsadu.org.br\/concursos\/proc\/motor.php?modulo=info&amp;cconc=4d2e7bd33c475784381a64e43e50922f\" target=\"_blank\">www.fsadu.org.br<\/a>).<\/div>\n<div><\/div>\n<div>Link:\u00a0<a href=\"http:\/\/www.fsadu.org.br\/concursos\/proc\/motor.php?modulo=info&amp;cconc=4d2e7bd33c475784381a64e43e50922f\" target=\"_blank\">http:\/\/www.fsadu.org.br\/<wbr \/>concursos\/proc\/motor.php?<wbr \/>modulo=info&amp;cconc=<wbr \/>4d2e7bd33c475784381a64e43e5092<wbr \/>2f<\/a><\/div>\n<\/div>\n","protected":false},"excerpt":{"rendered":"<p>Foi divulgada nesta ter\u00e7a-feira, 11, pela Funda\u00e7\u00e3o Sousandrade, a rela\u00e7\u00e3o dos candidatos habilitados na prova te\u00f3rica de m\u00faltipla escolha a [&hellip;]<\/p>\n","protected":false},"author":0,"featured_media":0,"comment_status":"open","ping_status":"open","sticky":false,"template":"","format":"standard","meta":{"site-sidebar-layout":"default","site-content-layout":"","ast-site-content-layout":"default","site-content-style":"default","site-sidebar-style":"default","ast-global-header-display":"","ast-banner-title-visibility":"","ast-main-header-display":"","ast-hfb-above-header-display":"","ast-hfb-below-header-display":"","ast-hfb-mobile-header-display":"","site-post-title":"","ast-breadcrumbs-content":"","ast-featured-img":"","footer-sml-layout":"","ast-disable-related-posts":"","theme-transparent-header-meta":"","adv-header-id-meta":"","stick-header-meta":"","header-above-stick-meta":"","header-main-stick-meta":"","header-below-stick-meta":"","astra-migrate-meta-layouts":"default","ast-page-background-enabled":"default","ast-page-background-meta":{"desktop":{"background-color":"var(--ast-global-color-5)","background-image":"","background-repeat":"repeat","background-position":"center center","background-size":"auto","background-attachment":"scroll","background-type":"","background-media":"","overlay-type":"","overlay-color":"","overlay-opacity":"","overlay-gradient":""},"tablet":{"background-color":"","background-image":"","background-repeat":"repeat","background-position":"center center","background-size":"auto","background-attachment":"scroll","background-type":"","background-media":"","overlay-type":"","overlay-color":"","overlay-opacity":"","overlay-gradient":""},"mobile":{"background-color":"","background-image":"","background-repeat":"repeat","background-position":"center center","background-size":"auto","background-attachment":"scroll","background-type":"","background-media":"","overlay-type":"","overlay-color":"","overlay-opacity":"","overlay-gradient":""}},"ast-content-background-meta":{"desktop":{"background-color":"var(--ast-global-color-4)","background-image":"","background-repeat":"repeat","background-position":"center center","background-size":"auto","background-attachment":"scroll","background-type":"","background-media":"","overlay-type":"","overlay-color":"","overlay-opacity":"","overlay-gradient":""},"tablet":{"background-color":"var(--ast-global-color-4)","background-image":"","background-repeat":"repeat","background-position":"center center","background-size":"auto","background-attachment":"scroll","background-type":"","background-media":"","overlay-type":"","overlay-color":"","overlay-opacity":"","overlay-gradient":""},"mobile":{"background-color":"var(--ast-global-color-4)","background-image":"","background-repeat":"repeat","background-position":"center center","background-size":"auto","background-attachment":"scroll","background-type":"","background-media":"","overlay-type":"","overlay-color":"","overlay-opacity":"","overlay-gradient":""}},"footnotes":""},"categories":[1],"tags":[],"class_list":["post-20430","post","type-post","status-publish","format-standard","hentry","category-sem-categoria"],"yoast_head":"<!-- This site is optimized with the Yoast SEO plugin v26.6 - https:\/\/yoast.com\/wordpress\/plugins\/seo\/ -->\n<title>Concurso: Prefeitura de Pa\u00e7o do Lumiar convoca candidatos para provas pr\u00e1tica e de t\u00edtulos - Daniel Matos<\/title>\n<meta name=\"robots\" content=\"index, follow, max-snippet:-1, max-image-preview:large, max-video-preview:-1\" \/>\n<link rel=\"canonical\" href=\"https:\/\/www.blogsoestado.com\/danielmatos\/concurso-prefeitura-de-paco-do-lumiar-convoca-candidatos-para-provas-pratica-e-de-titulos\/\" \/>\n<meta property=\"og:locale\" content=\"pt_BR\" \/>\n<meta property=\"og:type\" content=\"article\" \/>\n<meta property=\"og:title\" content=\"Concurso: Prefeitura de Pa\u00e7o do Lumiar convoca candidatos para provas pr\u00e1tica e de t\u00edtulos - Daniel Matos\" \/>\n<meta property=\"og:description\" content=\"Foi divulgada nesta ter\u00e7a-feira, 11, pela Funda\u00e7\u00e3o Sousandrade, a rela\u00e7\u00e3o dos candidatos habilitados na prova te\u00f3rica de m\u00faltipla escolha a [&hellip;]\" \/>\n<meta property=\"og:url\" content=\"https:\/\/www.blogsoestado.com\/danielmatos\/concurso-prefeitura-de-paco-do-lumiar-convoca-candidatos-para-provas-pratica-e-de-titulos\/\" \/>\n<meta property=\"og:site_name\" content=\"Daniel Matos\" \/>\n<meta property=\"article:published_time\" content=\"2014-11-12T19:05:10+00:00\" \/>\n<meta name=\"twitter:card\" content=\"summary_large_image\" \/>\n<meta name=\"twitter:label1\" content=\"Est. tempo de leitura\" \/>\n\t<meta name=\"twitter:data1\" content=\"1 minuto\" \/>\n<script type=\"application\/ld+json\" class=\"yoast-schema-graph\">{\"@context\":\"https:\/\/schema.org\",\"@graph\":[{\"@type\":\"WebPage\",\"@id\":\"https:\/\/www.blogsoestado.com\/danielmatos\/concurso-prefeitura-de-paco-do-lumiar-convoca-candidatos-para-provas-pratica-e-de-titulos\/\",\"url\":\"https:\/\/www.blogsoestado.com\/danielmatos\/concurso-prefeitura-de-paco-do-lumiar-convoca-candidatos-para-provas-pratica-e-de-titulos\/\",\"name\":\"Concurso: Prefeitura de Pa\u00e7o do Lumiar convoca candidatos para provas pr\u00e1tica e de t\u00edtulos - Daniel Matos\",\"isPartOf\":{\"@id\":\"https:\/\/www.blogsoestado.com\/danielmatos\/#website\"},\"datePublished\":\"2014-11-12T19:05:10+00:00\",\"author\":{\"@id\":\"\"},\"breadcrumb\":{\"@id\":\"https:\/\/www.blogsoestado.com\/danielmatos\/concurso-prefeitura-de-paco-do-lumiar-convoca-candidatos-para-provas-pratica-e-de-titulos\/#breadcrumb\"},\"inLanguage\":\"pt-BR\",\"potentialAction\":[{\"@type\":\"ReadAction\",\"target\":[\"https:\/\/www.blogsoestado.com\/danielmatos\/concurso-prefeitura-de-paco-do-lumiar-convoca-candidatos-para-provas-pratica-e-de-titulos\/\"]}]},{\"@type\":\"BreadcrumbList\",\"@id\":\"https:\/\/www.blogsoestado.com\/danielmatos\/concurso-prefeitura-de-paco-do-lumiar-convoca-candidatos-para-provas-pratica-e-de-titulos\/#breadcrumb\",\"itemListElement\":[{\"@type\":\"ListItem\",\"position\":1,\"name\":\"In\u00edcio\",\"item\":\"https:\/\/www.blogsoestado.com\/danielmatos\/\"},{\"@type\":\"ListItem\",\"position\":2,\"name\":\"Concurso: Prefeitura de Pa\u00e7o do Lumiar convoca candidatos para provas pr\u00e1tica e de t\u00edtulos\"}]},{\"@type\":\"WebSite\",\"@id\":\"https:\/\/www.blogsoestado.com\/danielmatos\/#website\",\"url\":\"https:\/\/www.blogsoestado.com\/danielmatos\/\",\"name\":\"Daniel Matos\",\"description\":\"\",\"potentialAction\":[{\"@type\":\"SearchAction\",\"target\":{\"@type\":\"EntryPoint\",\"urlTemplate\":\"https:\/\/www.blogsoestado.com\/danielmatos\/?s={search_term_string}\"},\"query-input\":{\"@type\":\"PropertyValueSpecification\",\"valueRequired\":true,\"valueName\":\"search_term_string\"}}],\"inLanguage\":\"pt-BR\"}]}<\/script>\n<!-- \/ Yoast SEO plugin. -->","yoast_head_json":{"title":"Concurso: Prefeitura de Pa\u00e7o do Lumiar convoca candidatos para provas pr\u00e1tica e de t\u00edtulos - Daniel Matos","robots":{"index":"index","follow":"follow","max-snippet":"max-snippet:-1","max-image-preview":"max-image-preview:large","max-video-preview":"max-video-preview:-1"},"canonical":"https:\/\/www.blogsoestado.com\/danielmatos\/concurso-prefeitura-de-paco-do-lumiar-convoca-candidatos-para-provas-pratica-e-de-titulos\/","og_locale":"pt_BR","og_type":"article","og_title":"Concurso: Prefeitura de Pa\u00e7o do Lumiar convoca candidatos para provas pr\u00e1tica e de t\u00edtulos - Daniel Matos","og_description":"Foi divulgada nesta ter\u00e7a-feira, 11, pela Funda\u00e7\u00e3o Sousandrade, a rela\u00e7\u00e3o dos candidatos habilitados na prova te\u00f3rica de m\u00faltipla escolha a [&hellip;]","og_url":"https:\/\/www.blogsoestado.com\/danielmatos\/concurso-prefeitura-de-paco-do-lumiar-convoca-candidatos-para-provas-pratica-e-de-titulos\/","og_site_name":"Daniel Matos","article_published_time":"2014-11-12T19:05:10+00:00","twitter_card":"summary_large_image","twitter_misc":{"Est. tempo de leitura":"1 minuto"},"schema":{"@context":"https:\/\/schema.org","@graph":[{"@type":"WebPage","@id":"https:\/\/www.blogsoestado.com\/danielmatos\/concurso-prefeitura-de-paco-do-lumiar-convoca-candidatos-para-provas-pratica-e-de-titulos\/","url":"https:\/\/www.blogsoestado.com\/danielmatos\/concurso-prefeitura-de-paco-do-lumiar-convoca-candidatos-para-provas-pratica-e-de-titulos\/","name":"Concurso: Prefeitura de Pa\u00e7o do Lumiar convoca candidatos para provas pr\u00e1tica e de t\u00edtulos - Daniel Matos","isPartOf":{"@id":"https:\/\/www.blogsoestado.com\/danielmatos\/#website"},"datePublished":"2014-11-12T19:05:10+00:00","author":{"@id":""},"breadcrumb":{"@id":"https:\/\/www.blogsoestado.com\/danielmatos\/concurso-prefeitura-de-paco-do-lumiar-convoca-candidatos-para-provas-pratica-e-de-titulos\/#breadcrumb"},"inLanguage":"pt-BR","potentialAction":[{"@type":"ReadAction","target":["https:\/\/www.blogsoestado.com\/danielmatos\/concurso-prefeitura-de-paco-do-lumiar-convoca-candidatos-para-provas-pratica-e-de-titulos\/"]}]},{"@type":"BreadcrumbList","@id":"https:\/\/www.blogsoestado.com\/danielmatos\/concurso-prefeitura-de-paco-do-lumiar-convoca-candidatos-para-provas-pratica-e-de-titulos\/#breadcrumb","itemListElement":[{"@type":"ListItem","position":1,"name":"In\u00edcio","item":"https:\/\/www.blogsoestado.com\/danielmatos\/"},{"@type":"ListItem","position":2,"name":"Concurso: Prefeitura de Pa\u00e7o do Lumiar convoca candidatos para provas pr\u00e1tica e de t\u00edtulos"}]},{"@type":"WebSite","@id":"https:\/\/www.blogsoestado.com\/danielmatos\/#website","url":"https:\/\/www.blogsoestado.com\/danielmatos\/","name":"Daniel Matos","description":"","potentialAction":[{"@type":"SearchAction","target":{"@type":"EntryPoint","urlTemplate":"https:\/\/www.blogsoestado.com\/danielmatos\/?s={search_term_string}"},"query-input":{"@type":"PropertyValueSpecification","valueRequired":true,"valueName":"search_term_string"}}],"inLanguage":"pt-BR"}]}},"jetpack_featured_media_url":"","_links":{"self":[{"href":"https:\/\/www.blogsoestado.com\/danielmatos\/wp-json\/wp\/v2\/posts\/20430","targetHints":{"allow":["GET"]}}],"collection":[{"href":"https:\/\/www.blogsoestado.com\/danielmatos\/wp-json\/wp\/v2\/posts"}],"about":[{"href":"https:\/\/www.blogsoestado.com\/danielmatos\/wp-json\/wp\/v2\/types\/post"}],"replies":[{"embeddable":true,"href":"https:\/\/www.blogsoestado.com\/danielmatos\/wp-json\/wp\/v2\/comments?post=20430"}],"version-history":[{"count":0,"href":"https:\/\/www.blogsoestado.com\/danielmatos\/wp-json\/wp\/v2\/posts\/20430\/revisions"}],"wp:attachment":[{"href":"https:\/\/www.blogsoestado.com\/danielmatos\/wp-json\/wp\/v2\/media?parent=20430"}],"wp:term":[{"taxonomy":"category","embeddable":true,"href":"https:\/\/www.blogsoestado.com\/danielmatos\/wp-json\/wp\/v2\/categories?post=20430"},{"taxonomy":"post_tag","embeddable":true,"href":"https:\/\/www.blogsoestado.com\/danielmatos\/wp-json\/wp\/v2\/tags?post=20430"}],"curies":[{"name":"wp","href":"https:\/\/api.w.org\/{rel}","templated":true}]}}