{"id":20434,"date":"2014-11-12T16:24:16","date_gmt":"2014-11-12T19:24:16","guid":{"rendered":"https:\/\/www.blogsoestado.com\/danielmatos\/?p=20434"},"modified":"2014-11-12T16:24:16","modified_gmt":"2014-11-12T19:24:16","slug":"batista-matos-assume-secretaria-municipal-de-comunicacao","status":"publish","type":"post","link":"https:\/\/www.blogsoestado.com\/danielmatos\/batista-matos-assume-secretaria-municipal-de-comunicacao\/","title":{"rendered":"Batista Matos assume Secretaria Municipal de Comunica\u00e7\u00e3o"},"content":{"rendered":"<figure id=\"attachment_20435\" aria-describedby=\"caption-attachment-20435\" style=\"width: 448px\" class=\"wp-caption alignleft\"><a href=\"https:\/\/www.blogsoestado.com\/danielmatos\/files\/2014\/11\/batista-matos.jpg\"><img fetchpriority=\"high\" decoding=\"async\" class=\"size-full wp-image-20435\" src=\"https:\/\/www.blogsoestado.com\/danielmatos\/files\/2014\/11\/batista-matos.jpg\" alt=\"Radialista Batista Matos \u00e9 o novo secret\u00e1rio municipal de Comunica\u00e7\u00e3o\" width=\"448\" height=\"297\" \/><\/a><figcaption id=\"caption-attachment-20435\" class=\"wp-caption-text\">Radialista Batista Matos \u00e9 o novo secret\u00e1rio municipal de Comunica\u00e7\u00e3o<\/figcaption><\/figure>\n<p>O prefeito de S\u00e3o Lu\u00eds, Edivaldo Holanda J\u00fanior, comunica mudan\u00e7a em sua equipe de governo. O radialista Batista Matos substitui o radialista e jornalista Robson Paz na Secretaria Municipal de Comunica\u00e7\u00e3o (Secom).<\/p>\n<p>A mudan\u00e7a ocorre em face de convite do governador eleito Fl\u00e1vio Dino para que Robson Paz assuma a Secretaria de Estado de Comunica\u00e7\u00e3o Social.<\/p>\n<p><strong>Perfil<\/strong><\/p>\n<p>Jo\u00e3o Batista Matos \u00e9 radialista, formado pela Universidade Federal do Maranh\u00e3o (UFMA). Atuou nos jornais <strong>O Estado do Maranh\u00e3o<\/strong>, O Imparcial e nas r\u00e1dios Mirante AM e FM Esperan\u00e7a.<\/p>\n<p>Ainda na \u00e1rea de comunica\u00e7\u00e3o, tamb\u00e9m realizou trabalhos para a BBC (Londres), Rede Boas Novas, Jornal O Lance (RJ) e foi apresentador do Programa Marrap\u00e1 (governo Z\u00e9 Reinaldo), al\u00e9m de assessorias e consultorias no meio pol\u00edtico e empresarial.<\/p>\n<p>Batista Matos \u00e9 militante nos movimentos comunit\u00e1rios e religiosos ligados \u00e0\u00a0defesa da crian\u00e7a, tendo sido vice-presidente do Conselho Municipal da Crian\u00e7a e Adolescente (CMDCA). Tamb\u00e9m atua em a\u00e7\u00f5es de combate as drogas e a viol\u00eancia por meio do esporte e cultura.<\/p>\n<p>Filiado ao PPS, foi secret\u00e1rio adjunto de esporte na gest\u00e3o municipal anterior e atualmente exerce o mandato de vereador na C\u00e2mara Municipal de S\u00e3o Lu\u00eds.<\/p>\n<p><strong>Fonte:<\/strong> Secretaria Municipal de Comunica\u00e7\u00e3o (Secom)<\/p>\n","protected":false},"excerpt":{"rendered":"<p>O prefeito de S\u00e3o Lu\u00eds, Edivaldo Holanda J\u00fanior, comunica mudan\u00e7a em sua equipe de governo. O radialista Batista Matos substitui [&hellip;]<\/p>\n","protected":false},"author":0,"featured_media":0,"comment_status":"open","ping_status":"open","sticky":false,"template":"","format":"standard","meta":{"site-sidebar-layout":"default","site-content-layout":"","ast-site-content-layout":"default","site-content-style":"default","site-sidebar-style":"default","ast-global-header-display":"","ast-banner-title-visibility":"","ast-main-header-display":"","ast-hfb-above-header-display":"","ast-hfb-below-header-display":"","ast-hfb-mobile-header-display":"","site-post-title":"","ast-breadcrumbs-content":"","ast-featured-img":"","footer-sml-layout":"","ast-disable-related-posts":"","theme-transparent-header-meta":"","adv-header-id-meta":"","stick-header-meta":"","header-above-stick-meta":"","header-main-stick-meta":"","header-below-stick-meta":"","astra-migrate-meta-layouts":"default","ast-page-background-enabled":"default","ast-page-background-meta":{"desktop":{"background-color":"var(--ast-global-color-5)","background-image":"","background-repeat":"repeat","background-position":"center center","background-size":"auto","background-attachment":"scroll","background-type":"","background-media":"","overlay-type":"","overlay-color":"","overlay-opacity":"","overlay-gradient":""},"tablet":{"background-color":"","background-image":"","background-repeat":"repeat","background-position":"center center","background-size":"auto","background-attachment":"scroll","background-type":"","background-media":"","overlay-type":"","overlay-color":"","overlay-opacity":"","overlay-gradient":""},"mobile":{"background-color":"","background-image":"","background-repeat":"repeat","background-position":"center center","background-size":"auto","background-attachment":"scroll","background-type":"","background-media":"","overlay-type":"","overlay-color":"","overlay-opacity":"","overlay-gradient":""}},"ast-content-background-meta":{"desktop":{"background-color":"var(--ast-global-color-4)","background-image":"","background-repeat":"repeat","background-position":"center center","background-size":"auto","background-attachment":"scroll","background-type":"","background-media":"","overlay-type":"","overlay-color":"","overlay-opacity":"","overlay-gradient":""},"tablet":{"background-color":"var(--ast-global-color-4)","background-image":"","background-repeat":"repeat","background-position":"center center","background-size":"auto","background-attachment":"scroll","background-type":"","background-media":"","overlay-type":"","overlay-color":"","overlay-opacity":"","overlay-gradient":""},"mobile":{"background-color":"var(--ast-global-color-4)","background-image":"","background-repeat":"repeat","background-position":"center center","background-size":"auto","background-attachment":"scroll","background-type":"","background-media":"","overlay-type":"","overlay-color":"","overlay-opacity":"","overlay-gradient":""}},"footnotes":""},"categories":[1],"tags":[],"class_list":["post-20434","post","type-post","status-publish","format-standard","hentry","category-sem-categoria"],"yoast_head":"<!-- This site is optimized with the Yoast SEO plugin v26.6 - https:\/\/yoast.com\/wordpress\/plugins\/seo\/ -->\n<title>Batista Matos assume Secretaria Municipal de Comunica\u00e7\u00e3o - Daniel Matos<\/title>\n<meta name=\"robots\" content=\"index, follow, max-snippet:-1, max-image-preview:large, max-video-preview:-1\" \/>\n<link rel=\"canonical\" href=\"https:\/\/www.blogsoestado.com\/danielmatos\/batista-matos-assume-secretaria-municipal-de-comunicacao\/\" \/>\n<meta property=\"og:locale\" content=\"pt_BR\" \/>\n<meta property=\"og:type\" content=\"article\" \/>\n<meta property=\"og:title\" content=\"Batista Matos assume Secretaria Municipal de Comunica\u00e7\u00e3o - Daniel Matos\" \/>\n<meta property=\"og:description\" content=\"O prefeito de S\u00e3o Lu\u00eds, Edivaldo Holanda J\u00fanior, comunica mudan\u00e7a em sua equipe de governo. O radialista Batista Matos substitui [&hellip;]\" \/>\n<meta property=\"og:url\" content=\"https:\/\/www.blogsoestado.com\/danielmatos\/batista-matos-assume-secretaria-municipal-de-comunicacao\/\" \/>\n<meta property=\"og:site_name\" content=\"Daniel Matos\" \/>\n<meta property=\"article:published_time\" content=\"2014-11-12T19:24:16+00:00\" \/>\n<meta property=\"og:image\" content=\"https:\/\/www.blogsoestado.com\/danielmatos\/files\/2014\/11\/batista-matos.jpg\" \/>\n<meta name=\"twitter:card\" content=\"summary_large_image\" \/>\n<meta name=\"twitter:label1\" content=\"Est. tempo de leitura\" \/>\n\t<meta name=\"twitter:data1\" content=\"1 minuto\" \/>\n<script type=\"application\/ld+json\" class=\"yoast-schema-graph\">{\"@context\":\"https:\/\/schema.org\",\"@graph\":[{\"@type\":\"WebPage\",\"@id\":\"https:\/\/www.blogsoestado.com\/danielmatos\/batista-matos-assume-secretaria-municipal-de-comunicacao\/\",\"url\":\"https:\/\/www.blogsoestado.com\/danielmatos\/batista-matos-assume-secretaria-municipal-de-comunicacao\/\",\"name\":\"Batista Matos assume Secretaria Municipal de Comunica\u00e7\u00e3o - Daniel Matos\",\"isPartOf\":{\"@id\":\"https:\/\/www.blogsoestado.com\/danielmatos\/#website\"},\"primaryImageOfPage\":{\"@id\":\"https:\/\/www.blogsoestado.com\/danielmatos\/batista-matos-assume-secretaria-municipal-de-comunicacao\/#primaryimage\"},\"image\":{\"@id\":\"https:\/\/www.blogsoestado.com\/danielmatos\/batista-matos-assume-secretaria-municipal-de-comunicacao\/#primaryimage\"},\"thumbnailUrl\":\"https:\/\/www.blogsoestado.com\/danielmatos\/files\/2014\/11\/batista-matos.jpg\",\"datePublished\":\"2014-11-12T19:24:16+00:00\",\"author\":{\"@id\":\"\"},\"breadcrumb\":{\"@id\":\"https:\/\/www.blogsoestado.com\/danielmatos\/batista-matos-assume-secretaria-municipal-de-comunicacao\/#breadcrumb\"},\"inLanguage\":\"pt-BR\",\"potentialAction\":[{\"@type\":\"ReadAction\",\"target\":[\"https:\/\/www.blogsoestado.com\/danielmatos\/batista-matos-assume-secretaria-municipal-de-comunicacao\/\"]}]},{\"@type\":\"ImageObject\",\"inLanguage\":\"pt-BR\",\"@id\":\"https:\/\/www.blogsoestado.com\/danielmatos\/batista-matos-assume-secretaria-municipal-de-comunicacao\/#primaryimage\",\"url\":\"https:\/\/www.blogsoestado.com\/danielmatos\/files\/2014\/11\/batista-matos.jpg\",\"contentUrl\":\"https:\/\/www.blogsoestado.com\/danielmatos\/files\/2014\/11\/batista-matos.jpg\"},{\"@type\":\"BreadcrumbList\",\"@id\":\"https:\/\/www.blogsoestado.com\/danielmatos\/batista-matos-assume-secretaria-municipal-de-comunicacao\/#breadcrumb\",\"itemListElement\":[{\"@type\":\"ListItem\",\"position\":1,\"name\":\"In\u00edcio\",\"item\":\"https:\/\/www.blogsoestado.com\/danielmatos\/\"},{\"@type\":\"ListItem\",\"position\":2,\"name\":\"Batista Matos assume Secretaria Municipal de Comunica\u00e7\u00e3o\"}]},{\"@type\":\"WebSite\",\"@id\":\"https:\/\/www.blogsoestado.com\/danielmatos\/#website\",\"url\":\"https:\/\/www.blogsoestado.com\/danielmatos\/\",\"name\":\"Daniel Matos\",\"description\":\"\",\"potentialAction\":[{\"@type\":\"SearchAction\",\"target\":{\"@type\":\"EntryPoint\",\"urlTemplate\":\"https:\/\/www.blogsoestado.com\/danielmatos\/?s={search_term_string}\"},\"query-input\":{\"@type\":\"PropertyValueSpecification\",\"valueRequired\":true,\"valueName\":\"search_term_string\"}}],\"inLanguage\":\"pt-BR\"}]}<\/script>\n<!-- \/ Yoast SEO plugin. -->","yoast_head_json":{"title":"Batista Matos assume Secretaria Municipal de Comunica\u00e7\u00e3o - Daniel Matos","robots":{"index":"index","follow":"follow","max-snippet":"max-snippet:-1","max-image-preview":"max-image-preview:large","max-video-preview":"max-video-preview:-1"},"canonical":"https:\/\/www.blogsoestado.com\/danielmatos\/batista-matos-assume-secretaria-municipal-de-comunicacao\/","og_locale":"pt_BR","og_type":"article","og_title":"Batista Matos assume Secretaria Municipal de Comunica\u00e7\u00e3o - Daniel Matos","og_description":"O prefeito de S\u00e3o Lu\u00eds, Edivaldo Holanda J\u00fanior, comunica mudan\u00e7a em sua equipe de governo. O radialista Batista Matos substitui [&hellip;]","og_url":"https:\/\/www.blogsoestado.com\/danielmatos\/batista-matos-assume-secretaria-municipal-de-comunicacao\/","og_site_name":"Daniel Matos","article_published_time":"2014-11-12T19:24:16+00:00","og_image":[{"url":"https:\/\/www.blogsoestado.com\/danielmatos\/files\/2014\/11\/batista-matos.jpg","type":"","width":"","height":""}],"twitter_card":"summary_large_image","twitter_misc":{"Est. tempo de leitura":"1 minuto"},"schema":{"@context":"https:\/\/schema.org","@graph":[{"@type":"WebPage","@id":"https:\/\/www.blogsoestado.com\/danielmatos\/batista-matos-assume-secretaria-municipal-de-comunicacao\/","url":"https:\/\/www.blogsoestado.com\/danielmatos\/batista-matos-assume-secretaria-municipal-de-comunicacao\/","name":"Batista Matos assume Secretaria Municipal de Comunica\u00e7\u00e3o - Daniel Matos","isPartOf":{"@id":"https:\/\/www.blogsoestado.com\/danielmatos\/#website"},"primaryImageOfPage":{"@id":"https:\/\/www.blogsoestado.com\/danielmatos\/batista-matos-assume-secretaria-municipal-de-comunicacao\/#primaryimage"},"image":{"@id":"https:\/\/www.blogsoestado.com\/danielmatos\/batista-matos-assume-secretaria-municipal-de-comunicacao\/#primaryimage"},"thumbnailUrl":"https:\/\/www.blogsoestado.com\/danielmatos\/files\/2014\/11\/batista-matos.jpg","datePublished":"2014-11-12T19:24:16+00:00","author":{"@id":""},"breadcrumb":{"@id":"https:\/\/www.blogsoestado.com\/danielmatos\/batista-matos-assume-secretaria-municipal-de-comunicacao\/#breadcrumb"},"inLanguage":"pt-BR","potentialAction":[{"@type":"ReadAction","target":["https:\/\/www.blogsoestado.com\/danielmatos\/batista-matos-assume-secretaria-municipal-de-comunicacao\/"]}]},{"@type":"ImageObject","inLanguage":"pt-BR","@id":"https:\/\/www.blogsoestado.com\/danielmatos\/batista-matos-assume-secretaria-municipal-de-comunicacao\/#primaryimage","url":"https:\/\/www.blogsoestado.com\/danielmatos\/files\/2014\/11\/batista-matos.jpg","contentUrl":"https:\/\/www.blogsoestado.com\/danielmatos\/files\/2014\/11\/batista-matos.jpg"},{"@type":"BreadcrumbList","@id":"https:\/\/www.blogsoestado.com\/danielmatos\/batista-matos-assume-secretaria-municipal-de-comunicacao\/#breadcrumb","itemListElement":[{"@type":"ListItem","position":1,"name":"In\u00edcio","item":"https:\/\/www.blogsoestado.com\/danielmatos\/"},{"@type":"ListItem","position":2,"name":"Batista Matos assume Secretaria Municipal de Comunica\u00e7\u00e3o"}]},{"@type":"WebSite","@id":"https:\/\/www.blogsoestado.com\/danielmatos\/#website","url":"https:\/\/www.blogsoestado.com\/danielmatos\/","name":"Daniel Matos","description":"","potentialAction":[{"@type":"SearchAction","target":{"@type":"EntryPoint","urlTemplate":"https:\/\/www.blogsoestado.com\/danielmatos\/?s={search_term_string}"},"query-input":{"@type":"PropertyValueSpecification","valueRequired":true,"valueName":"search_term_string"}}],"inLanguage":"pt-BR"}]}},"jetpack_featured_media_url":"","_links":{"self":[{"href":"https:\/\/www.blogsoestado.com\/danielmatos\/wp-json\/wp\/v2\/posts\/20434","targetHints":{"allow":["GET"]}}],"collection":[{"href":"https:\/\/www.blogsoestado.com\/danielmatos\/wp-json\/wp\/v2\/posts"}],"about":[{"href":"https:\/\/www.blogsoestado.com\/danielmatos\/wp-json\/wp\/v2\/types\/post"}],"replies":[{"embeddable":true,"href":"https:\/\/www.blogsoestado.com\/danielmatos\/wp-json\/wp\/v2\/comments?post=20434"}],"version-history":[{"count":0,"href":"https:\/\/www.blogsoestado.com\/danielmatos\/wp-json\/wp\/v2\/posts\/20434\/revisions"}],"wp:attachment":[{"href":"https:\/\/www.blogsoestado.com\/danielmatos\/wp-json\/wp\/v2\/media?parent=20434"}],"wp:term":[{"taxonomy":"category","embeddable":true,"href":"https:\/\/www.blogsoestado.com\/danielmatos\/wp-json\/wp\/v2\/categories?post=20434"},{"taxonomy":"post_tag","embeddable":true,"href":"https:\/\/www.blogsoestado.com\/danielmatos\/wp-json\/wp\/v2\/tags?post=20434"}],"curies":[{"name":"wp","href":"https:\/\/api.w.org\/{rel}","templated":true}]}}