{"id":20442,"date":"2014-11-12T17:21:35","date_gmt":"2014-11-12T20:21:35","guid":{"rendered":"https:\/\/www.blogsoestado.com\/danielmatos\/?p=20442"},"modified":"2014-11-12T17:21:35","modified_gmt":"2014-11-12T20:21:35","slug":"concurso-publico-e-uma-das-prioridades-do-orcamento-da-prefeitura-de-sao-luis-para-2015","status":"publish","type":"post","link":"https:\/\/www.blogsoestado.com\/danielmatos\/concurso-publico-e-uma-das-prioridades-do-orcamento-da-prefeitura-de-sao-luis-para-2015\/","title":{"rendered":"Concurso p\u00fablico \u00e9 uma das prioridades do or\u00e7amento da Prefeitura de S\u00e3o Lu\u00eds para 2015"},"content":{"rendered":"<figure id=\"attachment_20443\" aria-describedby=\"caption-attachment-20443\" style=\"width: 448px\" class=\"wp-caption alignright\"><a href=\"https:\/\/www.blogsoestado.com\/danielmatos\/files\/2014\/11\/cursino-or\u00e7amento2.jpg\"><img fetchpriority=\"high\" decoding=\"async\" class=\"size-full wp-image-20443\" src=\"https:\/\/www.blogsoestado.com\/danielmatos\/files\/2014\/11\/cursino-or\u00e7amento2.jpg\" alt=\"Secret\u00e1rio Jos\u00e9 Cursino destacou que o or\u00e7amento ter\u00e1 um incremento maior para as pastas de Sa\u00fade e Educa\u00e7\u00e3o\" width=\"448\" height=\"325\" \/><\/a><figcaption id=\"caption-attachment-20443\" class=\"wp-caption-text\">Secret\u00e1rio Jos\u00e9 Cursino destacou que o or\u00e7amento ter\u00e1 um incremento maior para as pastas de Sa\u00fade e Educa\u00e7\u00e3o<\/figcaption><\/figure>\n<p>A Prefeitura de S\u00e3o Lu\u00eds apresentou nesta quarta-feira (12) as prioridades e diretrizes da Lei Or\u00e7ament\u00e1ria Anual (LOA) de 2015 para a Comiss\u00e3o de Or\u00e7amento da C\u00e2mara Municipal. A exposi\u00e7\u00e3o foi feita pelo secret\u00e1rio municipal de Planejamento e Desenvolvimento (Seplan), Jos\u00e9 Cursino Raposo, durante reuni\u00e3o com os vereadores Ivaldo Rodrigues (PDT), Pedro Lucas (PTB) e Jos\u00e9 Joaquim (PSDB), membros da Comiss\u00e3o de Or\u00e7amento da C\u00e2mara Municipal.<\/p>\n<p>Para o ano de 2015, o or\u00e7amento do Munic\u00edpio \u00e9 da ordem de R$ 2,7 bilh\u00f5es. Segundo o secret\u00e1rio, existe uma estimativa de melhoria da receita para o pr\u00f3ximo ano e tamb\u00e9m de um cen\u00e1rio mais favor\u00e1vel \u00e0 efetiva\u00e7\u00e3o de parcerias com o Governo do Estado. Ele destacou que o or\u00e7amento ter\u00e1 um incremento maior para as pastas de Sa\u00fade e Educa\u00e7\u00e3o.<\/p>\n<p>\u201cAs prioridades do governo Edivaldo est\u00e3o bem caracterizadas nas fun\u00e7\u00f5es das dota\u00e7\u00f5es or\u00e7ament\u00e1rias. Sa\u00fade e Educa\u00e7\u00e3o s\u00e3o as secretarias onde est\u00e1 a maior parte dos recursos do munic\u00edpio. N\u00f3s, com muita dificuldade, tamb\u00e9m estamos alocando recursos em um volume importante para a \u00e1rea de Infraestrutura. Na medida do poss\u00edvel, estamos tentando contemplar todas as \u00e1reas. Mas estas tr\u00eas s\u00e3o as principais\u201d, afirmou Cursino.<\/p>\n<p>O vereador Ivaldo Rodrigues (PDT), presidente da Comiss\u00e3o de Or\u00e7amento da C\u00e2mara, enalteceu a disponibilidade do secret\u00e1rio em prestar os esclarecimentos. \u201c\u00c9 muito importante esta conversa diretamente com o respons\u00e1vel pela elabora\u00e7\u00e3o da LOA. Estamos marcando uma nova reuni\u00e3o e esperamos chegar \u00e0 audi\u00eancia p\u00fablica com maior embasamento sobre todos os detalhes do or\u00e7amento do Munic\u00edpio\u201d, afirmou.<\/p>\n<p><strong>Reajuste salarial<\/strong><\/p>\n<p>Na ocasi\u00e3o, o vereador Pedro Lucas Fernandes perguntou sobre a previs\u00e3o do reajuste dos servidores para o pr\u00f3ximo ano, tema de grande pol\u00eamica em 2014. Cursino afirmou que a previs\u00e3o est\u00e1 sendo encaminhada para ficar acima da infla\u00e7\u00e3o, no momento, em torno de 6%.<\/p>\n<p><strong>Concurso p\u00fablico<\/strong><\/p>\n<p>De acordo com o secret\u00e1rio Jos\u00e9 Cursino, o or\u00e7amento de 2015 prev\u00ea recursos para a realiza\u00e7\u00e3o de concurso p\u00fablico para alguns \u00f3rg\u00e3os municipais como a Procuradoria Geral do Munic\u00edpio e as secretarias de Sa\u00fade, Educa\u00e7\u00e3o e Fazenda. \u201cJ\u00e1 est\u00e3o previstas progress\u00f5es, promo\u00e7\u00f5es e aposentadorias. Precisamos repor estas aposentadorias e precisamos de pessoal para estas \u00e1reas\u201d, afirmou o titular da Seplan.<\/p>\n<p><strong>Fonte:<\/strong> Secretaria Municipal de Comunica\u00e7\u00e3o (Secom)<\/p>\n","protected":false},"excerpt":{"rendered":"<p>A Prefeitura de S\u00e3o Lu\u00eds apresentou nesta quarta-feira (12) as prioridades e diretrizes da Lei Or\u00e7ament\u00e1ria Anual (LOA) de 2015 [&hellip;]<\/p>\n","protected":false},"author":0,"featured_media":0,"comment_status":"open","ping_status":"open","sticky":false,"template":"","format":"standard","meta":{"site-sidebar-layout":"default","site-content-layout":"","ast-site-content-layout":"default","site-content-style":"default","site-sidebar-style":"default","ast-global-header-display":"","ast-banner-title-visibility":"","ast-main-header-display":"","ast-hfb-above-header-display":"","ast-hfb-below-header-display":"","ast-hfb-mobile-header-display":"","site-post-title":"","ast-breadcrumbs-content":"","ast-featured-img":"","footer-sml-layout":"","ast-disable-related-posts":"","theme-transparent-header-meta":"","adv-header-id-meta":"","stick-header-meta":"","header-above-stick-meta":"","header-main-stick-meta":"","header-below-stick-meta":"","astra-migrate-meta-layouts":"default","ast-page-background-enabled":"default","ast-page-background-meta":{"desktop":{"background-color":"var(--ast-global-color-5)","background-image":"","background-repeat":"repeat","background-position":"center center","background-size":"auto","background-attachment":"scroll","background-type":"","background-media":"","overlay-type":"","overlay-color":"","overlay-opacity":"","overlay-gradient":""},"tablet":{"background-color":"","background-image":"","background-repeat":"repeat","background-position":"center center","background-size":"auto","background-attachment":"scroll","background-type":"","background-media":"","overlay-type":"","overlay-color":"","overlay-opacity":"","overlay-gradient":""},"mobile":{"background-color":"","background-image":"","background-repeat":"repeat","background-position":"center center","background-size":"auto","background-attachment":"scroll","background-type":"","background-media":"","overlay-type":"","overlay-color":"","overlay-opacity":"","overlay-gradient":""}},"ast-content-background-meta":{"desktop":{"background-color":"var(--ast-global-color-4)","background-image":"","background-repeat":"repeat","background-position":"center center","background-size":"auto","background-attachment":"scroll","background-type":"","background-media":"","overlay-type":"","overlay-color":"","overlay-opacity":"","overlay-gradient":""},"tablet":{"background-color":"var(--ast-global-color-4)","background-image":"","background-repeat":"repeat","background-position":"center center","background-size":"auto","background-attachment":"scroll","background-type":"","background-media":"","overlay-type":"","overlay-color":"","overlay-opacity":"","overlay-gradient":""},"mobile":{"background-color":"var(--ast-global-color-4)","background-image":"","background-repeat":"repeat","background-position":"center center","background-size":"auto","background-attachment":"scroll","background-type":"","background-media":"","overlay-type":"","overlay-color":"","overlay-opacity":"","overlay-gradient":""}},"footnotes":""},"categories":[1],"tags":[],"class_list":["post-20442","post","type-post","status-publish","format-standard","hentry","category-sem-categoria"],"yoast_head":"<!-- This site is optimized with the Yoast SEO plugin v26.6 - https:\/\/yoast.com\/wordpress\/plugins\/seo\/ -->\n<title>Concurso p\u00fablico \u00e9 uma das prioridades do or\u00e7amento da Prefeitura de S\u00e3o Lu\u00eds para 2015 - Daniel Matos<\/title>\n<meta name=\"robots\" content=\"index, follow, max-snippet:-1, max-image-preview:large, max-video-preview:-1\" \/>\n<link rel=\"canonical\" href=\"https:\/\/www.blogsoestado.com\/danielmatos\/concurso-publico-e-uma-das-prioridades-do-orcamento-da-prefeitura-de-sao-luis-para-2015\/\" \/>\n<meta property=\"og:locale\" content=\"pt_BR\" \/>\n<meta property=\"og:type\" content=\"article\" \/>\n<meta property=\"og:title\" content=\"Concurso p\u00fablico \u00e9 uma das prioridades do or\u00e7amento da Prefeitura de S\u00e3o Lu\u00eds para 2015 - Daniel Matos\" \/>\n<meta property=\"og:description\" content=\"A Prefeitura de S\u00e3o Lu\u00eds apresentou nesta quarta-feira (12) as prioridades e diretrizes da Lei Or\u00e7ament\u00e1ria Anual (LOA) de 2015 [&hellip;]\" \/>\n<meta property=\"og:url\" content=\"https:\/\/www.blogsoestado.com\/danielmatos\/concurso-publico-e-uma-das-prioridades-do-orcamento-da-prefeitura-de-sao-luis-para-2015\/\" \/>\n<meta property=\"og:site_name\" content=\"Daniel Matos\" \/>\n<meta property=\"article:published_time\" content=\"2014-11-12T20:21:35+00:00\" \/>\n<meta name=\"twitter:card\" content=\"summary_large_image\" \/>\n<meta name=\"twitter:label1\" content=\"Est. tempo de leitura\" \/>\n\t<meta name=\"twitter:data1\" content=\"2 minutos\" \/>\n<script type=\"application\/ld+json\" class=\"yoast-schema-graph\">{\"@context\":\"https:\/\/schema.org\",\"@graph\":[{\"@type\":\"WebPage\",\"@id\":\"https:\/\/www.blogsoestado.com\/danielmatos\/concurso-publico-e-uma-das-prioridades-do-orcamento-da-prefeitura-de-sao-luis-para-2015\/\",\"url\":\"https:\/\/www.blogsoestado.com\/danielmatos\/concurso-publico-e-uma-das-prioridades-do-orcamento-da-prefeitura-de-sao-luis-para-2015\/\",\"name\":\"Concurso p\u00fablico \u00e9 uma das prioridades do or\u00e7amento da Prefeitura de S\u00e3o Lu\u00eds para 2015 - Daniel Matos\",\"isPartOf\":{\"@id\":\"https:\/\/www.blogsoestado.com\/danielmatos\/#website\"},\"datePublished\":\"2014-11-12T20:21:35+00:00\",\"author\":{\"@id\":\"\"},\"breadcrumb\":{\"@id\":\"https:\/\/www.blogsoestado.com\/danielmatos\/concurso-publico-e-uma-das-prioridades-do-orcamento-da-prefeitura-de-sao-luis-para-2015\/#breadcrumb\"},\"inLanguage\":\"pt-BR\",\"potentialAction\":[{\"@type\":\"ReadAction\",\"target\":[\"https:\/\/www.blogsoestado.com\/danielmatos\/concurso-publico-e-uma-das-prioridades-do-orcamento-da-prefeitura-de-sao-luis-para-2015\/\"]}]},{\"@type\":\"BreadcrumbList\",\"@id\":\"https:\/\/www.blogsoestado.com\/danielmatos\/concurso-publico-e-uma-das-prioridades-do-orcamento-da-prefeitura-de-sao-luis-para-2015\/#breadcrumb\",\"itemListElement\":[{\"@type\":\"ListItem\",\"position\":1,\"name\":\"In\u00edcio\",\"item\":\"https:\/\/www.blogsoestado.com\/danielmatos\/\"},{\"@type\":\"ListItem\",\"position\":2,\"name\":\"Concurso p\u00fablico \u00e9 uma das prioridades do or\u00e7amento da Prefeitura de S\u00e3o Lu\u00eds para 2015\"}]},{\"@type\":\"WebSite\",\"@id\":\"https:\/\/www.blogsoestado.com\/danielmatos\/#website\",\"url\":\"https:\/\/www.blogsoestado.com\/danielmatos\/\",\"name\":\"Daniel Matos\",\"description\":\"\",\"potentialAction\":[{\"@type\":\"SearchAction\",\"target\":{\"@type\":\"EntryPoint\",\"urlTemplate\":\"https:\/\/www.blogsoestado.com\/danielmatos\/?s={search_term_string}\"},\"query-input\":{\"@type\":\"PropertyValueSpecification\",\"valueRequired\":true,\"valueName\":\"search_term_string\"}}],\"inLanguage\":\"pt-BR\"}]}<\/script>\n<!-- \/ Yoast SEO plugin. -->","yoast_head_json":{"title":"Concurso p\u00fablico \u00e9 uma das prioridades do or\u00e7amento da Prefeitura de S\u00e3o Lu\u00eds para 2015 - Daniel Matos","robots":{"index":"index","follow":"follow","max-snippet":"max-snippet:-1","max-image-preview":"max-image-preview:large","max-video-preview":"max-video-preview:-1"},"canonical":"https:\/\/www.blogsoestado.com\/danielmatos\/concurso-publico-e-uma-das-prioridades-do-orcamento-da-prefeitura-de-sao-luis-para-2015\/","og_locale":"pt_BR","og_type":"article","og_title":"Concurso p\u00fablico \u00e9 uma das prioridades do or\u00e7amento da Prefeitura de S\u00e3o Lu\u00eds para 2015 - Daniel Matos","og_description":"A Prefeitura de S\u00e3o Lu\u00eds apresentou nesta quarta-feira (12) as prioridades e diretrizes da Lei Or\u00e7ament\u00e1ria Anual (LOA) de 2015 [&hellip;]","og_url":"https:\/\/www.blogsoestado.com\/danielmatos\/concurso-publico-e-uma-das-prioridades-do-orcamento-da-prefeitura-de-sao-luis-para-2015\/","og_site_name":"Daniel Matos","article_published_time":"2014-11-12T20:21:35+00:00","twitter_card":"summary_large_image","twitter_misc":{"Est. tempo de leitura":"2 minutos"},"schema":{"@context":"https:\/\/schema.org","@graph":[{"@type":"WebPage","@id":"https:\/\/www.blogsoestado.com\/danielmatos\/concurso-publico-e-uma-das-prioridades-do-orcamento-da-prefeitura-de-sao-luis-para-2015\/","url":"https:\/\/www.blogsoestado.com\/danielmatos\/concurso-publico-e-uma-das-prioridades-do-orcamento-da-prefeitura-de-sao-luis-para-2015\/","name":"Concurso p\u00fablico \u00e9 uma das prioridades do or\u00e7amento da Prefeitura de S\u00e3o Lu\u00eds para 2015 - Daniel Matos","isPartOf":{"@id":"https:\/\/www.blogsoestado.com\/danielmatos\/#website"},"datePublished":"2014-11-12T20:21:35+00:00","author":{"@id":""},"breadcrumb":{"@id":"https:\/\/www.blogsoestado.com\/danielmatos\/concurso-publico-e-uma-das-prioridades-do-orcamento-da-prefeitura-de-sao-luis-para-2015\/#breadcrumb"},"inLanguage":"pt-BR","potentialAction":[{"@type":"ReadAction","target":["https:\/\/www.blogsoestado.com\/danielmatos\/concurso-publico-e-uma-das-prioridades-do-orcamento-da-prefeitura-de-sao-luis-para-2015\/"]}]},{"@type":"BreadcrumbList","@id":"https:\/\/www.blogsoestado.com\/danielmatos\/concurso-publico-e-uma-das-prioridades-do-orcamento-da-prefeitura-de-sao-luis-para-2015\/#breadcrumb","itemListElement":[{"@type":"ListItem","position":1,"name":"In\u00edcio","item":"https:\/\/www.blogsoestado.com\/danielmatos\/"},{"@type":"ListItem","position":2,"name":"Concurso p\u00fablico \u00e9 uma das prioridades do or\u00e7amento da Prefeitura de S\u00e3o Lu\u00eds para 2015"}]},{"@type":"WebSite","@id":"https:\/\/www.blogsoestado.com\/danielmatos\/#website","url":"https:\/\/www.blogsoestado.com\/danielmatos\/","name":"Daniel Matos","description":"","potentialAction":[{"@type":"SearchAction","target":{"@type":"EntryPoint","urlTemplate":"https:\/\/www.blogsoestado.com\/danielmatos\/?s={search_term_string}"},"query-input":{"@type":"PropertyValueSpecification","valueRequired":true,"valueName":"search_term_string"}}],"inLanguage":"pt-BR"}]}},"jetpack_featured_media_url":"","_links":{"self":[{"href":"https:\/\/www.blogsoestado.com\/danielmatos\/wp-json\/wp\/v2\/posts\/20442","targetHints":{"allow":["GET"]}}],"collection":[{"href":"https:\/\/www.blogsoestado.com\/danielmatos\/wp-json\/wp\/v2\/posts"}],"about":[{"href":"https:\/\/www.blogsoestado.com\/danielmatos\/wp-json\/wp\/v2\/types\/post"}],"replies":[{"embeddable":true,"href":"https:\/\/www.blogsoestado.com\/danielmatos\/wp-json\/wp\/v2\/comments?post=20442"}],"version-history":[{"count":0,"href":"https:\/\/www.blogsoestado.com\/danielmatos\/wp-json\/wp\/v2\/posts\/20442\/revisions"}],"wp:attachment":[{"href":"https:\/\/www.blogsoestado.com\/danielmatos\/wp-json\/wp\/v2\/media?parent=20442"}],"wp:term":[{"taxonomy":"category","embeddable":true,"href":"https:\/\/www.blogsoestado.com\/danielmatos\/wp-json\/wp\/v2\/categories?post=20442"},{"taxonomy":"post_tag","embeddable":true,"href":"https:\/\/www.blogsoestado.com\/danielmatos\/wp-json\/wp\/v2\/tags?post=20442"}],"curies":[{"name":"wp","href":"https:\/\/api.w.org\/{rel}","templated":true}]}}