{"id":20445,"date":"2014-11-13T09:30:13","date_gmt":"2014-11-13T12:30:13","guid":{"rendered":"https:\/\/www.blogsoestado.com\/danielmatos\/?p=20445"},"modified":"2014-11-13T09:30:13","modified_gmt":"2014-11-13T12:30:13","slug":"transito-violento","status":"publish","type":"post","link":"https:\/\/www.blogsoestado.com\/danielmatos\/transito-violento\/","title":{"rendered":"Tr\u00e2nsito violento"},"content":{"rendered":"<figure id=\"attachment_20449\" aria-describedby=\"caption-attachment-20449\" style=\"width: 640px\" class=\"wp-caption aligncenter\"><a href=\"https:\/\/www.blogsoestado.com\/danielmatos\/files\/2014\/11\/moto-acidente2.jpg\"><img fetchpriority=\"high\" decoding=\"async\" class=\"size-full wp-image-20449\" src=\"https:\/\/www.blogsoestado.com\/danielmatos\/files\/2014\/11\/moto-acidente2.jpg\" alt=\"Sargento da PM foi atropelado e morto por motorista b\u00eabado, em agosto deste ano\" width=\"640\" height=\"427\" \/><\/a><figcaption id=\"caption-attachment-20449\" class=\"wp-caption-text\">Sargento da PM foi atropelado e morto por motorista b\u00eabado, em agosto,\u00a0na Av. dos Holandeses\u00a0(<strong>Foto:<\/strong> Flora Dolores)<\/figcaption><\/figure>\n<p>N\u00e3o bastassem os congestionamentos provocados pelo excesso de ve\u00edculos nas ruas, pela infraestrutura vi\u00e1ria deficiente e pelo n\u00famero insuficiente de vias de circula\u00e7\u00e3o, a viol\u00eancia vem se acentuando no tr\u00e2nsito da Regi\u00e3o Metropolitana de S\u00e3o Lu\u00eds. Este ano, 79 pessoas j\u00e1 perderam a vida em acidentes na Ilha e mais de 2.500 foram socorridas com vida somente na capital, segundo estat\u00edsticas do Centro Integrado de Opera\u00e7\u00f5es de Seguran\u00e7a (Ciops) e do Servi\u00e7o de Atendimento M\u00f3vel de Urg\u00eancia (Samu). Os dados evidenciam a atitude imprudente de grande parte dos condutores e a aus\u00eancia de uma a\u00e7\u00e3o mais repressiva das autoridades para tornar o tr\u00e1fego mais humanizado e seguro.<\/p>\n<p>As mortes no tr\u00e2nsito s\u00e3o causadas por diferentes tipos de acidentes, que t\u00eam em comum a irresponsabilidade ao volante e a sensa\u00e7\u00e3o de impunidade. Em meio a um ambiente permissivo, onde as leis s\u00e3o violadas continuamente, multiplica-se o n\u00famero de colis\u00f5es, atropelamentos, capotamentos, choques e outras formas de desastres, que n\u00e3o raro t\u00eam consequ\u00eancias tr\u00e1gicas. De igual modo, a quantidade de v\u00edtimas aumenta progressivamente, dando contornos cada vez mais tr\u00e1gicos ao problema.<\/p>\n<p>Enquanto n\u00e3o houver uma fiscaliza\u00e7\u00e3o rigorosa e permanente, as estat\u00edsticas de acidentes se manter\u00e3o assustadoras em S\u00e3o Lu\u00eds. \u00c9 preciso que as autoridades definam mecanismos de repress\u00e3o capazes de levar os condutores a cumprir a lei e punir de forma severa quem insistir em infringi-la. N\u00e3o h\u00e1 outro caminho para reverter o cen\u00e1rio se n\u00e3o uma a\u00e7\u00e3o mais en\u00e9rgica contra os abusos, que s\u00f3 ser\u00e1 poss\u00edvel com a ado\u00e7\u00e3o de uma estrutura condizente com a gravidade do problema. Diante de n\u00fameros t\u00e3o preocupantes, a paz no tr\u00e2nsito deve ser encarada como prioridade pelos governantes.<\/p>\n<p>Os n\u00fameros gerais do Maranh\u00e3o tamb\u00e9m s\u00e3o alarmantes. Segundo dados do Sistema de Informa\u00e7\u00e3o de Mortalidade da Secretaria de Estado da Sa\u00fade (SIM\/SES), at\u00e9 outubro deste ano, 1.329 pessoas haviam morrido no tr\u00e2nsito, com grande probabilidade de superar os 1.609 \u00f3bitos registrados em 2013. Em meio ao drama, o Comit\u00ea Interistitucional do Projeto Vida no Tr\u00e2nsito e a Campanha SOS Vida pela Paz no Tr\u00e2nsito, iniciativa da Ma\u00e7onaria, est\u00e3o promovendo, desde ontem, uma s\u00e9rie de a\u00e7\u00f5es alusivas ao Dia Mundial em Mem\u00f3ria das V\u00edtimas de Acidentes de Tr\u00e2nsito, que ter\u00e1 como ponto alto, no pr\u00f3ximo domingo, na Avenida Litor\u00e2nea, um culto ecum\u00eanico, seguido de caminhada e passeio de motociclistas e ciclistas pela orla. A inten\u00e7\u00e3o \u00e9 chamar aten\u00e7\u00e3o da sociedade para a carnificina registrada nas ruas, com graves consequ\u00eancias para as fam\u00edlias das v\u00edtimas e para o sistema p\u00fablico de sa\u00fade.<\/p>\n<p>A viol\u00eancia no tr\u00e2nsito tem entre os principais gatilhos os acidentes envolvendo motociclistas. Grande parte das pessoas que trafegam sobre duas rodas o faz com imprud\u00eancia e muitas assumem atitudes suicidas, comportamento que acaba comprometendo tamb\u00e9m a vida de terceiros. Quando t\u00eam a sorte de escapar com vida de um acidente, motoqueiros, geralmente, sofrem les\u00f5es graves, muitas vezes incapacitantes, sobrecarregando os leitos hospitalares, causando sofrimento e gerando altos custos para a sua reabilita\u00e7\u00e3o.<\/p>\n<p>O cen\u00e1rio tende a ficar ainda mais dram\u00e1tico, pois \u00e9 cada vez maior o n\u00famero de cidad\u00e3os que recorrem \u00e0s motos como meio de transporte, seja por quest\u00f5es econ\u00f4micas, seja para se locomover com agilidade em meio aos congestionamentos registrados nas vias movimentadas da capital e de cidades de m\u00e9dio porte.<\/p>\n<p>As sucessivas trag\u00e9dias provam que a conscientiza\u00e7\u00e3o, por si s\u00f3, n\u00e3o \u00e9 suficiente para tornar o tr\u00e2nsito mais seguro. \u00c9 dever dos governantes assumir uma postura firme em rela\u00e7\u00e3o aos imprudentes, que al\u00e9m de p\u00f4r em perigo a pr\u00f3pria vida, amea\u00e7am de morte, a todo instante, pessoas inocentes.<\/p>\n<p><strong>Editorial publicado nesta quinta-feira em <a href=\"http:\/\/www.oestadoma.com.br\" target=\"_blank\">O Estado do Maranh\u00e3o<\/a><\/strong><\/p>\n","protected":false},"excerpt":{"rendered":"<p>N\u00e3o bastassem os congestionamentos provocados pelo excesso de ve\u00edculos nas ruas, pela infraestrutura vi\u00e1ria deficiente e pelo n\u00famero insuficiente de [&hellip;]<\/p>\n","protected":false},"author":0,"featured_media":0,"comment_status":"open","ping_status":"open","sticky":false,"template":"","format":"standard","meta":{"site-sidebar-layout":"default","site-content-layout":"","ast-site-content-layout":"default","site-content-style":"default","site-sidebar-style":"default","ast-global-header-display":"","ast-banner-title-visibility":"","ast-main-header-display":"","ast-hfb-above-header-display":"","ast-hfb-below-header-display":"","ast-hfb-mobile-header-display":"","site-post-title":"","ast-breadcrumbs-content":"","ast-featured-img":"","footer-sml-layout":"","ast-disable-related-posts":"","theme-transparent-header-meta":"","adv-header-id-meta":"","stick-header-meta":"","header-above-stick-meta":"","header-main-stick-meta":"","header-below-stick-meta":"","astra-migrate-meta-layouts":"default","ast-page-background-enabled":"default","ast-page-background-meta":{"desktop":{"background-color":"var(--ast-global-color-5)","background-image":"","background-repeat":"repeat","background-position":"center center","background-size":"auto","background-attachment":"scroll","background-type":"","background-media":"","overlay-type":"","overlay-color":"","overlay-opacity":"","overlay-gradient":""},"tablet":{"background-color":"","background-image":"","background-repeat":"repeat","background-position":"center center","background-size":"auto","background-attachment":"scroll","background-type":"","background-media":"","overlay-type":"","overlay-color":"","overlay-opacity":"","overlay-gradient":""},"mobile":{"background-color":"","background-image":"","background-repeat":"repeat","background-position":"center center","background-size":"auto","background-attachment":"scroll","background-type":"","background-media":"","overlay-type":"","overlay-color":"","overlay-opacity":"","overlay-gradient":""}},"ast-content-background-meta":{"desktop":{"background-color":"var(--ast-global-color-4)","background-image":"","background-repeat":"repeat","background-position":"center center","background-size":"auto","background-attachment":"scroll","background-type":"","background-media":"","overlay-type":"","overlay-color":"","overlay-opacity":"","overlay-gradient":""},"tablet":{"background-color":"var(--ast-global-color-4)","background-image":"","background-repeat":"repeat","background-position":"center center","background-size":"auto","background-attachment":"scroll","background-type":"","background-media":"","overlay-type":"","overlay-color":"","overlay-opacity":"","overlay-gradient":""},"mobile":{"background-color":"var(--ast-global-color-4)","background-image":"","background-repeat":"repeat","background-position":"center center","background-size":"auto","background-attachment":"scroll","background-type":"","background-media":"","overlay-type":"","overlay-color":"","overlay-opacity":"","overlay-gradient":""}},"footnotes":""},"categories":[1],"tags":[],"class_list":["post-20445","post","type-post","status-publish","format-standard","hentry","category-sem-categoria"],"yoast_head":"<!-- This site is optimized with the Yoast SEO plugin v26.6 - https:\/\/yoast.com\/wordpress\/plugins\/seo\/ -->\n<title>Tr\u00e2nsito violento - Daniel Matos<\/title>\n<meta name=\"robots\" content=\"index, follow, max-snippet:-1, max-image-preview:large, max-video-preview:-1\" \/>\n<link rel=\"canonical\" href=\"https:\/\/www.blogsoestado.com\/danielmatos\/transito-violento\/\" \/>\n<meta property=\"og:locale\" content=\"pt_BR\" \/>\n<meta property=\"og:type\" content=\"article\" \/>\n<meta property=\"og:title\" content=\"Tr\u00e2nsito violento - Daniel Matos\" \/>\n<meta property=\"og:description\" content=\"N\u00e3o bastassem os congestionamentos provocados pelo excesso de ve\u00edculos nas ruas, pela infraestrutura vi\u00e1ria deficiente e pelo n\u00famero insuficiente de [&hellip;]\" \/>\n<meta property=\"og:url\" content=\"https:\/\/www.blogsoestado.com\/danielmatos\/transito-violento\/\" \/>\n<meta property=\"og:site_name\" content=\"Daniel Matos\" \/>\n<meta property=\"article:published_time\" content=\"2014-11-13T12:30:13+00:00\" \/>\n<meta property=\"og:image\" content=\"https:\/\/www.blogsoestado.com\/danielmatos\/files\/2014\/11\/moto-acidente2.jpg\" \/>\n<meta name=\"twitter:card\" content=\"summary_large_image\" \/>\n<meta name=\"twitter:label1\" content=\"Est. tempo de leitura\" \/>\n\t<meta name=\"twitter:data1\" content=\"4 minutos\" \/>\n<script type=\"application\/ld+json\" class=\"yoast-schema-graph\">{\"@context\":\"https:\/\/schema.org\",\"@graph\":[{\"@type\":\"WebPage\",\"@id\":\"https:\/\/www.blogsoestado.com\/danielmatos\/transito-violento\/\",\"url\":\"https:\/\/www.blogsoestado.com\/danielmatos\/transito-violento\/\",\"name\":\"Tr\u00e2nsito violento - Daniel Matos\",\"isPartOf\":{\"@id\":\"https:\/\/www.blogsoestado.com\/danielmatos\/#website\"},\"primaryImageOfPage\":{\"@id\":\"https:\/\/www.blogsoestado.com\/danielmatos\/transito-violento\/#primaryimage\"},\"image\":{\"@id\":\"https:\/\/www.blogsoestado.com\/danielmatos\/transito-violento\/#primaryimage\"},\"thumbnailUrl\":\"https:\/\/www.blogsoestado.com\/danielmatos\/files\/2014\/11\/moto-acidente2.jpg\",\"datePublished\":\"2014-11-13T12:30:13+00:00\",\"author\":{\"@id\":\"\"},\"breadcrumb\":{\"@id\":\"https:\/\/www.blogsoestado.com\/danielmatos\/transito-violento\/#breadcrumb\"},\"inLanguage\":\"pt-BR\",\"potentialAction\":[{\"@type\":\"ReadAction\",\"target\":[\"https:\/\/www.blogsoestado.com\/danielmatos\/transito-violento\/\"]}]},{\"@type\":\"ImageObject\",\"inLanguage\":\"pt-BR\",\"@id\":\"https:\/\/www.blogsoestado.com\/danielmatos\/transito-violento\/#primaryimage\",\"url\":\"https:\/\/www.blogsoestado.com\/danielmatos\/files\/2014\/11\/moto-acidente2.jpg\",\"contentUrl\":\"https:\/\/www.blogsoestado.com\/danielmatos\/files\/2014\/11\/moto-acidente2.jpg\"},{\"@type\":\"BreadcrumbList\",\"@id\":\"https:\/\/www.blogsoestado.com\/danielmatos\/transito-violento\/#breadcrumb\",\"itemListElement\":[{\"@type\":\"ListItem\",\"position\":1,\"name\":\"In\u00edcio\",\"item\":\"https:\/\/www.blogsoestado.com\/danielmatos\/\"},{\"@type\":\"ListItem\",\"position\":2,\"name\":\"Tr\u00e2nsito violento\"}]},{\"@type\":\"WebSite\",\"@id\":\"https:\/\/www.blogsoestado.com\/danielmatos\/#website\",\"url\":\"https:\/\/www.blogsoestado.com\/danielmatos\/\",\"name\":\"Daniel Matos\",\"description\":\"\",\"potentialAction\":[{\"@type\":\"SearchAction\",\"target\":{\"@type\":\"EntryPoint\",\"urlTemplate\":\"https:\/\/www.blogsoestado.com\/danielmatos\/?s={search_term_string}\"},\"query-input\":{\"@type\":\"PropertyValueSpecification\",\"valueRequired\":true,\"valueName\":\"search_term_string\"}}],\"inLanguage\":\"pt-BR\"}]}<\/script>\n<!-- \/ Yoast SEO plugin. -->","yoast_head_json":{"title":"Tr\u00e2nsito violento - Daniel Matos","robots":{"index":"index","follow":"follow","max-snippet":"max-snippet:-1","max-image-preview":"max-image-preview:large","max-video-preview":"max-video-preview:-1"},"canonical":"https:\/\/www.blogsoestado.com\/danielmatos\/transito-violento\/","og_locale":"pt_BR","og_type":"article","og_title":"Tr\u00e2nsito violento - Daniel Matos","og_description":"N\u00e3o bastassem os congestionamentos provocados pelo excesso de ve\u00edculos nas ruas, pela infraestrutura vi\u00e1ria deficiente e pelo n\u00famero insuficiente de [&hellip;]","og_url":"https:\/\/www.blogsoestado.com\/danielmatos\/transito-violento\/","og_site_name":"Daniel Matos","article_published_time":"2014-11-13T12:30:13+00:00","og_image":[{"url":"https:\/\/www.blogsoestado.com\/danielmatos\/files\/2014\/11\/moto-acidente2.jpg","type":"","width":"","height":""}],"twitter_card":"summary_large_image","twitter_misc":{"Est. tempo de leitura":"4 minutos"},"schema":{"@context":"https:\/\/schema.org","@graph":[{"@type":"WebPage","@id":"https:\/\/www.blogsoestado.com\/danielmatos\/transito-violento\/","url":"https:\/\/www.blogsoestado.com\/danielmatos\/transito-violento\/","name":"Tr\u00e2nsito violento - Daniel Matos","isPartOf":{"@id":"https:\/\/www.blogsoestado.com\/danielmatos\/#website"},"primaryImageOfPage":{"@id":"https:\/\/www.blogsoestado.com\/danielmatos\/transito-violento\/#primaryimage"},"image":{"@id":"https:\/\/www.blogsoestado.com\/danielmatos\/transito-violento\/#primaryimage"},"thumbnailUrl":"https:\/\/www.blogsoestado.com\/danielmatos\/files\/2014\/11\/moto-acidente2.jpg","datePublished":"2014-11-13T12:30:13+00:00","author":{"@id":""},"breadcrumb":{"@id":"https:\/\/www.blogsoestado.com\/danielmatos\/transito-violento\/#breadcrumb"},"inLanguage":"pt-BR","potentialAction":[{"@type":"ReadAction","target":["https:\/\/www.blogsoestado.com\/danielmatos\/transito-violento\/"]}]},{"@type":"ImageObject","inLanguage":"pt-BR","@id":"https:\/\/www.blogsoestado.com\/danielmatos\/transito-violento\/#primaryimage","url":"https:\/\/www.blogsoestado.com\/danielmatos\/files\/2014\/11\/moto-acidente2.jpg","contentUrl":"https:\/\/www.blogsoestado.com\/danielmatos\/files\/2014\/11\/moto-acidente2.jpg"},{"@type":"BreadcrumbList","@id":"https:\/\/www.blogsoestado.com\/danielmatos\/transito-violento\/#breadcrumb","itemListElement":[{"@type":"ListItem","position":1,"name":"In\u00edcio","item":"https:\/\/www.blogsoestado.com\/danielmatos\/"},{"@type":"ListItem","position":2,"name":"Tr\u00e2nsito violento"}]},{"@type":"WebSite","@id":"https:\/\/www.blogsoestado.com\/danielmatos\/#website","url":"https:\/\/www.blogsoestado.com\/danielmatos\/","name":"Daniel Matos","description":"","potentialAction":[{"@type":"SearchAction","target":{"@type":"EntryPoint","urlTemplate":"https:\/\/www.blogsoestado.com\/danielmatos\/?s={search_term_string}"},"query-input":{"@type":"PropertyValueSpecification","valueRequired":true,"valueName":"search_term_string"}}],"inLanguage":"pt-BR"}]}},"jetpack_featured_media_url":"","_links":{"self":[{"href":"https:\/\/www.blogsoestado.com\/danielmatos\/wp-json\/wp\/v2\/posts\/20445","targetHints":{"allow":["GET"]}}],"collection":[{"href":"https:\/\/www.blogsoestado.com\/danielmatos\/wp-json\/wp\/v2\/posts"}],"about":[{"href":"https:\/\/www.blogsoestado.com\/danielmatos\/wp-json\/wp\/v2\/types\/post"}],"replies":[{"embeddable":true,"href":"https:\/\/www.blogsoestado.com\/danielmatos\/wp-json\/wp\/v2\/comments?post=20445"}],"version-history":[{"count":0,"href":"https:\/\/www.blogsoestado.com\/danielmatos\/wp-json\/wp\/v2\/posts\/20445\/revisions"}],"wp:attachment":[{"href":"https:\/\/www.blogsoestado.com\/danielmatos\/wp-json\/wp\/v2\/media?parent=20445"}],"wp:term":[{"taxonomy":"category","embeddable":true,"href":"https:\/\/www.blogsoestado.com\/danielmatos\/wp-json\/wp\/v2\/categories?post=20445"},{"taxonomy":"post_tag","embeddable":true,"href":"https:\/\/www.blogsoestado.com\/danielmatos\/wp-json\/wp\/v2\/tags?post=20445"}],"curies":[{"name":"wp","href":"https:\/\/api.w.org\/{rel}","templated":true}]}}