{"id":20451,"date":"2014-11-13T10:24:17","date_gmt":"2014-11-13T13:24:17","guid":{"rendered":"https:\/\/www.blogsoestado.com\/danielmatos\/?p=20451"},"modified":"2014-11-13T10:24:17","modified_gmt":"2014-11-13T13:24:17","slug":"medicos-maranhenses-cobram-medidas-contra-o-crime","status":"publish","type":"post","link":"https:\/\/www.blogsoestado.com\/danielmatos\/medicos-maranhenses-cobram-medidas-contra-o-crime\/","title":{"rendered":"M\u00e9dicos maranhenses cobram medidas contra o crime"},"content":{"rendered":"<p>Em nota oficial assinada por seu presidente, Abdon Murad, o Conselho Regional de Medicina do Maranh\u00e3o (CRM-MA) repudia, em nome da categoria profissional que representa, a viol\u00eancia que impera no estado. Consternados com o assassinato\u00a0do m\u00e9dico e diretor do Hospital do C\u00e2ncer, Luiz Alfredo Netto Guterres Soares J\u00fanior, ocorrido no \u00faltimo domingo (9), durante um ataque de bandidos \u00e0 sua casa, os colegas da v\u00edtima cobram das autoridades a implanta\u00e7\u00e3o de pol\u00edticas p\u00fablicas sociais que contenham o avan\u00e7o da criminalidade.<\/p>\n<p>Os m\u00e9dicos pedem melhores e mais efetivas estruturas de seguran\u00e7a p\u00fablica para a prote\u00e7\u00e3o da sociedade em geral. Tamb\u00e9m solicitam maior cobertura policial nos hospitais p\u00fablicos de urg\u00eancia e emerg\u00eancia, onde, n\u00e3o raramente, m\u00e9dicos e demais profissionais de sa\u00fade s\u00e3o agredidos f\u00edsica e moralmente.<\/p>\n<p>O CRM se solidariza\u00a0\u00e0 fam\u00edlia do m\u00e9dico morto prematuramente e\u00a0convoca toda a classe para se fazer presente \u00e0 missa de s\u00e9timo dia em mem\u00f3ria do colega, que ser\u00e1 celebrada no pr\u00f3ximo s\u00e1bado (15), \u00e0s 10h, na Igreja de Nossa Senhora Aparecida, no Cohafuma.<\/p>\n<p>&#8220;O Dr. Luiz Alfredo far\u00e1 falta n\u00e3o s\u00f3 \u00e0\u00a0fam\u00edlia, aos amigos e aos colegas, mas tamb\u00e9m \u00e0 sociedade, a quem prestava servi\u00e7os como excelente cirurgi\u00e3o, de postura correta&#8221;, assinala a entidade. Segue a nota na \u00edntegra:<\/p>\n<p><a href=\"https:\/\/www.blogsoestado.com\/danielmatos\/files\/2014\/11\/medicos-crime.jpg\"><img fetchpriority=\"high\" decoding=\"async\" class=\"aligncenter size-full wp-image-20452\" src=\"https:\/\/www.blogsoestado.com\/danielmatos\/files\/2014\/11\/medicos-crime.jpg\" alt=\"medicos crime\" width=\"338\" height=\"701\" \/><\/a><\/p>\n","protected":false},"excerpt":{"rendered":"<p>Em nota oficial assinada por seu presidente, Abdon Murad, o Conselho Regional de Medicina do Maranh\u00e3o (CRM-MA) repudia, em nome [&hellip;]<\/p>\n","protected":false},"author":0,"featured_media":0,"comment_status":"open","ping_status":"open","sticky":false,"template":"","format":"standard","meta":{"site-sidebar-layout":"default","site-content-layout":"","ast-site-content-layout":"default","site-content-style":"default","site-sidebar-style":"default","ast-global-header-display":"","ast-banner-title-visibility":"","ast-main-header-display":"","ast-hfb-above-header-display":"","ast-hfb-below-header-display":"","ast-hfb-mobile-header-display":"","site-post-title":"","ast-breadcrumbs-content":"","ast-featured-img":"","footer-sml-layout":"","ast-disable-related-posts":"","theme-transparent-header-meta":"","adv-header-id-meta":"","stick-header-meta":"","header-above-stick-meta":"","header-main-stick-meta":"","header-below-stick-meta":"","astra-migrate-meta-layouts":"default","ast-page-background-enabled":"default","ast-page-background-meta":{"desktop":{"background-color":"var(--ast-global-color-5)","background-image":"","background-repeat":"repeat","background-position":"center center","background-size":"auto","background-attachment":"scroll","background-type":"","background-media":"","overlay-type":"","overlay-color":"","overlay-opacity":"","overlay-gradient":""},"tablet":{"background-color":"","background-image":"","background-repeat":"repeat","background-position":"center center","background-size":"auto","background-attachment":"scroll","background-type":"","background-media":"","overlay-type":"","overlay-color":"","overlay-opacity":"","overlay-gradient":""},"mobile":{"background-color":"","background-image":"","background-repeat":"repeat","background-position":"center center","background-size":"auto","background-attachment":"scroll","background-type":"","background-media":"","overlay-type":"","overlay-color":"","overlay-opacity":"","overlay-gradient":""}},"ast-content-background-meta":{"desktop":{"background-color":"var(--ast-global-color-4)","background-image":"","background-repeat":"repeat","background-position":"center center","background-size":"auto","background-attachment":"scroll","background-type":"","background-media":"","overlay-type":"","overlay-color":"","overlay-opacity":"","overlay-gradient":""},"tablet":{"background-color":"var(--ast-global-color-4)","background-image":"","background-repeat":"repeat","background-position":"center center","background-size":"auto","background-attachment":"scroll","background-type":"","background-media":"","overlay-type":"","overlay-color":"","overlay-opacity":"","overlay-gradient":""},"mobile":{"background-color":"var(--ast-global-color-4)","background-image":"","background-repeat":"repeat","background-position":"center center","background-size":"auto","background-attachment":"scroll","background-type":"","background-media":"","overlay-type":"","overlay-color":"","overlay-opacity":"","overlay-gradient":""}},"footnotes":""},"categories":[1],"tags":[],"class_list":["post-20451","post","type-post","status-publish","format-standard","hentry","category-sem-categoria"],"yoast_head":"<!-- This site is optimized with the Yoast SEO plugin v26.6 - https:\/\/yoast.com\/wordpress\/plugins\/seo\/ -->\n<title>M\u00e9dicos maranhenses cobram medidas contra o crime - Daniel Matos<\/title>\n<meta name=\"robots\" content=\"index, follow, max-snippet:-1, max-image-preview:large, max-video-preview:-1\" \/>\n<link rel=\"canonical\" href=\"https:\/\/www.blogsoestado.com\/danielmatos\/medicos-maranhenses-cobram-medidas-contra-o-crime\/\" \/>\n<meta property=\"og:locale\" content=\"pt_BR\" \/>\n<meta property=\"og:type\" content=\"article\" \/>\n<meta property=\"og:title\" content=\"M\u00e9dicos maranhenses cobram medidas contra o crime - Daniel Matos\" \/>\n<meta property=\"og:description\" content=\"Em nota oficial assinada por seu presidente, Abdon Murad, o Conselho Regional de Medicina do Maranh\u00e3o (CRM-MA) repudia, em nome [&hellip;]\" \/>\n<meta property=\"og:url\" content=\"https:\/\/www.blogsoestado.com\/danielmatos\/medicos-maranhenses-cobram-medidas-contra-o-crime\/\" \/>\n<meta property=\"og:site_name\" content=\"Daniel Matos\" \/>\n<meta property=\"article:published_time\" content=\"2014-11-13T13:24:17+00:00\" \/>\n<meta property=\"og:image\" content=\"https:\/\/www.blogsoestado.com\/danielmatos\/files\/2014\/11\/medicos-crime.jpg\" \/>\n<meta name=\"twitter:card\" content=\"summary_large_image\" \/>\n<meta name=\"twitter:label1\" content=\"Est. tempo de leitura\" \/>\n\t<meta name=\"twitter:data1\" content=\"1 minuto\" \/>\n<script type=\"application\/ld+json\" class=\"yoast-schema-graph\">{\"@context\":\"https:\/\/schema.org\",\"@graph\":[{\"@type\":\"WebPage\",\"@id\":\"https:\/\/www.blogsoestado.com\/danielmatos\/medicos-maranhenses-cobram-medidas-contra-o-crime\/\",\"url\":\"https:\/\/www.blogsoestado.com\/danielmatos\/medicos-maranhenses-cobram-medidas-contra-o-crime\/\",\"name\":\"M\u00e9dicos maranhenses cobram medidas contra o crime - Daniel Matos\",\"isPartOf\":{\"@id\":\"https:\/\/www.blogsoestado.com\/danielmatos\/#website\"},\"primaryImageOfPage\":{\"@id\":\"https:\/\/www.blogsoestado.com\/danielmatos\/medicos-maranhenses-cobram-medidas-contra-o-crime\/#primaryimage\"},\"image\":{\"@id\":\"https:\/\/www.blogsoestado.com\/danielmatos\/medicos-maranhenses-cobram-medidas-contra-o-crime\/#primaryimage\"},\"thumbnailUrl\":\"https:\/\/www.blogsoestado.com\/danielmatos\/files\/2014\/11\/medicos-crime.jpg\",\"datePublished\":\"2014-11-13T13:24:17+00:00\",\"author\":{\"@id\":\"\"},\"breadcrumb\":{\"@id\":\"https:\/\/www.blogsoestado.com\/danielmatos\/medicos-maranhenses-cobram-medidas-contra-o-crime\/#breadcrumb\"},\"inLanguage\":\"pt-BR\",\"potentialAction\":[{\"@type\":\"ReadAction\",\"target\":[\"https:\/\/www.blogsoestado.com\/danielmatos\/medicos-maranhenses-cobram-medidas-contra-o-crime\/\"]}]},{\"@type\":\"ImageObject\",\"inLanguage\":\"pt-BR\",\"@id\":\"https:\/\/www.blogsoestado.com\/danielmatos\/medicos-maranhenses-cobram-medidas-contra-o-crime\/#primaryimage\",\"url\":\"https:\/\/www.blogsoestado.com\/danielmatos\/files\/2014\/11\/medicos-crime.jpg\",\"contentUrl\":\"https:\/\/www.blogsoestado.com\/danielmatos\/files\/2014\/11\/medicos-crime.jpg\"},{\"@type\":\"BreadcrumbList\",\"@id\":\"https:\/\/www.blogsoestado.com\/danielmatos\/medicos-maranhenses-cobram-medidas-contra-o-crime\/#breadcrumb\",\"itemListElement\":[{\"@type\":\"ListItem\",\"position\":1,\"name\":\"In\u00edcio\",\"item\":\"https:\/\/www.blogsoestado.com\/danielmatos\/\"},{\"@type\":\"ListItem\",\"position\":2,\"name\":\"M\u00e9dicos maranhenses cobram medidas contra o crime\"}]},{\"@type\":\"WebSite\",\"@id\":\"https:\/\/www.blogsoestado.com\/danielmatos\/#website\",\"url\":\"https:\/\/www.blogsoestado.com\/danielmatos\/\",\"name\":\"Daniel Matos\",\"description\":\"\",\"potentialAction\":[{\"@type\":\"SearchAction\",\"target\":{\"@type\":\"EntryPoint\",\"urlTemplate\":\"https:\/\/www.blogsoestado.com\/danielmatos\/?s={search_term_string}\"},\"query-input\":{\"@type\":\"PropertyValueSpecification\",\"valueRequired\":true,\"valueName\":\"search_term_string\"}}],\"inLanguage\":\"pt-BR\"}]}<\/script>\n<!-- \/ Yoast SEO plugin. -->","yoast_head_json":{"title":"M\u00e9dicos maranhenses cobram medidas contra o crime - Daniel Matos","robots":{"index":"index","follow":"follow","max-snippet":"max-snippet:-1","max-image-preview":"max-image-preview:large","max-video-preview":"max-video-preview:-1"},"canonical":"https:\/\/www.blogsoestado.com\/danielmatos\/medicos-maranhenses-cobram-medidas-contra-o-crime\/","og_locale":"pt_BR","og_type":"article","og_title":"M\u00e9dicos maranhenses cobram medidas contra o crime - Daniel Matos","og_description":"Em nota oficial assinada por seu presidente, Abdon Murad, o Conselho Regional de Medicina do Maranh\u00e3o (CRM-MA) repudia, em nome [&hellip;]","og_url":"https:\/\/www.blogsoestado.com\/danielmatos\/medicos-maranhenses-cobram-medidas-contra-o-crime\/","og_site_name":"Daniel Matos","article_published_time":"2014-11-13T13:24:17+00:00","og_image":[{"url":"https:\/\/www.blogsoestado.com\/danielmatos\/files\/2014\/11\/medicos-crime.jpg","type":"","width":"","height":""}],"twitter_card":"summary_large_image","twitter_misc":{"Est. tempo de leitura":"1 minuto"},"schema":{"@context":"https:\/\/schema.org","@graph":[{"@type":"WebPage","@id":"https:\/\/www.blogsoestado.com\/danielmatos\/medicos-maranhenses-cobram-medidas-contra-o-crime\/","url":"https:\/\/www.blogsoestado.com\/danielmatos\/medicos-maranhenses-cobram-medidas-contra-o-crime\/","name":"M\u00e9dicos maranhenses cobram medidas contra o crime - Daniel Matos","isPartOf":{"@id":"https:\/\/www.blogsoestado.com\/danielmatos\/#website"},"primaryImageOfPage":{"@id":"https:\/\/www.blogsoestado.com\/danielmatos\/medicos-maranhenses-cobram-medidas-contra-o-crime\/#primaryimage"},"image":{"@id":"https:\/\/www.blogsoestado.com\/danielmatos\/medicos-maranhenses-cobram-medidas-contra-o-crime\/#primaryimage"},"thumbnailUrl":"https:\/\/www.blogsoestado.com\/danielmatos\/files\/2014\/11\/medicos-crime.jpg","datePublished":"2014-11-13T13:24:17+00:00","author":{"@id":""},"breadcrumb":{"@id":"https:\/\/www.blogsoestado.com\/danielmatos\/medicos-maranhenses-cobram-medidas-contra-o-crime\/#breadcrumb"},"inLanguage":"pt-BR","potentialAction":[{"@type":"ReadAction","target":["https:\/\/www.blogsoestado.com\/danielmatos\/medicos-maranhenses-cobram-medidas-contra-o-crime\/"]}]},{"@type":"ImageObject","inLanguage":"pt-BR","@id":"https:\/\/www.blogsoestado.com\/danielmatos\/medicos-maranhenses-cobram-medidas-contra-o-crime\/#primaryimage","url":"https:\/\/www.blogsoestado.com\/danielmatos\/files\/2014\/11\/medicos-crime.jpg","contentUrl":"https:\/\/www.blogsoestado.com\/danielmatos\/files\/2014\/11\/medicos-crime.jpg"},{"@type":"BreadcrumbList","@id":"https:\/\/www.blogsoestado.com\/danielmatos\/medicos-maranhenses-cobram-medidas-contra-o-crime\/#breadcrumb","itemListElement":[{"@type":"ListItem","position":1,"name":"In\u00edcio","item":"https:\/\/www.blogsoestado.com\/danielmatos\/"},{"@type":"ListItem","position":2,"name":"M\u00e9dicos maranhenses cobram medidas contra o crime"}]},{"@type":"WebSite","@id":"https:\/\/www.blogsoestado.com\/danielmatos\/#website","url":"https:\/\/www.blogsoestado.com\/danielmatos\/","name":"Daniel Matos","description":"","potentialAction":[{"@type":"SearchAction","target":{"@type":"EntryPoint","urlTemplate":"https:\/\/www.blogsoestado.com\/danielmatos\/?s={search_term_string}"},"query-input":{"@type":"PropertyValueSpecification","valueRequired":true,"valueName":"search_term_string"}}],"inLanguage":"pt-BR"}]}},"jetpack_featured_media_url":"","_links":{"self":[{"href":"https:\/\/www.blogsoestado.com\/danielmatos\/wp-json\/wp\/v2\/posts\/20451","targetHints":{"allow":["GET"]}}],"collection":[{"href":"https:\/\/www.blogsoestado.com\/danielmatos\/wp-json\/wp\/v2\/posts"}],"about":[{"href":"https:\/\/www.blogsoestado.com\/danielmatos\/wp-json\/wp\/v2\/types\/post"}],"replies":[{"embeddable":true,"href":"https:\/\/www.blogsoestado.com\/danielmatos\/wp-json\/wp\/v2\/comments?post=20451"}],"version-history":[{"count":0,"href":"https:\/\/www.blogsoestado.com\/danielmatos\/wp-json\/wp\/v2\/posts\/20451\/revisions"}],"wp:attachment":[{"href":"https:\/\/www.blogsoestado.com\/danielmatos\/wp-json\/wp\/v2\/media?parent=20451"}],"wp:term":[{"taxonomy":"category","embeddable":true,"href":"https:\/\/www.blogsoestado.com\/danielmatos\/wp-json\/wp\/v2\/categories?post=20451"},{"taxonomy":"post_tag","embeddable":true,"href":"https:\/\/www.blogsoestado.com\/danielmatos\/wp-json\/wp\/v2\/tags?post=20451"}],"curies":[{"name":"wp","href":"https:\/\/api.w.org\/{rel}","templated":true}]}}