{"id":20458,"date":"2014-11-13T17:53:42","date_gmt":"2014-11-13T20:53:42","guid":{"rendered":"https:\/\/www.blogsoestado.com\/danielmatos\/?p=20458"},"modified":"2014-11-13T17:53:42","modified_gmt":"2014-11-13T20:53:42","slug":"prefeito-edivaldo-discute-em-brasilia-parcerias-com-o-governo-federal","status":"publish","type":"post","link":"https:\/\/www.blogsoestado.com\/danielmatos\/prefeito-edivaldo-discute-em-brasilia-parcerias-com-o-governo-federal\/","title":{"rendered":"Prefeito Edivaldo discute em Bras\u00edlia parcerias com o Governo Federal"},"content":{"rendered":"<figure id=\"attachment_20459\" aria-describedby=\"caption-attachment-20459\" style=\"width: 640px\" class=\"wp-caption aligncenter\"><a href=\"https:\/\/www.blogsoestado.com\/danielmatos\/files\/2014\/11\/edivaldo-governo-federal.jpg\"><img fetchpriority=\"high\" decoding=\"async\" class=\"size-full wp-image-20459\" src=\"https:\/\/www.blogsoestado.com\/danielmatos\/files\/2014\/11\/edivaldo-governo-federal.jpg\" alt=\"Prefeito Edivaldo e secret\u00e1ria de Sa\u00fade, Helena Duailibe, com os ministros Ricardo Berzoini e Manoel Dias\" width=\"640\" height=\"480\" \/><\/a><figcaption id=\"caption-attachment-20459\" class=\"wp-caption-text\">Prefeito Edivaldo e secret\u00e1ria de Sa\u00fade, Helena Duailibe, com os ministros Ricardo Berzoini e Manoel Dias<\/figcaption><\/figure>\n<p>Seguindo agenda institucional em Bras\u00edlia, o prefeito Edivaldo participou de reuni\u00e3o nesta quinta-feira (13) com os ministros Ricardo Berzoini (Rela\u00e7\u00f5es Institucionais) e Manoel Dias (Trabalho e Emprego). Durante o encontro, o prefeito ressaltou a import\u00e2ncia de investimentos para as \u00e1reas estrat\u00e9gicas de S\u00e3o Lu\u00eds.<\/p>\n<p>\u201cEstamos aqui para reafirmar a necessidade de recursos e programas federais para S\u00e3o Lu\u00eds, principalmente nas \u00e1reas de sa\u00fade e infraestrutura urbana de tr\u00e2nsito\u201d, refor\u00e7ou o prefeito Edivaldo. Ele tamb\u00e9m ressaltou as a\u00e7\u00f5es que j\u00e1 s\u00e3o realizadas pelo Munic\u00edpio atrav\u00e9s dos conv\u00eanios com o governo federal.<\/p>\n<p>De acordo com o prefeito Edivaldo, a parceria com o governo federal tem permitido bons resultados para S\u00e3o Lu\u00eds e a amplia\u00e7\u00e3o do relacionamento com os entes federados possibilitar\u00e1 maior desenvolvimento na capital, a partir de conv\u00eanios em \u00e2mbito estadual e federal. \u201cTemos trabalhado firmemente para garantir os recursos necess\u00e1rios \u00e0 infraestrutura de nossa cidade e percebemos o empenho do governo federal com suporte e apoio ao longo desta gest\u00e3o. Pretendemos, no pr\u00f3ximo ano, estreitar mais ainda estes la\u00e7os, incluindo o governo estadual e, assim, avan\u00e7armos juntos na amplia\u00e7\u00e3o dos benef\u00edcios \u00e0 popula\u00e7\u00e3o\u201d, disse o prefeito.<\/p>\n<figure id=\"attachment_20460\" aria-describedby=\"caption-attachment-20460\" style=\"width: 640px\" class=\"wp-caption aligncenter\"><a href=\"https:\/\/www.blogsoestado.com\/danielmatos\/files\/2014\/11\/edivaldo-governo-federal2.jpg\"><img decoding=\"async\" class=\"size-full wp-image-20460\" src=\"https:\/\/www.blogsoestado.com\/danielmatos\/files\/2014\/11\/edivaldo-governo-federal2.jpg\" alt=\"Edivaldo discutiu com ministros parcerias institucionais para S\u00e3o Lu\u00eds\" width=\"640\" height=\"425\" \/><\/a><figcaption id=\"caption-attachment-20460\" class=\"wp-caption-text\">Edivaldo discutiu com ministros parcerias institucionais para S\u00e3o Lu\u00eds, inclusive na \u00e1rea de sa\u00fade<\/figcaption><\/figure>\n<p>A secret\u00e1ria municipal de Sa\u00fade, Helena Duailibe, que acompanha o prefeito em sua agenda, detalhou o direcionamento dos recursos para a sa\u00fade. \u201cSolicitamos o aporte federal na ordem de R$ 4 milh\u00f5es, especificamente para a manuten\u00e7\u00e3o de nossos hospitais de emerg\u00eancia, Socorr\u00e3o I e II\u201d, informou.<\/p>\n<p>O ministro Ricardo Berzoini avaliou de forma positiva as solicita\u00e7\u00f5es e se comprometeu a intermediar o pleito junto ao Minist\u00e9rio da Sa\u00fade. \u201cDaremos nossa contribui\u00e7\u00e3o, articulando junto ao Minist\u00e9rio da Sa\u00fade os recursos para apoiar os hospitais que atendem a capital e pacientes vindos do interior\u201d, declarou o ministro.<\/p>\n<p>Durante a reuni\u00e3o, tamb\u00e9m foi discutida a elabora\u00e7\u00e3o de uma agenda dos representantes do governo federal na capital maranhense. Tanto o ministro Manoel Dias quanto Ricardo Berzoini visitaram o Maranh\u00e3o este ano.<\/p>\n<p><strong>Fonte:<\/strong> Secretaria Municipal de Comunica\u00e7\u00e3o (Secom)<\/p>\n","protected":false},"excerpt":{"rendered":"<p>Seguindo agenda institucional em Bras\u00edlia, o prefeito Edivaldo participou de reuni\u00e3o nesta quinta-feira (13) com os ministros Ricardo Berzoini (Rela\u00e7\u00f5es [&hellip;]<\/p>\n","protected":false},"author":0,"featured_media":0,"comment_status":"open","ping_status":"open","sticky":false,"template":"","format":"standard","meta":{"site-sidebar-layout":"default","site-content-layout":"","ast-site-content-layout":"default","site-content-style":"default","site-sidebar-style":"default","ast-global-header-display":"","ast-banner-title-visibility":"","ast-main-header-display":"","ast-hfb-above-header-display":"","ast-hfb-below-header-display":"","ast-hfb-mobile-header-display":"","site-post-title":"","ast-breadcrumbs-content":"","ast-featured-img":"","footer-sml-layout":"","ast-disable-related-posts":"","theme-transparent-header-meta":"","adv-header-id-meta":"","stick-header-meta":"","header-above-stick-meta":"","header-main-stick-meta":"","header-below-stick-meta":"","astra-migrate-meta-layouts":"default","ast-page-background-enabled":"default","ast-page-background-meta":{"desktop":{"background-color":"var(--ast-global-color-5)","background-image":"","background-repeat":"repeat","background-position":"center center","background-size":"auto","background-attachment":"scroll","background-type":"","background-media":"","overlay-type":"","overlay-color":"","overlay-opacity":"","overlay-gradient":""},"tablet":{"background-color":"","background-image":"","background-repeat":"repeat","background-position":"center center","background-size":"auto","background-attachment":"scroll","background-type":"","background-media":"","overlay-type":"","overlay-color":"","overlay-opacity":"","overlay-gradient":""},"mobile":{"background-color":"","background-image":"","background-repeat":"repeat","background-position":"center center","background-size":"auto","background-attachment":"scroll","background-type":"","background-media":"","overlay-type":"","overlay-color":"","overlay-opacity":"","overlay-gradient":""}},"ast-content-background-meta":{"desktop":{"background-color":"var(--ast-global-color-4)","background-image":"","background-repeat":"repeat","background-position":"center center","background-size":"auto","background-attachment":"scroll","background-type":"","background-media":"","overlay-type":"","overlay-color":"","overlay-opacity":"","overlay-gradient":""},"tablet":{"background-color":"var(--ast-global-color-4)","background-image":"","background-repeat":"repeat","background-position":"center center","background-size":"auto","background-attachment":"scroll","background-type":"","background-media":"","overlay-type":"","overlay-color":"","overlay-opacity":"","overlay-gradient":""},"mobile":{"background-color":"var(--ast-global-color-4)","background-image":"","background-repeat":"repeat","background-position":"center center","background-size":"auto","background-attachment":"scroll","background-type":"","background-media":"","overlay-type":"","overlay-color":"","overlay-opacity":"","overlay-gradient":""}},"footnotes":""},"categories":[1],"tags":[],"class_list":["post-20458","post","type-post","status-publish","format-standard","hentry","category-sem-categoria"],"yoast_head":"<!-- This site is optimized with the Yoast SEO plugin v26.6 - https:\/\/yoast.com\/wordpress\/plugins\/seo\/ -->\n<title>Prefeito Edivaldo discute em Bras\u00edlia parcerias com o Governo Federal - Daniel Matos<\/title>\n<meta name=\"robots\" content=\"index, follow, max-snippet:-1, max-image-preview:large, max-video-preview:-1\" \/>\n<link rel=\"canonical\" href=\"https:\/\/www.blogsoestado.com\/danielmatos\/prefeito-edivaldo-discute-em-brasilia-parcerias-com-o-governo-federal\/\" \/>\n<meta property=\"og:locale\" content=\"pt_BR\" \/>\n<meta property=\"og:type\" content=\"article\" \/>\n<meta property=\"og:title\" content=\"Prefeito Edivaldo discute em Bras\u00edlia parcerias com o Governo Federal - Daniel Matos\" \/>\n<meta property=\"og:description\" content=\"Seguindo agenda institucional em Bras\u00edlia, o prefeito Edivaldo participou de reuni\u00e3o nesta quinta-feira (13) com os ministros Ricardo Berzoini (Rela\u00e7\u00f5es [&hellip;]\" \/>\n<meta property=\"og:url\" content=\"https:\/\/www.blogsoestado.com\/danielmatos\/prefeito-edivaldo-discute-em-brasilia-parcerias-com-o-governo-federal\/\" \/>\n<meta property=\"og:site_name\" content=\"Daniel Matos\" \/>\n<meta property=\"article:published_time\" content=\"2014-11-13T20:53:42+00:00\" \/>\n<meta property=\"og:image\" content=\"https:\/\/www.blogsoestado.com\/danielmatos\/files\/2014\/11\/edivaldo-governo-federal.jpg\" \/>\n<meta name=\"twitter:card\" content=\"summary_large_image\" \/>\n<meta name=\"twitter:label1\" content=\"Est. tempo de leitura\" \/>\n\t<meta name=\"twitter:data1\" content=\"2 minutos\" \/>\n<script type=\"application\/ld+json\" class=\"yoast-schema-graph\">{\"@context\":\"https:\/\/schema.org\",\"@graph\":[{\"@type\":\"WebPage\",\"@id\":\"https:\/\/www.blogsoestado.com\/danielmatos\/prefeito-edivaldo-discute-em-brasilia-parcerias-com-o-governo-federal\/\",\"url\":\"https:\/\/www.blogsoestado.com\/danielmatos\/prefeito-edivaldo-discute-em-brasilia-parcerias-com-o-governo-federal\/\",\"name\":\"Prefeito Edivaldo discute em Bras\u00edlia parcerias com o Governo Federal - Daniel Matos\",\"isPartOf\":{\"@id\":\"https:\/\/www.blogsoestado.com\/danielmatos\/#website\"},\"primaryImageOfPage\":{\"@id\":\"https:\/\/www.blogsoestado.com\/danielmatos\/prefeito-edivaldo-discute-em-brasilia-parcerias-com-o-governo-federal\/#primaryimage\"},\"image\":{\"@id\":\"https:\/\/www.blogsoestado.com\/danielmatos\/prefeito-edivaldo-discute-em-brasilia-parcerias-com-o-governo-federal\/#primaryimage\"},\"thumbnailUrl\":\"https:\/\/www.blogsoestado.com\/danielmatos\/files\/2014\/11\/edivaldo-governo-federal.jpg\",\"datePublished\":\"2014-11-13T20:53:42+00:00\",\"author\":{\"@id\":\"\"},\"breadcrumb\":{\"@id\":\"https:\/\/www.blogsoestado.com\/danielmatos\/prefeito-edivaldo-discute-em-brasilia-parcerias-com-o-governo-federal\/#breadcrumb\"},\"inLanguage\":\"pt-BR\",\"potentialAction\":[{\"@type\":\"ReadAction\",\"target\":[\"https:\/\/www.blogsoestado.com\/danielmatos\/prefeito-edivaldo-discute-em-brasilia-parcerias-com-o-governo-federal\/\"]}]},{\"@type\":\"ImageObject\",\"inLanguage\":\"pt-BR\",\"@id\":\"https:\/\/www.blogsoestado.com\/danielmatos\/prefeito-edivaldo-discute-em-brasilia-parcerias-com-o-governo-federal\/#primaryimage\",\"url\":\"https:\/\/www.blogsoestado.com\/danielmatos\/files\/2014\/11\/edivaldo-governo-federal.jpg\",\"contentUrl\":\"https:\/\/www.blogsoestado.com\/danielmatos\/files\/2014\/11\/edivaldo-governo-federal.jpg\"},{\"@type\":\"BreadcrumbList\",\"@id\":\"https:\/\/www.blogsoestado.com\/danielmatos\/prefeito-edivaldo-discute-em-brasilia-parcerias-com-o-governo-federal\/#breadcrumb\",\"itemListElement\":[{\"@type\":\"ListItem\",\"position\":1,\"name\":\"In\u00edcio\",\"item\":\"https:\/\/www.blogsoestado.com\/danielmatos\/\"},{\"@type\":\"ListItem\",\"position\":2,\"name\":\"Prefeito Edivaldo discute em Bras\u00edlia parcerias com o Governo Federal\"}]},{\"@type\":\"WebSite\",\"@id\":\"https:\/\/www.blogsoestado.com\/danielmatos\/#website\",\"url\":\"https:\/\/www.blogsoestado.com\/danielmatos\/\",\"name\":\"Daniel Matos\",\"description\":\"\",\"potentialAction\":[{\"@type\":\"SearchAction\",\"target\":{\"@type\":\"EntryPoint\",\"urlTemplate\":\"https:\/\/www.blogsoestado.com\/danielmatos\/?s={search_term_string}\"},\"query-input\":{\"@type\":\"PropertyValueSpecification\",\"valueRequired\":true,\"valueName\":\"search_term_string\"}}],\"inLanguage\":\"pt-BR\"}]}<\/script>\n<!-- \/ Yoast SEO plugin. -->","yoast_head_json":{"title":"Prefeito Edivaldo discute em Bras\u00edlia parcerias com o Governo Federal - Daniel Matos","robots":{"index":"index","follow":"follow","max-snippet":"max-snippet:-1","max-image-preview":"max-image-preview:large","max-video-preview":"max-video-preview:-1"},"canonical":"https:\/\/www.blogsoestado.com\/danielmatos\/prefeito-edivaldo-discute-em-brasilia-parcerias-com-o-governo-federal\/","og_locale":"pt_BR","og_type":"article","og_title":"Prefeito Edivaldo discute em Bras\u00edlia parcerias com o Governo Federal - Daniel Matos","og_description":"Seguindo agenda institucional em Bras\u00edlia, o prefeito Edivaldo participou de reuni\u00e3o nesta quinta-feira (13) com os ministros Ricardo Berzoini (Rela\u00e7\u00f5es [&hellip;]","og_url":"https:\/\/www.blogsoestado.com\/danielmatos\/prefeito-edivaldo-discute-em-brasilia-parcerias-com-o-governo-federal\/","og_site_name":"Daniel Matos","article_published_time":"2014-11-13T20:53:42+00:00","og_image":[{"url":"https:\/\/www.blogsoestado.com\/danielmatos\/files\/2014\/11\/edivaldo-governo-federal.jpg","type":"","width":"","height":""}],"twitter_card":"summary_large_image","twitter_misc":{"Est. tempo de leitura":"2 minutos"},"schema":{"@context":"https:\/\/schema.org","@graph":[{"@type":"WebPage","@id":"https:\/\/www.blogsoestado.com\/danielmatos\/prefeito-edivaldo-discute-em-brasilia-parcerias-com-o-governo-federal\/","url":"https:\/\/www.blogsoestado.com\/danielmatos\/prefeito-edivaldo-discute-em-brasilia-parcerias-com-o-governo-federal\/","name":"Prefeito Edivaldo discute em Bras\u00edlia parcerias com o Governo Federal - Daniel Matos","isPartOf":{"@id":"https:\/\/www.blogsoestado.com\/danielmatos\/#website"},"primaryImageOfPage":{"@id":"https:\/\/www.blogsoestado.com\/danielmatos\/prefeito-edivaldo-discute-em-brasilia-parcerias-com-o-governo-federal\/#primaryimage"},"image":{"@id":"https:\/\/www.blogsoestado.com\/danielmatos\/prefeito-edivaldo-discute-em-brasilia-parcerias-com-o-governo-federal\/#primaryimage"},"thumbnailUrl":"https:\/\/www.blogsoestado.com\/danielmatos\/files\/2014\/11\/edivaldo-governo-federal.jpg","datePublished":"2014-11-13T20:53:42+00:00","author":{"@id":""},"breadcrumb":{"@id":"https:\/\/www.blogsoestado.com\/danielmatos\/prefeito-edivaldo-discute-em-brasilia-parcerias-com-o-governo-federal\/#breadcrumb"},"inLanguage":"pt-BR","potentialAction":[{"@type":"ReadAction","target":["https:\/\/www.blogsoestado.com\/danielmatos\/prefeito-edivaldo-discute-em-brasilia-parcerias-com-o-governo-federal\/"]}]},{"@type":"ImageObject","inLanguage":"pt-BR","@id":"https:\/\/www.blogsoestado.com\/danielmatos\/prefeito-edivaldo-discute-em-brasilia-parcerias-com-o-governo-federal\/#primaryimage","url":"https:\/\/www.blogsoestado.com\/danielmatos\/files\/2014\/11\/edivaldo-governo-federal.jpg","contentUrl":"https:\/\/www.blogsoestado.com\/danielmatos\/files\/2014\/11\/edivaldo-governo-federal.jpg"},{"@type":"BreadcrumbList","@id":"https:\/\/www.blogsoestado.com\/danielmatos\/prefeito-edivaldo-discute-em-brasilia-parcerias-com-o-governo-federal\/#breadcrumb","itemListElement":[{"@type":"ListItem","position":1,"name":"In\u00edcio","item":"https:\/\/www.blogsoestado.com\/danielmatos\/"},{"@type":"ListItem","position":2,"name":"Prefeito Edivaldo discute em Bras\u00edlia parcerias com o Governo Federal"}]},{"@type":"WebSite","@id":"https:\/\/www.blogsoestado.com\/danielmatos\/#website","url":"https:\/\/www.blogsoestado.com\/danielmatos\/","name":"Daniel Matos","description":"","potentialAction":[{"@type":"SearchAction","target":{"@type":"EntryPoint","urlTemplate":"https:\/\/www.blogsoestado.com\/danielmatos\/?s={search_term_string}"},"query-input":{"@type":"PropertyValueSpecification","valueRequired":true,"valueName":"search_term_string"}}],"inLanguage":"pt-BR"}]}},"jetpack_featured_media_url":"","_links":{"self":[{"href":"https:\/\/www.blogsoestado.com\/danielmatos\/wp-json\/wp\/v2\/posts\/20458","targetHints":{"allow":["GET"]}}],"collection":[{"href":"https:\/\/www.blogsoestado.com\/danielmatos\/wp-json\/wp\/v2\/posts"}],"about":[{"href":"https:\/\/www.blogsoestado.com\/danielmatos\/wp-json\/wp\/v2\/types\/post"}],"replies":[{"embeddable":true,"href":"https:\/\/www.blogsoestado.com\/danielmatos\/wp-json\/wp\/v2\/comments?post=20458"}],"version-history":[{"count":0,"href":"https:\/\/www.blogsoestado.com\/danielmatos\/wp-json\/wp\/v2\/posts\/20458\/revisions"}],"wp:attachment":[{"href":"https:\/\/www.blogsoestado.com\/danielmatos\/wp-json\/wp\/v2\/media?parent=20458"}],"wp:term":[{"taxonomy":"category","embeddable":true,"href":"https:\/\/www.blogsoestado.com\/danielmatos\/wp-json\/wp\/v2\/categories?post=20458"},{"taxonomy":"post_tag","embeddable":true,"href":"https:\/\/www.blogsoestado.com\/danielmatos\/wp-json\/wp\/v2\/tags?post=20458"}],"curies":[{"name":"wp","href":"https:\/\/api.w.org\/{rel}","templated":true}]}}