{"id":20470,"date":"2014-11-14T09:40:03","date_gmt":"2014-11-14T12:40:03","guid":{"rendered":"https:\/\/www.blogsoestado.com\/danielmatos\/?p=20470"},"modified":"2014-11-14T09:40:03","modified_gmt":"2014-11-14T12:40:03","slug":"flavio-dino-anuncia-novo-diretor-geral-do-detran","status":"publish","type":"post","link":"https:\/\/www.blogsoestado.com\/danielmatos\/flavio-dino-anuncia-novo-diretor-geral-do-detran\/","title":{"rendered":"Fl\u00e1vio Dino anuncia novo diretor-geral do Detran"},"content":{"rendered":"<figure id=\"attachment_20471\" aria-describedby=\"caption-attachment-20471\" style=\"width: 256px\" class=\"wp-caption alignright\"><a href=\"https:\/\/www.blogsoestado.com\/danielmatos\/files\/2014\/11\/antonio-detran.jpg\"><img fetchpriority=\"high\" decoding=\"async\" class=\"size-full wp-image-20471\" src=\"https:\/\/www.blogsoestado.com\/danielmatos\/files\/2014\/11\/antonio-detran.jpg\" alt=\"Advogado Ant\u00f4nio Nunes dirigir\u00e1 o Detran\" width=\"256\" height=\"358\" \/><\/a><figcaption id=\"caption-attachment-20471\" class=\"wp-caption-text\">Advogado Ant\u00f4nio Nunes dirigir\u00e1 o Detran<\/figcaption><\/figure>\n<p>Na manh\u00e3 desta sexta-feira (14) o governador eleito Fl\u00e1vio Dino anunciou o nome do advogado Ant\u00f4nio Nunes para a dire\u00e7\u00e3o geral do Departamento Estadual de Tr\u00e2nsito do Maranh\u00e3o (Detran-MA). Este \u00e9 o 25\u00b0 nome indicado para a composi\u00e7\u00e3o de equipe da pr\u00f3xima administra\u00e7\u00e3o.<\/p>\n<p>Com o objetivo de implementar os compromissos assumidos pelo Programa de Governo de Fl\u00e1vio Dino, que est\u00e1 dispon\u00edvel para consulta na internet, Ant\u00f4nio Nunes assumir\u00e1 o novo cargo a partir de 1\u00b0 de janeiro. Entre as principais metas est\u00e3o a melhoria da gest\u00e3o e do atendimento aos cidad\u00e3os, a implementa\u00e7\u00e3o de pol\u00edticas de seguran\u00e7a no tr\u00e2nsito e o trabalho de preven\u00e7\u00e3o de acidentes, com aten\u00e7\u00e3o especial aos motociclistas.<\/p>\n<p>Conhe\u00e7a o perfil do novo indicado:<\/p>\n<p>ANT\u00d4NIO NUNES &#8211; Departamento Estadual de Tr\u00e2nsito do Maranh\u00e3o (Detran-MA)<\/p>\n<p>Ant\u00f4nio Nunes \u00e9 graduado em Direito pela UFMA. Possui mestrado em Direito P\u00fablico pela Universidade Federal de Pernambuco. \u00c9 professor da UFMA e da Universidade Ceuma, presidente da Comiss\u00e3o de Comunica\u00e7\u00e3o e Eventos da OAB-MA e vice-presidente da Comiss\u00e3o Nacional do Exame da OAB. Foi coordenador geral da Fiscaliza\u00e7\u00e3o da coliga\u00e7\u00e3o \u201cTodos pelo Maranh\u00e3o\u201d, que elegeu Fl\u00e1vio Dino governador do Estado.<\/p>\n","protected":false},"excerpt":{"rendered":"<p>Na manh\u00e3 desta sexta-feira (14) o governador eleito Fl\u00e1vio Dino anunciou o nome do advogado Ant\u00f4nio Nunes para a dire\u00e7\u00e3o [&hellip;]<\/p>\n","protected":false},"author":0,"featured_media":0,"comment_status":"open","ping_status":"open","sticky":false,"template":"","format":"standard","meta":{"site-sidebar-layout":"default","site-content-layout":"","ast-site-content-layout":"default","site-content-style":"default","site-sidebar-style":"default","ast-global-header-display":"","ast-banner-title-visibility":"","ast-main-header-display":"","ast-hfb-above-header-display":"","ast-hfb-below-header-display":"","ast-hfb-mobile-header-display":"","site-post-title":"","ast-breadcrumbs-content":"","ast-featured-img":"","footer-sml-layout":"","ast-disable-related-posts":"","theme-transparent-header-meta":"","adv-header-id-meta":"","stick-header-meta":"","header-above-stick-meta":"","header-main-stick-meta":"","header-below-stick-meta":"","astra-migrate-meta-layouts":"default","ast-page-background-enabled":"default","ast-page-background-meta":{"desktop":{"background-color":"var(--ast-global-color-5)","background-image":"","background-repeat":"repeat","background-position":"center center","background-size":"auto","background-attachment":"scroll","background-type":"","background-media":"","overlay-type":"","overlay-color":"","overlay-opacity":"","overlay-gradient":""},"tablet":{"background-color":"","background-image":"","background-repeat":"repeat","background-position":"center center","background-size":"auto","background-attachment":"scroll","background-type":"","background-media":"","overlay-type":"","overlay-color":"","overlay-opacity":"","overlay-gradient":""},"mobile":{"background-color":"","background-image":"","background-repeat":"repeat","background-position":"center center","background-size":"auto","background-attachment":"scroll","background-type":"","background-media":"","overlay-type":"","overlay-color":"","overlay-opacity":"","overlay-gradient":""}},"ast-content-background-meta":{"desktop":{"background-color":"var(--ast-global-color-4)","background-image":"","background-repeat":"repeat","background-position":"center center","background-size":"auto","background-attachment":"scroll","background-type":"","background-media":"","overlay-type":"","overlay-color":"","overlay-opacity":"","overlay-gradient":""},"tablet":{"background-color":"var(--ast-global-color-4)","background-image":"","background-repeat":"repeat","background-position":"center center","background-size":"auto","background-attachment":"scroll","background-type":"","background-media":"","overlay-type":"","overlay-color":"","overlay-opacity":"","overlay-gradient":""},"mobile":{"background-color":"var(--ast-global-color-4)","background-image":"","background-repeat":"repeat","background-position":"center center","background-size":"auto","background-attachment":"scroll","background-type":"","background-media":"","overlay-type":"","overlay-color":"","overlay-opacity":"","overlay-gradient":""}},"footnotes":""},"categories":[1],"tags":[],"class_list":["post-20470","post","type-post","status-publish","format-standard","hentry","category-sem-categoria"],"yoast_head":"<!-- This site is optimized with the Yoast SEO plugin v26.6 - https:\/\/yoast.com\/wordpress\/plugins\/seo\/ -->\n<title>Fl\u00e1vio Dino anuncia novo diretor-geral do Detran - Daniel Matos<\/title>\n<meta name=\"robots\" content=\"index, follow, max-snippet:-1, max-image-preview:large, max-video-preview:-1\" \/>\n<link rel=\"canonical\" href=\"https:\/\/www.blogsoestado.com\/danielmatos\/flavio-dino-anuncia-novo-diretor-geral-do-detran\/\" \/>\n<meta property=\"og:locale\" content=\"pt_BR\" \/>\n<meta property=\"og:type\" content=\"article\" \/>\n<meta property=\"og:title\" content=\"Fl\u00e1vio Dino anuncia novo diretor-geral do Detran - Daniel Matos\" \/>\n<meta property=\"og:description\" content=\"Na manh\u00e3 desta sexta-feira (14) o governador eleito Fl\u00e1vio Dino anunciou o nome do advogado Ant\u00f4nio Nunes para a dire\u00e7\u00e3o [&hellip;]\" \/>\n<meta property=\"og:url\" content=\"https:\/\/www.blogsoestado.com\/danielmatos\/flavio-dino-anuncia-novo-diretor-geral-do-detran\/\" \/>\n<meta property=\"og:site_name\" content=\"Daniel Matos\" \/>\n<meta property=\"article:published_time\" content=\"2014-11-14T12:40:03+00:00\" \/>\n<meta property=\"og:image\" content=\"https:\/\/www.blogsoestado.com\/danielmatos\/files\/2014\/11\/antonio-detran.jpg\" \/>\n<meta name=\"twitter:card\" content=\"summary_large_image\" \/>\n<meta name=\"twitter:label1\" content=\"Est. tempo de leitura\" \/>\n\t<meta name=\"twitter:data1\" content=\"1 minuto\" \/>\n<script type=\"application\/ld+json\" class=\"yoast-schema-graph\">{\"@context\":\"https:\/\/schema.org\",\"@graph\":[{\"@type\":\"WebPage\",\"@id\":\"https:\/\/www.blogsoestado.com\/danielmatos\/flavio-dino-anuncia-novo-diretor-geral-do-detran\/\",\"url\":\"https:\/\/www.blogsoestado.com\/danielmatos\/flavio-dino-anuncia-novo-diretor-geral-do-detran\/\",\"name\":\"Fl\u00e1vio Dino anuncia novo diretor-geral do Detran - Daniel Matos\",\"isPartOf\":{\"@id\":\"https:\/\/www.blogsoestado.com\/danielmatos\/#website\"},\"primaryImageOfPage\":{\"@id\":\"https:\/\/www.blogsoestado.com\/danielmatos\/flavio-dino-anuncia-novo-diretor-geral-do-detran\/#primaryimage\"},\"image\":{\"@id\":\"https:\/\/www.blogsoestado.com\/danielmatos\/flavio-dino-anuncia-novo-diretor-geral-do-detran\/#primaryimage\"},\"thumbnailUrl\":\"https:\/\/www.blogsoestado.com\/danielmatos\/files\/2014\/11\/antonio-detran.jpg\",\"datePublished\":\"2014-11-14T12:40:03+00:00\",\"author\":{\"@id\":\"\"},\"breadcrumb\":{\"@id\":\"https:\/\/www.blogsoestado.com\/danielmatos\/flavio-dino-anuncia-novo-diretor-geral-do-detran\/#breadcrumb\"},\"inLanguage\":\"pt-BR\",\"potentialAction\":[{\"@type\":\"ReadAction\",\"target\":[\"https:\/\/www.blogsoestado.com\/danielmatos\/flavio-dino-anuncia-novo-diretor-geral-do-detran\/\"]}]},{\"@type\":\"ImageObject\",\"inLanguage\":\"pt-BR\",\"@id\":\"https:\/\/www.blogsoestado.com\/danielmatos\/flavio-dino-anuncia-novo-diretor-geral-do-detran\/#primaryimage\",\"url\":\"https:\/\/www.blogsoestado.com\/danielmatos\/files\/2014\/11\/antonio-detran.jpg\",\"contentUrl\":\"https:\/\/www.blogsoestado.com\/danielmatos\/files\/2014\/11\/antonio-detran.jpg\"},{\"@type\":\"BreadcrumbList\",\"@id\":\"https:\/\/www.blogsoestado.com\/danielmatos\/flavio-dino-anuncia-novo-diretor-geral-do-detran\/#breadcrumb\",\"itemListElement\":[{\"@type\":\"ListItem\",\"position\":1,\"name\":\"In\u00edcio\",\"item\":\"https:\/\/www.blogsoestado.com\/danielmatos\/\"},{\"@type\":\"ListItem\",\"position\":2,\"name\":\"Fl\u00e1vio Dino anuncia novo diretor-geral do Detran\"}]},{\"@type\":\"WebSite\",\"@id\":\"https:\/\/www.blogsoestado.com\/danielmatos\/#website\",\"url\":\"https:\/\/www.blogsoestado.com\/danielmatos\/\",\"name\":\"Daniel Matos\",\"description\":\"\",\"potentialAction\":[{\"@type\":\"SearchAction\",\"target\":{\"@type\":\"EntryPoint\",\"urlTemplate\":\"https:\/\/www.blogsoestado.com\/danielmatos\/?s={search_term_string}\"},\"query-input\":{\"@type\":\"PropertyValueSpecification\",\"valueRequired\":true,\"valueName\":\"search_term_string\"}}],\"inLanguage\":\"pt-BR\"}]}<\/script>\n<!-- \/ Yoast SEO plugin. -->","yoast_head_json":{"title":"Fl\u00e1vio Dino anuncia novo diretor-geral do Detran - Daniel Matos","robots":{"index":"index","follow":"follow","max-snippet":"max-snippet:-1","max-image-preview":"max-image-preview:large","max-video-preview":"max-video-preview:-1"},"canonical":"https:\/\/www.blogsoestado.com\/danielmatos\/flavio-dino-anuncia-novo-diretor-geral-do-detran\/","og_locale":"pt_BR","og_type":"article","og_title":"Fl\u00e1vio Dino anuncia novo diretor-geral do Detran - Daniel Matos","og_description":"Na manh\u00e3 desta sexta-feira (14) o governador eleito Fl\u00e1vio Dino anunciou o nome do advogado Ant\u00f4nio Nunes para a dire\u00e7\u00e3o [&hellip;]","og_url":"https:\/\/www.blogsoestado.com\/danielmatos\/flavio-dino-anuncia-novo-diretor-geral-do-detran\/","og_site_name":"Daniel Matos","article_published_time":"2014-11-14T12:40:03+00:00","og_image":[{"url":"https:\/\/www.blogsoestado.com\/danielmatos\/files\/2014\/11\/antonio-detran.jpg","type":"","width":"","height":""}],"twitter_card":"summary_large_image","twitter_misc":{"Est. tempo de leitura":"1 minuto"},"schema":{"@context":"https:\/\/schema.org","@graph":[{"@type":"WebPage","@id":"https:\/\/www.blogsoestado.com\/danielmatos\/flavio-dino-anuncia-novo-diretor-geral-do-detran\/","url":"https:\/\/www.blogsoestado.com\/danielmatos\/flavio-dino-anuncia-novo-diretor-geral-do-detran\/","name":"Fl\u00e1vio Dino anuncia novo diretor-geral do Detran - Daniel Matos","isPartOf":{"@id":"https:\/\/www.blogsoestado.com\/danielmatos\/#website"},"primaryImageOfPage":{"@id":"https:\/\/www.blogsoestado.com\/danielmatos\/flavio-dino-anuncia-novo-diretor-geral-do-detran\/#primaryimage"},"image":{"@id":"https:\/\/www.blogsoestado.com\/danielmatos\/flavio-dino-anuncia-novo-diretor-geral-do-detran\/#primaryimage"},"thumbnailUrl":"https:\/\/www.blogsoestado.com\/danielmatos\/files\/2014\/11\/antonio-detran.jpg","datePublished":"2014-11-14T12:40:03+00:00","author":{"@id":""},"breadcrumb":{"@id":"https:\/\/www.blogsoestado.com\/danielmatos\/flavio-dino-anuncia-novo-diretor-geral-do-detran\/#breadcrumb"},"inLanguage":"pt-BR","potentialAction":[{"@type":"ReadAction","target":["https:\/\/www.blogsoestado.com\/danielmatos\/flavio-dino-anuncia-novo-diretor-geral-do-detran\/"]}]},{"@type":"ImageObject","inLanguage":"pt-BR","@id":"https:\/\/www.blogsoestado.com\/danielmatos\/flavio-dino-anuncia-novo-diretor-geral-do-detran\/#primaryimage","url":"https:\/\/www.blogsoestado.com\/danielmatos\/files\/2014\/11\/antonio-detran.jpg","contentUrl":"https:\/\/www.blogsoestado.com\/danielmatos\/files\/2014\/11\/antonio-detran.jpg"},{"@type":"BreadcrumbList","@id":"https:\/\/www.blogsoestado.com\/danielmatos\/flavio-dino-anuncia-novo-diretor-geral-do-detran\/#breadcrumb","itemListElement":[{"@type":"ListItem","position":1,"name":"In\u00edcio","item":"https:\/\/www.blogsoestado.com\/danielmatos\/"},{"@type":"ListItem","position":2,"name":"Fl\u00e1vio Dino anuncia novo diretor-geral do Detran"}]},{"@type":"WebSite","@id":"https:\/\/www.blogsoestado.com\/danielmatos\/#website","url":"https:\/\/www.blogsoestado.com\/danielmatos\/","name":"Daniel Matos","description":"","potentialAction":[{"@type":"SearchAction","target":{"@type":"EntryPoint","urlTemplate":"https:\/\/www.blogsoestado.com\/danielmatos\/?s={search_term_string}"},"query-input":{"@type":"PropertyValueSpecification","valueRequired":true,"valueName":"search_term_string"}}],"inLanguage":"pt-BR"}]}},"jetpack_featured_media_url":"","_links":{"self":[{"href":"https:\/\/www.blogsoestado.com\/danielmatos\/wp-json\/wp\/v2\/posts\/20470","targetHints":{"allow":["GET"]}}],"collection":[{"href":"https:\/\/www.blogsoestado.com\/danielmatos\/wp-json\/wp\/v2\/posts"}],"about":[{"href":"https:\/\/www.blogsoestado.com\/danielmatos\/wp-json\/wp\/v2\/types\/post"}],"replies":[{"embeddable":true,"href":"https:\/\/www.blogsoestado.com\/danielmatos\/wp-json\/wp\/v2\/comments?post=20470"}],"version-history":[{"count":0,"href":"https:\/\/www.blogsoestado.com\/danielmatos\/wp-json\/wp\/v2\/posts\/20470\/revisions"}],"wp:attachment":[{"href":"https:\/\/www.blogsoestado.com\/danielmatos\/wp-json\/wp\/v2\/media?parent=20470"}],"wp:term":[{"taxonomy":"category","embeddable":true,"href":"https:\/\/www.blogsoestado.com\/danielmatos\/wp-json\/wp\/v2\/categories?post=20470"},{"taxonomy":"post_tag","embeddable":true,"href":"https:\/\/www.blogsoestado.com\/danielmatos\/wp-json\/wp\/v2\/tags?post=20470"}],"curies":[{"name":"wp","href":"https:\/\/api.w.org\/{rel}","templated":true}]}}