{"id":20476,"date":"2014-11-14T11:33:02","date_gmt":"2014-11-14T14:33:02","guid":{"rendered":"https:\/\/www.blogsoestado.com\/danielmatos\/?p=20476"},"modified":"2014-11-14T11:33:02","modified_gmt":"2014-11-14T14:33:02","slug":"bolo-e-parabens-marcam-aniversario-de-esgoto-que-polui-praia-do-olho-dagua-ha-20-anos","status":"publish","type":"post","link":"https:\/\/www.blogsoestado.com\/danielmatos\/bolo-e-parabens-marcam-aniversario-de-esgoto-que-polui-praia-do-olho-dagua-ha-20-anos\/","title":{"rendered":"Bolo e parab\u00e9ns marcam anivers\u00e1rio de esgoto que polui praia do Olho d&#8217;\u00c1gua h\u00e1 20 anos"},"content":{"rendered":"<figure id=\"attachment_20477\" aria-describedby=\"caption-attachment-20477\" style=\"width: 640px\" class=\"wp-caption aligncenter\"><a href=\"https:\/\/www.blogsoestado.com\/danielmatos\/files\/2014\/11\/esgoto-olho-d\u00e1gua.jpg\"><img fetchpriority=\"high\" decoding=\"async\" class=\"size-full wp-image-20477\" src=\"https:\/\/www.blogsoestado.com\/danielmatos\/files\/2014\/11\/esgoto-olho-d\u00e1gua.jpg\" alt=\"Desportistas\/ativistas cantaram parab\u00e9ns para lembrar os 20 anos de polui\u00e7\u00e3o da praia \" width=\"640\" height=\"359\" \/><\/a><figcaption id=\"caption-attachment-20477\" class=\"wp-caption-text\">Desportistas\/ativistas cantaram parab\u00e9ns para lembrar os 20 anos de polui\u00e7\u00e3o da praia do Olho d&#8217;\u00c1gua<\/figcaption><\/figure>\n<p>Membros\u00a0da Associa\u00e7\u00e3o de Surf e Bodyboarder do Olho d&#8217;\u00c1gua\u00a0realizaram hoje cedo um ato p\u00fablico para marcar o anivers\u00e1rio de\u00a0um esgoto que polui a praia do Olho d&#8217;\u00c1gua h\u00e1 20 anos. Os desportistas\/ativistas levaram um bolo, cantaram parab\u00e9ns e sopraram velas para lembrar a data.<\/p>\n<figure id=\"attachment_20479\" aria-describedby=\"caption-attachment-20479\" style=\"width: 640px\" class=\"wp-caption aligncenter\"><a href=\"https:\/\/www.blogsoestado.com\/danielmatos\/files\/2014\/11\/esgoto-olho-d\u00e1gua21.jpg\"><img decoding=\"async\" class=\"size-full wp-image-20479\" src=\"https:\/\/www.blogsoestado.com\/danielmatos\/files\/2014\/11\/esgoto-olho-d\u00e1gua21.jpg\" alt=\"Manifestantes exibiram cartazes com apelo \u00e0s autoridades pela solu\u00e7\u00e3o do problema\" width=\"640\" height=\"359\" \/><\/a><figcaption id=\"caption-attachment-20479\" class=\"wp-caption-text\">Manifestantes exibiram cartazes com apelo ao Minist\u00e9rio P\u00fablico e \u00e0 Caema\u00a0pela solu\u00e7\u00e3o do problema<\/figcaption><\/figure>\n<p>Os dejetos lan\u00e7ados na areia e no mar\u00a0h\u00e1 duas d\u00e9cadas p\u00f5em em risco a sa\u00fade dos milhares de banhistas que costumam frequentar a praia do Olho d&#8217;\u00c1gua, uma das mais movimentadas de S\u00e3o Lu\u00eds.<\/p>\n<figure id=\"attachment_20480\" aria-describedby=\"caption-attachment-20480\" style=\"width: 640px\" class=\"wp-caption aligncenter\"><a href=\"https:\/\/www.blogsoestado.com\/danielmatos\/files\/2014\/11\/esgoto-olho-d\u00e1gua3.jpg\"><img decoding=\"async\" class=\"size-full wp-image-20480\" src=\"https:\/\/www.blogsoestado.com\/danielmatos\/files\/2014\/11\/esgoto-olho-d\u00e1gua3.jpg\" alt=\"Primeiro peda\u00e7o de bolo foi jogado em meio aos dejetos, em sinal de protesto contra o descaso\" width=\"640\" height=\"359\" \/><\/a><figcaption id=\"caption-attachment-20480\" class=\"wp-caption-text\">Primeiro peda\u00e7o de bolo foi dedicado \u00e0\u00a0Caema jogado em meio aos dejetos, em sinal de protesto contra o descaso<\/figcaption><\/figure>\n<p>O problema existe h\u00e1 v\u00e1rias gest\u00f5es, mas at\u00e9 hoje nenhum governante se disp\u00f4s a resolv\u00ea-lo. Em meio ao descaso, o esgoto j\u00e1 se incorporou \u00e0 paisagem naquele trecho da orla, produzindo uma vis\u00e3o melanc\u00f3lico em um ambiente que tem tudo para ser um dos mais belos cart\u00f5es postais da capital maranhense.<\/p>\n","protected":false},"excerpt":{"rendered":"<p>Membros\u00a0da Associa\u00e7\u00e3o de Surf e Bodyboarder do Olho d&#8217;\u00c1gua\u00a0realizaram hoje cedo um ato p\u00fablico para marcar o anivers\u00e1rio de\u00a0um esgoto [&hellip;]<\/p>\n","protected":false},"author":0,"featured_media":0,"comment_status":"open","ping_status":"open","sticky":false,"template":"","format":"standard","meta":{"site-sidebar-layout":"default","site-content-layout":"","ast-site-content-layout":"default","site-content-style":"default","site-sidebar-style":"default","ast-global-header-display":"","ast-banner-title-visibility":"","ast-main-header-display":"","ast-hfb-above-header-display":"","ast-hfb-below-header-display":"","ast-hfb-mobile-header-display":"","site-post-title":"","ast-breadcrumbs-content":"","ast-featured-img":"","footer-sml-layout":"","ast-disable-related-posts":"","theme-transparent-header-meta":"","adv-header-id-meta":"","stick-header-meta":"","header-above-stick-meta":"","header-main-stick-meta":"","header-below-stick-meta":"","astra-migrate-meta-layouts":"default","ast-page-background-enabled":"default","ast-page-background-meta":{"desktop":{"background-color":"var(--ast-global-color-5)","background-image":"","background-repeat":"repeat","background-position":"center center","background-size":"auto","background-attachment":"scroll","background-type":"","background-media":"","overlay-type":"","overlay-color":"","overlay-opacity":"","overlay-gradient":""},"tablet":{"background-color":"","background-image":"","background-repeat":"repeat","background-position":"center center","background-size":"auto","background-attachment":"scroll","background-type":"","background-media":"","overlay-type":"","overlay-color":"","overlay-opacity":"","overlay-gradient":""},"mobile":{"background-color":"","background-image":"","background-repeat":"repeat","background-position":"center center","background-size":"auto","background-attachment":"scroll","background-type":"","background-media":"","overlay-type":"","overlay-color":"","overlay-opacity":"","overlay-gradient":""}},"ast-content-background-meta":{"desktop":{"background-color":"var(--ast-global-color-4)","background-image":"","background-repeat":"repeat","background-position":"center center","background-size":"auto","background-attachment":"scroll","background-type":"","background-media":"","overlay-type":"","overlay-color":"","overlay-opacity":"","overlay-gradient":""},"tablet":{"background-color":"var(--ast-global-color-4)","background-image":"","background-repeat":"repeat","background-position":"center center","background-size":"auto","background-attachment":"scroll","background-type":"","background-media":"","overlay-type":"","overlay-color":"","overlay-opacity":"","overlay-gradient":""},"mobile":{"background-color":"var(--ast-global-color-4)","background-image":"","background-repeat":"repeat","background-position":"center center","background-size":"auto","background-attachment":"scroll","background-type":"","background-media":"","overlay-type":"","overlay-color":"","overlay-opacity":"","overlay-gradient":""}},"footnotes":""},"categories":[1],"tags":[],"class_list":["post-20476","post","type-post","status-publish","format-standard","hentry","category-sem-categoria"],"yoast_head":"<!-- This site is optimized with the Yoast SEO plugin v26.6 - https:\/\/yoast.com\/wordpress\/plugins\/seo\/ -->\n<title>Bolo e parab\u00e9ns marcam anivers\u00e1rio de esgoto que polui praia do Olho d&#039;\u00c1gua h\u00e1 20 anos - Daniel Matos<\/title>\n<meta name=\"robots\" content=\"index, follow, max-snippet:-1, max-image-preview:large, max-video-preview:-1\" \/>\n<link rel=\"canonical\" href=\"https:\/\/www.blogsoestado.com\/danielmatos\/bolo-e-parabens-marcam-aniversario-de-esgoto-que-polui-praia-do-olho-dagua-ha-20-anos\/\" \/>\n<meta property=\"og:locale\" content=\"pt_BR\" \/>\n<meta property=\"og:type\" content=\"article\" \/>\n<meta property=\"og:title\" content=\"Bolo e parab\u00e9ns marcam anivers\u00e1rio de esgoto que polui praia do Olho d&#039;\u00c1gua h\u00e1 20 anos - Daniel Matos\" \/>\n<meta property=\"og:description\" content=\"Membros\u00a0da Associa\u00e7\u00e3o de Surf e Bodyboarder do Olho d&#8217;\u00c1gua\u00a0realizaram hoje cedo um ato p\u00fablico para marcar o anivers\u00e1rio de\u00a0um esgoto [&hellip;]\" \/>\n<meta property=\"og:url\" content=\"https:\/\/www.blogsoestado.com\/danielmatos\/bolo-e-parabens-marcam-aniversario-de-esgoto-que-polui-praia-do-olho-dagua-ha-20-anos\/\" \/>\n<meta property=\"og:site_name\" content=\"Daniel Matos\" \/>\n<meta property=\"article:published_time\" content=\"2014-11-14T14:33:02+00:00\" \/>\n<meta name=\"twitter:card\" content=\"summary_large_image\" \/>\n<meta name=\"twitter:label1\" content=\"Est. tempo de leitura\" \/>\n\t<meta name=\"twitter:data1\" content=\"1 minuto\" \/>\n<script type=\"application\/ld+json\" class=\"yoast-schema-graph\">{\"@context\":\"https:\/\/schema.org\",\"@graph\":[{\"@type\":\"WebPage\",\"@id\":\"https:\/\/www.blogsoestado.com\/danielmatos\/bolo-e-parabens-marcam-aniversario-de-esgoto-que-polui-praia-do-olho-dagua-ha-20-anos\/\",\"url\":\"https:\/\/www.blogsoestado.com\/danielmatos\/bolo-e-parabens-marcam-aniversario-de-esgoto-que-polui-praia-do-olho-dagua-ha-20-anos\/\",\"name\":\"Bolo e parab\u00e9ns marcam anivers\u00e1rio de esgoto que polui praia do Olho d'\u00c1gua h\u00e1 20 anos - Daniel Matos\",\"isPartOf\":{\"@id\":\"https:\/\/www.blogsoestado.com\/danielmatos\/#website\"},\"datePublished\":\"2014-11-14T14:33:02+00:00\",\"author\":{\"@id\":\"\"},\"breadcrumb\":{\"@id\":\"https:\/\/www.blogsoestado.com\/danielmatos\/bolo-e-parabens-marcam-aniversario-de-esgoto-que-polui-praia-do-olho-dagua-ha-20-anos\/#breadcrumb\"},\"inLanguage\":\"pt-BR\",\"potentialAction\":[{\"@type\":\"ReadAction\",\"target\":[\"https:\/\/www.blogsoestado.com\/danielmatos\/bolo-e-parabens-marcam-aniversario-de-esgoto-que-polui-praia-do-olho-dagua-ha-20-anos\/\"]}]},{\"@type\":\"BreadcrumbList\",\"@id\":\"https:\/\/www.blogsoestado.com\/danielmatos\/bolo-e-parabens-marcam-aniversario-de-esgoto-que-polui-praia-do-olho-dagua-ha-20-anos\/#breadcrumb\",\"itemListElement\":[{\"@type\":\"ListItem\",\"position\":1,\"name\":\"In\u00edcio\",\"item\":\"https:\/\/www.blogsoestado.com\/danielmatos\/\"},{\"@type\":\"ListItem\",\"position\":2,\"name\":\"Bolo e parab\u00e9ns marcam anivers\u00e1rio de esgoto que polui praia do Olho d&#8217;\u00c1gua h\u00e1 20 anos\"}]},{\"@type\":\"WebSite\",\"@id\":\"https:\/\/www.blogsoestado.com\/danielmatos\/#website\",\"url\":\"https:\/\/www.blogsoestado.com\/danielmatos\/\",\"name\":\"Daniel Matos\",\"description\":\"\",\"potentialAction\":[{\"@type\":\"SearchAction\",\"target\":{\"@type\":\"EntryPoint\",\"urlTemplate\":\"https:\/\/www.blogsoestado.com\/danielmatos\/?s={search_term_string}\"},\"query-input\":{\"@type\":\"PropertyValueSpecification\",\"valueRequired\":true,\"valueName\":\"search_term_string\"}}],\"inLanguage\":\"pt-BR\"}]}<\/script>\n<!-- \/ Yoast SEO plugin. -->","yoast_head_json":{"title":"Bolo e parab\u00e9ns marcam anivers\u00e1rio de esgoto que polui praia do Olho d'\u00c1gua h\u00e1 20 anos - Daniel Matos","robots":{"index":"index","follow":"follow","max-snippet":"max-snippet:-1","max-image-preview":"max-image-preview:large","max-video-preview":"max-video-preview:-1"},"canonical":"https:\/\/www.blogsoestado.com\/danielmatos\/bolo-e-parabens-marcam-aniversario-de-esgoto-que-polui-praia-do-olho-dagua-ha-20-anos\/","og_locale":"pt_BR","og_type":"article","og_title":"Bolo e parab\u00e9ns marcam anivers\u00e1rio de esgoto que polui praia do Olho d'\u00c1gua h\u00e1 20 anos - Daniel Matos","og_description":"Membros\u00a0da Associa\u00e7\u00e3o de Surf e Bodyboarder do Olho d&#8217;\u00c1gua\u00a0realizaram hoje cedo um ato p\u00fablico para marcar o anivers\u00e1rio de\u00a0um esgoto [&hellip;]","og_url":"https:\/\/www.blogsoestado.com\/danielmatos\/bolo-e-parabens-marcam-aniversario-de-esgoto-que-polui-praia-do-olho-dagua-ha-20-anos\/","og_site_name":"Daniel Matos","article_published_time":"2014-11-14T14:33:02+00:00","twitter_card":"summary_large_image","twitter_misc":{"Est. tempo de leitura":"1 minuto"},"schema":{"@context":"https:\/\/schema.org","@graph":[{"@type":"WebPage","@id":"https:\/\/www.blogsoestado.com\/danielmatos\/bolo-e-parabens-marcam-aniversario-de-esgoto-que-polui-praia-do-olho-dagua-ha-20-anos\/","url":"https:\/\/www.blogsoestado.com\/danielmatos\/bolo-e-parabens-marcam-aniversario-de-esgoto-que-polui-praia-do-olho-dagua-ha-20-anos\/","name":"Bolo e parab\u00e9ns marcam anivers\u00e1rio de esgoto que polui praia do Olho d'\u00c1gua h\u00e1 20 anos - Daniel Matos","isPartOf":{"@id":"https:\/\/www.blogsoestado.com\/danielmatos\/#website"},"datePublished":"2014-11-14T14:33:02+00:00","author":{"@id":""},"breadcrumb":{"@id":"https:\/\/www.blogsoestado.com\/danielmatos\/bolo-e-parabens-marcam-aniversario-de-esgoto-que-polui-praia-do-olho-dagua-ha-20-anos\/#breadcrumb"},"inLanguage":"pt-BR","potentialAction":[{"@type":"ReadAction","target":["https:\/\/www.blogsoestado.com\/danielmatos\/bolo-e-parabens-marcam-aniversario-de-esgoto-que-polui-praia-do-olho-dagua-ha-20-anos\/"]}]},{"@type":"BreadcrumbList","@id":"https:\/\/www.blogsoestado.com\/danielmatos\/bolo-e-parabens-marcam-aniversario-de-esgoto-que-polui-praia-do-olho-dagua-ha-20-anos\/#breadcrumb","itemListElement":[{"@type":"ListItem","position":1,"name":"In\u00edcio","item":"https:\/\/www.blogsoestado.com\/danielmatos\/"},{"@type":"ListItem","position":2,"name":"Bolo e parab\u00e9ns marcam anivers\u00e1rio de esgoto que polui praia do Olho d&#8217;\u00c1gua h\u00e1 20 anos"}]},{"@type":"WebSite","@id":"https:\/\/www.blogsoestado.com\/danielmatos\/#website","url":"https:\/\/www.blogsoestado.com\/danielmatos\/","name":"Daniel Matos","description":"","potentialAction":[{"@type":"SearchAction","target":{"@type":"EntryPoint","urlTemplate":"https:\/\/www.blogsoestado.com\/danielmatos\/?s={search_term_string}"},"query-input":{"@type":"PropertyValueSpecification","valueRequired":true,"valueName":"search_term_string"}}],"inLanguage":"pt-BR"}]}},"jetpack_featured_media_url":"","_links":{"self":[{"href":"https:\/\/www.blogsoestado.com\/danielmatos\/wp-json\/wp\/v2\/posts\/20476","targetHints":{"allow":["GET"]}}],"collection":[{"href":"https:\/\/www.blogsoestado.com\/danielmatos\/wp-json\/wp\/v2\/posts"}],"about":[{"href":"https:\/\/www.blogsoestado.com\/danielmatos\/wp-json\/wp\/v2\/types\/post"}],"replies":[{"embeddable":true,"href":"https:\/\/www.blogsoestado.com\/danielmatos\/wp-json\/wp\/v2\/comments?post=20476"}],"version-history":[{"count":0,"href":"https:\/\/www.blogsoestado.com\/danielmatos\/wp-json\/wp\/v2\/posts\/20476\/revisions"}],"wp:attachment":[{"href":"https:\/\/www.blogsoestado.com\/danielmatos\/wp-json\/wp\/v2\/media?parent=20476"}],"wp:term":[{"taxonomy":"category","embeddable":true,"href":"https:\/\/www.blogsoestado.com\/danielmatos\/wp-json\/wp\/v2\/categories?post=20476"},{"taxonomy":"post_tag","embeddable":true,"href":"https:\/\/www.blogsoestado.com\/danielmatos\/wp-json\/wp\/v2\/tags?post=20476"}],"curies":[{"name":"wp","href":"https:\/\/api.w.org\/{rel}","templated":true}]}}