{"id":20485,"date":"2014-11-16T09:38:15","date_gmt":"2014-11-16T12:38:15","guid":{"rendered":"https:\/\/www.blogsoestado.com\/danielmatos\/?p=20485"},"modified":"2014-11-16T09:38:15","modified_gmt":"2014-11-16T12:38:15","slug":"policial-federal-mata-tenente-do-exercito-em-briga-de-transito-em-caxias","status":"publish","type":"post","link":"https:\/\/www.blogsoestado.com\/danielmatos\/policial-federal-mata-tenente-do-exercito-em-briga-de-transito-em-caxias\/","title":{"rendered":"Policial federal mata tenente do Ex\u00e9rcito em briga de tr\u00e2nsito, em Caxias"},"content":{"rendered":"<figure id=\"attachment_20486\" aria-describedby=\"caption-attachment-20486\" style=\"width: 448px\" class=\"wp-caption alignleft\"><a href=\"https:\/\/www.blogsoestado.com\/danielmatos\/files\/2014\/11\/tenente-morto.jpg\"><img fetchpriority=\"high\" decoding=\"async\" class=\"size-full wp-image-20486\" src=\"https:\/\/www.blogsoestado.com\/danielmatos\/files\/2014\/11\/tenente-morto.jpg\" alt=\"Identidade militar do tenente Jos\u00e9 Ramos, morto em briga de tr\u00e2nsito\" width=\"448\" height=\"335\" \/><\/a><figcaption id=\"caption-attachment-20486\" class=\"wp-caption-text\">Identidade militar do tenente Jos\u00e9 Ramos J\u00fanior, morto em briga de tr\u00e2nsito<\/figcaption><\/figure>\n<p>Uma briga de\u00a0tr\u00e2nsito resultou em trag\u00e9dia na noite de ontem\u00a0, em Caxias, a 361 km\u00a0\u00a0de S\u00e3o Lu\u00eds. O tenente do 25\u00ba Batalh\u00e3o de Ca\u00e7adores, sediado em Teresina (PI), Jos\u00e9 Ramos Correia J\u00fanior, assassinado com um tiro no peito pelo escriv\u00e3o\u00a0da Pol\u00edcia Federal Isnardo Francioli, que foi preso em flagrante.<\/p>\n<p>Segundo informa\u00e7\u00f5es, o militar havia parado seu carro no meio de uma das ruas do Centro de Caxias, bloqueando a passagem dos demais ve\u00edculos. Francioli, que estava logo atr\u00e1s,\u00a0foi tomar satisfa\u00e7\u00e3o com o tenente, dando in\u00edcio a uma troca de ofensas. Ato cont\u00ednuo, o policial federal desferiu um soco no rosto de Jos\u00e9 Ramos, para em seguida\u00a0atirar no peito da v\u00edtima.<\/p>\n<p>O militar foi socorrido ainda com vida e encaminhado ao Hospital Geral de Caxias, mas n\u00e3o resistiu \u00e0 gravidade do ferimento. O policial federal foi preso e autuado em flagrante por homic\u00eddio no\u00a01\u00ba Distrito Policial.<\/p>\n<p>A Pol\u00edcia Civil instaurou\u00a0inqu\u00e9rito para apurar o crime, cometido por motivo banal, como tantos outros que j\u00e1 aconteceram por causa de desentendimentos no\u00a0tr\u00e2nsito.<\/p>\n","protected":false},"excerpt":{"rendered":"<p>Uma briga de\u00a0tr\u00e2nsito resultou em trag\u00e9dia na noite de ontem\u00a0, em Caxias, a 361 km\u00a0\u00a0de S\u00e3o Lu\u00eds. O tenente do [&hellip;]<\/p>\n","protected":false},"author":0,"featured_media":0,"comment_status":"open","ping_status":"open","sticky":false,"template":"","format":"standard","meta":{"site-sidebar-layout":"default","site-content-layout":"","ast-site-content-layout":"default","site-content-style":"default","site-sidebar-style":"default","ast-global-header-display":"","ast-banner-title-visibility":"","ast-main-header-display":"","ast-hfb-above-header-display":"","ast-hfb-below-header-display":"","ast-hfb-mobile-header-display":"","site-post-title":"","ast-breadcrumbs-content":"","ast-featured-img":"","footer-sml-layout":"","ast-disable-related-posts":"","theme-transparent-header-meta":"","adv-header-id-meta":"","stick-header-meta":"","header-above-stick-meta":"","header-main-stick-meta":"","header-below-stick-meta":"","astra-migrate-meta-layouts":"default","ast-page-background-enabled":"default","ast-page-background-meta":{"desktop":{"background-color":"var(--ast-global-color-5)","background-image":"","background-repeat":"repeat","background-position":"center center","background-size":"auto","background-attachment":"scroll","background-type":"","background-media":"","overlay-type":"","overlay-color":"","overlay-opacity":"","overlay-gradient":""},"tablet":{"background-color":"","background-image":"","background-repeat":"repeat","background-position":"center center","background-size":"auto","background-attachment":"scroll","background-type":"","background-media":"","overlay-type":"","overlay-color":"","overlay-opacity":"","overlay-gradient":""},"mobile":{"background-color":"","background-image":"","background-repeat":"repeat","background-position":"center center","background-size":"auto","background-attachment":"scroll","background-type":"","background-media":"","overlay-type":"","overlay-color":"","overlay-opacity":"","overlay-gradient":""}},"ast-content-background-meta":{"desktop":{"background-color":"var(--ast-global-color-4)","background-image":"","background-repeat":"repeat","background-position":"center center","background-size":"auto","background-attachment":"scroll","background-type":"","background-media":"","overlay-type":"","overlay-color":"","overlay-opacity":"","overlay-gradient":""},"tablet":{"background-color":"var(--ast-global-color-4)","background-image":"","background-repeat":"repeat","background-position":"center center","background-size":"auto","background-attachment":"scroll","background-type":"","background-media":"","overlay-type":"","overlay-color":"","overlay-opacity":"","overlay-gradient":""},"mobile":{"background-color":"var(--ast-global-color-4)","background-image":"","background-repeat":"repeat","background-position":"center center","background-size":"auto","background-attachment":"scroll","background-type":"","background-media":"","overlay-type":"","overlay-color":"","overlay-opacity":"","overlay-gradient":""}},"footnotes":""},"categories":[1],"tags":[],"class_list":["post-20485","post","type-post","status-publish","format-standard","hentry","category-sem-categoria"],"yoast_head":"<!-- This site is optimized with the Yoast SEO plugin v26.6 - https:\/\/yoast.com\/wordpress\/plugins\/seo\/ -->\n<title>Policial federal mata tenente do Ex\u00e9rcito em briga de tr\u00e2nsito, em Caxias - Daniel Matos<\/title>\n<meta name=\"robots\" content=\"index, follow, max-snippet:-1, max-image-preview:large, max-video-preview:-1\" \/>\n<link rel=\"canonical\" href=\"https:\/\/www.blogsoestado.com\/danielmatos\/policial-federal-mata-tenente-do-exercito-em-briga-de-transito-em-caxias\/\" \/>\n<meta property=\"og:locale\" content=\"pt_BR\" \/>\n<meta property=\"og:type\" content=\"article\" \/>\n<meta property=\"og:title\" content=\"Policial federal mata tenente do Ex\u00e9rcito em briga de tr\u00e2nsito, em Caxias - Daniel Matos\" \/>\n<meta property=\"og:description\" content=\"Uma briga de\u00a0tr\u00e2nsito resultou em trag\u00e9dia na noite de ontem\u00a0, em Caxias, a 361 km\u00a0\u00a0de S\u00e3o Lu\u00eds. O tenente do [&hellip;]\" \/>\n<meta property=\"og:url\" content=\"https:\/\/www.blogsoestado.com\/danielmatos\/policial-federal-mata-tenente-do-exercito-em-briga-de-transito-em-caxias\/\" \/>\n<meta property=\"og:site_name\" content=\"Daniel Matos\" \/>\n<meta property=\"article:published_time\" content=\"2014-11-16T12:38:15+00:00\" \/>\n<meta property=\"og:image\" content=\"https:\/\/www.blogsoestado.com\/danielmatos\/files\/2014\/11\/tenente-morto.jpg\" \/>\n<meta name=\"twitter:card\" content=\"summary_large_image\" \/>\n<meta name=\"twitter:label1\" content=\"Est. tempo de leitura\" \/>\n\t<meta name=\"twitter:data1\" content=\"1 minuto\" \/>\n<script type=\"application\/ld+json\" class=\"yoast-schema-graph\">{\"@context\":\"https:\/\/schema.org\",\"@graph\":[{\"@type\":\"WebPage\",\"@id\":\"https:\/\/www.blogsoestado.com\/danielmatos\/policial-federal-mata-tenente-do-exercito-em-briga-de-transito-em-caxias\/\",\"url\":\"https:\/\/www.blogsoestado.com\/danielmatos\/policial-federal-mata-tenente-do-exercito-em-briga-de-transito-em-caxias\/\",\"name\":\"Policial federal mata tenente do Ex\u00e9rcito em briga de tr\u00e2nsito, em Caxias - Daniel Matos\",\"isPartOf\":{\"@id\":\"https:\/\/www.blogsoestado.com\/danielmatos\/#website\"},\"primaryImageOfPage\":{\"@id\":\"https:\/\/www.blogsoestado.com\/danielmatos\/policial-federal-mata-tenente-do-exercito-em-briga-de-transito-em-caxias\/#primaryimage\"},\"image\":{\"@id\":\"https:\/\/www.blogsoestado.com\/danielmatos\/policial-federal-mata-tenente-do-exercito-em-briga-de-transito-em-caxias\/#primaryimage\"},\"thumbnailUrl\":\"https:\/\/www.blogsoestado.com\/danielmatos\/files\/2014\/11\/tenente-morto.jpg\",\"datePublished\":\"2014-11-16T12:38:15+00:00\",\"author\":{\"@id\":\"\"},\"breadcrumb\":{\"@id\":\"https:\/\/www.blogsoestado.com\/danielmatos\/policial-federal-mata-tenente-do-exercito-em-briga-de-transito-em-caxias\/#breadcrumb\"},\"inLanguage\":\"pt-BR\",\"potentialAction\":[{\"@type\":\"ReadAction\",\"target\":[\"https:\/\/www.blogsoestado.com\/danielmatos\/policial-federal-mata-tenente-do-exercito-em-briga-de-transito-em-caxias\/\"]}]},{\"@type\":\"ImageObject\",\"inLanguage\":\"pt-BR\",\"@id\":\"https:\/\/www.blogsoestado.com\/danielmatos\/policial-federal-mata-tenente-do-exercito-em-briga-de-transito-em-caxias\/#primaryimage\",\"url\":\"https:\/\/www.blogsoestado.com\/danielmatos\/files\/2014\/11\/tenente-morto.jpg\",\"contentUrl\":\"https:\/\/www.blogsoestado.com\/danielmatos\/files\/2014\/11\/tenente-morto.jpg\"},{\"@type\":\"BreadcrumbList\",\"@id\":\"https:\/\/www.blogsoestado.com\/danielmatos\/policial-federal-mata-tenente-do-exercito-em-briga-de-transito-em-caxias\/#breadcrumb\",\"itemListElement\":[{\"@type\":\"ListItem\",\"position\":1,\"name\":\"In\u00edcio\",\"item\":\"https:\/\/www.blogsoestado.com\/danielmatos\/\"},{\"@type\":\"ListItem\",\"position\":2,\"name\":\"Policial federal mata tenente do Ex\u00e9rcito em briga de tr\u00e2nsito, em Caxias\"}]},{\"@type\":\"WebSite\",\"@id\":\"https:\/\/www.blogsoestado.com\/danielmatos\/#website\",\"url\":\"https:\/\/www.blogsoestado.com\/danielmatos\/\",\"name\":\"Daniel Matos\",\"description\":\"\",\"potentialAction\":[{\"@type\":\"SearchAction\",\"target\":{\"@type\":\"EntryPoint\",\"urlTemplate\":\"https:\/\/www.blogsoestado.com\/danielmatos\/?s={search_term_string}\"},\"query-input\":{\"@type\":\"PropertyValueSpecification\",\"valueRequired\":true,\"valueName\":\"search_term_string\"}}],\"inLanguage\":\"pt-BR\"}]}<\/script>\n<!-- \/ Yoast SEO plugin. -->","yoast_head_json":{"title":"Policial federal mata tenente do Ex\u00e9rcito em briga de tr\u00e2nsito, em Caxias - Daniel Matos","robots":{"index":"index","follow":"follow","max-snippet":"max-snippet:-1","max-image-preview":"max-image-preview:large","max-video-preview":"max-video-preview:-1"},"canonical":"https:\/\/www.blogsoestado.com\/danielmatos\/policial-federal-mata-tenente-do-exercito-em-briga-de-transito-em-caxias\/","og_locale":"pt_BR","og_type":"article","og_title":"Policial federal mata tenente do Ex\u00e9rcito em briga de tr\u00e2nsito, em Caxias - Daniel Matos","og_description":"Uma briga de\u00a0tr\u00e2nsito resultou em trag\u00e9dia na noite de ontem\u00a0, em Caxias, a 361 km\u00a0\u00a0de S\u00e3o Lu\u00eds. O tenente do [&hellip;]","og_url":"https:\/\/www.blogsoestado.com\/danielmatos\/policial-federal-mata-tenente-do-exercito-em-briga-de-transito-em-caxias\/","og_site_name":"Daniel Matos","article_published_time":"2014-11-16T12:38:15+00:00","og_image":[{"url":"https:\/\/www.blogsoestado.com\/danielmatos\/files\/2014\/11\/tenente-morto.jpg","type":"","width":"","height":""}],"twitter_card":"summary_large_image","twitter_misc":{"Est. tempo de leitura":"1 minuto"},"schema":{"@context":"https:\/\/schema.org","@graph":[{"@type":"WebPage","@id":"https:\/\/www.blogsoestado.com\/danielmatos\/policial-federal-mata-tenente-do-exercito-em-briga-de-transito-em-caxias\/","url":"https:\/\/www.blogsoestado.com\/danielmatos\/policial-federal-mata-tenente-do-exercito-em-briga-de-transito-em-caxias\/","name":"Policial federal mata tenente do Ex\u00e9rcito em briga de tr\u00e2nsito, em Caxias - Daniel Matos","isPartOf":{"@id":"https:\/\/www.blogsoestado.com\/danielmatos\/#website"},"primaryImageOfPage":{"@id":"https:\/\/www.blogsoestado.com\/danielmatos\/policial-federal-mata-tenente-do-exercito-em-briga-de-transito-em-caxias\/#primaryimage"},"image":{"@id":"https:\/\/www.blogsoestado.com\/danielmatos\/policial-federal-mata-tenente-do-exercito-em-briga-de-transito-em-caxias\/#primaryimage"},"thumbnailUrl":"https:\/\/www.blogsoestado.com\/danielmatos\/files\/2014\/11\/tenente-morto.jpg","datePublished":"2014-11-16T12:38:15+00:00","author":{"@id":""},"breadcrumb":{"@id":"https:\/\/www.blogsoestado.com\/danielmatos\/policial-federal-mata-tenente-do-exercito-em-briga-de-transito-em-caxias\/#breadcrumb"},"inLanguage":"pt-BR","potentialAction":[{"@type":"ReadAction","target":["https:\/\/www.blogsoestado.com\/danielmatos\/policial-federal-mata-tenente-do-exercito-em-briga-de-transito-em-caxias\/"]}]},{"@type":"ImageObject","inLanguage":"pt-BR","@id":"https:\/\/www.blogsoestado.com\/danielmatos\/policial-federal-mata-tenente-do-exercito-em-briga-de-transito-em-caxias\/#primaryimage","url":"https:\/\/www.blogsoestado.com\/danielmatos\/files\/2014\/11\/tenente-morto.jpg","contentUrl":"https:\/\/www.blogsoestado.com\/danielmatos\/files\/2014\/11\/tenente-morto.jpg"},{"@type":"BreadcrumbList","@id":"https:\/\/www.blogsoestado.com\/danielmatos\/policial-federal-mata-tenente-do-exercito-em-briga-de-transito-em-caxias\/#breadcrumb","itemListElement":[{"@type":"ListItem","position":1,"name":"In\u00edcio","item":"https:\/\/www.blogsoestado.com\/danielmatos\/"},{"@type":"ListItem","position":2,"name":"Policial federal mata tenente do Ex\u00e9rcito em briga de tr\u00e2nsito, em Caxias"}]},{"@type":"WebSite","@id":"https:\/\/www.blogsoestado.com\/danielmatos\/#website","url":"https:\/\/www.blogsoestado.com\/danielmatos\/","name":"Daniel Matos","description":"","potentialAction":[{"@type":"SearchAction","target":{"@type":"EntryPoint","urlTemplate":"https:\/\/www.blogsoestado.com\/danielmatos\/?s={search_term_string}"},"query-input":{"@type":"PropertyValueSpecification","valueRequired":true,"valueName":"search_term_string"}}],"inLanguage":"pt-BR"}]}},"jetpack_featured_media_url":"","_links":{"self":[{"href":"https:\/\/www.blogsoestado.com\/danielmatos\/wp-json\/wp\/v2\/posts\/20485","targetHints":{"allow":["GET"]}}],"collection":[{"href":"https:\/\/www.blogsoestado.com\/danielmatos\/wp-json\/wp\/v2\/posts"}],"about":[{"href":"https:\/\/www.blogsoestado.com\/danielmatos\/wp-json\/wp\/v2\/types\/post"}],"replies":[{"embeddable":true,"href":"https:\/\/www.blogsoestado.com\/danielmatos\/wp-json\/wp\/v2\/comments?post=20485"}],"version-history":[{"count":0,"href":"https:\/\/www.blogsoestado.com\/danielmatos\/wp-json\/wp\/v2\/posts\/20485\/revisions"}],"wp:attachment":[{"href":"https:\/\/www.blogsoestado.com\/danielmatos\/wp-json\/wp\/v2\/media?parent=20485"}],"wp:term":[{"taxonomy":"category","embeddable":true,"href":"https:\/\/www.blogsoestado.com\/danielmatos\/wp-json\/wp\/v2\/categories?post=20485"},{"taxonomy":"post_tag","embeddable":true,"href":"https:\/\/www.blogsoestado.com\/danielmatos\/wp-json\/wp\/v2\/tags?post=20485"}],"curies":[{"name":"wp","href":"https:\/\/api.w.org\/{rel}","templated":true}]}}