{"id":20488,"date":"2014-11-16T09:53:50","date_gmt":"2014-11-16T12:53:50","guid":{"rendered":"https:\/\/www.blogsoestado.com\/danielmatos\/?p=20488"},"modified":"2014-11-16T09:53:50","modified_gmt":"2014-11-16T12:53:50","slug":"prefeitura-garante-retomada-do-calendario-letivo-na-ueb-sao-raimundo","status":"publish","type":"post","link":"https:\/\/www.blogsoestado.com\/danielmatos\/prefeitura-garante-retomada-do-calendario-letivo-na-ueb-sao-raimundo\/","title":{"rendered":"Prefeitura garante retomada do calend\u00e1rio letivo na UEB S\u00e3o Raimundo"},"content":{"rendered":"<figure id=\"attachment_20489\" aria-describedby=\"caption-attachment-20489\" style=\"width: 640px\" class=\"wp-caption aligncenter\"><a href=\"https:\/\/www.blogsoestado.com\/danielmatos\/files\/2014\/11\/geraldo-calendario.jpg\"><img fetchpriority=\"high\" decoding=\"async\" class=\"size-full wp-image-20489\" src=\"https:\/\/www.blogsoestado.com\/danielmatos\/files\/2014\/11\/geraldo-calendario.jpg\" alt=\"Secret\u00e1rio Geraldo Castro Sobrinho fala de melhorias na escola, que garantiram retomada do calend\u00e1rio letivo\" width=\"640\" height=\"427\" \/><\/a><figcaption id=\"caption-attachment-20489\" class=\"wp-caption-text\">Secret\u00e1rio Geraldo Castro Sobrinho fala de melhorias na escola, que garantiram retomada do calend\u00e1rio letivo<\/figcaption><\/figure>\n<p>A Prefeitura de S\u00e3o Lu\u00eds, atrav\u00e9s da Secretaria de Educa\u00e7\u00e3o (Semed), garantiu a totalidade do calend\u00e1rio escolar para os estudantes da Unidade de Educa\u00e7\u00e3o B\u00e1sica (U.E.B.) S\u00e3o Raimundo. A unidade passou por um processo de requalifica\u00e7\u00e3o estrutural e as aulas ser\u00e3o retomadas nesta segunda-feira (17).<\/p>\n<p>\u201cA revitaliza\u00e7\u00e3o desta escola \u00e9 parte do compromisso do prefeito Edivaldo com a \u00e1rea da Educa\u00e7\u00e3o. A escola agora estar\u00e1 funcionando e aberta \u00e0 comunidade, pois ela pertence a cada cidad\u00e3o que mora nesta \u00e1rea e que precisa desta escola\u201d, informou o secret\u00e1rio municipal de Educa\u00e7\u00e3o, Geraldo Castro Sobrinho.<\/p>\n<p>O titular da Semed esteve na comunidade durante a \u00faltima sexta-feira (14) para informar sobre o rein\u00edcio das aulas a professores, pais de alunos e lideran\u00e7as comunit\u00e1rias. Na ocasi\u00e3o, ele agradeceu o esfor\u00e7o da gest\u00e3o escolar e dos professores. Geraldo Castro Sobrinho tamb\u00e9m anunciou a constru\u00e7\u00e3o de uma quadra poliesportiva coberta na escola, com vesti\u00e1rio e arquibancadas laterais.<\/p>\n<p>\u201cRealizamos hoje ampla programa\u00e7\u00e3o cultural com professores e estudantes, para comemorar a recupera\u00e7\u00e3o da nossa escola, e melhor: v\u00ea-la de volta \u00e0s aulas\u201d, disse a gestora da unidade, Lucirene Concei\u00e7\u00e3o de Sousa Almeida.<\/p>\n<p>Com a conclus\u00e3o da reforma, foi organizada uma exposi\u00e7\u00e3o com trabalhos art\u00edsticos dos estudantes e tamb\u00e9m com o projeto \u201cCordel da Conviv\u00eancia Escolar\u201d, desenvolvido na escola. O projeto consiste em um livro, em formato de cordel, produzido pelos estudantes, estimulando a conserva\u00e7\u00e3o das instala\u00e7\u00f5es.<\/p>\n<figure id=\"attachment_20490\" aria-describedby=\"caption-attachment-20490\" style=\"width: 640px\" class=\"wp-caption aligncenter\"><a href=\"https:\/\/www.blogsoestado.com\/danielmatos\/files\/2014\/11\/geraldo-calendario2.jpg\"><img decoding=\"async\" class=\"size-full wp-image-20490\" src=\"https:\/\/www.blogsoestado.com\/danielmatos\/files\/2014\/11\/geraldo-calendario2.jpg\" alt=\"Geraldo Castro agradeceu o esfor\u00e7o da gest\u00e3o escolar e dos professores para o rein\u00edcio das aulas \" width=\"640\" height=\"427\" \/><\/a><figcaption id=\"caption-attachment-20490\" class=\"wp-caption-text\">Geraldo Castro agradeceu o esfor\u00e7o da gest\u00e3o escolar e dos professores para o rein\u00edcio das aulas<\/figcaption><\/figure>\n<p>Funcion\u00e1ria da U.E.B. S\u00e3o Raimundo h\u00e1 16 anos, Ver\u00f4nica Ribamar Martins demonstrou satisfa\u00e7\u00e3o ao ver o resultado das melhorias na unidade de ensino. \u201c\u00c9 uma alegria muito grande, com certeza. Sempre gosto de olhar a escola bem cuidada, pois a Educa\u00e7\u00e3o de qualidade \u00e9 fundamental na vida de qualquer pessoa\u201d, garantiu.<\/p>\n<p>Os estudantes tamb\u00e9m aprovaram a reforma realizada na unidade. Ana Beatriz Costa Souza, 14 anos, aluna do 7\u00ba ano da escola, comemorou o resultado da reforma. \u201c\u00c9 bom demais ver a escola bonita e poder voltar a ter aulas aqui\u201d, disse.<\/p>\n<p>Na U.E.B. S\u00e3o Raimundo, foram feitos servi\u00e7os de retelhamento, substitui\u00e7\u00e3o de esquadrias (portas e janelas), pintura interna e externa, al\u00e9m de reestrutura\u00e7\u00e3o do forro e das redes hidr\u00e1ulica e el\u00e9trica. A escola tamb\u00e9m realizou o plantio de mudas de esp\u00e9cies ornamentais. O processo de manuten\u00e7\u00e3o e requalifica\u00e7\u00e3o estrutural das unidades escolares segue determina\u00e7\u00e3o do prefeito Edivaldo e, atualmente, contempla outras 24 unidades escolares, simultaneamente.<\/p>\n<p><strong>Hist\u00f3rico<\/strong><\/p>\n<p>A U.E.B. S\u00e3o Raimundo recebeu esse nome por ser a primeira escola inaugurada na comunidade. O pr\u00e9dio foi erguido pelas 14 construtoras que edificaram o Conjunto Habitacional S\u00e3o Raimundo, e funciona sob a gest\u00e3o da Secretaria Municipal de Educa\u00e7\u00e3o desde 1994. A escola possui capacidade para atender mais de 1,5 mil estudantes nos tr\u00eas turnos em 21 salas de aula. A U.E.B. possui ainda sala de dire\u00e7\u00e3o, sala de professores, sala de v\u00eddeo, biblioteca, refeit\u00f3rio, dois blocos de banheiros, al\u00e9m de p\u00e1tios externo e interno.<\/p>\n<p><strong>Fonte:<\/strong> Secretaria Municipal de Comunica\u00e7\u00e3o (Secom)<\/p>\n","protected":false},"excerpt":{"rendered":"<p>A Prefeitura de S\u00e3o Lu\u00eds, atrav\u00e9s da Secretaria de Educa\u00e7\u00e3o (Semed), garantiu a totalidade do calend\u00e1rio escolar para os estudantes [&hellip;]<\/p>\n","protected":false},"author":0,"featured_media":0,"comment_status":"open","ping_status":"open","sticky":false,"template":"","format":"standard","meta":{"site-sidebar-layout":"default","site-content-layout":"","ast-site-content-layout":"default","site-content-style":"default","site-sidebar-style":"default","ast-global-header-display":"","ast-banner-title-visibility":"","ast-main-header-display":"","ast-hfb-above-header-display":"","ast-hfb-below-header-display":"","ast-hfb-mobile-header-display":"","site-post-title":"","ast-breadcrumbs-content":"","ast-featured-img":"","footer-sml-layout":"","ast-disable-related-posts":"","theme-transparent-header-meta":"","adv-header-id-meta":"","stick-header-meta":"","header-above-stick-meta":"","header-main-stick-meta":"","header-below-stick-meta":"","astra-migrate-meta-layouts":"default","ast-page-background-enabled":"default","ast-page-background-meta":{"desktop":{"background-color":"var(--ast-global-color-5)","background-image":"","background-repeat":"repeat","background-position":"center center","background-size":"auto","background-attachment":"scroll","background-type":"","background-media":"","overlay-type":"","overlay-color":"","overlay-opacity":"","overlay-gradient":""},"tablet":{"background-color":"","background-image":"","background-repeat":"repeat","background-position":"center center","background-size":"auto","background-attachment":"scroll","background-type":"","background-media":"","overlay-type":"","overlay-color":"","overlay-opacity":"","overlay-gradient":""},"mobile":{"background-color":"","background-image":"","background-repeat":"repeat","background-position":"center center","background-size":"auto","background-attachment":"scroll","background-type":"","background-media":"","overlay-type":"","overlay-color":"","overlay-opacity":"","overlay-gradient":""}},"ast-content-background-meta":{"desktop":{"background-color":"var(--ast-global-color-4)","background-image":"","background-repeat":"repeat","background-position":"center center","background-size":"auto","background-attachment":"scroll","background-type":"","background-media":"","overlay-type":"","overlay-color":"","overlay-opacity":"","overlay-gradient":""},"tablet":{"background-color":"var(--ast-global-color-4)","background-image":"","background-repeat":"repeat","background-position":"center center","background-size":"auto","background-attachment":"scroll","background-type":"","background-media":"","overlay-type":"","overlay-color":"","overlay-opacity":"","overlay-gradient":""},"mobile":{"background-color":"var(--ast-global-color-4)","background-image":"","background-repeat":"repeat","background-position":"center center","background-size":"auto","background-attachment":"scroll","background-type":"","background-media":"","overlay-type":"","overlay-color":"","overlay-opacity":"","overlay-gradient":""}},"footnotes":""},"categories":[1],"tags":[],"class_list":["post-20488","post","type-post","status-publish","format-standard","hentry","category-sem-categoria"],"yoast_head":"<!-- This site is optimized with the Yoast SEO plugin v26.6 - https:\/\/yoast.com\/wordpress\/plugins\/seo\/ -->\n<title>Prefeitura garante retomada do calend\u00e1rio letivo na UEB S\u00e3o Raimundo - Daniel Matos<\/title>\n<meta name=\"robots\" content=\"index, follow, max-snippet:-1, max-image-preview:large, max-video-preview:-1\" \/>\n<link rel=\"canonical\" href=\"https:\/\/www.blogsoestado.com\/danielmatos\/prefeitura-garante-retomada-do-calendario-letivo-na-ueb-sao-raimundo\/\" \/>\n<meta property=\"og:locale\" content=\"pt_BR\" \/>\n<meta property=\"og:type\" content=\"article\" \/>\n<meta property=\"og:title\" content=\"Prefeitura garante retomada do calend\u00e1rio letivo na UEB S\u00e3o Raimundo - Daniel Matos\" \/>\n<meta property=\"og:description\" content=\"A Prefeitura de S\u00e3o Lu\u00eds, atrav\u00e9s da Secretaria de Educa\u00e7\u00e3o (Semed), garantiu a totalidade do calend\u00e1rio escolar para os estudantes [&hellip;]\" \/>\n<meta property=\"og:url\" content=\"https:\/\/www.blogsoestado.com\/danielmatos\/prefeitura-garante-retomada-do-calendario-letivo-na-ueb-sao-raimundo\/\" \/>\n<meta property=\"og:site_name\" content=\"Daniel Matos\" \/>\n<meta property=\"article:published_time\" content=\"2014-11-16T12:53:50+00:00\" \/>\n<meta property=\"og:image\" content=\"https:\/\/www.blogsoestado.com\/danielmatos\/files\/2014\/11\/geraldo-calendario.jpg\" \/>\n<meta name=\"twitter:card\" content=\"summary_large_image\" \/>\n<meta name=\"twitter:label1\" content=\"Est. tempo de leitura\" \/>\n\t<meta name=\"twitter:data1\" content=\"3 minutos\" \/>\n<script type=\"application\/ld+json\" class=\"yoast-schema-graph\">{\"@context\":\"https:\/\/schema.org\",\"@graph\":[{\"@type\":\"WebPage\",\"@id\":\"https:\/\/www.blogsoestado.com\/danielmatos\/prefeitura-garante-retomada-do-calendario-letivo-na-ueb-sao-raimundo\/\",\"url\":\"https:\/\/www.blogsoestado.com\/danielmatos\/prefeitura-garante-retomada-do-calendario-letivo-na-ueb-sao-raimundo\/\",\"name\":\"Prefeitura garante retomada do calend\u00e1rio letivo na UEB S\u00e3o Raimundo - Daniel Matos\",\"isPartOf\":{\"@id\":\"https:\/\/www.blogsoestado.com\/danielmatos\/#website\"},\"primaryImageOfPage\":{\"@id\":\"https:\/\/www.blogsoestado.com\/danielmatos\/prefeitura-garante-retomada-do-calendario-letivo-na-ueb-sao-raimundo\/#primaryimage\"},\"image\":{\"@id\":\"https:\/\/www.blogsoestado.com\/danielmatos\/prefeitura-garante-retomada-do-calendario-letivo-na-ueb-sao-raimundo\/#primaryimage\"},\"thumbnailUrl\":\"https:\/\/www.blogsoestado.com\/danielmatos\/files\/2014\/11\/geraldo-calendario.jpg\",\"datePublished\":\"2014-11-16T12:53:50+00:00\",\"author\":{\"@id\":\"\"},\"breadcrumb\":{\"@id\":\"https:\/\/www.blogsoestado.com\/danielmatos\/prefeitura-garante-retomada-do-calendario-letivo-na-ueb-sao-raimundo\/#breadcrumb\"},\"inLanguage\":\"pt-BR\",\"potentialAction\":[{\"@type\":\"ReadAction\",\"target\":[\"https:\/\/www.blogsoestado.com\/danielmatos\/prefeitura-garante-retomada-do-calendario-letivo-na-ueb-sao-raimundo\/\"]}]},{\"@type\":\"ImageObject\",\"inLanguage\":\"pt-BR\",\"@id\":\"https:\/\/www.blogsoestado.com\/danielmatos\/prefeitura-garante-retomada-do-calendario-letivo-na-ueb-sao-raimundo\/#primaryimage\",\"url\":\"https:\/\/www.blogsoestado.com\/danielmatos\/files\/2014\/11\/geraldo-calendario.jpg\",\"contentUrl\":\"https:\/\/www.blogsoestado.com\/danielmatos\/files\/2014\/11\/geraldo-calendario.jpg\"},{\"@type\":\"BreadcrumbList\",\"@id\":\"https:\/\/www.blogsoestado.com\/danielmatos\/prefeitura-garante-retomada-do-calendario-letivo-na-ueb-sao-raimundo\/#breadcrumb\",\"itemListElement\":[{\"@type\":\"ListItem\",\"position\":1,\"name\":\"In\u00edcio\",\"item\":\"https:\/\/www.blogsoestado.com\/danielmatos\/\"},{\"@type\":\"ListItem\",\"position\":2,\"name\":\"Prefeitura garante retomada do calend\u00e1rio letivo na UEB S\u00e3o Raimundo\"}]},{\"@type\":\"WebSite\",\"@id\":\"https:\/\/www.blogsoestado.com\/danielmatos\/#website\",\"url\":\"https:\/\/www.blogsoestado.com\/danielmatos\/\",\"name\":\"Daniel Matos\",\"description\":\"\",\"potentialAction\":[{\"@type\":\"SearchAction\",\"target\":{\"@type\":\"EntryPoint\",\"urlTemplate\":\"https:\/\/www.blogsoestado.com\/danielmatos\/?s={search_term_string}\"},\"query-input\":{\"@type\":\"PropertyValueSpecification\",\"valueRequired\":true,\"valueName\":\"search_term_string\"}}],\"inLanguage\":\"pt-BR\"}]}<\/script>\n<!-- \/ Yoast SEO plugin. -->","yoast_head_json":{"title":"Prefeitura garante retomada do calend\u00e1rio letivo na UEB S\u00e3o Raimundo - Daniel Matos","robots":{"index":"index","follow":"follow","max-snippet":"max-snippet:-1","max-image-preview":"max-image-preview:large","max-video-preview":"max-video-preview:-1"},"canonical":"https:\/\/www.blogsoestado.com\/danielmatos\/prefeitura-garante-retomada-do-calendario-letivo-na-ueb-sao-raimundo\/","og_locale":"pt_BR","og_type":"article","og_title":"Prefeitura garante retomada do calend\u00e1rio letivo na UEB S\u00e3o Raimundo - Daniel Matos","og_description":"A Prefeitura de S\u00e3o Lu\u00eds, atrav\u00e9s da Secretaria de Educa\u00e7\u00e3o (Semed), garantiu a totalidade do calend\u00e1rio escolar para os estudantes [&hellip;]","og_url":"https:\/\/www.blogsoestado.com\/danielmatos\/prefeitura-garante-retomada-do-calendario-letivo-na-ueb-sao-raimundo\/","og_site_name":"Daniel Matos","article_published_time":"2014-11-16T12:53:50+00:00","og_image":[{"url":"https:\/\/www.blogsoestado.com\/danielmatos\/files\/2014\/11\/geraldo-calendario.jpg","type":"","width":"","height":""}],"twitter_card":"summary_large_image","twitter_misc":{"Est. tempo de leitura":"3 minutos"},"schema":{"@context":"https:\/\/schema.org","@graph":[{"@type":"WebPage","@id":"https:\/\/www.blogsoestado.com\/danielmatos\/prefeitura-garante-retomada-do-calendario-letivo-na-ueb-sao-raimundo\/","url":"https:\/\/www.blogsoestado.com\/danielmatos\/prefeitura-garante-retomada-do-calendario-letivo-na-ueb-sao-raimundo\/","name":"Prefeitura garante retomada do calend\u00e1rio letivo na UEB S\u00e3o Raimundo - Daniel Matos","isPartOf":{"@id":"https:\/\/www.blogsoestado.com\/danielmatos\/#website"},"primaryImageOfPage":{"@id":"https:\/\/www.blogsoestado.com\/danielmatos\/prefeitura-garante-retomada-do-calendario-letivo-na-ueb-sao-raimundo\/#primaryimage"},"image":{"@id":"https:\/\/www.blogsoestado.com\/danielmatos\/prefeitura-garante-retomada-do-calendario-letivo-na-ueb-sao-raimundo\/#primaryimage"},"thumbnailUrl":"https:\/\/www.blogsoestado.com\/danielmatos\/files\/2014\/11\/geraldo-calendario.jpg","datePublished":"2014-11-16T12:53:50+00:00","author":{"@id":""},"breadcrumb":{"@id":"https:\/\/www.blogsoestado.com\/danielmatos\/prefeitura-garante-retomada-do-calendario-letivo-na-ueb-sao-raimundo\/#breadcrumb"},"inLanguage":"pt-BR","potentialAction":[{"@type":"ReadAction","target":["https:\/\/www.blogsoestado.com\/danielmatos\/prefeitura-garante-retomada-do-calendario-letivo-na-ueb-sao-raimundo\/"]}]},{"@type":"ImageObject","inLanguage":"pt-BR","@id":"https:\/\/www.blogsoestado.com\/danielmatos\/prefeitura-garante-retomada-do-calendario-letivo-na-ueb-sao-raimundo\/#primaryimage","url":"https:\/\/www.blogsoestado.com\/danielmatos\/files\/2014\/11\/geraldo-calendario.jpg","contentUrl":"https:\/\/www.blogsoestado.com\/danielmatos\/files\/2014\/11\/geraldo-calendario.jpg"},{"@type":"BreadcrumbList","@id":"https:\/\/www.blogsoestado.com\/danielmatos\/prefeitura-garante-retomada-do-calendario-letivo-na-ueb-sao-raimundo\/#breadcrumb","itemListElement":[{"@type":"ListItem","position":1,"name":"In\u00edcio","item":"https:\/\/www.blogsoestado.com\/danielmatos\/"},{"@type":"ListItem","position":2,"name":"Prefeitura garante retomada do calend\u00e1rio letivo na UEB S\u00e3o Raimundo"}]},{"@type":"WebSite","@id":"https:\/\/www.blogsoestado.com\/danielmatos\/#website","url":"https:\/\/www.blogsoestado.com\/danielmatos\/","name":"Daniel Matos","description":"","potentialAction":[{"@type":"SearchAction","target":{"@type":"EntryPoint","urlTemplate":"https:\/\/www.blogsoestado.com\/danielmatos\/?s={search_term_string}"},"query-input":{"@type":"PropertyValueSpecification","valueRequired":true,"valueName":"search_term_string"}}],"inLanguage":"pt-BR"}]}},"jetpack_featured_media_url":"","_links":{"self":[{"href":"https:\/\/www.blogsoestado.com\/danielmatos\/wp-json\/wp\/v2\/posts\/20488","targetHints":{"allow":["GET"]}}],"collection":[{"href":"https:\/\/www.blogsoestado.com\/danielmatos\/wp-json\/wp\/v2\/posts"}],"about":[{"href":"https:\/\/www.blogsoestado.com\/danielmatos\/wp-json\/wp\/v2\/types\/post"}],"replies":[{"embeddable":true,"href":"https:\/\/www.blogsoestado.com\/danielmatos\/wp-json\/wp\/v2\/comments?post=20488"}],"version-history":[{"count":0,"href":"https:\/\/www.blogsoestado.com\/danielmatos\/wp-json\/wp\/v2\/posts\/20488\/revisions"}],"wp:attachment":[{"href":"https:\/\/www.blogsoestado.com\/danielmatos\/wp-json\/wp\/v2\/media?parent=20488"}],"wp:term":[{"taxonomy":"category","embeddable":true,"href":"https:\/\/www.blogsoestado.com\/danielmatos\/wp-json\/wp\/v2\/categories?post=20488"},{"taxonomy":"post_tag","embeddable":true,"href":"https:\/\/www.blogsoestado.com\/danielmatos\/wp-json\/wp\/v2\/tags?post=20488"}],"curies":[{"name":"wp","href":"https:\/\/api.w.org\/{rel}","templated":true}]}}