{"id":20508,"date":"2014-11-17T08:12:58","date_gmt":"2014-11-17T11:12:58","guid":{"rendered":"https:\/\/www.blogsoestado.com\/danielmatos\/?p=20508"},"modified":"2014-11-17T08:12:58","modified_gmt":"2014-11-17T11:12:58","slug":"flavio-dino-traz-de-minas-gerais-novo-secretario-de-administracao-penitenciaria","status":"publish","type":"post","link":"https:\/\/www.blogsoestado.com\/danielmatos\/flavio-dino-traz-de-minas-gerais-novo-secretario-de-administracao-penitenciaria\/","title":{"rendered":"Fl\u00e1vio Dino traz de Minas Gerais novo secret\u00e1rio de Administra\u00e7\u00e3o Penitenci\u00e1ria"},"content":{"rendered":"<figure id=\"attachment_20509\" aria-describedby=\"caption-attachment-20509\" style=\"width: 414px\" class=\"wp-caption alignright\"><a href=\"https:\/\/www.blogsoestado.com\/danielmatos\/files\/2014\/11\/murilo-sejap.jpg\"><img fetchpriority=\"high\" decoding=\"async\" class=\"size-full wp-image-20509\" src=\"https:\/\/www.blogsoestado.com\/danielmatos\/files\/2014\/11\/murilo-sejap.jpg\" alt=\"Subsecret\u00e1rio de Administra\u00e7\u00e3o Prisional de MG comandar\u00e1 sistema penitenci\u00e1rio do Maranh\u00e3o\" width=\"414\" height=\"336\" \/><\/a><figcaption id=\"caption-attachment-20509\" class=\"wp-caption-text\">Subsecret\u00e1rio de Administra\u00e7\u00e3o Prisional de Minas Gerais\u00a0comandar\u00e1 sistema penitenci\u00e1rio do Maranh\u00e3o<\/figcaption><\/figure>\n<p>O governador eleito Fl\u00e1vio Dino anunciou na manh\u00e3 desta segunda-feira (17) mais um nome para integrar a sua equipe a partir de 1\u00ba de janeiro. Murilo Andrade ser\u00e1 o pr\u00f3ximo secret\u00e1rio de Administra\u00e7\u00e3o Penitenci\u00e1ria. Esse foi o 26\u00ba nome indicado atrav\u00e9s das redes sociais.<\/p>\n<p>Com larga experi\u00eancia na \u00e1rea, Murilo Andrade assumir\u00e1 a Secretaria com a meta de buscar alternativas \u00e0 execu\u00e7\u00e3o penal, com destaque para o fortalecimento do m\u00e9todo APAC &#8211; Associa\u00e7\u00e3o de Prote\u00e7\u00e3o e Assist\u00eancia aos Condenados, valoriza\u00e7\u00e3o dos servidores \u2013 agentes penitenci\u00e1rios e servidores t\u00e9cnico-administrativos, al\u00e9m de implantar um novo modelo de gest\u00e3o do sistema prisional que atenda as necessidades do estado.<\/p>\n<p>Conhe\u00e7a o perfil do novo indicado:<\/p>\n<p>MURILO ANDRADE DE OLIVEIRA &#8211; Secretaria de Administra\u00e7\u00e3o Penitenci\u00e1ria<\/p>\n<p>Murilo Andrade \u00e9 formado em Direito (PUC-MG\/Contagem), especialista em Direito P\u00fablico (UNIGRANRIO), doutorando em Ci\u00eancias Jur\u00eddicas e Sociais (UMSA) e graduando em Administra\u00e7\u00e3o (Universidade FEAD). Atua h\u00e1 16 anos na gest\u00e3o do sistema prisional, tendo ocupado cargos de Superintendente de Articula\u00e7\u00e3o Institucional e Gest\u00e3o de Vagas, Diretor de Informa\u00e7\u00f5es Penitenci\u00e1rias, Instrutor e Auditor de Agentes de Seguran\u00e7a Penitenci\u00e1ria \u2013 Modelo de Gest\u00e3o Prisional. Atualmente, \u00e9 subsecret\u00e1rio de Administra\u00e7\u00e3o Prisional de Minas Gerais. Professor universit\u00e1rio, Murilo Andrade possui v\u00e1rios cursos na \u00e1rea prisional e publica\u00e7\u00f5es sobre a metodologia Apac.<\/p>\n","protected":false},"excerpt":{"rendered":"<p>O governador eleito Fl\u00e1vio Dino anunciou na manh\u00e3 desta segunda-feira (17) mais um nome para integrar a sua equipe a [&hellip;]<\/p>\n","protected":false},"author":0,"featured_media":0,"comment_status":"open","ping_status":"open","sticky":false,"template":"","format":"standard","meta":{"site-sidebar-layout":"default","site-content-layout":"","ast-site-content-layout":"default","site-content-style":"default","site-sidebar-style":"default","ast-global-header-display":"","ast-banner-title-visibility":"","ast-main-header-display":"","ast-hfb-above-header-display":"","ast-hfb-below-header-display":"","ast-hfb-mobile-header-display":"","site-post-title":"","ast-breadcrumbs-content":"","ast-featured-img":"","footer-sml-layout":"","ast-disable-related-posts":"","theme-transparent-header-meta":"","adv-header-id-meta":"","stick-header-meta":"","header-above-stick-meta":"","header-main-stick-meta":"","header-below-stick-meta":"","astra-migrate-meta-layouts":"default","ast-page-background-enabled":"default","ast-page-background-meta":{"desktop":{"background-color":"var(--ast-global-color-5)","background-image":"","background-repeat":"repeat","background-position":"center center","background-size":"auto","background-attachment":"scroll","background-type":"","background-media":"","overlay-type":"","overlay-color":"","overlay-opacity":"","overlay-gradient":""},"tablet":{"background-color":"","background-image":"","background-repeat":"repeat","background-position":"center center","background-size":"auto","background-attachment":"scroll","background-type":"","background-media":"","overlay-type":"","overlay-color":"","overlay-opacity":"","overlay-gradient":""},"mobile":{"background-color":"","background-image":"","background-repeat":"repeat","background-position":"center center","background-size":"auto","background-attachment":"scroll","background-type":"","background-media":"","overlay-type":"","overlay-color":"","overlay-opacity":"","overlay-gradient":""}},"ast-content-background-meta":{"desktop":{"background-color":"var(--ast-global-color-4)","background-image":"","background-repeat":"repeat","background-position":"center center","background-size":"auto","background-attachment":"scroll","background-type":"","background-media":"","overlay-type":"","overlay-color":"","overlay-opacity":"","overlay-gradient":""},"tablet":{"background-color":"var(--ast-global-color-4)","background-image":"","background-repeat":"repeat","background-position":"center center","background-size":"auto","background-attachment":"scroll","background-type":"","background-media":"","overlay-type":"","overlay-color":"","overlay-opacity":"","overlay-gradient":""},"mobile":{"background-color":"var(--ast-global-color-4)","background-image":"","background-repeat":"repeat","background-position":"center center","background-size":"auto","background-attachment":"scroll","background-type":"","background-media":"","overlay-type":"","overlay-color":"","overlay-opacity":"","overlay-gradient":""}},"footnotes":""},"categories":[1],"tags":[],"class_list":["post-20508","post","type-post","status-publish","format-standard","hentry","category-sem-categoria"],"yoast_head":"<!-- This site is optimized with the Yoast SEO plugin v26.6 - https:\/\/yoast.com\/wordpress\/plugins\/seo\/ -->\n<title>Fl\u00e1vio Dino traz de Minas Gerais novo secret\u00e1rio de Administra\u00e7\u00e3o Penitenci\u00e1ria - Daniel Matos<\/title>\n<meta name=\"robots\" content=\"index, follow, max-snippet:-1, max-image-preview:large, max-video-preview:-1\" \/>\n<link rel=\"canonical\" href=\"https:\/\/www.blogsoestado.com\/danielmatos\/flavio-dino-traz-de-minas-gerais-novo-secretario-de-administracao-penitenciaria\/\" \/>\n<meta property=\"og:locale\" content=\"pt_BR\" \/>\n<meta property=\"og:type\" content=\"article\" \/>\n<meta property=\"og:title\" content=\"Fl\u00e1vio Dino traz de Minas Gerais novo secret\u00e1rio de Administra\u00e7\u00e3o Penitenci\u00e1ria - Daniel Matos\" \/>\n<meta property=\"og:description\" content=\"O governador eleito Fl\u00e1vio Dino anunciou na manh\u00e3 desta segunda-feira (17) mais um nome para integrar a sua equipe a [&hellip;]\" \/>\n<meta property=\"og:url\" content=\"https:\/\/www.blogsoestado.com\/danielmatos\/flavio-dino-traz-de-minas-gerais-novo-secretario-de-administracao-penitenciaria\/\" \/>\n<meta property=\"og:site_name\" content=\"Daniel Matos\" \/>\n<meta property=\"article:published_time\" content=\"2014-11-17T11:12:58+00:00\" \/>\n<meta property=\"og:image\" content=\"https:\/\/www.blogsoestado.com\/danielmatos\/files\/2014\/11\/murilo-sejap.jpg\" \/>\n<meta name=\"twitter:card\" content=\"summary_large_image\" \/>\n<meta name=\"twitter:label1\" content=\"Est. tempo de leitura\" \/>\n\t<meta name=\"twitter:data1\" content=\"1 minuto\" \/>\n<script type=\"application\/ld+json\" class=\"yoast-schema-graph\">{\"@context\":\"https:\/\/schema.org\",\"@graph\":[{\"@type\":\"WebPage\",\"@id\":\"https:\/\/www.blogsoestado.com\/danielmatos\/flavio-dino-traz-de-minas-gerais-novo-secretario-de-administracao-penitenciaria\/\",\"url\":\"https:\/\/www.blogsoestado.com\/danielmatos\/flavio-dino-traz-de-minas-gerais-novo-secretario-de-administracao-penitenciaria\/\",\"name\":\"Fl\u00e1vio Dino traz de Minas Gerais novo secret\u00e1rio de Administra\u00e7\u00e3o Penitenci\u00e1ria - Daniel Matos\",\"isPartOf\":{\"@id\":\"https:\/\/www.blogsoestado.com\/danielmatos\/#website\"},\"primaryImageOfPage\":{\"@id\":\"https:\/\/www.blogsoestado.com\/danielmatos\/flavio-dino-traz-de-minas-gerais-novo-secretario-de-administracao-penitenciaria\/#primaryimage\"},\"image\":{\"@id\":\"https:\/\/www.blogsoestado.com\/danielmatos\/flavio-dino-traz-de-minas-gerais-novo-secretario-de-administracao-penitenciaria\/#primaryimage\"},\"thumbnailUrl\":\"https:\/\/www.blogsoestado.com\/danielmatos\/files\/2014\/11\/murilo-sejap.jpg\",\"datePublished\":\"2014-11-17T11:12:58+00:00\",\"author\":{\"@id\":\"\"},\"breadcrumb\":{\"@id\":\"https:\/\/www.blogsoestado.com\/danielmatos\/flavio-dino-traz-de-minas-gerais-novo-secretario-de-administracao-penitenciaria\/#breadcrumb\"},\"inLanguage\":\"pt-BR\",\"potentialAction\":[{\"@type\":\"ReadAction\",\"target\":[\"https:\/\/www.blogsoestado.com\/danielmatos\/flavio-dino-traz-de-minas-gerais-novo-secretario-de-administracao-penitenciaria\/\"]}]},{\"@type\":\"ImageObject\",\"inLanguage\":\"pt-BR\",\"@id\":\"https:\/\/www.blogsoestado.com\/danielmatos\/flavio-dino-traz-de-minas-gerais-novo-secretario-de-administracao-penitenciaria\/#primaryimage\",\"url\":\"https:\/\/www.blogsoestado.com\/danielmatos\/files\/2014\/11\/murilo-sejap.jpg\",\"contentUrl\":\"https:\/\/www.blogsoestado.com\/danielmatos\/files\/2014\/11\/murilo-sejap.jpg\"},{\"@type\":\"BreadcrumbList\",\"@id\":\"https:\/\/www.blogsoestado.com\/danielmatos\/flavio-dino-traz-de-minas-gerais-novo-secretario-de-administracao-penitenciaria\/#breadcrumb\",\"itemListElement\":[{\"@type\":\"ListItem\",\"position\":1,\"name\":\"In\u00edcio\",\"item\":\"https:\/\/www.blogsoestado.com\/danielmatos\/\"},{\"@type\":\"ListItem\",\"position\":2,\"name\":\"Fl\u00e1vio Dino traz de Minas Gerais novo secret\u00e1rio de Administra\u00e7\u00e3o Penitenci\u00e1ria\"}]},{\"@type\":\"WebSite\",\"@id\":\"https:\/\/www.blogsoestado.com\/danielmatos\/#website\",\"url\":\"https:\/\/www.blogsoestado.com\/danielmatos\/\",\"name\":\"Daniel Matos\",\"description\":\"\",\"potentialAction\":[{\"@type\":\"SearchAction\",\"target\":{\"@type\":\"EntryPoint\",\"urlTemplate\":\"https:\/\/www.blogsoestado.com\/danielmatos\/?s={search_term_string}\"},\"query-input\":{\"@type\":\"PropertyValueSpecification\",\"valueRequired\":true,\"valueName\":\"search_term_string\"}}],\"inLanguage\":\"pt-BR\"}]}<\/script>\n<!-- \/ Yoast SEO plugin. -->","yoast_head_json":{"title":"Fl\u00e1vio Dino traz de Minas Gerais novo secret\u00e1rio de Administra\u00e7\u00e3o Penitenci\u00e1ria - Daniel Matos","robots":{"index":"index","follow":"follow","max-snippet":"max-snippet:-1","max-image-preview":"max-image-preview:large","max-video-preview":"max-video-preview:-1"},"canonical":"https:\/\/www.blogsoestado.com\/danielmatos\/flavio-dino-traz-de-minas-gerais-novo-secretario-de-administracao-penitenciaria\/","og_locale":"pt_BR","og_type":"article","og_title":"Fl\u00e1vio Dino traz de Minas Gerais novo secret\u00e1rio de Administra\u00e7\u00e3o Penitenci\u00e1ria - Daniel Matos","og_description":"O governador eleito Fl\u00e1vio Dino anunciou na manh\u00e3 desta segunda-feira (17) mais um nome para integrar a sua equipe a [&hellip;]","og_url":"https:\/\/www.blogsoestado.com\/danielmatos\/flavio-dino-traz-de-minas-gerais-novo-secretario-de-administracao-penitenciaria\/","og_site_name":"Daniel Matos","article_published_time":"2014-11-17T11:12:58+00:00","og_image":[{"url":"https:\/\/www.blogsoestado.com\/danielmatos\/files\/2014\/11\/murilo-sejap.jpg","type":"","width":"","height":""}],"twitter_card":"summary_large_image","twitter_misc":{"Est. tempo de leitura":"1 minuto"},"schema":{"@context":"https:\/\/schema.org","@graph":[{"@type":"WebPage","@id":"https:\/\/www.blogsoestado.com\/danielmatos\/flavio-dino-traz-de-minas-gerais-novo-secretario-de-administracao-penitenciaria\/","url":"https:\/\/www.blogsoestado.com\/danielmatos\/flavio-dino-traz-de-minas-gerais-novo-secretario-de-administracao-penitenciaria\/","name":"Fl\u00e1vio Dino traz de Minas Gerais novo secret\u00e1rio de Administra\u00e7\u00e3o Penitenci\u00e1ria - Daniel Matos","isPartOf":{"@id":"https:\/\/www.blogsoestado.com\/danielmatos\/#website"},"primaryImageOfPage":{"@id":"https:\/\/www.blogsoestado.com\/danielmatos\/flavio-dino-traz-de-minas-gerais-novo-secretario-de-administracao-penitenciaria\/#primaryimage"},"image":{"@id":"https:\/\/www.blogsoestado.com\/danielmatos\/flavio-dino-traz-de-minas-gerais-novo-secretario-de-administracao-penitenciaria\/#primaryimage"},"thumbnailUrl":"https:\/\/www.blogsoestado.com\/danielmatos\/files\/2014\/11\/murilo-sejap.jpg","datePublished":"2014-11-17T11:12:58+00:00","author":{"@id":""},"breadcrumb":{"@id":"https:\/\/www.blogsoestado.com\/danielmatos\/flavio-dino-traz-de-minas-gerais-novo-secretario-de-administracao-penitenciaria\/#breadcrumb"},"inLanguage":"pt-BR","potentialAction":[{"@type":"ReadAction","target":["https:\/\/www.blogsoestado.com\/danielmatos\/flavio-dino-traz-de-minas-gerais-novo-secretario-de-administracao-penitenciaria\/"]}]},{"@type":"ImageObject","inLanguage":"pt-BR","@id":"https:\/\/www.blogsoestado.com\/danielmatos\/flavio-dino-traz-de-minas-gerais-novo-secretario-de-administracao-penitenciaria\/#primaryimage","url":"https:\/\/www.blogsoestado.com\/danielmatos\/files\/2014\/11\/murilo-sejap.jpg","contentUrl":"https:\/\/www.blogsoestado.com\/danielmatos\/files\/2014\/11\/murilo-sejap.jpg"},{"@type":"BreadcrumbList","@id":"https:\/\/www.blogsoestado.com\/danielmatos\/flavio-dino-traz-de-minas-gerais-novo-secretario-de-administracao-penitenciaria\/#breadcrumb","itemListElement":[{"@type":"ListItem","position":1,"name":"In\u00edcio","item":"https:\/\/www.blogsoestado.com\/danielmatos\/"},{"@type":"ListItem","position":2,"name":"Fl\u00e1vio Dino traz de Minas Gerais novo secret\u00e1rio de Administra\u00e7\u00e3o Penitenci\u00e1ria"}]},{"@type":"WebSite","@id":"https:\/\/www.blogsoestado.com\/danielmatos\/#website","url":"https:\/\/www.blogsoestado.com\/danielmatos\/","name":"Daniel Matos","description":"","potentialAction":[{"@type":"SearchAction","target":{"@type":"EntryPoint","urlTemplate":"https:\/\/www.blogsoestado.com\/danielmatos\/?s={search_term_string}"},"query-input":{"@type":"PropertyValueSpecification","valueRequired":true,"valueName":"search_term_string"}}],"inLanguage":"pt-BR"}]}},"jetpack_featured_media_url":"","_links":{"self":[{"href":"https:\/\/www.blogsoestado.com\/danielmatos\/wp-json\/wp\/v2\/posts\/20508","targetHints":{"allow":["GET"]}}],"collection":[{"href":"https:\/\/www.blogsoestado.com\/danielmatos\/wp-json\/wp\/v2\/posts"}],"about":[{"href":"https:\/\/www.blogsoestado.com\/danielmatos\/wp-json\/wp\/v2\/types\/post"}],"replies":[{"embeddable":true,"href":"https:\/\/www.blogsoestado.com\/danielmatos\/wp-json\/wp\/v2\/comments?post=20508"}],"version-history":[{"count":0,"href":"https:\/\/www.blogsoestado.com\/danielmatos\/wp-json\/wp\/v2\/posts\/20508\/revisions"}],"wp:attachment":[{"href":"https:\/\/www.blogsoestado.com\/danielmatos\/wp-json\/wp\/v2\/media?parent=20508"}],"wp:term":[{"taxonomy":"category","embeddable":true,"href":"https:\/\/www.blogsoestado.com\/danielmatos\/wp-json\/wp\/v2\/categories?post=20508"},{"taxonomy":"post_tag","embeddable":true,"href":"https:\/\/www.blogsoestado.com\/danielmatos\/wp-json\/wp\/v2\/tags?post=20508"}],"curies":[{"name":"wp","href":"https:\/\/api.w.org\/{rel}","templated":true}]}}