{"id":20513,"date":"2014-11-17T11:35:11","date_gmt":"2014-11-17T14:35:11","guid":{"rendered":"https:\/\/www.blogsoestado.com\/danielmatos\/?p=20513"},"modified":"2014-11-17T11:35:11","modified_gmt":"2014-11-17T14:35:11","slug":"defensoria-assinara-termo-de-parceria-para-projeto-social","status":"publish","type":"post","link":"https:\/\/www.blogsoestado.com\/danielmatos\/defensoria-assinara-termo-de-parceria-para-projeto-social\/","title":{"rendered":"Defensoria assinar\u00e1 termo de parceria para projeto social"},"content":{"rendered":"<p>A Defensoria P\u00fablica do Estado do Maranh\u00e3o assinar\u00e1, na tarde desta ter\u00e7a-feira (18), Termo de Conv\u00eanio para execu\u00e7\u00e3o do projeto Cidad\u00e3o Defensor, que ser\u00e1 viabilizado pelo Instituto Florence de Ensino Superior. A assinatura acontecer\u00e1 \u00e0s 18h30, no audit\u00f3rio da institui\u00e7\u00e3o, no centro de S\u00e3o Lu\u00eds, na presen\u00e7a de autoridades jur\u00eddicas e comunidade acad\u00eamica.<\/p>\n<p>A parceria objetiva atendimento jur\u00eddico a associa\u00e7\u00f5es de bairros e comunidades carentes por estudantes da institui\u00e7\u00e3o, sob a orienta\u00e7\u00e3o de docentes do curso de Direito e acompanhamento de defensores p\u00fablicos. O projeto ser\u00e1 executado por meio de a\u00e7\u00f5es no formato de mutir\u00e3o, com quatro a\u00e7\u00f5es previstas ao longo do ano. A a\u00e7\u00e3o inaugural ser\u00e1 realizada em dezembro deste ano.<\/p>\n<p>\u201cPara os alunos, o projeto ser\u00e1 integrado ao curr\u00edculo como parte da forma\u00e7\u00e3o profissional. A a\u00e7\u00e3o amplia os espa\u00e7os de atua\u00e7\u00e3o e fortalece o processo de forma\u00e7\u00e3o do aluno, aperfei\u00e7oando conhecimentos de forma diferenciada\u201d, explicou a coordenadora do curso de Direito, professora Ana Maria Marques.<\/p>\n<p>Al\u00e9m de facilitar o acesso \u00e0 justi\u00e7a, o projeto prev\u00ea o acompanhamento constante dos processos, desde a triagem, encaminhamentos, at\u00e9 a finaliza\u00e7\u00e3o da a\u00e7\u00e3o judicial, se houver necessidade, com o suporte da DPE-MA. \u201cPor meio desse projeto Cidad\u00e3o Defensor e de outras a\u00e7\u00f5es j\u00e1 realizadas, o Florence tem forjado um perfil profissional em seus alunos voltado ao social, que beneficia amplamente a sociedade. Essa parceria tem tudo para dar certo\u201d, comentou o defensor p\u00fablico e diretor da Escola Superior da DPE, Dr. Marcos Vinicius Fr\u00f3es.<\/p>\n","protected":false},"excerpt":{"rendered":"<p>A Defensoria P\u00fablica do Estado do Maranh\u00e3o assinar\u00e1, na tarde desta ter\u00e7a-feira (18), Termo de Conv\u00eanio para execu\u00e7\u00e3o do projeto [&hellip;]<\/p>\n","protected":false},"author":0,"featured_media":0,"comment_status":"open","ping_status":"open","sticky":false,"template":"","format":"standard","meta":{"site-sidebar-layout":"default","site-content-layout":"","ast-site-content-layout":"default","site-content-style":"default","site-sidebar-style":"default","ast-global-header-display":"","ast-banner-title-visibility":"","ast-main-header-display":"","ast-hfb-above-header-display":"","ast-hfb-below-header-display":"","ast-hfb-mobile-header-display":"","site-post-title":"","ast-breadcrumbs-content":"","ast-featured-img":"","footer-sml-layout":"","ast-disable-related-posts":"","theme-transparent-header-meta":"","adv-header-id-meta":"","stick-header-meta":"","header-above-stick-meta":"","header-main-stick-meta":"","header-below-stick-meta":"","astra-migrate-meta-layouts":"default","ast-page-background-enabled":"default","ast-page-background-meta":{"desktop":{"background-color":"var(--ast-global-color-5)","background-image":"","background-repeat":"repeat","background-position":"center center","background-size":"auto","background-attachment":"scroll","background-type":"","background-media":"","overlay-type":"","overlay-color":"","overlay-opacity":"","overlay-gradient":""},"tablet":{"background-color":"","background-image":"","background-repeat":"repeat","background-position":"center center","background-size":"auto","background-attachment":"scroll","background-type":"","background-media":"","overlay-type":"","overlay-color":"","overlay-opacity":"","overlay-gradient":""},"mobile":{"background-color":"","background-image":"","background-repeat":"repeat","background-position":"center center","background-size":"auto","background-attachment":"scroll","background-type":"","background-media":"","overlay-type":"","overlay-color":"","overlay-opacity":"","overlay-gradient":""}},"ast-content-background-meta":{"desktop":{"background-color":"var(--ast-global-color-4)","background-image":"","background-repeat":"repeat","background-position":"center center","background-size":"auto","background-attachment":"scroll","background-type":"","background-media":"","overlay-type":"","overlay-color":"","overlay-opacity":"","overlay-gradient":""},"tablet":{"background-color":"var(--ast-global-color-4)","background-image":"","background-repeat":"repeat","background-position":"center center","background-size":"auto","background-attachment":"scroll","background-type":"","background-media":"","overlay-type":"","overlay-color":"","overlay-opacity":"","overlay-gradient":""},"mobile":{"background-color":"var(--ast-global-color-4)","background-image":"","background-repeat":"repeat","background-position":"center center","background-size":"auto","background-attachment":"scroll","background-type":"","background-media":"","overlay-type":"","overlay-color":"","overlay-opacity":"","overlay-gradient":""}},"footnotes":""},"categories":[1],"tags":[],"class_list":["post-20513","post","type-post","status-publish","format-standard","hentry","category-sem-categoria"],"yoast_head":"<!-- This site is optimized with the Yoast SEO plugin v26.6 - https:\/\/yoast.com\/wordpress\/plugins\/seo\/ -->\n<title>Defensoria assinar\u00e1 termo de parceria para projeto social - Daniel Matos<\/title>\n<meta name=\"robots\" content=\"index, follow, max-snippet:-1, max-image-preview:large, max-video-preview:-1\" \/>\n<link rel=\"canonical\" href=\"https:\/\/www.blogsoestado.com\/danielmatos\/defensoria-assinara-termo-de-parceria-para-projeto-social\/\" \/>\n<meta property=\"og:locale\" content=\"pt_BR\" \/>\n<meta property=\"og:type\" content=\"article\" \/>\n<meta property=\"og:title\" content=\"Defensoria assinar\u00e1 termo de parceria para projeto social - Daniel Matos\" \/>\n<meta property=\"og:description\" content=\"A Defensoria P\u00fablica do Estado do Maranh\u00e3o assinar\u00e1, na tarde desta ter\u00e7a-feira (18), Termo de Conv\u00eanio para execu\u00e7\u00e3o do projeto [&hellip;]\" \/>\n<meta property=\"og:url\" content=\"https:\/\/www.blogsoestado.com\/danielmatos\/defensoria-assinara-termo-de-parceria-para-projeto-social\/\" \/>\n<meta property=\"og:site_name\" content=\"Daniel Matos\" \/>\n<meta property=\"article:published_time\" content=\"2014-11-17T14:35:11+00:00\" \/>\n<meta name=\"twitter:card\" content=\"summary_large_image\" \/>\n<meta name=\"twitter:label1\" content=\"Est. tempo de leitura\" \/>\n\t<meta name=\"twitter:data1\" content=\"1 minuto\" \/>\n<script type=\"application\/ld+json\" class=\"yoast-schema-graph\">{\"@context\":\"https:\/\/schema.org\",\"@graph\":[{\"@type\":\"WebPage\",\"@id\":\"https:\/\/www.blogsoestado.com\/danielmatos\/defensoria-assinara-termo-de-parceria-para-projeto-social\/\",\"url\":\"https:\/\/www.blogsoestado.com\/danielmatos\/defensoria-assinara-termo-de-parceria-para-projeto-social\/\",\"name\":\"Defensoria assinar\u00e1 termo de parceria para projeto social - Daniel Matos\",\"isPartOf\":{\"@id\":\"https:\/\/www.blogsoestado.com\/danielmatos\/#website\"},\"datePublished\":\"2014-11-17T14:35:11+00:00\",\"author\":{\"@id\":\"\"},\"breadcrumb\":{\"@id\":\"https:\/\/www.blogsoestado.com\/danielmatos\/defensoria-assinara-termo-de-parceria-para-projeto-social\/#breadcrumb\"},\"inLanguage\":\"pt-BR\",\"potentialAction\":[{\"@type\":\"ReadAction\",\"target\":[\"https:\/\/www.blogsoestado.com\/danielmatos\/defensoria-assinara-termo-de-parceria-para-projeto-social\/\"]}]},{\"@type\":\"BreadcrumbList\",\"@id\":\"https:\/\/www.blogsoestado.com\/danielmatos\/defensoria-assinara-termo-de-parceria-para-projeto-social\/#breadcrumb\",\"itemListElement\":[{\"@type\":\"ListItem\",\"position\":1,\"name\":\"In\u00edcio\",\"item\":\"https:\/\/www.blogsoestado.com\/danielmatos\/\"},{\"@type\":\"ListItem\",\"position\":2,\"name\":\"Defensoria assinar\u00e1 termo de parceria para projeto social\"}]},{\"@type\":\"WebSite\",\"@id\":\"https:\/\/www.blogsoestado.com\/danielmatos\/#website\",\"url\":\"https:\/\/www.blogsoestado.com\/danielmatos\/\",\"name\":\"Daniel Matos\",\"description\":\"\",\"potentialAction\":[{\"@type\":\"SearchAction\",\"target\":{\"@type\":\"EntryPoint\",\"urlTemplate\":\"https:\/\/www.blogsoestado.com\/danielmatos\/?s={search_term_string}\"},\"query-input\":{\"@type\":\"PropertyValueSpecification\",\"valueRequired\":true,\"valueName\":\"search_term_string\"}}],\"inLanguage\":\"pt-BR\"}]}<\/script>\n<!-- \/ Yoast SEO plugin. -->","yoast_head_json":{"title":"Defensoria assinar\u00e1 termo de parceria para projeto social - Daniel Matos","robots":{"index":"index","follow":"follow","max-snippet":"max-snippet:-1","max-image-preview":"max-image-preview:large","max-video-preview":"max-video-preview:-1"},"canonical":"https:\/\/www.blogsoestado.com\/danielmatos\/defensoria-assinara-termo-de-parceria-para-projeto-social\/","og_locale":"pt_BR","og_type":"article","og_title":"Defensoria assinar\u00e1 termo de parceria para projeto social - Daniel Matos","og_description":"A Defensoria P\u00fablica do Estado do Maranh\u00e3o assinar\u00e1, na tarde desta ter\u00e7a-feira (18), Termo de Conv\u00eanio para execu\u00e7\u00e3o do projeto [&hellip;]","og_url":"https:\/\/www.blogsoestado.com\/danielmatos\/defensoria-assinara-termo-de-parceria-para-projeto-social\/","og_site_name":"Daniel Matos","article_published_time":"2014-11-17T14:35:11+00:00","twitter_card":"summary_large_image","twitter_misc":{"Est. tempo de leitura":"1 minuto"},"schema":{"@context":"https:\/\/schema.org","@graph":[{"@type":"WebPage","@id":"https:\/\/www.blogsoestado.com\/danielmatos\/defensoria-assinara-termo-de-parceria-para-projeto-social\/","url":"https:\/\/www.blogsoestado.com\/danielmatos\/defensoria-assinara-termo-de-parceria-para-projeto-social\/","name":"Defensoria assinar\u00e1 termo de parceria para projeto social - Daniel Matos","isPartOf":{"@id":"https:\/\/www.blogsoestado.com\/danielmatos\/#website"},"datePublished":"2014-11-17T14:35:11+00:00","author":{"@id":""},"breadcrumb":{"@id":"https:\/\/www.blogsoestado.com\/danielmatos\/defensoria-assinara-termo-de-parceria-para-projeto-social\/#breadcrumb"},"inLanguage":"pt-BR","potentialAction":[{"@type":"ReadAction","target":["https:\/\/www.blogsoestado.com\/danielmatos\/defensoria-assinara-termo-de-parceria-para-projeto-social\/"]}]},{"@type":"BreadcrumbList","@id":"https:\/\/www.blogsoestado.com\/danielmatos\/defensoria-assinara-termo-de-parceria-para-projeto-social\/#breadcrumb","itemListElement":[{"@type":"ListItem","position":1,"name":"In\u00edcio","item":"https:\/\/www.blogsoestado.com\/danielmatos\/"},{"@type":"ListItem","position":2,"name":"Defensoria assinar\u00e1 termo de parceria para projeto social"}]},{"@type":"WebSite","@id":"https:\/\/www.blogsoestado.com\/danielmatos\/#website","url":"https:\/\/www.blogsoestado.com\/danielmatos\/","name":"Daniel Matos","description":"","potentialAction":[{"@type":"SearchAction","target":{"@type":"EntryPoint","urlTemplate":"https:\/\/www.blogsoestado.com\/danielmatos\/?s={search_term_string}"},"query-input":{"@type":"PropertyValueSpecification","valueRequired":true,"valueName":"search_term_string"}}],"inLanguage":"pt-BR"}]}},"jetpack_featured_media_url":"","_links":{"self":[{"href":"https:\/\/www.blogsoestado.com\/danielmatos\/wp-json\/wp\/v2\/posts\/20513","targetHints":{"allow":["GET"]}}],"collection":[{"href":"https:\/\/www.blogsoestado.com\/danielmatos\/wp-json\/wp\/v2\/posts"}],"about":[{"href":"https:\/\/www.blogsoestado.com\/danielmatos\/wp-json\/wp\/v2\/types\/post"}],"replies":[{"embeddable":true,"href":"https:\/\/www.blogsoestado.com\/danielmatos\/wp-json\/wp\/v2\/comments?post=20513"}],"version-history":[{"count":0,"href":"https:\/\/www.blogsoestado.com\/danielmatos\/wp-json\/wp\/v2\/posts\/20513\/revisions"}],"wp:attachment":[{"href":"https:\/\/www.blogsoestado.com\/danielmatos\/wp-json\/wp\/v2\/media?parent=20513"}],"wp:term":[{"taxonomy":"category","embeddable":true,"href":"https:\/\/www.blogsoestado.com\/danielmatos\/wp-json\/wp\/v2\/categories?post=20513"},{"taxonomy":"post_tag","embeddable":true,"href":"https:\/\/www.blogsoestado.com\/danielmatos\/wp-json\/wp\/v2\/tags?post=20513"}],"curies":[{"name":"wp","href":"https:\/\/api.w.org\/{rel}","templated":true}]}}