{"id":20515,"date":"2014-11-17T15:15:45","date_gmt":"2014-11-17T18:15:45","guid":{"rendered":"https:\/\/www.blogsoestado.com\/danielmatos\/?p=20515"},"modified":"2014-11-17T15:15:45","modified_gmt":"2014-11-17T18:15:45","slug":"justica-determina-intervencao-na-smtt-para-realizar-licitacao-do-transporte-coletivo","status":"publish","type":"post","link":"https:\/\/www.blogsoestado.com\/danielmatos\/justica-determina-intervencao-na-smtt-para-realizar-licitacao-do-transporte-coletivo\/","title":{"rendered":"Justi\u00e7a determina interven\u00e7\u00e3o na SMTT para realizar licita\u00e7\u00e3o do transporte coletivo"},"content":{"rendered":"<figure id=\"attachment_20516\" aria-describedby=\"caption-attachment-20516\" style=\"width: 145px\" class=\"wp-caption alignleft\"><a href=\"https:\/\/www.blogsoestado.com\/danielmatos\/files\/2014\/11\/anthony-boden.jpg\"><img decoding=\"async\" class=\"size-full wp-image-20516\" src=\"https:\/\/www.blogsoestado.com\/danielmatos\/files\/2014\/11\/anthony-boden.jpg\" alt=\"Advogado Anthony Boden ser\u00e1 o interventor da SMTT\" width=\"145\" height=\"200\" \/><\/a><figcaption id=\"caption-attachment-20516\" class=\"wp-caption-text\">Advogado Anthony Boden ser\u00e1 interventor da SMTT<\/figcaption><\/figure>\n<p>O Poder Judici\u00e1rio atendeu ao pedido do Minist\u00e9rio P\u00fablico do Maranh\u00e3o nesta segunda-feira, 17, e determinou ao prefeito Edvaldo Holanda J\u00fanior a nomea\u00e7\u00e3o, no prazo de 10 dias, do advogado Anthony Boden para atuar como gestor na Secretaria Municipal de Tr\u00e2nsito e Transportes (SMTT). O objetivo \u00e9 assegurar a realiza\u00e7\u00e3o do processo licitat\u00f3rio do transporte coletivo.<\/p>\n<p>O novo gestor dever\u00e1 substituir secret\u00e1rio municipal de Tr\u00e2nsito e Transportes e presidente da comiss\u00e3o de licita\u00e7\u00e3o da SMTT, Canind\u00e9 Barros, pelo prazo de 120 dias, de maneira localizada e espec\u00edfica, na deflagra\u00e7\u00e3o e conclus\u00e3o do processo licitat\u00f3rio. Se houver necessidade, a perman\u00eancia do interventor ser\u00e1 prorrogada.<\/p>\n<p>Al\u00e9m de ter amplos poderes para gerir todo o processo licitat\u00f3rio, o interventor poder\u00e1 indicar os demais membros da comiss\u00e3o de licita\u00e7\u00e3o. A nova comiss\u00e3o ter\u00e1 autonomia administrativa e dever\u00e1 funcionar nas depend\u00eancias da SMTT.<\/p>\n<p>A decis\u00e3o do juiz da 4\u00aa Vara da Fazenda P\u00fablica, C\u00edcero Dias Filho, acolhe o pedido formulado, em 21 de outubro, pela promotora de justi\u00e7a L\u00edtia Cavalcanti. A titular da 2\u00aa Promotoria de Justi\u00e7a de Defesa do Consumidor questionou o descumprimento do Termo de Ajustamento de Conduta (TAC) firmado em 2011 pelo Munic\u00edpio de S\u00e3o Lu\u00eds, comprometendo-se a realizar licita\u00e7\u00e3o, no prazo de 180 dias, no sistema de transporte p\u00fablico da capital, al\u00e9m de contratar empresa especializada na identifica\u00e7\u00e3o biom\u00e9trica de passageiros.<\/p>\n<p>Entre junho de 2012 e setembro de 2013, o TAC foi aditivado por tr\u00eas vezes, concedendo novos prazos para o cumprimento do acordo. Em junho deste ano, a Justi\u00e7a determinou o cumprimento do TAC e concedeu prazo de 90 dias para a efetiva\u00e7\u00e3o das medidas. \u201cMesmo diante da extens\u00e3o dos prazos, o Munic\u00edpio de S\u00e3o Lu\u00eds n\u00e3o adotou as medidas necess\u00e1rias para cumprir o acordo. Dessa forma, os consumidores foram prejudicados\u201d, destacou a promotora de justi\u00e7a L\u00edtia Cavalcanti.<\/p>\n<p>Em caso de descumprimento da decis\u00e3o judicial, o Munic\u00edpio ter\u00e1 que pagar multa di\u00e1ria de R$ 20 mil, e o secret\u00e1rio Canind\u00e9 Barros responder\u00e1 por crime de desobedi\u00eancia e demais penalidades.<\/p>\n<p><strong>Fonte:<\/strong> Minist\u00e9rio P\u00fablico do Maranh\u00e3o<\/p>\n","protected":false},"excerpt":{"rendered":"<p>O Poder Judici\u00e1rio atendeu ao pedido do Minist\u00e9rio P\u00fablico do Maranh\u00e3o nesta segunda-feira, 17, e determinou ao prefeito Edvaldo Holanda [&hellip;]<\/p>\n","protected":false},"author":0,"featured_media":0,"comment_status":"open","ping_status":"open","sticky":false,"template":"","format":"standard","meta":{"site-sidebar-layout":"default","site-content-layout":"","ast-site-content-layout":"default","site-content-style":"default","site-sidebar-style":"default","ast-global-header-display":"","ast-banner-title-visibility":"","ast-main-header-display":"","ast-hfb-above-header-display":"","ast-hfb-below-header-display":"","ast-hfb-mobile-header-display":"","site-post-title":"","ast-breadcrumbs-content":"","ast-featured-img":"","footer-sml-layout":"","ast-disable-related-posts":"","theme-transparent-header-meta":"","adv-header-id-meta":"","stick-header-meta":"","header-above-stick-meta":"","header-main-stick-meta":"","header-below-stick-meta":"","astra-migrate-meta-layouts":"default","ast-page-background-enabled":"default","ast-page-background-meta":{"desktop":{"background-color":"var(--ast-global-color-5)","background-image":"","background-repeat":"repeat","background-position":"center center","background-size":"auto","background-attachment":"scroll","background-type":"","background-media":"","overlay-type":"","overlay-color":"","overlay-opacity":"","overlay-gradient":""},"tablet":{"background-color":"","background-image":"","background-repeat":"repeat","background-position":"center center","background-size":"auto","background-attachment":"scroll","background-type":"","background-media":"","overlay-type":"","overlay-color":"","overlay-opacity":"","overlay-gradient":""},"mobile":{"background-color":"","background-image":"","background-repeat":"repeat","background-position":"center center","background-size":"auto","background-attachment":"scroll","background-type":"","background-media":"","overlay-type":"","overlay-color":"","overlay-opacity":"","overlay-gradient":""}},"ast-content-background-meta":{"desktop":{"background-color":"var(--ast-global-color-4)","background-image":"","background-repeat":"repeat","background-position":"center center","background-size":"auto","background-attachment":"scroll","background-type":"","background-media":"","overlay-type":"","overlay-color":"","overlay-opacity":"","overlay-gradient":""},"tablet":{"background-color":"var(--ast-global-color-4)","background-image":"","background-repeat":"repeat","background-position":"center center","background-size":"auto","background-attachment":"scroll","background-type":"","background-media":"","overlay-type":"","overlay-color":"","overlay-opacity":"","overlay-gradient":""},"mobile":{"background-color":"var(--ast-global-color-4)","background-image":"","background-repeat":"repeat","background-position":"center center","background-size":"auto","background-attachment":"scroll","background-type":"","background-media":"","overlay-type":"","overlay-color":"","overlay-opacity":"","overlay-gradient":""}},"footnotes":""},"categories":[1],"tags":[],"class_list":["post-20515","post","type-post","status-publish","format-standard","hentry","category-sem-categoria"],"yoast_head":"<!-- This site is optimized with the Yoast SEO plugin v26.6 - https:\/\/yoast.com\/wordpress\/plugins\/seo\/ -->\n<title>Justi\u00e7a determina interven\u00e7\u00e3o na SMTT para realizar licita\u00e7\u00e3o do transporte coletivo - Daniel Matos<\/title>\n<meta name=\"robots\" content=\"index, follow, max-snippet:-1, max-image-preview:large, max-video-preview:-1\" \/>\n<link rel=\"canonical\" href=\"https:\/\/www.blogsoestado.com\/danielmatos\/justica-determina-intervencao-na-smtt-para-realizar-licitacao-do-transporte-coletivo\/\" \/>\n<meta property=\"og:locale\" content=\"pt_BR\" \/>\n<meta property=\"og:type\" content=\"article\" \/>\n<meta property=\"og:title\" content=\"Justi\u00e7a determina interven\u00e7\u00e3o na SMTT para realizar licita\u00e7\u00e3o do transporte coletivo - Daniel Matos\" \/>\n<meta property=\"og:description\" content=\"O Poder Judici\u00e1rio atendeu ao pedido do Minist\u00e9rio P\u00fablico do Maranh\u00e3o nesta segunda-feira, 17, e determinou ao prefeito Edvaldo Holanda [&hellip;]\" \/>\n<meta property=\"og:url\" content=\"https:\/\/www.blogsoestado.com\/danielmatos\/justica-determina-intervencao-na-smtt-para-realizar-licitacao-do-transporte-coletivo\/\" \/>\n<meta property=\"og:site_name\" content=\"Daniel Matos\" \/>\n<meta property=\"article:published_time\" content=\"2014-11-17T18:15:45+00:00\" \/>\n<meta property=\"og:image\" content=\"https:\/\/www.blogsoestado.com\/danielmatos\/files\/2014\/11\/anthony-boden.jpg\" \/>\n<meta name=\"twitter:card\" content=\"summary_large_image\" \/>\n<meta name=\"twitter:label1\" content=\"Est. tempo de leitura\" \/>\n\t<meta name=\"twitter:data1\" content=\"2 minutos\" \/>\n<script type=\"application\/ld+json\" class=\"yoast-schema-graph\">{\"@context\":\"https:\/\/schema.org\",\"@graph\":[{\"@type\":\"WebPage\",\"@id\":\"https:\/\/www.blogsoestado.com\/danielmatos\/justica-determina-intervencao-na-smtt-para-realizar-licitacao-do-transporte-coletivo\/\",\"url\":\"https:\/\/www.blogsoestado.com\/danielmatos\/justica-determina-intervencao-na-smtt-para-realizar-licitacao-do-transporte-coletivo\/\",\"name\":\"Justi\u00e7a determina interven\u00e7\u00e3o na SMTT para realizar licita\u00e7\u00e3o do transporte coletivo - Daniel Matos\",\"isPartOf\":{\"@id\":\"https:\/\/www.blogsoestado.com\/danielmatos\/#website\"},\"primaryImageOfPage\":{\"@id\":\"https:\/\/www.blogsoestado.com\/danielmatos\/justica-determina-intervencao-na-smtt-para-realizar-licitacao-do-transporte-coletivo\/#primaryimage\"},\"image\":{\"@id\":\"https:\/\/www.blogsoestado.com\/danielmatos\/justica-determina-intervencao-na-smtt-para-realizar-licitacao-do-transporte-coletivo\/#primaryimage\"},\"thumbnailUrl\":\"https:\/\/www.blogsoestado.com\/danielmatos\/files\/2014\/11\/anthony-boden.jpg\",\"datePublished\":\"2014-11-17T18:15:45+00:00\",\"author\":{\"@id\":\"\"},\"breadcrumb\":{\"@id\":\"https:\/\/www.blogsoestado.com\/danielmatos\/justica-determina-intervencao-na-smtt-para-realizar-licitacao-do-transporte-coletivo\/#breadcrumb\"},\"inLanguage\":\"pt-BR\",\"potentialAction\":[{\"@type\":\"ReadAction\",\"target\":[\"https:\/\/www.blogsoestado.com\/danielmatos\/justica-determina-intervencao-na-smtt-para-realizar-licitacao-do-transporte-coletivo\/\"]}]},{\"@type\":\"ImageObject\",\"inLanguage\":\"pt-BR\",\"@id\":\"https:\/\/www.blogsoestado.com\/danielmatos\/justica-determina-intervencao-na-smtt-para-realizar-licitacao-do-transporte-coletivo\/#primaryimage\",\"url\":\"https:\/\/www.blogsoestado.com\/danielmatos\/files\/2014\/11\/anthony-boden.jpg\",\"contentUrl\":\"https:\/\/www.blogsoestado.com\/danielmatos\/files\/2014\/11\/anthony-boden.jpg\"},{\"@type\":\"BreadcrumbList\",\"@id\":\"https:\/\/www.blogsoestado.com\/danielmatos\/justica-determina-intervencao-na-smtt-para-realizar-licitacao-do-transporte-coletivo\/#breadcrumb\",\"itemListElement\":[{\"@type\":\"ListItem\",\"position\":1,\"name\":\"In\u00edcio\",\"item\":\"https:\/\/www.blogsoestado.com\/danielmatos\/\"},{\"@type\":\"ListItem\",\"position\":2,\"name\":\"Justi\u00e7a determina interven\u00e7\u00e3o na SMTT para realizar licita\u00e7\u00e3o do transporte coletivo\"}]},{\"@type\":\"WebSite\",\"@id\":\"https:\/\/www.blogsoestado.com\/danielmatos\/#website\",\"url\":\"https:\/\/www.blogsoestado.com\/danielmatos\/\",\"name\":\"Daniel Matos\",\"description\":\"\",\"potentialAction\":[{\"@type\":\"SearchAction\",\"target\":{\"@type\":\"EntryPoint\",\"urlTemplate\":\"https:\/\/www.blogsoestado.com\/danielmatos\/?s={search_term_string}\"},\"query-input\":{\"@type\":\"PropertyValueSpecification\",\"valueRequired\":true,\"valueName\":\"search_term_string\"}}],\"inLanguage\":\"pt-BR\"}]}<\/script>\n<!-- \/ Yoast SEO plugin. -->","yoast_head_json":{"title":"Justi\u00e7a determina interven\u00e7\u00e3o na SMTT para realizar licita\u00e7\u00e3o do transporte coletivo - Daniel Matos","robots":{"index":"index","follow":"follow","max-snippet":"max-snippet:-1","max-image-preview":"max-image-preview:large","max-video-preview":"max-video-preview:-1"},"canonical":"https:\/\/www.blogsoestado.com\/danielmatos\/justica-determina-intervencao-na-smtt-para-realizar-licitacao-do-transporte-coletivo\/","og_locale":"pt_BR","og_type":"article","og_title":"Justi\u00e7a determina interven\u00e7\u00e3o na SMTT para realizar licita\u00e7\u00e3o do transporte coletivo - Daniel Matos","og_description":"O Poder Judici\u00e1rio atendeu ao pedido do Minist\u00e9rio P\u00fablico do Maranh\u00e3o nesta segunda-feira, 17, e determinou ao prefeito Edvaldo Holanda [&hellip;]","og_url":"https:\/\/www.blogsoestado.com\/danielmatos\/justica-determina-intervencao-na-smtt-para-realizar-licitacao-do-transporte-coletivo\/","og_site_name":"Daniel Matos","article_published_time":"2014-11-17T18:15:45+00:00","og_image":[{"url":"https:\/\/www.blogsoestado.com\/danielmatos\/files\/2014\/11\/anthony-boden.jpg","type":"","width":"","height":""}],"twitter_card":"summary_large_image","twitter_misc":{"Est. tempo de leitura":"2 minutos"},"schema":{"@context":"https:\/\/schema.org","@graph":[{"@type":"WebPage","@id":"https:\/\/www.blogsoestado.com\/danielmatos\/justica-determina-intervencao-na-smtt-para-realizar-licitacao-do-transporte-coletivo\/","url":"https:\/\/www.blogsoestado.com\/danielmatos\/justica-determina-intervencao-na-smtt-para-realizar-licitacao-do-transporte-coletivo\/","name":"Justi\u00e7a determina interven\u00e7\u00e3o na SMTT para realizar licita\u00e7\u00e3o do transporte coletivo - Daniel Matos","isPartOf":{"@id":"https:\/\/www.blogsoestado.com\/danielmatos\/#website"},"primaryImageOfPage":{"@id":"https:\/\/www.blogsoestado.com\/danielmatos\/justica-determina-intervencao-na-smtt-para-realizar-licitacao-do-transporte-coletivo\/#primaryimage"},"image":{"@id":"https:\/\/www.blogsoestado.com\/danielmatos\/justica-determina-intervencao-na-smtt-para-realizar-licitacao-do-transporte-coletivo\/#primaryimage"},"thumbnailUrl":"https:\/\/www.blogsoestado.com\/danielmatos\/files\/2014\/11\/anthony-boden.jpg","datePublished":"2014-11-17T18:15:45+00:00","author":{"@id":""},"breadcrumb":{"@id":"https:\/\/www.blogsoestado.com\/danielmatos\/justica-determina-intervencao-na-smtt-para-realizar-licitacao-do-transporte-coletivo\/#breadcrumb"},"inLanguage":"pt-BR","potentialAction":[{"@type":"ReadAction","target":["https:\/\/www.blogsoestado.com\/danielmatos\/justica-determina-intervencao-na-smtt-para-realizar-licitacao-do-transporte-coletivo\/"]}]},{"@type":"ImageObject","inLanguage":"pt-BR","@id":"https:\/\/www.blogsoestado.com\/danielmatos\/justica-determina-intervencao-na-smtt-para-realizar-licitacao-do-transporte-coletivo\/#primaryimage","url":"https:\/\/www.blogsoestado.com\/danielmatos\/files\/2014\/11\/anthony-boden.jpg","contentUrl":"https:\/\/www.blogsoestado.com\/danielmatos\/files\/2014\/11\/anthony-boden.jpg"},{"@type":"BreadcrumbList","@id":"https:\/\/www.blogsoestado.com\/danielmatos\/justica-determina-intervencao-na-smtt-para-realizar-licitacao-do-transporte-coletivo\/#breadcrumb","itemListElement":[{"@type":"ListItem","position":1,"name":"In\u00edcio","item":"https:\/\/www.blogsoestado.com\/danielmatos\/"},{"@type":"ListItem","position":2,"name":"Justi\u00e7a determina interven\u00e7\u00e3o na SMTT para realizar licita\u00e7\u00e3o do transporte coletivo"}]},{"@type":"WebSite","@id":"https:\/\/www.blogsoestado.com\/danielmatos\/#website","url":"https:\/\/www.blogsoestado.com\/danielmatos\/","name":"Daniel Matos","description":"","potentialAction":[{"@type":"SearchAction","target":{"@type":"EntryPoint","urlTemplate":"https:\/\/www.blogsoestado.com\/danielmatos\/?s={search_term_string}"},"query-input":{"@type":"PropertyValueSpecification","valueRequired":true,"valueName":"search_term_string"}}],"inLanguage":"pt-BR"}]}},"jetpack_featured_media_url":"","_links":{"self":[{"href":"https:\/\/www.blogsoestado.com\/danielmatos\/wp-json\/wp\/v2\/posts\/20515","targetHints":{"allow":["GET"]}}],"collection":[{"href":"https:\/\/www.blogsoestado.com\/danielmatos\/wp-json\/wp\/v2\/posts"}],"about":[{"href":"https:\/\/www.blogsoestado.com\/danielmatos\/wp-json\/wp\/v2\/types\/post"}],"replies":[{"embeddable":true,"href":"https:\/\/www.blogsoestado.com\/danielmatos\/wp-json\/wp\/v2\/comments?post=20515"}],"version-history":[{"count":0,"href":"https:\/\/www.blogsoestado.com\/danielmatos\/wp-json\/wp\/v2\/posts\/20515\/revisions"}],"wp:attachment":[{"href":"https:\/\/www.blogsoestado.com\/danielmatos\/wp-json\/wp\/v2\/media?parent=20515"}],"wp:term":[{"taxonomy":"category","embeddable":true,"href":"https:\/\/www.blogsoestado.com\/danielmatos\/wp-json\/wp\/v2\/categories?post=20515"},{"taxonomy":"post_tag","embeddable":true,"href":"https:\/\/www.blogsoestado.com\/danielmatos\/wp-json\/wp\/v2\/tags?post=20515"}],"curies":[{"name":"wp","href":"https:\/\/api.w.org\/{rel}","templated":true}]}}