{"id":20523,"date":"2014-11-17T16:48:21","date_gmt":"2014-11-17T19:48:21","guid":{"rendered":"https:\/\/www.blogsoestado.com\/danielmatos\/?p=20523"},"modified":"2014-11-17T16:48:21","modified_gmt":"2014-11-17T19:48:21","slug":"prefeito-edivaldo-entrega-centro-de-saude-reformado-na-cohab","status":"publish","type":"post","link":"https:\/\/www.blogsoestado.com\/danielmatos\/prefeito-edivaldo-entrega-centro-de-saude-reformado-na-cohab\/","title":{"rendered":"Prefeito Edivaldo entrega Centro de Sa\u00fade reformado na Cohab"},"content":{"rendered":"<figure id=\"attachment_20524\" aria-describedby=\"caption-attachment-20524\" style=\"width: 640px\" class=\"wp-caption aligncenter\"><a href=\"https:\/\/www.blogsoestado.com\/danielmatos\/files\/2014\/11\/edivaldo-saude-cohab2.jpg\"><img fetchpriority=\"high\" decoding=\"async\" class=\"size-full wp-image-20524\" src=\"https:\/\/www.blogsoestado.com\/danielmatos\/files\/2014\/11\/edivaldo-saude-cohab2.jpg\" alt=\"Prefeito Edivaldo, acompanhado da primeira-dama, Camila Vasconcelos, e dos secret\u00e1rios Robson Paz e Helena Duailibe e do vereador Pedro Lucas Fernandes, inauguram  unidade de sa\u00fade \" width=\"640\" height=\"427\" \/><\/a><figcaption id=\"caption-attachment-20524\" class=\"wp-caption-text\">Prefeito Edivaldo, acompanhado da primeira-dama, Camila Vasconcelos, dos secret\u00e1rios Robson Paz e Helena Duailibe e do vereador Pedro Lucas Fernandes, inaugura unidade de sa\u00fade<\/figcaption><\/figure>\n<p>O prefeito Edivaldo entregou, nesta segunda-feira (17), o Centro de Sa\u00fade Gen\u00e9sio Ramos Filho, no bairro da Cohab. A unidade \u00e9 a sexta a ser entregue totalmente reformada e ampliada pela Prefeitura de S\u00e3o Lu\u00eds em tr\u00eas meses. A a\u00e7\u00e3o integra o Projeto Municipal de Qualifica\u00e7\u00e3o, Articula\u00e7\u00e3o e Fortalecimento da Aten\u00e7\u00e3o B\u00e1sica, desenvolvido pela Secretaria de Sa\u00fade (Semus), e contemplar\u00e1 ao todo 14 unidades da rede municipal.<\/p>\n<p>Acompanhado da primeira-dama Camila Vasconcelos, o prefeito Edivaldo destacou os avan\u00e7os contabilizados no atendimento \u00e0 aten\u00e7\u00e3o b\u00e1sica. \u201cEsse \u00e9 mais um passo importante que damos dentro da nossa meta de tornar o sistema de sa\u00fade municipal cada vez melhor, eficiente, humanizado e capaz de alcan\u00e7ar um n\u00famero cada vez maior de pessoas que necessitam da nossa aten\u00e7\u00e3o\u201d, declarou.<\/p>\n<p>Com a reforma, a unidade \u2013 que atende aproximadamente 1,2 mil pessoas por m\u00eas \u2013 dobrar\u00e1 a capacidade de atendimentos, que ser\u00e3o ampliados com quatro equipes do Programa Sa\u00fade da Fam\u00edlia (PSF) e por uma equipe de servi\u00e7os odontol\u00f3gicos. A unidade disponibilizar\u00e1 servi\u00e7os de cl\u00ednica m\u00e9dica e acompanhamento pr\u00e9-natal.<\/p>\n<p>Al\u00e9m dos sete consult\u00f3rios agora totalmente reformados e climatizados, as obras na unidade contemplaram tamb\u00e9m a instala\u00e7\u00e3o de rampas de acesso para pessoas com limita\u00e7\u00f5es f\u00edsicas, banheiros espec\u00edficos para deficientes f\u00edsicos, climatiza\u00e7\u00e3o de todos os espa\u00e7os, troca de instala\u00e7\u00f5es el\u00e9tricas e hidr\u00e1ulicas, sinaliza\u00e7\u00e3o das salas, pintura, al\u00e9m da aquisi\u00e7\u00e3o de materiais, dentre outros servi\u00e7os. Com a reforma, o Gen\u00e9sio Ramos Filho tamb\u00e9m oferecer\u00e1 \u00e0 comunidade o servi\u00e7o do teste do pezinho e, nos pr\u00f3ximos meses, os testes da linguinha e da orelhinha.<\/p>\n<figure id=\"attachment_20525\" aria-describedby=\"caption-attachment-20525\" style=\"width: 640px\" class=\"wp-caption aligncenter\"><a href=\"https:\/\/www.blogsoestado.com\/danielmatos\/files\/2014\/11\/edivaldo-saude-cohab.jpg\"><img decoding=\"async\" class=\"size-full wp-image-20525\" src=\"https:\/\/www.blogsoestado.com\/danielmatos\/files\/2014\/11\/edivaldo-saude-cohab.jpg\" alt=\"Prefeito Edivaldo, primeira-dama, Camila Vasconcelos, e secret\u00e1ria de Sa\u00fade, Helena Duailibe, acompanham atendimento a paciente \" width=\"640\" height=\"414\" \/><\/a><figcaption id=\"caption-attachment-20525\" class=\"wp-caption-text\">Prefeito Edivaldo, primeira-dama, Camila Vasconcelos, e secret\u00e1ria de Sa\u00fade, Helena Duailibe, acompanham atendimento a paciente<\/figcaption><\/figure>\n<p>A nova unidade conta ainda com uma ampla sala de viv\u00eancia para expans\u00e3o do servi\u00e7o de acolhimento \u00e0 pessoa idosa, e recupera\u00e7\u00e3o dos espa\u00e7os para vacina\u00e7\u00e3o, entrega de medicamentos (Farm\u00e1cia B\u00e1sica) e nebuliza\u00e7\u00e3o.<\/p>\n<p>Segundo a titular da Semus, Helena Duailibe, a reorganiza\u00e7\u00e3o do modelo de sa\u00fade \u00e9 uma estrat\u00e9gia de melhoria da medicina preventiva. \u201c\u00c9 nas unidades b\u00e1sicas que prestamos o atendimento prim\u00e1rio. \u00c9 aqui que as pessoas procuram para tratar suas diabetes, controlar sua press\u00e3o arterial, tomar suas vacinas. Refor\u00e7ando a medicina preventiva, evitamos consideravelmente as interna\u00e7\u00f5es e os agravamentos de doen\u00e7as\u201d, explicou Helena Duailibe.<\/p>\n<p>Ap\u00f3s descerrar a placa de reinaugura\u00e7\u00e3o, o prefeito enfatizou que as melhorias nas unidades b\u00e1sicas est\u00e3o sendo acompanhadas por uma s\u00e9rie de outras medidas, para reestrutura\u00e7\u00e3o do atendimento na capital, a exemplo dos servi\u00e7os de reforma e amplia\u00e7\u00e3o do Hospital da Crian\u00e7a e dos Socorr\u00f5es I e II.<\/p>\n<p>Edivaldo destacou ainda as parcerias efetivas que o munic\u00edpio far\u00e1 com o pr\u00f3ximo governo do estado em favor da sa\u00fade municipal. \u201cPela primeira vez, teremos um governador amigo da cidade, governando de m\u00e3os dadas conosco, e isso nos d\u00e1 \u00f3timas perspectivas de firmarmos parcerias importantes pelo bem dos cidad\u00e3os ludovicenses\u201d, frisou o prefeito.<\/p>\n<p>A solenidade de entrega do Centro de Sa\u00fade Gen\u00e9sio Ramos Filho, foi acompanhada pelo vereador Pedro Lucas Fernandes (PTB), al\u00e9m dos secret\u00e1rios municipais Jos\u00e9 Cursino (Planejamento), Andr\u00e9ia Lauande (Crian\u00e7a e Assist\u00eancia Social) e Robson Paz (Comunica\u00e7\u00e3o).<\/p>\n<p><strong>Fonte:<\/strong> Secretaria Municipal de Comunica\u00e7\u00e3o (Secom)<\/p>\n","protected":false},"excerpt":{"rendered":"<p>O prefeito Edivaldo entregou, nesta segunda-feira (17), o Centro de Sa\u00fade Gen\u00e9sio Ramos Filho, no bairro da Cohab. A unidade [&hellip;]<\/p>\n","protected":false},"author":0,"featured_media":0,"comment_status":"open","ping_status":"open","sticky":false,"template":"","format":"standard","meta":{"site-sidebar-layout":"default","site-content-layout":"","ast-site-content-layout":"default","site-content-style":"default","site-sidebar-style":"default","ast-global-header-display":"","ast-banner-title-visibility":"","ast-main-header-display":"","ast-hfb-above-header-display":"","ast-hfb-below-header-display":"","ast-hfb-mobile-header-display":"","site-post-title":"","ast-breadcrumbs-content":"","ast-featured-img":"","footer-sml-layout":"","ast-disable-related-posts":"","theme-transparent-header-meta":"","adv-header-id-meta":"","stick-header-meta":"","header-above-stick-meta":"","header-main-stick-meta":"","header-below-stick-meta":"","astra-migrate-meta-layouts":"default","ast-page-background-enabled":"default","ast-page-background-meta":{"desktop":{"background-color":"var(--ast-global-color-5)","background-image":"","background-repeat":"repeat","background-position":"center center","background-size":"auto","background-attachment":"scroll","background-type":"","background-media":"","overlay-type":"","overlay-color":"","overlay-opacity":"","overlay-gradient":""},"tablet":{"background-color":"","background-image":"","background-repeat":"repeat","background-position":"center center","background-size":"auto","background-attachment":"scroll","background-type":"","background-media":"","overlay-type":"","overlay-color":"","overlay-opacity":"","overlay-gradient":""},"mobile":{"background-color":"","background-image":"","background-repeat":"repeat","background-position":"center center","background-size":"auto","background-attachment":"scroll","background-type":"","background-media":"","overlay-type":"","overlay-color":"","overlay-opacity":"","overlay-gradient":""}},"ast-content-background-meta":{"desktop":{"background-color":"var(--ast-global-color-4)","background-image":"","background-repeat":"repeat","background-position":"center center","background-size":"auto","background-attachment":"scroll","background-type":"","background-media":"","overlay-type":"","overlay-color":"","overlay-opacity":"","overlay-gradient":""},"tablet":{"background-color":"var(--ast-global-color-4)","background-image":"","background-repeat":"repeat","background-position":"center center","background-size":"auto","background-attachment":"scroll","background-type":"","background-media":"","overlay-type":"","overlay-color":"","overlay-opacity":"","overlay-gradient":""},"mobile":{"background-color":"var(--ast-global-color-4)","background-image":"","background-repeat":"repeat","background-position":"center center","background-size":"auto","background-attachment":"scroll","background-type":"","background-media":"","overlay-type":"","overlay-color":"","overlay-opacity":"","overlay-gradient":""}},"footnotes":""},"categories":[1],"tags":[],"class_list":["post-20523","post","type-post","status-publish","format-standard","hentry","category-sem-categoria"],"yoast_head":"<!-- This site is optimized with the Yoast SEO plugin v26.6 - https:\/\/yoast.com\/wordpress\/plugins\/seo\/ -->\n<title>Prefeito Edivaldo entrega Centro de Sa\u00fade reformado na Cohab - Daniel Matos<\/title>\n<meta name=\"robots\" content=\"index, follow, max-snippet:-1, max-image-preview:large, max-video-preview:-1\" \/>\n<link rel=\"canonical\" href=\"https:\/\/www.blogsoestado.com\/danielmatos\/prefeito-edivaldo-entrega-centro-de-saude-reformado-na-cohab\/\" \/>\n<meta property=\"og:locale\" content=\"pt_BR\" \/>\n<meta property=\"og:type\" content=\"article\" \/>\n<meta property=\"og:title\" content=\"Prefeito Edivaldo entrega Centro de Sa\u00fade reformado na Cohab - Daniel Matos\" \/>\n<meta property=\"og:description\" content=\"O prefeito Edivaldo entregou, nesta segunda-feira (17), o Centro de Sa\u00fade Gen\u00e9sio Ramos Filho, no bairro da Cohab. A unidade [&hellip;]\" \/>\n<meta property=\"og:url\" content=\"https:\/\/www.blogsoestado.com\/danielmatos\/prefeito-edivaldo-entrega-centro-de-saude-reformado-na-cohab\/\" \/>\n<meta property=\"og:site_name\" content=\"Daniel Matos\" \/>\n<meta property=\"article:published_time\" content=\"2014-11-17T19:48:21+00:00\" \/>\n<meta property=\"og:image\" content=\"https:\/\/www.blogsoestado.com\/danielmatos\/files\/2014\/11\/edivaldo-saude-cohab2.jpg\" \/>\n<meta name=\"twitter:card\" content=\"summary_large_image\" \/>\n<meta name=\"twitter:label1\" content=\"Est. tempo de leitura\" \/>\n\t<meta name=\"twitter:data1\" content=\"3 minutos\" \/>\n<script type=\"application\/ld+json\" class=\"yoast-schema-graph\">{\"@context\":\"https:\/\/schema.org\",\"@graph\":[{\"@type\":\"WebPage\",\"@id\":\"https:\/\/www.blogsoestado.com\/danielmatos\/prefeito-edivaldo-entrega-centro-de-saude-reformado-na-cohab\/\",\"url\":\"https:\/\/www.blogsoestado.com\/danielmatos\/prefeito-edivaldo-entrega-centro-de-saude-reformado-na-cohab\/\",\"name\":\"Prefeito Edivaldo entrega Centro de Sa\u00fade reformado na Cohab - Daniel Matos\",\"isPartOf\":{\"@id\":\"https:\/\/www.blogsoestado.com\/danielmatos\/#website\"},\"primaryImageOfPage\":{\"@id\":\"https:\/\/www.blogsoestado.com\/danielmatos\/prefeito-edivaldo-entrega-centro-de-saude-reformado-na-cohab\/#primaryimage\"},\"image\":{\"@id\":\"https:\/\/www.blogsoestado.com\/danielmatos\/prefeito-edivaldo-entrega-centro-de-saude-reformado-na-cohab\/#primaryimage\"},\"thumbnailUrl\":\"https:\/\/www.blogsoestado.com\/danielmatos\/files\/2014\/11\/edivaldo-saude-cohab2.jpg\",\"datePublished\":\"2014-11-17T19:48:21+00:00\",\"author\":{\"@id\":\"\"},\"breadcrumb\":{\"@id\":\"https:\/\/www.blogsoestado.com\/danielmatos\/prefeito-edivaldo-entrega-centro-de-saude-reformado-na-cohab\/#breadcrumb\"},\"inLanguage\":\"pt-BR\",\"potentialAction\":[{\"@type\":\"ReadAction\",\"target\":[\"https:\/\/www.blogsoestado.com\/danielmatos\/prefeito-edivaldo-entrega-centro-de-saude-reformado-na-cohab\/\"]}]},{\"@type\":\"ImageObject\",\"inLanguage\":\"pt-BR\",\"@id\":\"https:\/\/www.blogsoestado.com\/danielmatos\/prefeito-edivaldo-entrega-centro-de-saude-reformado-na-cohab\/#primaryimage\",\"url\":\"https:\/\/www.blogsoestado.com\/danielmatos\/files\/2014\/11\/edivaldo-saude-cohab2.jpg\",\"contentUrl\":\"https:\/\/www.blogsoestado.com\/danielmatos\/files\/2014\/11\/edivaldo-saude-cohab2.jpg\"},{\"@type\":\"BreadcrumbList\",\"@id\":\"https:\/\/www.blogsoestado.com\/danielmatos\/prefeito-edivaldo-entrega-centro-de-saude-reformado-na-cohab\/#breadcrumb\",\"itemListElement\":[{\"@type\":\"ListItem\",\"position\":1,\"name\":\"In\u00edcio\",\"item\":\"https:\/\/www.blogsoestado.com\/danielmatos\/\"},{\"@type\":\"ListItem\",\"position\":2,\"name\":\"Prefeito Edivaldo entrega Centro de Sa\u00fade reformado na Cohab\"}]},{\"@type\":\"WebSite\",\"@id\":\"https:\/\/www.blogsoestado.com\/danielmatos\/#website\",\"url\":\"https:\/\/www.blogsoestado.com\/danielmatos\/\",\"name\":\"Daniel Matos\",\"description\":\"\",\"potentialAction\":[{\"@type\":\"SearchAction\",\"target\":{\"@type\":\"EntryPoint\",\"urlTemplate\":\"https:\/\/www.blogsoestado.com\/danielmatos\/?s={search_term_string}\"},\"query-input\":{\"@type\":\"PropertyValueSpecification\",\"valueRequired\":true,\"valueName\":\"search_term_string\"}}],\"inLanguage\":\"pt-BR\"}]}<\/script>\n<!-- \/ Yoast SEO plugin. -->","yoast_head_json":{"title":"Prefeito Edivaldo entrega Centro de Sa\u00fade reformado na Cohab - Daniel Matos","robots":{"index":"index","follow":"follow","max-snippet":"max-snippet:-1","max-image-preview":"max-image-preview:large","max-video-preview":"max-video-preview:-1"},"canonical":"https:\/\/www.blogsoestado.com\/danielmatos\/prefeito-edivaldo-entrega-centro-de-saude-reformado-na-cohab\/","og_locale":"pt_BR","og_type":"article","og_title":"Prefeito Edivaldo entrega Centro de Sa\u00fade reformado na Cohab - Daniel Matos","og_description":"O prefeito Edivaldo entregou, nesta segunda-feira (17), o Centro de Sa\u00fade Gen\u00e9sio Ramos Filho, no bairro da Cohab. A unidade [&hellip;]","og_url":"https:\/\/www.blogsoestado.com\/danielmatos\/prefeito-edivaldo-entrega-centro-de-saude-reformado-na-cohab\/","og_site_name":"Daniel Matos","article_published_time":"2014-11-17T19:48:21+00:00","og_image":[{"url":"https:\/\/www.blogsoestado.com\/danielmatos\/files\/2014\/11\/edivaldo-saude-cohab2.jpg","type":"","width":"","height":""}],"twitter_card":"summary_large_image","twitter_misc":{"Est. tempo de leitura":"3 minutos"},"schema":{"@context":"https:\/\/schema.org","@graph":[{"@type":"WebPage","@id":"https:\/\/www.blogsoestado.com\/danielmatos\/prefeito-edivaldo-entrega-centro-de-saude-reformado-na-cohab\/","url":"https:\/\/www.blogsoestado.com\/danielmatos\/prefeito-edivaldo-entrega-centro-de-saude-reformado-na-cohab\/","name":"Prefeito Edivaldo entrega Centro de Sa\u00fade reformado na Cohab - Daniel Matos","isPartOf":{"@id":"https:\/\/www.blogsoestado.com\/danielmatos\/#website"},"primaryImageOfPage":{"@id":"https:\/\/www.blogsoestado.com\/danielmatos\/prefeito-edivaldo-entrega-centro-de-saude-reformado-na-cohab\/#primaryimage"},"image":{"@id":"https:\/\/www.blogsoestado.com\/danielmatos\/prefeito-edivaldo-entrega-centro-de-saude-reformado-na-cohab\/#primaryimage"},"thumbnailUrl":"https:\/\/www.blogsoestado.com\/danielmatos\/files\/2014\/11\/edivaldo-saude-cohab2.jpg","datePublished":"2014-11-17T19:48:21+00:00","author":{"@id":""},"breadcrumb":{"@id":"https:\/\/www.blogsoestado.com\/danielmatos\/prefeito-edivaldo-entrega-centro-de-saude-reformado-na-cohab\/#breadcrumb"},"inLanguage":"pt-BR","potentialAction":[{"@type":"ReadAction","target":["https:\/\/www.blogsoestado.com\/danielmatos\/prefeito-edivaldo-entrega-centro-de-saude-reformado-na-cohab\/"]}]},{"@type":"ImageObject","inLanguage":"pt-BR","@id":"https:\/\/www.blogsoestado.com\/danielmatos\/prefeito-edivaldo-entrega-centro-de-saude-reformado-na-cohab\/#primaryimage","url":"https:\/\/www.blogsoestado.com\/danielmatos\/files\/2014\/11\/edivaldo-saude-cohab2.jpg","contentUrl":"https:\/\/www.blogsoestado.com\/danielmatos\/files\/2014\/11\/edivaldo-saude-cohab2.jpg"},{"@type":"BreadcrumbList","@id":"https:\/\/www.blogsoestado.com\/danielmatos\/prefeito-edivaldo-entrega-centro-de-saude-reformado-na-cohab\/#breadcrumb","itemListElement":[{"@type":"ListItem","position":1,"name":"In\u00edcio","item":"https:\/\/www.blogsoestado.com\/danielmatos\/"},{"@type":"ListItem","position":2,"name":"Prefeito Edivaldo entrega Centro de Sa\u00fade reformado na Cohab"}]},{"@type":"WebSite","@id":"https:\/\/www.blogsoestado.com\/danielmatos\/#website","url":"https:\/\/www.blogsoestado.com\/danielmatos\/","name":"Daniel Matos","description":"","potentialAction":[{"@type":"SearchAction","target":{"@type":"EntryPoint","urlTemplate":"https:\/\/www.blogsoestado.com\/danielmatos\/?s={search_term_string}"},"query-input":{"@type":"PropertyValueSpecification","valueRequired":true,"valueName":"search_term_string"}}],"inLanguage":"pt-BR"}]}},"jetpack_featured_media_url":"","_links":{"self":[{"href":"https:\/\/www.blogsoestado.com\/danielmatos\/wp-json\/wp\/v2\/posts\/20523","targetHints":{"allow":["GET"]}}],"collection":[{"href":"https:\/\/www.blogsoestado.com\/danielmatos\/wp-json\/wp\/v2\/posts"}],"about":[{"href":"https:\/\/www.blogsoestado.com\/danielmatos\/wp-json\/wp\/v2\/types\/post"}],"replies":[{"embeddable":true,"href":"https:\/\/www.blogsoestado.com\/danielmatos\/wp-json\/wp\/v2\/comments?post=20523"}],"version-history":[{"count":0,"href":"https:\/\/www.blogsoestado.com\/danielmatos\/wp-json\/wp\/v2\/posts\/20523\/revisions"}],"wp:attachment":[{"href":"https:\/\/www.blogsoestado.com\/danielmatos\/wp-json\/wp\/v2\/media?parent=20523"}],"wp:term":[{"taxonomy":"category","embeddable":true,"href":"https:\/\/www.blogsoestado.com\/danielmatos\/wp-json\/wp\/v2\/categories?post=20523"},{"taxonomy":"post_tag","embeddable":true,"href":"https:\/\/www.blogsoestado.com\/danielmatos\/wp-json\/wp\/v2\/tags?post=20523"}],"curies":[{"name":"wp","href":"https:\/\/api.w.org\/{rel}","templated":true}]}}