{"id":20586,"date":"2014-11-20T10:42:57","date_gmt":"2014-11-20T13:42:57","guid":{"rendered":"https:\/\/www.blogsoestado.com\/danielmatos\/?p=20586"},"modified":"2014-11-20T10:42:57","modified_gmt":"2014-11-20T13:42:57","slug":"me-senti-revigorada-diz-litia-cavalcanti-sobre-materia-do-blog","status":"publish","type":"post","link":"https:\/\/www.blogsoestado.com\/danielmatos\/me-senti-revigorada-diz-litia-cavalcanti-sobre-materia-do-blog\/","title":{"rendered":"&#8220;Me senti revigorada&#8221;, diz L\u00edtia Cavalcanti sobre mat\u00e9ria do blog"},"content":{"rendered":"<figure id=\"attachment_20587\" aria-describedby=\"caption-attachment-20587\" style=\"width: 448px\" class=\"wp-caption alignright\"><a href=\"https:\/\/www.blogsoestado.com\/danielmatos\/files\/2014\/11\/litia-agradece.jpg\"><img fetchpriority=\"high\" decoding=\"async\" class=\"size-full wp-image-20587\" src=\"https:\/\/www.blogsoestado.com\/danielmatos\/files\/2014\/11\/litia-agradece.jpg\" alt=\"L\u00edtia Cavalcanti se disse revigorada com reconhecimento p\u00fablico\" width=\"448\" height=\"299\" \/><\/a><figcaption id=\"caption-attachment-20587\" class=\"wp-caption-text\">L\u00edtia se disse revigorada com reconhecimento p\u00fablico (<strong>Foto:<\/strong> Douglas Jr.)<\/figcaption><\/figure>\n<p>Em mensagem de Wathsapp enviada ao autor deste blog na manh\u00e3 desta quinta-feira, a promotora de Defesa do Consumidor, L\u00edtia Cavalcanti, disse que se sentiu\u00a0revigorada ao ler o texto\u00a0<a href=\"https:\/\/www.blogsoestado.com\/danielmatos\/2014\/11\/18\/se-todos-fossem-iguais-a-voce\/\" target=\"_blank\">&#8220;Se todos fossem iguais a voc\u00ea&#8221;<\/a>, aqui postado no \u00faltimo dia 18,\u00a0em\u00a0reconhecimento \u00e0 sua\u00a0atua\u00e7\u00e3o em defesa dos cidad\u00e3os, em diversos casos em que\u00a0houve viola\u00e7\u00e3o da lei.<\/p>\n<p>O post\u00a0faz refer\u00eancia, principalmente, \u00e0 interven\u00e7\u00e3o judicial\u00a0na Secretaria Municipal de Tr\u00e2nsito e Transporte (SMTT), decretada no \u00faltimo dia 17 e suspensa no dia seguinte pelo Tribunal de Justi\u00e7a.\u00a0A medida,\u00a0proposta pela promotora em raz\u00e3o da precariedade do transporte\u00a0coletivo que atende\u00a0mais de 700 mil usu\u00e1rios na capital e ap\u00f3s sucessivos descumprimentos do Termo de Ajustamento de Conduta (TAC) que prev\u00ea melhorias no servi\u00e7o, foi muito bem recebida pela popula\u00e7\u00e3o.<\/p>\n<p>A representante do Minist\u00e9rio P\u00fablico se disse emocionada\u00a0ao ter o seu m\u00e9rito destacado. &#8220;Em um mundo de tantas incompreens\u00f5es e invers\u00f5es de valores, onde aqueles que t\u00eam por convic\u00e7\u00f5es a busca incessante da Justi\u00e7a s\u00e3o apedrejados, me senti revigorada&#8221;, escreveu.<\/p>\n<p>O autor do blog reitera\u00a0os elogios\u00a0por acreditar que as inten\u00e7\u00f5es da promotora s\u00e3o as melhores poss\u00edveis. E sente-se honrado por t\u00ea-la\u00a0ajudado a renovar o \u00e2nimo \u00a0e lisonjeado por sua recep\u00e7\u00e3o \u00e0 postagem. Abaixo, o agradecimento de L\u00edtia Cavalcanti ao blog:<\/p>\n<p><strong><em>Recebi ontem o link da sua mat\u00e9ria. Em um mundo de tantas incompreens\u00f5es e invers\u00f5es de valores, onde aqueles q tem por convic\u00e7\u00f5es a busca incessante da justi\u00e7a s\u00e3o apedrejados, me senti revigorada. N esperava ler uma mat\u00e9ria t\u00e3o linda neste momento. Quero agradecer a vc pelo lind\u00edssimo texto e dizer q fiquei extremamente emocionada c sua homenagem publica. \u00a0Muito obrigada.\u00a0<\/em><em>Muito obrigada. Do fundo do meu cora\u00e7\u00e3o.<\/em><\/strong><\/p>\n<p><strong><em>Bom saber. Obrigada pelo apoio, principalmente quando o \u00fanico mecanismo de defesa q dispomos em favor da coletividade e a lei. Outras muni\u00e7\u00f5es n\u00e3o usamos&#8230;obrigada mais uma vez. \u00a0\u00a0<\/em><\/strong><\/p>\n","protected":false},"excerpt":{"rendered":"<p>Em mensagem de Wathsapp enviada ao autor deste blog na manh\u00e3 desta quinta-feira, a promotora de Defesa do Consumidor, L\u00edtia [&hellip;]<\/p>\n","protected":false},"author":0,"featured_media":0,"comment_status":"open","ping_status":"open","sticky":false,"template":"","format":"standard","meta":{"site-sidebar-layout":"default","site-content-layout":"","ast-site-content-layout":"default","site-content-style":"default","site-sidebar-style":"default","ast-global-header-display":"","ast-banner-title-visibility":"","ast-main-header-display":"","ast-hfb-above-header-display":"","ast-hfb-below-header-display":"","ast-hfb-mobile-header-display":"","site-post-title":"","ast-breadcrumbs-content":"","ast-featured-img":"","footer-sml-layout":"","ast-disable-related-posts":"","theme-transparent-header-meta":"","adv-header-id-meta":"","stick-header-meta":"","header-above-stick-meta":"","header-main-stick-meta":"","header-below-stick-meta":"","astra-migrate-meta-layouts":"default","ast-page-background-enabled":"default","ast-page-background-meta":{"desktop":{"background-color":"var(--ast-global-color-5)","background-image":"","background-repeat":"repeat","background-position":"center center","background-size":"auto","background-attachment":"scroll","background-type":"","background-media":"","overlay-type":"","overlay-color":"","overlay-opacity":"","overlay-gradient":""},"tablet":{"background-color":"","background-image":"","background-repeat":"repeat","background-position":"center center","background-size":"auto","background-attachment":"scroll","background-type":"","background-media":"","overlay-type":"","overlay-color":"","overlay-opacity":"","overlay-gradient":""},"mobile":{"background-color":"","background-image":"","background-repeat":"repeat","background-position":"center center","background-size":"auto","background-attachment":"scroll","background-type":"","background-media":"","overlay-type":"","overlay-color":"","overlay-opacity":"","overlay-gradient":""}},"ast-content-background-meta":{"desktop":{"background-color":"var(--ast-global-color-4)","background-image":"","background-repeat":"repeat","background-position":"center center","background-size":"auto","background-attachment":"scroll","background-type":"","background-media":"","overlay-type":"","overlay-color":"","overlay-opacity":"","overlay-gradient":""},"tablet":{"background-color":"var(--ast-global-color-4)","background-image":"","background-repeat":"repeat","background-position":"center center","background-size":"auto","background-attachment":"scroll","background-type":"","background-media":"","overlay-type":"","overlay-color":"","overlay-opacity":"","overlay-gradient":""},"mobile":{"background-color":"var(--ast-global-color-4)","background-image":"","background-repeat":"repeat","background-position":"center center","background-size":"auto","background-attachment":"scroll","background-type":"","background-media":"","overlay-type":"","overlay-color":"","overlay-opacity":"","overlay-gradient":""}},"footnotes":""},"categories":[1],"tags":[],"class_list":["post-20586","post","type-post","status-publish","format-standard","hentry","category-sem-categoria"],"yoast_head":"<!-- This site is optimized with the Yoast SEO plugin v26.6 - https:\/\/yoast.com\/wordpress\/plugins\/seo\/ -->\n<title>&quot;Me senti revigorada&quot;, diz L\u00edtia Cavalcanti sobre mat\u00e9ria do blog - Daniel Matos<\/title>\n<meta name=\"robots\" content=\"index, follow, max-snippet:-1, max-image-preview:large, max-video-preview:-1\" \/>\n<link rel=\"canonical\" href=\"https:\/\/www.blogsoestado.com\/danielmatos\/me-senti-revigorada-diz-litia-cavalcanti-sobre-materia-do-blog\/\" \/>\n<meta property=\"og:locale\" content=\"pt_BR\" \/>\n<meta property=\"og:type\" content=\"article\" \/>\n<meta property=\"og:title\" content=\"&quot;Me senti revigorada&quot;, diz L\u00edtia Cavalcanti sobre mat\u00e9ria do blog - Daniel Matos\" \/>\n<meta property=\"og:description\" content=\"Em mensagem de Wathsapp enviada ao autor deste blog na manh\u00e3 desta quinta-feira, a promotora de Defesa do Consumidor, L\u00edtia [&hellip;]\" \/>\n<meta property=\"og:url\" content=\"https:\/\/www.blogsoestado.com\/danielmatos\/me-senti-revigorada-diz-litia-cavalcanti-sobre-materia-do-blog\/\" \/>\n<meta property=\"og:site_name\" content=\"Daniel Matos\" \/>\n<meta property=\"article:published_time\" content=\"2014-11-20T13:42:57+00:00\" \/>\n<meta property=\"og:image\" content=\"https:\/\/www.blogsoestado.com\/danielmatos\/files\/2014\/11\/litia-agradece.jpg\" \/>\n<meta name=\"twitter:card\" content=\"summary_large_image\" \/>\n<meta name=\"twitter:label1\" content=\"Est. tempo de leitura\" \/>\n\t<meta name=\"twitter:data1\" content=\"2 minutos\" \/>\n<script type=\"application\/ld+json\" class=\"yoast-schema-graph\">{\"@context\":\"https:\/\/schema.org\",\"@graph\":[{\"@type\":\"WebPage\",\"@id\":\"https:\/\/www.blogsoestado.com\/danielmatos\/me-senti-revigorada-diz-litia-cavalcanti-sobre-materia-do-blog\/\",\"url\":\"https:\/\/www.blogsoestado.com\/danielmatos\/me-senti-revigorada-diz-litia-cavalcanti-sobre-materia-do-blog\/\",\"name\":\"\\\"Me senti revigorada\\\", diz L\u00edtia Cavalcanti sobre mat\u00e9ria do blog - Daniel Matos\",\"isPartOf\":{\"@id\":\"https:\/\/www.blogsoestado.com\/danielmatos\/#website\"},\"primaryImageOfPage\":{\"@id\":\"https:\/\/www.blogsoestado.com\/danielmatos\/me-senti-revigorada-diz-litia-cavalcanti-sobre-materia-do-blog\/#primaryimage\"},\"image\":{\"@id\":\"https:\/\/www.blogsoestado.com\/danielmatos\/me-senti-revigorada-diz-litia-cavalcanti-sobre-materia-do-blog\/#primaryimage\"},\"thumbnailUrl\":\"https:\/\/www.blogsoestado.com\/danielmatos\/files\/2014\/11\/litia-agradece.jpg\",\"datePublished\":\"2014-11-20T13:42:57+00:00\",\"author\":{\"@id\":\"\"},\"breadcrumb\":{\"@id\":\"https:\/\/www.blogsoestado.com\/danielmatos\/me-senti-revigorada-diz-litia-cavalcanti-sobre-materia-do-blog\/#breadcrumb\"},\"inLanguage\":\"pt-BR\",\"potentialAction\":[{\"@type\":\"ReadAction\",\"target\":[\"https:\/\/www.blogsoestado.com\/danielmatos\/me-senti-revigorada-diz-litia-cavalcanti-sobre-materia-do-blog\/\"]}]},{\"@type\":\"ImageObject\",\"inLanguage\":\"pt-BR\",\"@id\":\"https:\/\/www.blogsoestado.com\/danielmatos\/me-senti-revigorada-diz-litia-cavalcanti-sobre-materia-do-blog\/#primaryimage\",\"url\":\"https:\/\/www.blogsoestado.com\/danielmatos\/files\/2014\/11\/litia-agradece.jpg\",\"contentUrl\":\"https:\/\/www.blogsoestado.com\/danielmatos\/files\/2014\/11\/litia-agradece.jpg\"},{\"@type\":\"BreadcrumbList\",\"@id\":\"https:\/\/www.blogsoestado.com\/danielmatos\/me-senti-revigorada-diz-litia-cavalcanti-sobre-materia-do-blog\/#breadcrumb\",\"itemListElement\":[{\"@type\":\"ListItem\",\"position\":1,\"name\":\"In\u00edcio\",\"item\":\"https:\/\/www.blogsoestado.com\/danielmatos\/\"},{\"@type\":\"ListItem\",\"position\":2,\"name\":\"&#8220;Me senti revigorada&#8221;, diz L\u00edtia Cavalcanti sobre mat\u00e9ria do blog\"}]},{\"@type\":\"WebSite\",\"@id\":\"https:\/\/www.blogsoestado.com\/danielmatos\/#website\",\"url\":\"https:\/\/www.blogsoestado.com\/danielmatos\/\",\"name\":\"Daniel Matos\",\"description\":\"\",\"potentialAction\":[{\"@type\":\"SearchAction\",\"target\":{\"@type\":\"EntryPoint\",\"urlTemplate\":\"https:\/\/www.blogsoestado.com\/danielmatos\/?s={search_term_string}\"},\"query-input\":{\"@type\":\"PropertyValueSpecification\",\"valueRequired\":true,\"valueName\":\"search_term_string\"}}],\"inLanguage\":\"pt-BR\"}]}<\/script>\n<!-- \/ Yoast SEO plugin. -->","yoast_head_json":{"title":"\"Me senti revigorada\", diz L\u00edtia Cavalcanti sobre mat\u00e9ria do blog - Daniel Matos","robots":{"index":"index","follow":"follow","max-snippet":"max-snippet:-1","max-image-preview":"max-image-preview:large","max-video-preview":"max-video-preview:-1"},"canonical":"https:\/\/www.blogsoestado.com\/danielmatos\/me-senti-revigorada-diz-litia-cavalcanti-sobre-materia-do-blog\/","og_locale":"pt_BR","og_type":"article","og_title":"\"Me senti revigorada\", diz L\u00edtia Cavalcanti sobre mat\u00e9ria do blog - Daniel Matos","og_description":"Em mensagem de Wathsapp enviada ao autor deste blog na manh\u00e3 desta quinta-feira, a promotora de Defesa do Consumidor, L\u00edtia [&hellip;]","og_url":"https:\/\/www.blogsoestado.com\/danielmatos\/me-senti-revigorada-diz-litia-cavalcanti-sobre-materia-do-blog\/","og_site_name":"Daniel Matos","article_published_time":"2014-11-20T13:42:57+00:00","og_image":[{"url":"https:\/\/www.blogsoestado.com\/danielmatos\/files\/2014\/11\/litia-agradece.jpg","type":"","width":"","height":""}],"twitter_card":"summary_large_image","twitter_misc":{"Est. tempo de leitura":"2 minutos"},"schema":{"@context":"https:\/\/schema.org","@graph":[{"@type":"WebPage","@id":"https:\/\/www.blogsoestado.com\/danielmatos\/me-senti-revigorada-diz-litia-cavalcanti-sobre-materia-do-blog\/","url":"https:\/\/www.blogsoestado.com\/danielmatos\/me-senti-revigorada-diz-litia-cavalcanti-sobre-materia-do-blog\/","name":"\"Me senti revigorada\", diz L\u00edtia Cavalcanti sobre mat\u00e9ria do blog - Daniel Matos","isPartOf":{"@id":"https:\/\/www.blogsoestado.com\/danielmatos\/#website"},"primaryImageOfPage":{"@id":"https:\/\/www.blogsoestado.com\/danielmatos\/me-senti-revigorada-diz-litia-cavalcanti-sobre-materia-do-blog\/#primaryimage"},"image":{"@id":"https:\/\/www.blogsoestado.com\/danielmatos\/me-senti-revigorada-diz-litia-cavalcanti-sobre-materia-do-blog\/#primaryimage"},"thumbnailUrl":"https:\/\/www.blogsoestado.com\/danielmatos\/files\/2014\/11\/litia-agradece.jpg","datePublished":"2014-11-20T13:42:57+00:00","author":{"@id":""},"breadcrumb":{"@id":"https:\/\/www.blogsoestado.com\/danielmatos\/me-senti-revigorada-diz-litia-cavalcanti-sobre-materia-do-blog\/#breadcrumb"},"inLanguage":"pt-BR","potentialAction":[{"@type":"ReadAction","target":["https:\/\/www.blogsoestado.com\/danielmatos\/me-senti-revigorada-diz-litia-cavalcanti-sobre-materia-do-blog\/"]}]},{"@type":"ImageObject","inLanguage":"pt-BR","@id":"https:\/\/www.blogsoestado.com\/danielmatos\/me-senti-revigorada-diz-litia-cavalcanti-sobre-materia-do-blog\/#primaryimage","url":"https:\/\/www.blogsoestado.com\/danielmatos\/files\/2014\/11\/litia-agradece.jpg","contentUrl":"https:\/\/www.blogsoestado.com\/danielmatos\/files\/2014\/11\/litia-agradece.jpg"},{"@type":"BreadcrumbList","@id":"https:\/\/www.blogsoestado.com\/danielmatos\/me-senti-revigorada-diz-litia-cavalcanti-sobre-materia-do-blog\/#breadcrumb","itemListElement":[{"@type":"ListItem","position":1,"name":"In\u00edcio","item":"https:\/\/www.blogsoestado.com\/danielmatos\/"},{"@type":"ListItem","position":2,"name":"&#8220;Me senti revigorada&#8221;, diz L\u00edtia Cavalcanti sobre mat\u00e9ria do blog"}]},{"@type":"WebSite","@id":"https:\/\/www.blogsoestado.com\/danielmatos\/#website","url":"https:\/\/www.blogsoestado.com\/danielmatos\/","name":"Daniel Matos","description":"","potentialAction":[{"@type":"SearchAction","target":{"@type":"EntryPoint","urlTemplate":"https:\/\/www.blogsoestado.com\/danielmatos\/?s={search_term_string}"},"query-input":{"@type":"PropertyValueSpecification","valueRequired":true,"valueName":"search_term_string"}}],"inLanguage":"pt-BR"}]}},"jetpack_featured_media_url":"","_links":{"self":[{"href":"https:\/\/www.blogsoestado.com\/danielmatos\/wp-json\/wp\/v2\/posts\/20586","targetHints":{"allow":["GET"]}}],"collection":[{"href":"https:\/\/www.blogsoestado.com\/danielmatos\/wp-json\/wp\/v2\/posts"}],"about":[{"href":"https:\/\/www.blogsoestado.com\/danielmatos\/wp-json\/wp\/v2\/types\/post"}],"replies":[{"embeddable":true,"href":"https:\/\/www.blogsoestado.com\/danielmatos\/wp-json\/wp\/v2\/comments?post=20586"}],"version-history":[{"count":0,"href":"https:\/\/www.blogsoestado.com\/danielmatos\/wp-json\/wp\/v2\/posts\/20586\/revisions"}],"wp:attachment":[{"href":"https:\/\/www.blogsoestado.com\/danielmatos\/wp-json\/wp\/v2\/media?parent=20586"}],"wp:term":[{"taxonomy":"category","embeddable":true,"href":"https:\/\/www.blogsoestado.com\/danielmatos\/wp-json\/wp\/v2\/categories?post=20586"},{"taxonomy":"post_tag","embeddable":true,"href":"https:\/\/www.blogsoestado.com\/danielmatos\/wp-json\/wp\/v2\/tags?post=20586"}],"curies":[{"name":"wp","href":"https:\/\/api.w.org\/{rel}","templated":true}]}}