{"id":20623,"date":"2014-11-21T11:25:23","date_gmt":"2014-11-21T14:25:23","guid":{"rendered":"https:\/\/www.blogsoestado.com\/danielmatos\/?p=20623"},"modified":"2014-11-21T11:25:23","modified_gmt":"2014-11-21T14:25:23","slug":"flavio-dino-anuncia-adelmo-soares-para-secretaria-de-agricultura-familiar","status":"publish","type":"post","link":"https:\/\/www.blogsoestado.com\/danielmatos\/flavio-dino-anuncia-adelmo-soares-para-secretaria-de-agricultura-familiar\/","title":{"rendered":"Fl\u00e1vio Dino anuncia Adelmo Soares para Secretaria de Agricultura Familiar"},"content":{"rendered":"<figure id=\"attachment_20624\" aria-describedby=\"caption-attachment-20624\" style=\"width: 448px\" class=\"wp-caption alignright\"><a href=\"https:\/\/www.blogsoestado.com\/danielmatos\/files\/2014\/11\/adelmo.jpg\"><img fetchpriority=\"high\" decoding=\"async\" class=\"size-full wp-image-20624\" src=\"https:\/\/www.blogsoestado.com\/danielmatos\/files\/2014\/11\/adelmo.jpg\" alt=\"Adelmo Soares \u00e9 odont\u00f3logo e comandar\u00e1 pasta da Agricultura Familiar\" width=\"448\" height=\"320\" \/><\/a><figcaption id=\"caption-attachment-20624\" class=\"wp-caption-text\">Adelmo Soares \u00e9 odont\u00f3logo e comandar\u00e1 pasta da Agricultura Familiar<\/figcaption><\/figure>\n<p>Adelmo Soares ser\u00e1 o secret\u00e1rio de Agricultura Familiar, pasta a ser criada na gest\u00e3o Fl\u00e1vio Dino. O an\u00fancio foi feito pelo governador eleito na manh\u00e3 desta sexta-feira (21) atrav\u00e9s das redes sociais.<\/p>\n<p>Esta foi uma das bandeiras da campanha de Fl\u00e1vio Dino. A Secretaria atuar\u00e1 na reestrutura\u00e7\u00e3o de todo o sistema administrativo de apoio e assist\u00eancia t\u00e9cnica \u00e0 agricultura familiar, com destaque para a Ag\u00eancia Estadual de Pesquisa Agropecu\u00e1ria e de Extens\u00e3o Rural do Maranh\u00e3o (Agerp) e Instituto de Coloniza\u00e7\u00e3o e Terras do Maranh\u00e3o (Iterma). Esses dois \u00f3rg\u00e3os passar\u00e3o a ser vinculados \u00e0 Agricultura Familiar.<\/p>\n<p>A nova pasta atender\u00e1 mais de dois milh\u00f5es de agricultores familiares do estado no incentivo \u00e0 produ\u00e7\u00e3o no campo. Uma das prioridades da pr\u00f3xima gest\u00e3o \u00e9 investir na produ\u00e7\u00e3o de alimentos para fomentar a gera\u00e7\u00e3o de renda, ampliar o mercado interno e melhorar a qualidade de vida da popula\u00e7\u00e3o maranhense.<\/p>\n<p>Conhe\u00e7a o perfil do novo indicado:<\/p>\n<p>ADELMO SOARES \u2013 Secretaria de Agricultura Familiar<\/p>\n<p>Adelmo Soares atuou na cria\u00e7\u00e3o da Secretaria de Trabalho de Caxias. Possui destacada atua\u00e7\u00e3o em gest\u00e3o e administra\u00e7\u00e3o p\u00fablica. Foi secret\u00e1rio de Esporte de Caxias. \u00c9 vice-presidente do PCdoB em Caxias e est\u00e1 no terceiro mandato de vereador. Coordenou a campanha da coliga\u00e7\u00e3o \u201cTodos pelo Maranh\u00e3o\u201d na regi\u00e3o Leste do estado. \u00c9 graduado em Odontologia pela Universidade Federal da Para\u00edba (UFPB).<\/p>\n","protected":false},"excerpt":{"rendered":"<p>Adelmo Soares ser\u00e1 o secret\u00e1rio de Agricultura Familiar, pasta a ser criada na gest\u00e3o Fl\u00e1vio Dino. O an\u00fancio foi feito [&hellip;]<\/p>\n","protected":false},"author":0,"featured_media":0,"comment_status":"open","ping_status":"open","sticky":false,"template":"","format":"standard","meta":{"site-sidebar-layout":"default","site-content-layout":"","ast-site-content-layout":"default","site-content-style":"default","site-sidebar-style":"default","ast-global-header-display":"","ast-banner-title-visibility":"","ast-main-header-display":"","ast-hfb-above-header-display":"","ast-hfb-below-header-display":"","ast-hfb-mobile-header-display":"","site-post-title":"","ast-breadcrumbs-content":"","ast-featured-img":"","footer-sml-layout":"","ast-disable-related-posts":"","theme-transparent-header-meta":"","adv-header-id-meta":"","stick-header-meta":"","header-above-stick-meta":"","header-main-stick-meta":"","header-below-stick-meta":"","astra-migrate-meta-layouts":"default","ast-page-background-enabled":"default","ast-page-background-meta":{"desktop":{"background-color":"var(--ast-global-color-5)","background-image":"","background-repeat":"repeat","background-position":"center center","background-size":"auto","background-attachment":"scroll","background-type":"","background-media":"","overlay-type":"","overlay-color":"","overlay-opacity":"","overlay-gradient":""},"tablet":{"background-color":"","background-image":"","background-repeat":"repeat","background-position":"center center","background-size":"auto","background-attachment":"scroll","background-type":"","background-media":"","overlay-type":"","overlay-color":"","overlay-opacity":"","overlay-gradient":""},"mobile":{"background-color":"","background-image":"","background-repeat":"repeat","background-position":"center center","background-size":"auto","background-attachment":"scroll","background-type":"","background-media":"","overlay-type":"","overlay-color":"","overlay-opacity":"","overlay-gradient":""}},"ast-content-background-meta":{"desktop":{"background-color":"var(--ast-global-color-4)","background-image":"","background-repeat":"repeat","background-position":"center center","background-size":"auto","background-attachment":"scroll","background-type":"","background-media":"","overlay-type":"","overlay-color":"","overlay-opacity":"","overlay-gradient":""},"tablet":{"background-color":"var(--ast-global-color-4)","background-image":"","background-repeat":"repeat","background-position":"center center","background-size":"auto","background-attachment":"scroll","background-type":"","background-media":"","overlay-type":"","overlay-color":"","overlay-opacity":"","overlay-gradient":""},"mobile":{"background-color":"var(--ast-global-color-4)","background-image":"","background-repeat":"repeat","background-position":"center center","background-size":"auto","background-attachment":"scroll","background-type":"","background-media":"","overlay-type":"","overlay-color":"","overlay-opacity":"","overlay-gradient":""}},"footnotes":""},"categories":[1],"tags":[],"class_list":["post-20623","post","type-post","status-publish","format-standard","hentry","category-sem-categoria"],"yoast_head":"<!-- This site is optimized with the Yoast SEO plugin v26.6 - https:\/\/yoast.com\/wordpress\/plugins\/seo\/ -->\n<title>Fl\u00e1vio Dino anuncia Adelmo Soares para Secretaria de Agricultura Familiar - Daniel Matos<\/title>\n<meta name=\"robots\" content=\"index, follow, max-snippet:-1, max-image-preview:large, max-video-preview:-1\" \/>\n<link rel=\"canonical\" href=\"https:\/\/www.blogsoestado.com\/danielmatos\/flavio-dino-anuncia-adelmo-soares-para-secretaria-de-agricultura-familiar\/\" \/>\n<meta property=\"og:locale\" content=\"pt_BR\" \/>\n<meta property=\"og:type\" content=\"article\" \/>\n<meta property=\"og:title\" content=\"Fl\u00e1vio Dino anuncia Adelmo Soares para Secretaria de Agricultura Familiar - Daniel Matos\" \/>\n<meta property=\"og:description\" content=\"Adelmo Soares ser\u00e1 o secret\u00e1rio de Agricultura Familiar, pasta a ser criada na gest\u00e3o Fl\u00e1vio Dino. O an\u00fancio foi feito [&hellip;]\" \/>\n<meta property=\"og:url\" content=\"https:\/\/www.blogsoestado.com\/danielmatos\/flavio-dino-anuncia-adelmo-soares-para-secretaria-de-agricultura-familiar\/\" \/>\n<meta property=\"og:site_name\" content=\"Daniel Matos\" \/>\n<meta property=\"article:published_time\" content=\"2014-11-21T14:25:23+00:00\" \/>\n<meta property=\"og:image\" content=\"https:\/\/www.blogsoestado.com\/danielmatos\/files\/2014\/11\/adelmo.jpg\" \/>\n<meta name=\"twitter:card\" content=\"summary_large_image\" \/>\n<meta name=\"twitter:label1\" content=\"Est. tempo de leitura\" \/>\n\t<meta name=\"twitter:data1\" content=\"1 minuto\" \/>\n<script type=\"application\/ld+json\" class=\"yoast-schema-graph\">{\"@context\":\"https:\/\/schema.org\",\"@graph\":[{\"@type\":\"WebPage\",\"@id\":\"https:\/\/www.blogsoestado.com\/danielmatos\/flavio-dino-anuncia-adelmo-soares-para-secretaria-de-agricultura-familiar\/\",\"url\":\"https:\/\/www.blogsoestado.com\/danielmatos\/flavio-dino-anuncia-adelmo-soares-para-secretaria-de-agricultura-familiar\/\",\"name\":\"Fl\u00e1vio Dino anuncia Adelmo Soares para Secretaria de Agricultura Familiar - Daniel Matos\",\"isPartOf\":{\"@id\":\"https:\/\/www.blogsoestado.com\/danielmatos\/#website\"},\"primaryImageOfPage\":{\"@id\":\"https:\/\/www.blogsoestado.com\/danielmatos\/flavio-dino-anuncia-adelmo-soares-para-secretaria-de-agricultura-familiar\/#primaryimage\"},\"image\":{\"@id\":\"https:\/\/www.blogsoestado.com\/danielmatos\/flavio-dino-anuncia-adelmo-soares-para-secretaria-de-agricultura-familiar\/#primaryimage\"},\"thumbnailUrl\":\"https:\/\/www.blogsoestado.com\/danielmatos\/files\/2014\/11\/adelmo.jpg\",\"datePublished\":\"2014-11-21T14:25:23+00:00\",\"author\":{\"@id\":\"\"},\"breadcrumb\":{\"@id\":\"https:\/\/www.blogsoestado.com\/danielmatos\/flavio-dino-anuncia-adelmo-soares-para-secretaria-de-agricultura-familiar\/#breadcrumb\"},\"inLanguage\":\"pt-BR\",\"potentialAction\":[{\"@type\":\"ReadAction\",\"target\":[\"https:\/\/www.blogsoestado.com\/danielmatos\/flavio-dino-anuncia-adelmo-soares-para-secretaria-de-agricultura-familiar\/\"]}]},{\"@type\":\"ImageObject\",\"inLanguage\":\"pt-BR\",\"@id\":\"https:\/\/www.blogsoestado.com\/danielmatos\/flavio-dino-anuncia-adelmo-soares-para-secretaria-de-agricultura-familiar\/#primaryimage\",\"url\":\"https:\/\/www.blogsoestado.com\/danielmatos\/files\/2014\/11\/adelmo.jpg\",\"contentUrl\":\"https:\/\/www.blogsoestado.com\/danielmatos\/files\/2014\/11\/adelmo.jpg\"},{\"@type\":\"BreadcrumbList\",\"@id\":\"https:\/\/www.blogsoestado.com\/danielmatos\/flavio-dino-anuncia-adelmo-soares-para-secretaria-de-agricultura-familiar\/#breadcrumb\",\"itemListElement\":[{\"@type\":\"ListItem\",\"position\":1,\"name\":\"In\u00edcio\",\"item\":\"https:\/\/www.blogsoestado.com\/danielmatos\/\"},{\"@type\":\"ListItem\",\"position\":2,\"name\":\"Fl\u00e1vio Dino anuncia Adelmo Soares para Secretaria de Agricultura Familiar\"}]},{\"@type\":\"WebSite\",\"@id\":\"https:\/\/www.blogsoestado.com\/danielmatos\/#website\",\"url\":\"https:\/\/www.blogsoestado.com\/danielmatos\/\",\"name\":\"Daniel Matos\",\"description\":\"\",\"potentialAction\":[{\"@type\":\"SearchAction\",\"target\":{\"@type\":\"EntryPoint\",\"urlTemplate\":\"https:\/\/www.blogsoestado.com\/danielmatos\/?s={search_term_string}\"},\"query-input\":{\"@type\":\"PropertyValueSpecification\",\"valueRequired\":true,\"valueName\":\"search_term_string\"}}],\"inLanguage\":\"pt-BR\"}]}<\/script>\n<!-- \/ Yoast SEO plugin. -->","yoast_head_json":{"title":"Fl\u00e1vio Dino anuncia Adelmo Soares para Secretaria de Agricultura Familiar - Daniel Matos","robots":{"index":"index","follow":"follow","max-snippet":"max-snippet:-1","max-image-preview":"max-image-preview:large","max-video-preview":"max-video-preview:-1"},"canonical":"https:\/\/www.blogsoestado.com\/danielmatos\/flavio-dino-anuncia-adelmo-soares-para-secretaria-de-agricultura-familiar\/","og_locale":"pt_BR","og_type":"article","og_title":"Fl\u00e1vio Dino anuncia Adelmo Soares para Secretaria de Agricultura Familiar - Daniel Matos","og_description":"Adelmo Soares ser\u00e1 o secret\u00e1rio de Agricultura Familiar, pasta a ser criada na gest\u00e3o Fl\u00e1vio Dino. O an\u00fancio foi feito [&hellip;]","og_url":"https:\/\/www.blogsoestado.com\/danielmatos\/flavio-dino-anuncia-adelmo-soares-para-secretaria-de-agricultura-familiar\/","og_site_name":"Daniel Matos","article_published_time":"2014-11-21T14:25:23+00:00","og_image":[{"url":"https:\/\/www.blogsoestado.com\/danielmatos\/files\/2014\/11\/adelmo.jpg","type":"","width":"","height":""}],"twitter_card":"summary_large_image","twitter_misc":{"Est. tempo de leitura":"1 minuto"},"schema":{"@context":"https:\/\/schema.org","@graph":[{"@type":"WebPage","@id":"https:\/\/www.blogsoestado.com\/danielmatos\/flavio-dino-anuncia-adelmo-soares-para-secretaria-de-agricultura-familiar\/","url":"https:\/\/www.blogsoestado.com\/danielmatos\/flavio-dino-anuncia-adelmo-soares-para-secretaria-de-agricultura-familiar\/","name":"Fl\u00e1vio Dino anuncia Adelmo Soares para Secretaria de Agricultura Familiar - Daniel Matos","isPartOf":{"@id":"https:\/\/www.blogsoestado.com\/danielmatos\/#website"},"primaryImageOfPage":{"@id":"https:\/\/www.blogsoestado.com\/danielmatos\/flavio-dino-anuncia-adelmo-soares-para-secretaria-de-agricultura-familiar\/#primaryimage"},"image":{"@id":"https:\/\/www.blogsoestado.com\/danielmatos\/flavio-dino-anuncia-adelmo-soares-para-secretaria-de-agricultura-familiar\/#primaryimage"},"thumbnailUrl":"https:\/\/www.blogsoestado.com\/danielmatos\/files\/2014\/11\/adelmo.jpg","datePublished":"2014-11-21T14:25:23+00:00","author":{"@id":""},"breadcrumb":{"@id":"https:\/\/www.blogsoestado.com\/danielmatos\/flavio-dino-anuncia-adelmo-soares-para-secretaria-de-agricultura-familiar\/#breadcrumb"},"inLanguage":"pt-BR","potentialAction":[{"@type":"ReadAction","target":["https:\/\/www.blogsoestado.com\/danielmatos\/flavio-dino-anuncia-adelmo-soares-para-secretaria-de-agricultura-familiar\/"]}]},{"@type":"ImageObject","inLanguage":"pt-BR","@id":"https:\/\/www.blogsoestado.com\/danielmatos\/flavio-dino-anuncia-adelmo-soares-para-secretaria-de-agricultura-familiar\/#primaryimage","url":"https:\/\/www.blogsoestado.com\/danielmatos\/files\/2014\/11\/adelmo.jpg","contentUrl":"https:\/\/www.blogsoestado.com\/danielmatos\/files\/2014\/11\/adelmo.jpg"},{"@type":"BreadcrumbList","@id":"https:\/\/www.blogsoestado.com\/danielmatos\/flavio-dino-anuncia-adelmo-soares-para-secretaria-de-agricultura-familiar\/#breadcrumb","itemListElement":[{"@type":"ListItem","position":1,"name":"In\u00edcio","item":"https:\/\/www.blogsoestado.com\/danielmatos\/"},{"@type":"ListItem","position":2,"name":"Fl\u00e1vio Dino anuncia Adelmo Soares para Secretaria de Agricultura Familiar"}]},{"@type":"WebSite","@id":"https:\/\/www.blogsoestado.com\/danielmatos\/#website","url":"https:\/\/www.blogsoestado.com\/danielmatos\/","name":"Daniel Matos","description":"","potentialAction":[{"@type":"SearchAction","target":{"@type":"EntryPoint","urlTemplate":"https:\/\/www.blogsoestado.com\/danielmatos\/?s={search_term_string}"},"query-input":{"@type":"PropertyValueSpecification","valueRequired":true,"valueName":"search_term_string"}}],"inLanguage":"pt-BR"}]}},"jetpack_featured_media_url":"","_links":{"self":[{"href":"https:\/\/www.blogsoestado.com\/danielmatos\/wp-json\/wp\/v2\/posts\/20623","targetHints":{"allow":["GET"]}}],"collection":[{"href":"https:\/\/www.blogsoestado.com\/danielmatos\/wp-json\/wp\/v2\/posts"}],"about":[{"href":"https:\/\/www.blogsoestado.com\/danielmatos\/wp-json\/wp\/v2\/types\/post"}],"replies":[{"embeddable":true,"href":"https:\/\/www.blogsoestado.com\/danielmatos\/wp-json\/wp\/v2\/comments?post=20623"}],"version-history":[{"count":0,"href":"https:\/\/www.blogsoestado.com\/danielmatos\/wp-json\/wp\/v2\/posts\/20623\/revisions"}],"wp:attachment":[{"href":"https:\/\/www.blogsoestado.com\/danielmatos\/wp-json\/wp\/v2\/media?parent=20623"}],"wp:term":[{"taxonomy":"category","embeddable":true,"href":"https:\/\/www.blogsoestado.com\/danielmatos\/wp-json\/wp\/v2\/categories?post=20623"},{"taxonomy":"post_tag","embeddable":true,"href":"https:\/\/www.blogsoestado.com\/danielmatos\/wp-json\/wp\/v2\/tags?post=20623"}],"curies":[{"name":"wp","href":"https:\/\/api.w.org\/{rel}","templated":true}]}}